{"id":24953,"date":"2016-08-06T00:40:04","date_gmt":"2016-08-05T22:40:04","guid":{"rendered":"http:\/\/likemetkovic.hr\/?p=24953"},"modified":"2016-08-06T08:19:06","modified_gmt":"2016-08-06T06:19:06","slug":"veceras-21-sat-verajinu-guvnu-koncert-ansambla-ars-longa","status":"publish","type":"post","link":"https:\/\/likemetkovic.hr\/portal\/veceras-21-sat-verajinu-guvnu-koncert-ansambla-ars-longa\/","title":{"rendered":"Ve\u010deras u 21 sat u galeriji GKS-a koncert ansambla Ars longa"},"content":{"rendered":"<p>Ansambl Ars longa nastao je kao rezultat nastojanja profesionalnih glazbenica da pove\u017eu ljubav prema komornom muziciranju s ljubavlju prema baroku neponovljivom razdoblju povijesti glazbe. Iako su sve \u010dlanice instrumentalistice zaposlene kao uspje\u0161ne glazbenice na modernim instrumentima (Ana je solo flautistica orkestra Opere HNK u Zagrebu, Lea \u010dlanica Simfonijskog orkestra HRT-a a Linda vi\u0161a umjetni\u010dka suradnica korepetitorica na Muzi\u010dkoj akademiji u Zagrebu), sve se tri jednako aktivno bave i baroknim instrumentima, prvenstveno u svom ansamblu, gdje se mogu posvetiti i bogatoj solisti\u010dkoj literaturi za svoje instrumente, ali i kao \u010dlanice Hrvatskog baroknog ansambla, gdje su ve\u0107 imale priliku sura\u0111ivati s brojnim uglednim imenima europske scene tzv. povijesno osvije\u0161tene interpretacije. Isto vrijedi i za sopranisticu Moniku Cerov\u010dec, najnoviju \u010dlanicu ve\u0107 afirmiranog ansambla, koja uz stalni posao solistice Zbora HRT-a aktivno sudjeluje i u brojnim baroknim projektima.<\/p>\n<p><b>Ansambl Ars longa <\/b><strong>ve\u010deras \u0107e sa po\u010detkom u 21 sat u galeriji GKS-a odr\u017eati koncert pod nazivom<\/strong><b> &#8220;Od Venecije do Napulja, od po\u010detaka do zrelosti&#8221;<\/b><br \/>\n<strong>Ansambl nastupa u sastavu: Monika Cerov\u010dec <\/strong><strong>(<\/strong>sopran), <strong>Ana Beni\u0107 <\/strong><strong>(<\/strong>barokna flauta), <strong>Stjepan Nodilo (<\/strong>barokna oboa i blok-flauta), <strong>Lea Su\u0161anj Lujo <\/strong><strong>(<\/strong>violon\u010delo) i <strong>Linda Mravunac Fabijani\u0107 <\/strong><strong>(<\/strong>\u010dembalo)<\/p>\n<p>&nbsp;<\/p>\n","protected":false},"excerpt":{"rendered":"<p>Ansambl Ars longa nastao je kao rezultat nastojanja profesionalnih glazbenica da pove\u017eu ljubav prema komornom muziciranju s ljubavlju prema baroku neponovljivom razdoblju povijesti glazbe. Iako su sve \u010dlanice instrumentalistice zaposlene kao uspje\u0161ne glazbenice na modernim instrumentima (Ana je solo flautistica orkestra Opere HNK u Zagrebu, Lea \u010dlanica Simfonijskog orkestra HRT-a a Linda vi\u0161a umjetni\u010dka suradnica [&hellip;]<\/p>\n","protected":false},"author":7,"featured_media":24954,"comment_status":"open","ping_status":"open","sticky":false,"template":"","format":"standard","meta":{"footnotes":""},"categories":[283,11],"tags":[],"class_list":{"0":"post-24953","1":"post","2":"type-post","3":"status-publish","4":"format-standard","5":"has-post-thumbnail","7":"category-a","8":"category-metkovic-dolina"},"yoast_head":"<!-- This site is optimized with the Yoast SEO plugin v25.2 - https:\/\/yoast.com\/wordpress\/plugins\/seo\/ -->\n<title>Ve\u010deras u 21 sat u galeriji GKS-a koncert ansambla Ars longa - likemetkovic.hr<\/title>\n<meta name=\"robots\" content=\"index, follow, max-snippet:-1, max-image-preview:large, max-video-preview:-1\" \/>\n<link rel=\"canonical\" href=\"https:\/\/likemetkovic.hr\/veceras-21-sat-verajinu-guvnu-koncert-ansambla-ars-longa\/\" \/>\n<meta property=\"og:locale\" content=\"hr_HR\" \/>\n<meta property=\"og:type\" content=\"article\" \/>\n<meta property=\"og:title\" content=\"Ve\u010deras u 21 sat u galeriji GKS-a koncert ansambla Ars longa - likemetkovic.hr\" \/>\n<meta property=\"og:description\" content=\"Ansambl Ars longa nastao je kao rezultat nastojanja profesionalnih glazbenica da pove\u017eu ljubav prema komornom muziciranju s ljubavlju prema baroku neponovljivom razdoblju povijesti glazbe. Iako su sve \u010dlanice instrumentalistice zaposlene kao uspje\u0161ne glazbenice na modernim instrumentima (Ana je solo flautistica orkestra Opere HNK u Zagrebu, Lea \u010dlanica Simfonijskog orkestra HRT-a a Linda vi\u0161a umjetni\u010dka suradnica [&hellip;]\" \/>\n<meta property=\"og:url\" content=\"https:\/\/likemetkovic.hr\/veceras-21-sat-verajinu-guvnu-koncert-ansambla-ars-longa\/\" \/>\n<meta property=\"og:site_name\" content=\"likemetkovic.hr\" \/>\n<meta property=\"article:publisher\" content=\"https:\/\/www.facebook.com\/likemetkovic.hr\/\" \/>\n<meta property=\"article:published_time\" content=\"2016-08-05T22:40:04+00:00\" \/>\n<meta property=\"article:modified_time\" content=\"2016-08-06T06:19:06+00:00\" \/>\n<meta property=\"og:image\" content=\"https:\/\/likemetkovic.hr\/wp-content\/uploads\/2016\/08\/ArsLonga.jpg\" \/>\n\t<meta property=\"og:image:width\" content=\"835\" \/>\n\t<meta property=\"og:image:height\" content=\"600\" \/>\n\t<meta property=\"og:image:type\" content=\"image\/jpeg\" \/>\n<meta name=\"author\" content=\"LIKEmetkovic.hr\" \/>\n<meta name=\"twitter:card\" content=\"summary_large_image\" \/>\n<meta name=\"twitter:label1\" content=\"Napisao\/la\" \/>\n\t<meta name=\"twitter:data1\" content=\"LIKEmetkovic.hr\" \/>\n\t<meta name=\"twitter:label2\" content=\"Procijenjeno vrijeme \u010ditanja\" \/>\n\t<meta name=\"twitter:data2\" content=\"1 minuta\" \/>\n<script type=\"application\/ld+json\" class=\"yoast-schema-graph\">{\"@context\":\"https:\/\/schema.org\",\"@graph\":[{\"@type\":\"WebPage\",\"@id\":\"https:\/\/likemetkovic.hr\/veceras-21-sat-verajinu-guvnu-koncert-ansambla-ars-longa\/\",\"url\":\"https:\/\/likemetkovic.hr\/veceras-21-sat-verajinu-guvnu-koncert-ansambla-ars-longa\/\",\"name\":\"Ve\u010deras u 21 sat u galeriji GKS-a koncert ansambla Ars longa - likemetkovic.hr\",\"isPartOf\":{\"@id\":\"https:\/\/likemetkovic.hr\/#website\"},\"primaryImageOfPage\":{\"@id\":\"https:\/\/likemetkovic.hr\/veceras-21-sat-verajinu-guvnu-koncert-ansambla-ars-longa\/#primaryimage\"},\"image\":{\"@id\":\"https:\/\/likemetkovic.hr\/veceras-21-sat-verajinu-guvnu-koncert-ansambla-ars-longa\/#primaryimage\"},\"thumbnailUrl\":\"https:\/\/likemetkovic.hr\/portal\/wp-content\/uploads\/2016\/08\/ArsLonga.jpg\",\"datePublished\":\"2016-08-05T22:40:04+00:00\",\"dateModified\":\"2016-08-06T06:19:06+00:00\",\"author\":{\"@id\":\"https:\/\/likemetkovic.hr\/#\/schema\/person\/a42711f3385a0e2be6f7e0443bfb28f0\"},\"breadcrumb\":{\"@id\":\"https:\/\/likemetkovic.hr\/veceras-21-sat-verajinu-guvnu-koncert-ansambla-ars-longa\/#breadcrumb\"},\"inLanguage\":\"hr\",\"potentialAction\":[{\"@type\":\"ReadAction\",\"target\":[\"https:\/\/likemetkovic.hr\/veceras-21-sat-verajinu-guvnu-koncert-ansambla-ars-longa\/\"]}]},{\"@type\":\"ImageObject\",\"inLanguage\":\"hr\",\"@id\":\"https:\/\/likemetkovic.hr\/veceras-21-sat-verajinu-guvnu-koncert-ansambla-ars-longa\/#primaryimage\",\"url\":\"https:\/\/likemetkovic.hr\/portal\/wp-content\/uploads\/2016\/08\/ArsLonga.jpg\",\"contentUrl\":\"https:\/\/likemetkovic.hr\/portal\/wp-content\/uploads\/2016\/08\/ArsLonga.jpg\",\"width\":835,\"height\":600},{\"@type\":\"BreadcrumbList\",\"@id\":\"https:\/\/likemetkovic.hr\/veceras-21-sat-verajinu-guvnu-koncert-ansambla-ars-longa\/#breadcrumb\",\"itemListElement\":[{\"@type\":\"ListItem\",\"position\":1,\"name\":\"Po\u010detna stranica\",\"item\":\"https:\/\/likemetkovic.hr\/portal\/\"},{\"@type\":\"ListItem\",\"position\":2,\"name\":\"Ve\u010deras u 21 sat u galeriji GKS-a koncert ansambla Ars longa\"}]},{\"@type\":\"WebSite\",\"@id\":\"https:\/\/likemetkovic.hr\/#website\",\"url\":\"https:\/\/likemetkovic.hr\/\",\"name\":\"likemetkovic.hr\",\"description\":\"Misli pozitivno... \u010ditaj LIKE\",\"potentialAction\":[{\"@type\":\"SearchAction\",\"target\":{\"@type\":\"EntryPoint\",\"urlTemplate\":\"https:\/\/likemetkovic.hr\/?s={search_term_string}\"},\"query-input\":{\"@type\":\"PropertyValueSpecification\",\"valueRequired\":true,\"valueName\":\"search_term_string\"}}],\"inLanguage\":\"hr\"},{\"@type\":\"Person\",\"@id\":\"https:\/\/likemetkovic.hr\/#\/schema\/person\/a42711f3385a0e2be6f7e0443bfb28f0\",\"name\":\"LIKEmetkovic.hr\",\"sameAs\":[\"http:\/\/likemetkovic.hr\"],\"url\":\"https:\/\/likemetkovic.hr\/portal\/author\/likemetkovic-hr\/\"}]}<\/script>\n<!-- \/ Yoast SEO plugin. -->","yoast_head_json":{"title":"Ve\u010deras u 21 sat u galeriji GKS-a koncert ansambla Ars longa - likemetkovic.hr","robots":{"index":"index","follow":"follow","max-snippet":"max-snippet:-1","max-image-preview":"max-image-preview:large","max-video-preview":"max-video-preview:-1"},"canonical":"https:\/\/likemetkovic.hr\/veceras-21-sat-verajinu-guvnu-koncert-ansambla-ars-longa\/","og_locale":"hr_HR","og_type":"article","og_title":"Ve\u010deras u 21 sat u galeriji GKS-a koncert ansambla Ars longa - likemetkovic.hr","og_description":"Ansambl Ars longa nastao je kao rezultat nastojanja profesionalnih glazbenica da pove\u017eu ljubav prema komornom muziciranju s ljubavlju prema baroku neponovljivom razdoblju povijesti glazbe. Iako su sve \u010dlanice instrumentalistice zaposlene kao uspje\u0161ne glazbenice na modernim instrumentima (Ana je solo flautistica orkestra Opere HNK u Zagrebu, Lea \u010dlanica Simfonijskog orkestra HRT-a a Linda vi\u0161a umjetni\u010dka suradnica [&hellip;]","og_url":"https:\/\/likemetkovic.hr\/veceras-21-sat-verajinu-guvnu-koncert-ansambla-ars-longa\/","og_site_name":"likemetkovic.hr","article_publisher":"https:\/\/www.facebook.com\/likemetkovic.hr\/","article_published_time":"2016-08-05T22:40:04+00:00","article_modified_time":"2016-08-06T06:19:06+00:00","og_image":[{"width":835,"height":600,"url":"https:\/\/likemetkovic.hr\/wp-content\/uploads\/2016\/08\/ArsLonga.jpg","type":"image\/jpeg"}],"author":"LIKEmetkovic.hr","twitter_card":"summary_large_image","twitter_misc":{"Napisao\/la":"LIKEmetkovic.hr","Procijenjeno vrijeme \u010ditanja":"1 minuta"},"schema":{"@context":"https:\/\/schema.org","@graph":[{"@type":"WebPage","@id":"https:\/\/likemetkovic.hr\/veceras-21-sat-verajinu-guvnu-koncert-ansambla-ars-longa\/","url":"https:\/\/likemetkovic.hr\/veceras-21-sat-verajinu-guvnu-koncert-ansambla-ars-longa\/","name":"Ve\u010deras u 21 sat u galeriji GKS-a koncert ansambla Ars longa - likemetkovic.hr","isPartOf":{"@id":"https:\/\/likemetkovic.hr\/#website"},"primaryImageOfPage":{"@id":"https:\/\/likemetkovic.hr\/veceras-21-sat-verajinu-guvnu-koncert-ansambla-ars-longa\/#primaryimage"},"image":{"@id":"https:\/\/likemetkovic.hr\/veceras-21-sat-verajinu-guvnu-koncert-ansambla-ars-longa\/#primaryimage"},"thumbnailUrl":"https:\/\/likemetkovic.hr\/portal\/wp-content\/uploads\/2016\/08\/ArsLonga.jpg","datePublished":"2016-08-05T22:40:04+00:00","dateModified":"2016-08-06T06:19:06+00:00","author":{"@id":"https:\/\/likemetkovic.hr\/#\/schema\/person\/a42711f3385a0e2be6f7e0443bfb28f0"},"breadcrumb":{"@id":"https:\/\/likemetkovic.hr\/veceras-21-sat-verajinu-guvnu-koncert-ansambla-ars-longa\/#breadcrumb"},"inLanguage":"hr","potentialAction":[{"@type":"ReadAction","target":["https:\/\/likemetkovic.hr\/veceras-21-sat-verajinu-guvnu-koncert-ansambla-ars-longa\/"]}]},{"@type":"ImageObject","inLanguage":"hr","@id":"https:\/\/likemetkovic.hr\/veceras-21-sat-verajinu-guvnu-koncert-ansambla-ars-longa\/#primaryimage","url":"https:\/\/likemetkovic.hr\/portal\/wp-content\/uploads\/2016\/08\/ArsLonga.jpg","contentUrl":"https:\/\/likemetkovic.hr\/portal\/wp-content\/uploads\/2016\/08\/ArsLonga.jpg","width":835,"height":600},{"@type":"BreadcrumbList","@id":"https:\/\/likemetkovic.hr\/veceras-21-sat-verajinu-guvnu-koncert-ansambla-ars-longa\/#breadcrumb","itemListElement":[{"@type":"ListItem","position":1,"name":"Po\u010detna stranica","item":"https:\/\/likemetkovic.hr\/portal\/"},{"@type":"ListItem","position":2,"name":"Ve\u010deras u 21 sat u galeriji GKS-a koncert ansambla Ars longa"}]},{"@type":"WebSite","@id":"https:\/\/likemetkovic.hr\/#website","url":"https:\/\/likemetkovic.hr\/","name":"likemetkovic.hr","description":"Misli pozitivno... \u010ditaj LIKE","potentialAction":[{"@type":"SearchAction","target":{"@type":"EntryPoint","urlTemplate":"https:\/\/likemetkovic.hr\/?s={search_term_string}"},"query-input":{"@type":"PropertyValueSpecification","valueRequired":true,"valueName":"search_term_string"}}],"inLanguage":"hr"},{"@type":"Person","@id":"https:\/\/likemetkovic.hr\/#\/schema\/person\/a42711f3385a0e2be6f7e0443bfb28f0","name":"LIKEmetkovic.hr","sameAs":["http:\/\/likemetkovic.hr"],"url":"https:\/\/likemetkovic.hr\/portal\/author\/likemetkovic-hr\/"}]}},"_links":{"self":[{"href":"https:\/\/likemetkovic.hr\/portal\/wp-json\/wp\/v2\/posts\/24953","targetHints":{"allow":["GET"]}}],"collection":[{"href":"https:\/\/likemetkovic.hr\/portal\/wp-json\/wp\/v2\/posts"}],"about":[{"href":"https:\/\/likemetkovic.hr\/portal\/wp-json\/wp\/v2\/types\/post"}],"author":[{"embeddable":true,"href":"https:\/\/likemetkovic.hr\/portal\/wp-json\/wp\/v2\/users\/7"}],"replies":[{"embeddable":true,"href":"https:\/\/likemetkovic.hr\/portal\/wp-json\/wp\/v2\/comments?post=24953"}],"version-history":[{"count":0,"href":"https:\/\/likemetkovic.hr\/portal\/wp-json\/wp\/v2\/posts\/24953\/revisions"}],"wp:featuredmedia":[{"embeddable":true,"href":"https:\/\/likemetkovic.hr\/portal\/wp-json\/wp\/v2\/media\/24954"}],"wp:attachment":[{"href":"https:\/\/likemetkovic.hr\/portal\/wp-json\/wp\/v2\/media?parent=24953"}],"wp:term":[{"taxonomy":"category","embeddable":true,"href":"https:\/\/likemetkovic.hr\/portal\/wp-json\/wp\/v2\/categories?post=24953"},{"taxonomy":"post_tag","embeddable":true,"href":"https:\/\/likemetkovic.hr\/portal\/wp-json\/wp\/v2\/tags?post=24953"}],"curies":[{"name":"wp","href":"https:\/\/api.w.org\/{rel}","templated":true}]}}