{"id":25015,"date":"2016-08-07T00:47:04","date_gmt":"2016-08-06T22:47:04","guid":{"rendered":"http:\/\/likemetkovic.hr\/?p=25015"},"modified":"2016-08-07T00:47:04","modified_gmt":"2016-08-06T22:47:04","slug":"metkovsko-ljeto-koncertu-ansambla-ars-longa-ljubitelji-klasike-dosli","status":"publish","type":"post","link":"https:\/\/likemetkovic.hr\/portal\/metkovsko-ljeto-koncertu-ansambla-ars-longa-ljubitelji-klasike-dosli\/","title":{"rendered":"METKOVSKO LJETO Na koncertu ansambla Ars longa ljubitelji klasike do\u0161li na svoje"},"content":{"rendered":"<p><b>Ve\u010deras je ansambl Ars longa <\/b><strong>sa po\u010detkom u 21 sat u galeriji GKS-a odr\u017eao koncert pod nazivom<\/strong><b> &#8220;Od Venecije do Napulja, od po\u010detaka do zrelosti&#8221;.<\/b><\/p>\n<p>Okupljeni ljubitelji klasike\u00a0ve\u010deras su u Gradskom kulturnom sredi\u0161tu\u00a0dobili priliku u\u017eivati u glazbenim remek-djelima baroknog razdoblja.<br \/>\n<strong>Ansambl je nastupio\u00a0u sastavu: Monika Cerov\u010dec <\/strong><strong>(<\/strong>sopran), <strong>Ana Beni\u0107 <\/strong><strong>(<\/strong>barokna flauta), <strong>Stjepan Nodilo (<\/strong>barokna oboa i blok-flauta), <strong>Lea Su\u0161anj Lujo <\/strong><strong>(<\/strong>violon\u010delo) i <strong>Linda Mravunac Fabijani\u0107 <\/strong><strong>(<\/strong>\u010dembalo)<\/p>\n<p>Ansambl Ars longa nastao je kao rezultat nastojanja profesionalnih glazbenika da pove\u017eu ljubav prema komornom muziciranju s ljubavlju prema baroku, neponovljivom razdoblju povijesti glazbe.<\/p>\n\r\n                <style type=\"text\/css\">\r\n                    \r\n                    #tdi_1  .td-doubleSlider-2 .td-item1 {\r\n                        background: url(https:\/\/likemetkovic.hr\/portal\/wp-content\/uploads\/2016\/08\/06082016-Ars-Longa-GKS-08487-80x60.jpg) 0 0 no-repeat;\r\n                    }\r\n                    #tdi_1  .td-doubleSlider-2 .td-item2 {\r\n                        background: url(https:\/\/likemetkovic.hr\/portal\/wp-content\/uploads\/2016\/08\/06082016-Ars-Longa-GKS-08489-80x60.jpg) 0 0 no-repeat;\r\n                    }\r\n                    #tdi_1  .td-doubleSlider-2 .td-item3 {\r\n                        background: url(https:\/\/likemetkovic.hr\/portal\/wp-content\/uploads\/2016\/08\/06082016-Ars-Longa-GKS-08494-80x60.jpg) 0 0 no-repeat;\r\n                    }\r\n                    #tdi_1  .td-doubleSlider-2 .td-item4 {\r\n                        background: url(https:\/\/likemetkovic.hr\/portal\/wp-content\/uploads\/2016\/08\/06082016-Ars-Longa-GKS-08501-80x60.jpg) 0 0 no-repeat;\r\n                    }\r\n                    #tdi_1  .td-doubleSlider-2 .td-item5 {\r\n                        background: url(https:\/\/likemetkovic.hr\/portal\/wp-content\/uploads\/2016\/08\/06082016-Ars-Longa-GKS-08509-80x60.jpg) 0 0 no-repeat;\r\n                    }\r\n                    #tdi_1  .td-doubleSlider-2 .td-item6 {\r\n                        background: url(https:\/\/likemetkovic.hr\/portal\/wp-content\/uploads\/2016\/08\/06082016-Ars-Longa-GKS-08511-80x60.jpg) 0 0 no-repeat;\r\n                    }\r\n                    #tdi_1  .td-doubleSlider-2 .td-item7 {\r\n                        background: url(https:\/\/likemetkovic.hr\/portal\/wp-content\/uploads\/2016\/08\/06082016-Ars-Longa-GKS-08513-80x60.jpg) 0 0 no-repeat;\r\n                    }\r\n                <\/style>\r\n\r\n                <div id=\"tdi_1\" class=\"td-gallery td-slide-on-2-columns\">\r\n                    <div class=\"post_td_gallery\">\r\n                        <div class=\"td-gallery-slide-top\">\r\n                           <div class=\"td-gallery-title\"><\/div>\r\n\r\n                            <div class=\"td-gallery-controls-wrapper\">\r\n                                <div class=\"td-gallery-slide-count\"><span class=\"td-gallery-slide-item-focus\">1<\/span> of 7<\/div>\r\n                                <div class=\"td-gallery-slide-prev-next-but\">\r\n                                    <i class = \"td-icon-left doubleSliderPrevButton\"><\/i>\r\n                                    <i class = \"td-icon-right doubleSliderNextButton\"><\/i>\r\n                                <\/div>\r\n                            <\/div>\r\n                        <\/div>\r\n\r\n                        <div class = \"td-doubleSlider-1 \">\r\n                            <div class = \"td-slider\">\r\n                                \r\n                    <div class = \"td-slide-item td-item1\">\r\n                        <figure class=\"td-slide-galery-figure td-slide-popup-gallery\">\r\n                            <a class=\"slide-gallery-image-link\" href=\"https:\/\/likemetkovic.hr\/portal\/wp-content\/uploads\/2016\/08\/06082016-Ars-Longa-GKS-08487.jpg\" title=\"06082016 Ars Longa, GKS-08487\"  data-caption=\"Foto: Zoran Mateljak\"  data-description=\"\">\r\n                                <img decoding=\"async\" src=\"https:\/\/likemetkovic.hr\/portal\/wp-content\/uploads\/2016\/08\/06082016-Ars-Longa-GKS-08487-420x420.jpg\" srcset=\"https:\/\/likemetkovic.hr\/portal\/wp-content\/uploads\/2016\/08\/06082016-Ars-Longa-GKS-08487-420x420.jpg 420w, https:\/\/likemetkovic.hr\/portal\/wp-content\/uploads\/2016\/08\/06082016-Ars-Longa-GKS-08487-150x150.jpg 150w, https:\/\/likemetkovic.hr\/portal\/wp-content\/uploads\/2016\/08\/06082016-Ars-Longa-GKS-08487-300x300.jpg 300w, https:\/\/likemetkovic.hr\/portal\/wp-content\/uploads\/2016\/08\/06082016-Ars-Longa-GKS-08487-768x768.jpg 768w, https:\/\/likemetkovic.hr\/portal\/wp-content\/uploads\/2016\/08\/06082016-Ars-Longa-GKS-08487-640x640.jpg 640w, https:\/\/likemetkovic.hr\/portal\/wp-content\/uploads\/2016\/08\/06082016-Ars-Longa-GKS-08487-696x696.jpg 696w, https:\/\/likemetkovic.hr\/portal\/wp-content\/uploads\/2016\/08\/06082016-Ars-Longa-GKS-08487.jpg 900w\" sizes=\"(max-width: 420px) 100vw, 420px\" alt=\"\">\r\n                            <\/a>\r\n                            <figcaption class = \"td-slide-caption td-gallery-slide-content\"><div class = \"td-gallery-slide-copywrite\">Foto: Zoran Mateljak<\/div><\/figcaption>\r\n                        <\/figure>\r\n                    <\/div>\r\n                    <div class = \"td-slide-item td-item2\">\r\n                        <figure class=\"td-slide-galery-figure td-slide-popup-gallery\">\r\n                            <a class=\"slide-gallery-image-link\" href=\"https:\/\/likemetkovic.hr\/portal\/wp-content\/uploads\/2016\/08\/06082016-Ars-Longa-GKS-08489.jpg\" title=\"06082016 Ars Longa, GKS-08489\"  data-caption=\"Foto: Zoran Mateljak\"  data-description=\"\">\r\n                                <img decoding=\"async\" src=\"https:\/\/likemetkovic.hr\/portal\/wp-content\/uploads\/2016\/08\/06082016-Ars-Longa-GKS-08489-630x420.jpg\" srcset=\"https:\/\/likemetkovic.hr\/portal\/wp-content\/uploads\/2016\/08\/06082016-Ars-Longa-GKS-08489-630x420.jpg 630w, https:\/\/likemetkovic.hr\/portal\/wp-content\/uploads\/2016\/08\/06082016-Ars-Longa-GKS-08489-300x200.jpg 300w, https:\/\/likemetkovic.hr\/portal\/wp-content\/uploads\/2016\/08\/06082016-Ars-Longa-GKS-08489-768x512.jpg 768w, https:\/\/likemetkovic.hr\/portal\/wp-content\/uploads\/2016\/08\/06082016-Ars-Longa-GKS-08489-640x427.jpg 640w, https:\/\/likemetkovic.hr\/portal\/wp-content\/uploads\/2016\/08\/06082016-Ars-Longa-GKS-08489-696x464.jpg 696w, https:\/\/likemetkovic.hr\/portal\/wp-content\/uploads\/2016\/08\/06082016-Ars-Longa-GKS-08489.jpg 900w\" sizes=\"(max-width: 630px) 100vw, 630px\" alt=\"\">\r\n                            <\/a>\r\n                            <figcaption class = \"td-slide-caption td-gallery-slide-content\"><div class = \"td-gallery-slide-copywrite\">Foto: Zoran Mateljak<\/div><\/figcaption>\r\n                        <\/figure>\r\n                    <\/div>\r\n                    <div class = \"td-slide-item td-item3\">\r\n                        <figure class=\"td-slide-galery-figure td-slide-popup-gallery\">\r\n                            <a class=\"slide-gallery-image-link\" href=\"https:\/\/likemetkovic.hr\/portal\/wp-content\/uploads\/2016\/08\/06082016-Ars-Longa-GKS-08494.jpg\" title=\"06082016 Ars Longa, GKS-08494\"  data-caption=\"Foto: Zoran Mateljak\"  data-description=\"\">\r\n                                <img decoding=\"async\" src=\"https:\/\/likemetkovic.hr\/portal\/wp-content\/uploads\/2016\/08\/06082016-Ars-Longa-GKS-08494-630x420.jpg\" srcset=\"https:\/\/likemetkovic.hr\/portal\/wp-content\/uploads\/2016\/08\/06082016-Ars-Longa-GKS-08494-630x420.jpg 630w, https:\/\/likemetkovic.hr\/portal\/wp-content\/uploads\/2016\/08\/06082016-Ars-Longa-GKS-08494-300x200.jpg 300w, https:\/\/likemetkovic.hr\/portal\/wp-content\/uploads\/2016\/08\/06082016-Ars-Longa-GKS-08494-768x512.jpg 768w, https:\/\/likemetkovic.hr\/portal\/wp-content\/uploads\/2016\/08\/06082016-Ars-Longa-GKS-08494-640x427.jpg 640w, https:\/\/likemetkovic.hr\/portal\/wp-content\/uploads\/2016\/08\/06082016-Ars-Longa-GKS-08494-696x464.jpg 696w, https:\/\/likemetkovic.hr\/portal\/wp-content\/uploads\/2016\/08\/06082016-Ars-Longa-GKS-08494.jpg 900w\" sizes=\"(max-width: 630px) 100vw, 630px\" alt=\"\">\r\n                            <\/a>\r\n                            <figcaption class = \"td-slide-caption td-gallery-slide-content\"><div class = \"td-gallery-slide-copywrite\">Foto: Zoran Mateljak<\/div><\/figcaption>\r\n                        <\/figure>\r\n                    <\/div>\r\n                    <div class = \"td-slide-item td-item4\">\r\n                        <figure class=\"td-slide-galery-figure td-slide-popup-gallery\">\r\n                            <a class=\"slide-gallery-image-link\" href=\"https:\/\/likemetkovic.hr\/portal\/wp-content\/uploads\/2016\/08\/06082016-Ars-Longa-GKS-08501.jpg\" title=\"06082016 Ars Longa, GKS-08501\"  data-caption=\"Foto: Zoran Mateljak\"  data-description=\"\">\r\n                                <img decoding=\"async\" src=\"https:\/\/likemetkovic.hr\/portal\/wp-content\/uploads\/2016\/08\/06082016-Ars-Longa-GKS-08501-630x420.jpg\" srcset=\"https:\/\/likemetkovic.hr\/portal\/wp-content\/uploads\/2016\/08\/06082016-Ars-Longa-GKS-08501-630x420.jpg 630w, https:\/\/likemetkovic.hr\/portal\/wp-content\/uploads\/2016\/08\/06082016-Ars-Longa-GKS-08501-300x200.jpg 300w, https:\/\/likemetkovic.hr\/portal\/wp-content\/uploads\/2016\/08\/06082016-Ars-Longa-GKS-08501-768x512.jpg 768w, https:\/\/likemetkovic.hr\/portal\/wp-content\/uploads\/2016\/08\/06082016-Ars-Longa-GKS-08501-640x427.jpg 640w, https:\/\/likemetkovic.hr\/portal\/wp-content\/uploads\/2016\/08\/06082016-Ars-Longa-GKS-08501-696x464.jpg 696w, https:\/\/likemetkovic.hr\/portal\/wp-content\/uploads\/2016\/08\/06082016-Ars-Longa-GKS-08501.jpg 900w\" sizes=\"(max-width: 630px) 100vw, 630px\" alt=\"\">\r\n                            <\/a>\r\n                            <figcaption class = \"td-slide-caption td-gallery-slide-content\"><div class = \"td-gallery-slide-copywrite\">Foto: Zoran Mateljak<\/div><\/figcaption>\r\n                        <\/figure>\r\n                    <\/div>\r\n                    <div class = \"td-slide-item td-item5\">\r\n                        <figure class=\"td-slide-galery-figure td-slide-popup-gallery\">\r\n                            <a class=\"slide-gallery-image-link\" href=\"https:\/\/likemetkovic.hr\/portal\/wp-content\/uploads\/2016\/08\/06082016-Ars-Longa-GKS-08509.jpg\" title=\"06082016 Ars Longa, GKS-08509\"  data-caption=\"Foto: Zoran Mateljak\"  data-description=\"\">\r\n                                <img decoding=\"async\" src=\"https:\/\/likemetkovic.hr\/portal\/wp-content\/uploads\/2016\/08\/06082016-Ars-Longa-GKS-08509-630x420.jpg\" srcset=\"https:\/\/likemetkovic.hr\/portal\/wp-content\/uploads\/2016\/08\/06082016-Ars-Longa-GKS-08509-630x420.jpg 630w, https:\/\/likemetkovic.hr\/portal\/wp-content\/uploads\/2016\/08\/06082016-Ars-Longa-GKS-08509-300x200.jpg 300w, https:\/\/likemetkovic.hr\/portal\/wp-content\/uploads\/2016\/08\/06082016-Ars-Longa-GKS-08509-768x512.jpg 768w, https:\/\/likemetkovic.hr\/portal\/wp-content\/uploads\/2016\/08\/06082016-Ars-Longa-GKS-08509-640x427.jpg 640w, https:\/\/likemetkovic.hr\/portal\/wp-content\/uploads\/2016\/08\/06082016-Ars-Longa-GKS-08509-696x464.jpg 696w, https:\/\/likemetkovic.hr\/portal\/wp-content\/uploads\/2016\/08\/06082016-Ars-Longa-GKS-08509.jpg 900w\" sizes=\"(max-width: 630px) 100vw, 630px\" alt=\"\">\r\n                            <\/a>\r\n                            <figcaption class = \"td-slide-caption td-gallery-slide-content\"><div class = \"td-gallery-slide-copywrite\">Foto: Zoran Mateljak<\/div><\/figcaption>\r\n                        <\/figure>\r\n                    <\/div>\r\n                    <div class = \"td-slide-item td-item6\">\r\n                        <figure class=\"td-slide-galery-figure td-slide-popup-gallery\">\r\n                            <a class=\"slide-gallery-image-link\" href=\"https:\/\/likemetkovic.hr\/portal\/wp-content\/uploads\/2016\/08\/06082016-Ars-Longa-GKS-08511.jpg\" title=\"06082016 Ars Longa, GKS-08511\"  data-caption=\"Foto: Zoran Mateljak\"  data-description=\"\">\r\n                                <img decoding=\"async\" src=\"https:\/\/likemetkovic.hr\/portal\/wp-content\/uploads\/2016\/08\/06082016-Ars-Longa-GKS-08511-630x420.jpg\" srcset=\"https:\/\/likemetkovic.hr\/portal\/wp-content\/uploads\/2016\/08\/06082016-Ars-Longa-GKS-08511-630x420.jpg 630w, https:\/\/likemetkovic.hr\/portal\/wp-content\/uploads\/2016\/08\/06082016-Ars-Longa-GKS-08511-300x200.jpg 300w, https:\/\/likemetkovic.hr\/portal\/wp-content\/uploads\/2016\/08\/06082016-Ars-Longa-GKS-08511-768x512.jpg 768w, https:\/\/likemetkovic.hr\/portal\/wp-content\/uploads\/2016\/08\/06082016-Ars-Longa-GKS-08511-640x427.jpg 640w, https:\/\/likemetkovic.hr\/portal\/wp-content\/uploads\/2016\/08\/06082016-Ars-Longa-GKS-08511-696x464.jpg 696w, https:\/\/likemetkovic.hr\/portal\/wp-content\/uploads\/2016\/08\/06082016-Ars-Longa-GKS-08511.jpg 900w\" sizes=\"(max-width: 630px) 100vw, 630px\" alt=\"\">\r\n                            <\/a>\r\n                            <figcaption class = \"td-slide-caption td-gallery-slide-content\"><div class = \"td-gallery-slide-copywrite\">Foto: Zoran Mateljak<\/div><\/figcaption>\r\n                        <\/figure>\r\n                    <\/div>\r\n                    <div class = \"td-slide-item td-item7\">\r\n                        <figure class=\"td-slide-galery-figure td-slide-popup-gallery\">\r\n                            <a class=\"slide-gallery-image-link\" href=\"https:\/\/likemetkovic.hr\/portal\/wp-content\/uploads\/2016\/08\/06082016-Ars-Longa-GKS-08513.jpg\" title=\"06082016 Ars Longa, GKS-08513\"  data-caption=\"Foto: Zoran Mateljak\"  data-description=\"\">\r\n                                <img decoding=\"async\" src=\"https:\/\/likemetkovic.hr\/portal\/wp-content\/uploads\/2016\/08\/06082016-Ars-Longa-GKS-08513-630x420.jpg\" srcset=\"https:\/\/likemetkovic.hr\/portal\/wp-content\/uploads\/2016\/08\/06082016-Ars-Longa-GKS-08513-630x420.jpg 630w, https:\/\/likemetkovic.hr\/portal\/wp-content\/uploads\/2016\/08\/06082016-Ars-Longa-GKS-08513-300x200.jpg 300w, https:\/\/likemetkovic.hr\/portal\/wp-content\/uploads\/2016\/08\/06082016-Ars-Longa-GKS-08513-768x512.jpg 768w, https:\/\/likemetkovic.hr\/portal\/wp-content\/uploads\/2016\/08\/06082016-Ars-Longa-GKS-08513-640x427.jpg 640w, https:\/\/likemetkovic.hr\/portal\/wp-content\/uploads\/2016\/08\/06082016-Ars-Longa-GKS-08513-696x464.jpg 696w, https:\/\/likemetkovic.hr\/portal\/wp-content\/uploads\/2016\/08\/06082016-Ars-Longa-GKS-08513.jpg 900w\" sizes=\"(max-width: 630px) 100vw, 630px\" alt=\"\">\r\n                            <\/a>\r\n                            <figcaption class = \"td-slide-caption td-gallery-slide-content\"><div class = \"td-gallery-slide-copywrite\">Foto: Zoran Mateljak<\/div><\/figcaption>\r\n                        <\/figure>\r\n                    <\/div>\r\n                            <\/div>\r\n                        <\/div>\r\n\r\n                        <div class = \"td-doubleSlider-2\">\r\n                            <div class = \"td-slider\">\r\n                                \r\n                    <div class = \"td-button td-item1\">\r\n                        <div class = \"td-border\"><\/div>\r\n                    <\/div>\r\n                    <div class = \"td-button td-item2\">\r\n                        <div class = \"td-border\"><\/div>\r\n                    <\/div>\r\n                    <div class = \"td-button td-item3\">\r\n                        <div class = \"td-border\"><\/div>\r\n                    <\/div>\r\n                    <div class = \"td-button td-item4\">\r\n                        <div class = \"td-border\"><\/div>\r\n                    <\/div>\r\n                    <div class = \"td-button td-item5\">\r\n                        <div class = \"td-border\"><\/div>\r\n                    <\/div>\r\n                    <div class = \"td-button td-item6\">\r\n                        <div class = \"td-border\"><\/div>\r\n                    <\/div>\r\n                    <div class = \"td-button td-item7\">\r\n                        <div class = \"td-border\"><\/div>\r\n                    <\/div>\r\n                            <\/div>\r\n                        <\/div>\r\n\r\n                    <\/div>\r\n\r\n                <\/div>\r\n                \n","protected":false},"excerpt":{"rendered":"<p>Ve\u010deras je ansambl Ars longa sa po\u010detkom u 21 sat u galeriji GKS-a odr\u017eao koncert pod nazivom &#8220;Od Venecije do Napulja, od po\u010detaka do zrelosti&#8221;. Okupljeni ljubitelji klasike\u00a0ve\u010deras su u Gradskom kulturnom sredi\u0161tu\u00a0dobili priliku u\u017eivati u glazbenim remek-djelima baroknog razdoblja. Ansambl je nastupio\u00a0u sastavu: Monika Cerov\u010dec (sopran), Ana Beni\u0107 (barokna flauta), Stjepan Nodilo (barokna oboa [&hellip;]<\/p>\n","protected":false},"author":7,"featured_media":25020,"comment_status":"open","ping_status":"open","sticky":false,"template":"","format":"standard","meta":{"footnotes":""},"categories":[283,11],"tags":[],"class_list":{"0":"post-25015","1":"post","2":"type-post","3":"status-publish","4":"format-standard","5":"has-post-thumbnail","7":"category-a","8":"category-metkovic-dolina"},"yoast_head":"<!-- This site is optimized with the Yoast SEO plugin v25.2 - https:\/\/yoast.com\/wordpress\/plugins\/seo\/ -->\n<title>METKOVSKO LJETO Na koncertu ansambla Ars longa ljubitelji klasike do\u0161li na svoje - likemetkovic.hr<\/title>\n<meta name=\"robots\" content=\"index, follow, max-snippet:-1, max-image-preview:large, max-video-preview:-1\" \/>\n<link rel=\"canonical\" href=\"https:\/\/likemetkovic.hr\/metkovsko-ljeto-koncertu-ansambla-ars-longa-ljubitelji-klasike-dosli\/\" \/>\n<meta property=\"og:locale\" content=\"hr_HR\" \/>\n<meta property=\"og:type\" content=\"article\" \/>\n<meta property=\"og:title\" content=\"METKOVSKO LJETO Na koncertu ansambla Ars longa ljubitelji klasike do\u0161li na svoje - likemetkovic.hr\" \/>\n<meta property=\"og:description\" content=\"Ve\u010deras je ansambl Ars longa sa po\u010detkom u 21 sat u galeriji GKS-a odr\u017eao koncert pod nazivom &#8220;Od Venecije do Napulja, od po\u010detaka do zrelosti&#8221;. Okupljeni ljubitelji klasike\u00a0ve\u010deras su u Gradskom kulturnom sredi\u0161tu\u00a0dobili priliku u\u017eivati u glazbenim remek-djelima baroknog razdoblja. Ansambl je nastupio\u00a0u sastavu: Monika Cerov\u010dec (sopran), Ana Beni\u0107 (barokna flauta), Stjepan Nodilo (barokna oboa [&hellip;]\" \/>\n<meta property=\"og:url\" content=\"https:\/\/likemetkovic.hr\/metkovsko-ljeto-koncertu-ansambla-ars-longa-ljubitelji-klasike-dosli\/\" \/>\n<meta property=\"og:site_name\" content=\"likemetkovic.hr\" \/>\n<meta property=\"article:publisher\" content=\"https:\/\/www.facebook.com\/likemetkovic.hr\/\" \/>\n<meta property=\"article:published_time\" content=\"2016-08-06T22:47:04+00:00\" \/>\n<meta property=\"og:image\" content=\"https:\/\/likemetkovic.hr\/wp-content\/uploads\/2016\/08\/06082016-Ars-Longa-GKS-08509.jpg\" \/>\n\t<meta property=\"og:image:width\" content=\"900\" \/>\n\t<meta property=\"og:image:height\" content=\"600\" \/>\n\t<meta property=\"og:image:type\" content=\"image\/jpeg\" \/>\n<meta name=\"author\" content=\"LIKEmetkovic.hr\" \/>\n<meta name=\"twitter:card\" content=\"summary_large_image\" \/>\n<meta name=\"twitter:label1\" content=\"Napisao\/la\" \/>\n\t<meta name=\"twitter:data1\" content=\"LIKEmetkovic.hr\" \/>\n\t<meta name=\"twitter:label2\" content=\"Procijenjeno vrijeme \u010ditanja\" \/>\n\t<meta name=\"twitter:data2\" content=\"1 minuta\" \/>\n<script type=\"application\/ld+json\" class=\"yoast-schema-graph\">{\"@context\":\"https:\/\/schema.org\",\"@graph\":[{\"@type\":\"WebPage\",\"@id\":\"https:\/\/likemetkovic.hr\/metkovsko-ljeto-koncertu-ansambla-ars-longa-ljubitelji-klasike-dosli\/\",\"url\":\"https:\/\/likemetkovic.hr\/metkovsko-ljeto-koncertu-ansambla-ars-longa-ljubitelji-klasike-dosli\/\",\"name\":\"METKOVSKO LJETO Na koncertu ansambla Ars longa ljubitelji klasike do\u0161li na svoje - likemetkovic.hr\",\"isPartOf\":{\"@id\":\"https:\/\/likemetkovic.hr\/#website\"},\"primaryImageOfPage\":{\"@id\":\"https:\/\/likemetkovic.hr\/metkovsko-ljeto-koncertu-ansambla-ars-longa-ljubitelji-klasike-dosli\/#primaryimage\"},\"image\":{\"@id\":\"https:\/\/likemetkovic.hr\/metkovsko-ljeto-koncertu-ansambla-ars-longa-ljubitelji-klasike-dosli\/#primaryimage\"},\"thumbnailUrl\":\"https:\/\/likemetkovic.hr\/portal\/wp-content\/uploads\/2016\/08\/06082016-Ars-Longa-GKS-08509.jpg\",\"datePublished\":\"2016-08-06T22:47:04+00:00\",\"author\":{\"@id\":\"https:\/\/likemetkovic.hr\/#\/schema\/person\/a42711f3385a0e2be6f7e0443bfb28f0\"},\"breadcrumb\":{\"@id\":\"https:\/\/likemetkovic.hr\/metkovsko-ljeto-koncertu-ansambla-ars-longa-ljubitelji-klasike-dosli\/#breadcrumb\"},\"inLanguage\":\"hr\",\"potentialAction\":[{\"@type\":\"ReadAction\",\"target\":[\"https:\/\/likemetkovic.hr\/metkovsko-ljeto-koncertu-ansambla-ars-longa-ljubitelji-klasike-dosli\/\"]}]},{\"@type\":\"ImageObject\",\"inLanguage\":\"hr\",\"@id\":\"https:\/\/likemetkovic.hr\/metkovsko-ljeto-koncertu-ansambla-ars-longa-ljubitelji-klasike-dosli\/#primaryimage\",\"url\":\"https:\/\/likemetkovic.hr\/portal\/wp-content\/uploads\/2016\/08\/06082016-Ars-Longa-GKS-08509.jpg\",\"contentUrl\":\"https:\/\/likemetkovic.hr\/portal\/wp-content\/uploads\/2016\/08\/06082016-Ars-Longa-GKS-08509.jpg\",\"width\":900,\"height\":600,\"caption\":\"Foto: Zoran Mateljak\"},{\"@type\":\"BreadcrumbList\",\"@id\":\"https:\/\/likemetkovic.hr\/metkovsko-ljeto-koncertu-ansambla-ars-longa-ljubitelji-klasike-dosli\/#breadcrumb\",\"itemListElement\":[{\"@type\":\"ListItem\",\"position\":1,\"name\":\"Po\u010detna stranica\",\"item\":\"https:\/\/likemetkovic.hr\/portal\/\"},{\"@type\":\"ListItem\",\"position\":2,\"name\":\"METKOVSKO LJETO Na koncertu ansambla Ars longa ljubitelji klasike do\u0161li na svoje\"}]},{\"@type\":\"WebSite\",\"@id\":\"https:\/\/likemetkovic.hr\/#website\",\"url\":\"https:\/\/likemetkovic.hr\/\",\"name\":\"likemetkovic.hr\",\"description\":\"Misli pozitivno... \u010ditaj LIKE\",\"potentialAction\":[{\"@type\":\"SearchAction\",\"target\":{\"@type\":\"EntryPoint\",\"urlTemplate\":\"https:\/\/likemetkovic.hr\/?s={search_term_string}\"},\"query-input\":{\"@type\":\"PropertyValueSpecification\",\"valueRequired\":true,\"valueName\":\"search_term_string\"}}],\"inLanguage\":\"hr\"},{\"@type\":\"Person\",\"@id\":\"https:\/\/likemetkovic.hr\/#\/schema\/person\/a42711f3385a0e2be6f7e0443bfb28f0\",\"name\":\"LIKEmetkovic.hr\",\"sameAs\":[\"http:\/\/likemetkovic.hr\"],\"url\":\"https:\/\/likemetkovic.hr\/portal\/author\/likemetkovic-hr\/\"}]}<\/script>\n<!-- \/ Yoast SEO plugin. -->","yoast_head_json":{"title":"METKOVSKO LJETO Na koncertu ansambla Ars longa ljubitelji klasike do\u0161li na svoje - likemetkovic.hr","robots":{"index":"index","follow":"follow","max-snippet":"max-snippet:-1","max-image-preview":"max-image-preview:large","max-video-preview":"max-video-preview:-1"},"canonical":"https:\/\/likemetkovic.hr\/metkovsko-ljeto-koncertu-ansambla-ars-longa-ljubitelji-klasike-dosli\/","og_locale":"hr_HR","og_type":"article","og_title":"METKOVSKO LJETO Na koncertu ansambla Ars longa ljubitelji klasike do\u0161li na svoje - likemetkovic.hr","og_description":"Ve\u010deras je ansambl Ars longa sa po\u010detkom u 21 sat u galeriji GKS-a odr\u017eao koncert pod nazivom &#8220;Od Venecije do Napulja, od po\u010detaka do zrelosti&#8221;. Okupljeni ljubitelji klasike\u00a0ve\u010deras su u Gradskom kulturnom sredi\u0161tu\u00a0dobili priliku u\u017eivati u glazbenim remek-djelima baroknog razdoblja. Ansambl je nastupio\u00a0u sastavu: Monika Cerov\u010dec (sopran), Ana Beni\u0107 (barokna flauta), Stjepan Nodilo (barokna oboa [&hellip;]","og_url":"https:\/\/likemetkovic.hr\/metkovsko-ljeto-koncertu-ansambla-ars-longa-ljubitelji-klasike-dosli\/","og_site_name":"likemetkovic.hr","article_publisher":"https:\/\/www.facebook.com\/likemetkovic.hr\/","article_published_time":"2016-08-06T22:47:04+00:00","og_image":[{"width":900,"height":600,"url":"https:\/\/likemetkovic.hr\/wp-content\/uploads\/2016\/08\/06082016-Ars-Longa-GKS-08509.jpg","type":"image\/jpeg"}],"author":"LIKEmetkovic.hr","twitter_card":"summary_large_image","twitter_misc":{"Napisao\/la":"LIKEmetkovic.hr","Procijenjeno vrijeme \u010ditanja":"1 minuta"},"schema":{"@context":"https:\/\/schema.org","@graph":[{"@type":"WebPage","@id":"https:\/\/likemetkovic.hr\/metkovsko-ljeto-koncertu-ansambla-ars-longa-ljubitelji-klasike-dosli\/","url":"https:\/\/likemetkovic.hr\/metkovsko-ljeto-koncertu-ansambla-ars-longa-ljubitelji-klasike-dosli\/","name":"METKOVSKO LJETO Na koncertu ansambla Ars longa ljubitelji klasike do\u0161li na svoje - likemetkovic.hr","isPartOf":{"@id":"https:\/\/likemetkovic.hr\/#website"},"primaryImageOfPage":{"@id":"https:\/\/likemetkovic.hr\/metkovsko-ljeto-koncertu-ansambla-ars-longa-ljubitelji-klasike-dosli\/#primaryimage"},"image":{"@id":"https:\/\/likemetkovic.hr\/metkovsko-ljeto-koncertu-ansambla-ars-longa-ljubitelji-klasike-dosli\/#primaryimage"},"thumbnailUrl":"https:\/\/likemetkovic.hr\/portal\/wp-content\/uploads\/2016\/08\/06082016-Ars-Longa-GKS-08509.jpg","datePublished":"2016-08-06T22:47:04+00:00","author":{"@id":"https:\/\/likemetkovic.hr\/#\/schema\/person\/a42711f3385a0e2be6f7e0443bfb28f0"},"breadcrumb":{"@id":"https:\/\/likemetkovic.hr\/metkovsko-ljeto-koncertu-ansambla-ars-longa-ljubitelji-klasike-dosli\/#breadcrumb"},"inLanguage":"hr","potentialAction":[{"@type":"ReadAction","target":["https:\/\/likemetkovic.hr\/metkovsko-ljeto-koncertu-ansambla-ars-longa-ljubitelji-klasike-dosli\/"]}]},{"@type":"ImageObject","inLanguage":"hr","@id":"https:\/\/likemetkovic.hr\/metkovsko-ljeto-koncertu-ansambla-ars-longa-ljubitelji-klasike-dosli\/#primaryimage","url":"https:\/\/likemetkovic.hr\/portal\/wp-content\/uploads\/2016\/08\/06082016-Ars-Longa-GKS-08509.jpg","contentUrl":"https:\/\/likemetkovic.hr\/portal\/wp-content\/uploads\/2016\/08\/06082016-Ars-Longa-GKS-08509.jpg","width":900,"height":600,"caption":"Foto: Zoran Mateljak"},{"@type":"BreadcrumbList","@id":"https:\/\/likemetkovic.hr\/metkovsko-ljeto-koncertu-ansambla-ars-longa-ljubitelji-klasike-dosli\/#breadcrumb","itemListElement":[{"@type":"ListItem","position":1,"name":"Po\u010detna stranica","item":"https:\/\/likemetkovic.hr\/portal\/"},{"@type":"ListItem","position":2,"name":"METKOVSKO LJETO Na koncertu ansambla Ars longa ljubitelji klasike do\u0161li na svoje"}]},{"@type":"WebSite","@id":"https:\/\/likemetkovic.hr\/#website","url":"https:\/\/likemetkovic.hr\/","name":"likemetkovic.hr","description":"Misli pozitivno... \u010ditaj LIKE","potentialAction":[{"@type":"SearchAction","target":{"@type":"EntryPoint","urlTemplate":"https:\/\/likemetkovic.hr\/?s={search_term_string}"},"query-input":{"@type":"PropertyValueSpecification","valueRequired":true,"valueName":"search_term_string"}}],"inLanguage":"hr"},{"@type":"Person","@id":"https:\/\/likemetkovic.hr\/#\/schema\/person\/a42711f3385a0e2be6f7e0443bfb28f0","name":"LIKEmetkovic.hr","sameAs":["http:\/\/likemetkovic.hr"],"url":"https:\/\/likemetkovic.hr\/portal\/author\/likemetkovic-hr\/"}]}},"_links":{"self":[{"href":"https:\/\/likemetkovic.hr\/portal\/wp-json\/wp\/v2\/posts\/25015","targetHints":{"allow":["GET"]}}],"collection":[{"href":"https:\/\/likemetkovic.hr\/portal\/wp-json\/wp\/v2\/posts"}],"about":[{"href":"https:\/\/likemetkovic.hr\/portal\/wp-json\/wp\/v2\/types\/post"}],"author":[{"embeddable":true,"href":"https:\/\/likemetkovic.hr\/portal\/wp-json\/wp\/v2\/users\/7"}],"replies":[{"embeddable":true,"href":"https:\/\/likemetkovic.hr\/portal\/wp-json\/wp\/v2\/comments?post=25015"}],"version-history":[{"count":0,"href":"https:\/\/likemetkovic.hr\/portal\/wp-json\/wp\/v2\/posts\/25015\/revisions"}],"wp:featuredmedia":[{"embeddable":true,"href":"https:\/\/likemetkovic.hr\/portal\/wp-json\/wp\/v2\/media\/25020"}],"wp:attachment":[{"href":"https:\/\/likemetkovic.hr\/portal\/wp-json\/wp\/v2\/media?parent=25015"}],"wp:term":[{"taxonomy":"category","embeddable":true,"href":"https:\/\/likemetkovic.hr\/portal\/wp-json\/wp\/v2\/categories?post=25015"},{"taxonomy":"post_tag","embeddable":true,"href":"https:\/\/likemetkovic.hr\/portal\/wp-json\/wp\/v2\/tags?post=25015"}],"curies":[{"name":"wp","href":"https:\/\/api.w.org\/{rel}","templated":true}]}}