{"id":25064,"date":"2016-08-08T08:41:30","date_gmt":"2016-08-08T06:41:30","guid":{"rendered":"http:\/\/likemetkovic.hr\/?p=25064"},"modified":"2016-08-08T08:41:30","modified_gmt":"2016-08-08T06:41:30","slug":"metkovsko-ljeto-tereza-gabric-odusevila-brojnu-metkovsku-publiku-galeriji-gks-a","status":"publish","type":"post","link":"https:\/\/likemetkovic.hr\/portal\/metkovsko-ljeto-tereza-gabric-odusevila-brojnu-metkovsku-publiku-galeriji-gks-a\/","title":{"rendered":"METKOVSKO LJETO Tereza Gabri\u0107 odu\u0161evila brojnu metkovsku publiku u Galeriji GKS-a"},"content":{"rendered":"<p>Sino\u0107 je u popunjenoj Galeriji GKS-a, ve\u0107 tradicionalno u sklopu Metkovskog ljeta nastupila na\u0161a mezzosopranistica <strong>Tereza Gabri\u0107.<\/strong> Iako je koncert bio predvi\u0111en na otvorenom prostoru, kako i sam naziv koncerta &#8220;Arije pod zvijezdama&#8221; govori, zbog tehni\u010dkih razloga on je odr\u017ean u Gradskom kulturnom sredi\u0161tu.<\/p>\n<p>Ove godine Tereza je nastupila zajedno sa pijanisticom<strong> Vesnom \u0160epat Kutnar,<\/strong> svestranom umjetnicom ina\u010de\u00a0vi\u0161om predava\u010dicom\u00a0na Katedri za liturgiku Instituta za crkvenu glazbu \u201eAlbe Vidakovi\u0107\u201c za predmete \u2013 Glasovir, Komorna glazba-klavirski duo, Korepeticiju, Glazbeni praktikum i Glasovir klasiku.<\/p>\n<p>Na\u0161a Tereza je zajedno sa svojom go\u0161\u0107om tako opet ispunila o\u010dekivanja brojne metkovske publike u GKS-u.<\/p>\n\r\n                <style type=\"text\/css\">\r\n                    \r\n                    #tdi_1  .td-doubleSlider-2 .td-item1 {\r\n                        background: url(https:\/\/likemetkovic.hr\/portal\/wp-content\/uploads\/2016\/08\/Tereza-Gabri\u0107-koncert-GKS-08521-80x60.jpg) 0 0 no-repeat;\r\n                    }\r\n                    #tdi_1  .td-doubleSlider-2 .td-item2 {\r\n                        background: url(https:\/\/likemetkovic.hr\/portal\/wp-content\/uploads\/2016\/08\/Tereza-Gabri\u0107-koncert-GKS-08525-80x60.jpg) 0 0 no-repeat;\r\n                    }\r\n                    #tdi_1  .td-doubleSlider-2 .td-item3 {\r\n                        background: url(https:\/\/likemetkovic.hr\/portal\/wp-content\/uploads\/2016\/08\/Tereza-Gabri\u0107-koncert-GKS-08527-80x60.jpg) 0 0 no-repeat;\r\n                    }\r\n                    #tdi_1  .td-doubleSlider-2 .td-item4 {\r\n                        background: url(https:\/\/likemetkovic.hr\/portal\/wp-content\/uploads\/2016\/08\/Tereza-Gabri\u0107-koncert-GKS-08530-80x60.jpg) 0 0 no-repeat;\r\n                    }\r\n                    #tdi_1  .td-doubleSlider-2 .td-item5 {\r\n                        background: url(https:\/\/likemetkovic.hr\/portal\/wp-content\/uploads\/2016\/08\/Tereza-Gabri\u0107-koncert-GKS-08535-80x60.jpg) 0 0 no-repeat;\r\n                    }\r\n                    #tdi_1  .td-doubleSlider-2 .td-item6 {\r\n                        background: url(https:\/\/likemetkovic.hr\/portal\/wp-content\/uploads\/2016\/08\/Tereza-Gabri\u0107-koncert-GKS-08537-80x60.jpg) 0 0 no-repeat;\r\n                    }\r\n                    #tdi_1  .td-doubleSlider-2 .td-item7 {\r\n                        background: url(https:\/\/likemetkovic.hr\/portal\/wp-content\/uploads\/2016\/08\/Tereza-Gabri\u0107-koncert-GKS-08541-80x60.jpg) 0 0 no-repeat;\r\n                    }\r\n                    #tdi_1  .td-doubleSlider-2 .td-item8 {\r\n                        background: url(https:\/\/likemetkovic.hr\/portal\/wp-content\/uploads\/2016\/08\/Tereza-Gabri\u0107-koncert-GKS-08544-80x60.jpg) 0 0 no-repeat;\r\n                    }\r\n                    #tdi_1  .td-doubleSlider-2 .td-item9 {\r\n                        background: url(https:\/\/likemetkovic.hr\/portal\/wp-content\/uploads\/2016\/08\/Tereza-Gabri\u0107-koncert-GKS-08547-80x60.jpg) 0 0 no-repeat;\r\n                    }\r\n                    #tdi_1  .td-doubleSlider-2 .td-item10 {\r\n                        background: url(https:\/\/likemetkovic.hr\/portal\/wp-content\/uploads\/2016\/08\/Tereza-Gabri\u0107-koncert-GKS-08548-80x60.jpg) 0 0 no-repeat;\r\n                    }\r\n                <\/style>\r\n\r\n                <div id=\"tdi_1\" class=\"td-gallery td-slide-on-2-columns\">\r\n                    <div class=\"post_td_gallery\">\r\n                        <div class=\"td-gallery-slide-top\">\r\n                           <div class=\"td-gallery-title\"><\/div>\r\n\r\n                            <div class=\"td-gallery-controls-wrapper\">\r\n                                <div class=\"td-gallery-slide-count\"><span class=\"td-gallery-slide-item-focus\">1<\/span> of 10<\/div>\r\n                                <div class=\"td-gallery-slide-prev-next-but\">\r\n                                    <i class = \"td-icon-left doubleSliderPrevButton\"><\/i>\r\n                                    <i class = \"td-icon-right doubleSliderNextButton\"><\/i>\r\n                                <\/div>\r\n                            <\/div>\r\n                        <\/div>\r\n\r\n                        <div class = \"td-doubleSlider-1 \">\r\n                            <div class = \"td-slider\">\r\n                                \r\n                    <div class = \"td-slide-item td-item1\">\r\n                        <figure class=\"td-slide-galery-figure td-slide-popup-gallery\">\r\n                            <a class=\"slide-gallery-image-link\" href=\"https:\/\/likemetkovic.hr\/portal\/wp-content\/uploads\/2016\/08\/Tereza-Gabri\u0107-koncert-GKS-08521.jpg\" title=\"Tereza Gabri\u0107 koncert GKS-08521\"  data-caption=\"Foto: Zoran Mateljak\"  data-description=\"\">\r\n                                <img decoding=\"async\" src=\"https:\/\/likemetkovic.hr\/portal\/wp-content\/uploads\/2016\/08\/Tereza-Gabri\u0107-koncert-GKS-08521-420x420.jpg\" srcset=\"https:\/\/likemetkovic.hr\/portal\/wp-content\/uploads\/2016\/08\/Tereza-Gabri\u0107-koncert-GKS-08521-420x420.jpg 420w, https:\/\/likemetkovic.hr\/portal\/wp-content\/uploads\/2016\/08\/Tereza-Gabri\u0107-koncert-GKS-08521-150x150.jpg 150w, https:\/\/likemetkovic.hr\/portal\/wp-content\/uploads\/2016\/08\/Tereza-Gabri\u0107-koncert-GKS-08521-300x300.jpg 300w, https:\/\/likemetkovic.hr\/portal\/wp-content\/uploads\/2016\/08\/Tereza-Gabri\u0107-koncert-GKS-08521-768x768.jpg 768w, https:\/\/likemetkovic.hr\/portal\/wp-content\/uploads\/2016\/08\/Tereza-Gabri\u0107-koncert-GKS-08521-640x640.jpg 640w, https:\/\/likemetkovic.hr\/portal\/wp-content\/uploads\/2016\/08\/Tereza-Gabri\u0107-koncert-GKS-08521-696x696.jpg 696w, https:\/\/likemetkovic.hr\/portal\/wp-content\/uploads\/2016\/08\/Tereza-Gabri\u0107-koncert-GKS-08521.jpg 900w\" sizes=\"(max-width: 420px) 100vw, 420px\" alt=\"\">\r\n                            <\/a>\r\n                            <figcaption class = \"td-slide-caption td-gallery-slide-content\"><div class = \"td-gallery-slide-copywrite\">Foto: Zoran Mateljak<\/div><\/figcaption>\r\n                        <\/figure>\r\n                    <\/div>\r\n                    <div class = \"td-slide-item td-item2\">\r\n                        <figure class=\"td-slide-galery-figure td-slide-popup-gallery\">\r\n                            <a class=\"slide-gallery-image-link\" href=\"https:\/\/likemetkovic.hr\/portal\/wp-content\/uploads\/2016\/08\/Tereza-Gabri\u0107-koncert-GKS-08525.jpg\" title=\"Tereza Gabri\u0107 koncert GKS-08525\"  data-caption=\"Foto: Zoran Mateljak\"  data-description=\"\">\r\n                                <img decoding=\"async\" src=\"https:\/\/likemetkovic.hr\/portal\/wp-content\/uploads\/2016\/08\/Tereza-Gabri\u0107-koncert-GKS-08525-630x420.jpg\" srcset=\"https:\/\/likemetkovic.hr\/portal\/wp-content\/uploads\/2016\/08\/Tereza-Gabri\u0107-koncert-GKS-08525-630x420.jpg 630w, https:\/\/likemetkovic.hr\/portal\/wp-content\/uploads\/2016\/08\/Tereza-Gabri\u0107-koncert-GKS-08525-300x200.jpg 300w, https:\/\/likemetkovic.hr\/portal\/wp-content\/uploads\/2016\/08\/Tereza-Gabri\u0107-koncert-GKS-08525-768x512.jpg 768w, https:\/\/likemetkovic.hr\/portal\/wp-content\/uploads\/2016\/08\/Tereza-Gabri\u0107-koncert-GKS-08525-640x427.jpg 640w, https:\/\/likemetkovic.hr\/portal\/wp-content\/uploads\/2016\/08\/Tereza-Gabri\u0107-koncert-GKS-08525-696x464.jpg 696w, https:\/\/likemetkovic.hr\/portal\/wp-content\/uploads\/2016\/08\/Tereza-Gabri\u0107-koncert-GKS-08525.jpg 900w\" sizes=\"(max-width: 630px) 100vw, 630px\" alt=\"\">\r\n                            <\/a>\r\n                            <figcaption class = \"td-slide-caption td-gallery-slide-content\"><div class = \"td-gallery-slide-copywrite\">Foto: Zoran Mateljak<\/div><\/figcaption>\r\n                        <\/figure>\r\n                    <\/div>\r\n                    <div class = \"td-slide-item td-item3\">\r\n                        <figure class=\"td-slide-galery-figure td-slide-popup-gallery\">\r\n                            <a class=\"slide-gallery-image-link\" href=\"https:\/\/likemetkovic.hr\/portal\/wp-content\/uploads\/2016\/08\/Tereza-Gabri\u0107-koncert-GKS-08527.jpg\" title=\"Tereza Gabri\u0107 koncert GKS-08527\"  data-caption=\"Foto: Zoran Mateljak\"  data-description=\"\">\r\n                                <img decoding=\"async\" src=\"https:\/\/likemetkovic.hr\/portal\/wp-content\/uploads\/2016\/08\/Tereza-Gabri\u0107-koncert-GKS-08527-630x420.jpg\" srcset=\"https:\/\/likemetkovic.hr\/portal\/wp-content\/uploads\/2016\/08\/Tereza-Gabri\u0107-koncert-GKS-08527-630x420.jpg 630w, https:\/\/likemetkovic.hr\/portal\/wp-content\/uploads\/2016\/08\/Tereza-Gabri\u0107-koncert-GKS-08527-300x200.jpg 300w, https:\/\/likemetkovic.hr\/portal\/wp-content\/uploads\/2016\/08\/Tereza-Gabri\u0107-koncert-GKS-08527-768x512.jpg 768w, https:\/\/likemetkovic.hr\/portal\/wp-content\/uploads\/2016\/08\/Tereza-Gabri\u0107-koncert-GKS-08527-640x427.jpg 640w, https:\/\/likemetkovic.hr\/portal\/wp-content\/uploads\/2016\/08\/Tereza-Gabri\u0107-koncert-GKS-08527-696x464.jpg 696w, https:\/\/likemetkovic.hr\/portal\/wp-content\/uploads\/2016\/08\/Tereza-Gabri\u0107-koncert-GKS-08527.jpg 900w\" sizes=\"(max-width: 630px) 100vw, 630px\" alt=\"\">\r\n                            <\/a>\r\n                            <figcaption class = \"td-slide-caption td-gallery-slide-content\"><div class = \"td-gallery-slide-copywrite\">Foto: Zoran Mateljak<\/div><\/figcaption>\r\n                        <\/figure>\r\n                    <\/div>\r\n                    <div class = \"td-slide-item td-item4\">\r\n                        <figure class=\"td-slide-galery-figure td-slide-popup-gallery\">\r\n                            <a class=\"slide-gallery-image-link\" href=\"https:\/\/likemetkovic.hr\/portal\/wp-content\/uploads\/2016\/08\/Tereza-Gabri\u0107-koncert-GKS-08530.jpg\" title=\"Tereza Gabri\u0107 koncert GKS-08530\"  data-caption=\"Foto: Zoran Mateljak\"  data-description=\"\">\r\n                                <img decoding=\"async\" src=\"https:\/\/likemetkovic.hr\/portal\/wp-content\/uploads\/2016\/08\/Tereza-Gabri\u0107-koncert-GKS-08530-420x420.jpg\" srcset=\"https:\/\/likemetkovic.hr\/portal\/wp-content\/uploads\/2016\/08\/Tereza-Gabri\u0107-koncert-GKS-08530-420x420.jpg 420w, https:\/\/likemetkovic.hr\/portal\/wp-content\/uploads\/2016\/08\/Tereza-Gabri\u0107-koncert-GKS-08530-150x150.jpg 150w, https:\/\/likemetkovic.hr\/portal\/wp-content\/uploads\/2016\/08\/Tereza-Gabri\u0107-koncert-GKS-08530-300x300.jpg 300w, https:\/\/likemetkovic.hr\/portal\/wp-content\/uploads\/2016\/08\/Tereza-Gabri\u0107-koncert-GKS-08530-768x768.jpg 768w, https:\/\/likemetkovic.hr\/portal\/wp-content\/uploads\/2016\/08\/Tereza-Gabri\u0107-koncert-GKS-08530-640x640.jpg 640w, https:\/\/likemetkovic.hr\/portal\/wp-content\/uploads\/2016\/08\/Tereza-Gabri\u0107-koncert-GKS-08530-696x696.jpg 696w, https:\/\/likemetkovic.hr\/portal\/wp-content\/uploads\/2016\/08\/Tereza-Gabri\u0107-koncert-GKS-08530.jpg 900w\" sizes=\"(max-width: 420px) 100vw, 420px\" alt=\"\">\r\n                            <\/a>\r\n                            <figcaption class = \"td-slide-caption td-gallery-slide-content\"><div class = \"td-gallery-slide-copywrite\">Foto: Zoran Mateljak<\/div><\/figcaption>\r\n                        <\/figure>\r\n                    <\/div>\r\n                    <div class = \"td-slide-item td-item5\">\r\n                        <figure class=\"td-slide-galery-figure td-slide-popup-gallery\">\r\n                            <a class=\"slide-gallery-image-link\" href=\"https:\/\/likemetkovic.hr\/portal\/wp-content\/uploads\/2016\/08\/Tereza-Gabri\u0107-koncert-GKS-08535.jpg\" title=\"Tereza Gabri\u0107 koncert GKS-08535\"  data-caption=\"Foto: Zoran Mateljak\"  data-description=\"\">\r\n                                <img decoding=\"async\" src=\"https:\/\/likemetkovic.hr\/portal\/wp-content\/uploads\/2016\/08\/Tereza-Gabri\u0107-koncert-GKS-08535-630x420.jpg\" srcset=\"https:\/\/likemetkovic.hr\/portal\/wp-content\/uploads\/2016\/08\/Tereza-Gabri\u0107-koncert-GKS-08535-630x420.jpg 630w, https:\/\/likemetkovic.hr\/portal\/wp-content\/uploads\/2016\/08\/Tereza-Gabri\u0107-koncert-GKS-08535-300x200.jpg 300w, https:\/\/likemetkovic.hr\/portal\/wp-content\/uploads\/2016\/08\/Tereza-Gabri\u0107-koncert-GKS-08535-768x512.jpg 768w, https:\/\/likemetkovic.hr\/portal\/wp-content\/uploads\/2016\/08\/Tereza-Gabri\u0107-koncert-GKS-08535-640x427.jpg 640w, https:\/\/likemetkovic.hr\/portal\/wp-content\/uploads\/2016\/08\/Tereza-Gabri\u0107-koncert-GKS-08535-696x464.jpg 696w, https:\/\/likemetkovic.hr\/portal\/wp-content\/uploads\/2016\/08\/Tereza-Gabri\u0107-koncert-GKS-08535.jpg 900w\" sizes=\"(max-width: 630px) 100vw, 630px\" alt=\"\">\r\n                            <\/a>\r\n                            <figcaption class = \"td-slide-caption td-gallery-slide-content\"><div class = \"td-gallery-slide-copywrite\">Foto: Zoran Mateljak<\/div><\/figcaption>\r\n                        <\/figure>\r\n                    <\/div>\r\n                    <div class = \"td-slide-item td-item6\">\r\n                        <figure class=\"td-slide-galery-figure td-slide-popup-gallery\">\r\n                            <a class=\"slide-gallery-image-link\" href=\"https:\/\/likemetkovic.hr\/portal\/wp-content\/uploads\/2016\/08\/Tereza-Gabri\u0107-koncert-GKS-08537.jpg\" title=\"Tereza Gabri\u0107 koncert GKS-08537\"  data-caption=\"Foto: Zoran Mateljak\"  data-description=\"\">\r\n                                <img decoding=\"async\" src=\"https:\/\/likemetkovic.hr\/portal\/wp-content\/uploads\/2016\/08\/Tereza-Gabri\u0107-koncert-GKS-08537-630x420.jpg\" srcset=\"https:\/\/likemetkovic.hr\/portal\/wp-content\/uploads\/2016\/08\/Tereza-Gabri\u0107-koncert-GKS-08537-630x420.jpg 630w, https:\/\/likemetkovic.hr\/portal\/wp-content\/uploads\/2016\/08\/Tereza-Gabri\u0107-koncert-GKS-08537-300x200.jpg 300w, https:\/\/likemetkovic.hr\/portal\/wp-content\/uploads\/2016\/08\/Tereza-Gabri\u0107-koncert-GKS-08537-768x512.jpg 768w, https:\/\/likemetkovic.hr\/portal\/wp-content\/uploads\/2016\/08\/Tereza-Gabri\u0107-koncert-GKS-08537-640x427.jpg 640w, https:\/\/likemetkovic.hr\/portal\/wp-content\/uploads\/2016\/08\/Tereza-Gabri\u0107-koncert-GKS-08537-696x464.jpg 696w, https:\/\/likemetkovic.hr\/portal\/wp-content\/uploads\/2016\/08\/Tereza-Gabri\u0107-koncert-GKS-08537.jpg 900w\" sizes=\"(max-width: 630px) 100vw, 630px\" alt=\"\">\r\n                            <\/a>\r\n                            <figcaption class = \"td-slide-caption td-gallery-slide-content\"><div class = \"td-gallery-slide-copywrite\">Foto: Zoran Mateljak<\/div><\/figcaption>\r\n                        <\/figure>\r\n                    <\/div>\r\n                    <div class = \"td-slide-item td-item7\">\r\n                        <figure class=\"td-slide-galery-figure td-slide-popup-gallery\">\r\n                            <a class=\"slide-gallery-image-link\" href=\"https:\/\/likemetkovic.hr\/portal\/wp-content\/uploads\/2016\/08\/Tereza-Gabri\u0107-koncert-GKS-08541.jpg\" title=\"Tereza Gabri\u0107 koncert GKS-08541\"  data-caption=\"Foto: Zoran Mateljak\"  data-description=\"\">\r\n                                <img decoding=\"async\" src=\"https:\/\/likemetkovic.hr\/portal\/wp-content\/uploads\/2016\/08\/Tereza-Gabri\u0107-koncert-GKS-08541-630x420.jpg\" srcset=\"https:\/\/likemetkovic.hr\/portal\/wp-content\/uploads\/2016\/08\/Tereza-Gabri\u0107-koncert-GKS-08541-630x420.jpg 630w, https:\/\/likemetkovic.hr\/portal\/wp-content\/uploads\/2016\/08\/Tereza-Gabri\u0107-koncert-GKS-08541-300x200.jpg 300w, https:\/\/likemetkovic.hr\/portal\/wp-content\/uploads\/2016\/08\/Tereza-Gabri\u0107-koncert-GKS-08541-768x512.jpg 768w, https:\/\/likemetkovic.hr\/portal\/wp-content\/uploads\/2016\/08\/Tereza-Gabri\u0107-koncert-GKS-08541-640x427.jpg 640w, https:\/\/likemetkovic.hr\/portal\/wp-content\/uploads\/2016\/08\/Tereza-Gabri\u0107-koncert-GKS-08541-696x464.jpg 696w, https:\/\/likemetkovic.hr\/portal\/wp-content\/uploads\/2016\/08\/Tereza-Gabri\u0107-koncert-GKS-08541.jpg 900w\" sizes=\"(max-width: 630px) 100vw, 630px\" alt=\"\">\r\n                            <\/a>\r\n                            <figcaption class = \"td-slide-caption td-gallery-slide-content\"><div class = \"td-gallery-slide-copywrite\">Foto: Zoran Mateljak<\/div><\/figcaption>\r\n                        <\/figure>\r\n                    <\/div>\r\n                    <div class = \"td-slide-item td-item8\">\r\n                        <figure class=\"td-slide-galery-figure td-slide-popup-gallery\">\r\n                            <a class=\"slide-gallery-image-link\" href=\"https:\/\/likemetkovic.hr\/portal\/wp-content\/uploads\/2016\/08\/Tereza-Gabri\u0107-koncert-GKS-08544.jpg\" title=\"Tereza Gabri\u0107 koncert GKS-08544\"  data-caption=\"Foto: Zoran Mateljak\"  data-description=\"\">\r\n                                <img decoding=\"async\" src=\"https:\/\/likemetkovic.hr\/portal\/wp-content\/uploads\/2016\/08\/Tereza-Gabri\u0107-koncert-GKS-08544-420x420.jpg\" srcset=\"https:\/\/likemetkovic.hr\/portal\/wp-content\/uploads\/2016\/08\/Tereza-Gabri\u0107-koncert-GKS-08544-420x420.jpg 420w, https:\/\/likemetkovic.hr\/portal\/wp-content\/uploads\/2016\/08\/Tereza-Gabri\u0107-koncert-GKS-08544-150x150.jpg 150w, https:\/\/likemetkovic.hr\/portal\/wp-content\/uploads\/2016\/08\/Tereza-Gabri\u0107-koncert-GKS-08544-300x300.jpg 300w, https:\/\/likemetkovic.hr\/portal\/wp-content\/uploads\/2016\/08\/Tereza-Gabri\u0107-koncert-GKS-08544-768x768.jpg 768w, https:\/\/likemetkovic.hr\/portal\/wp-content\/uploads\/2016\/08\/Tereza-Gabri\u0107-koncert-GKS-08544-640x640.jpg 640w, https:\/\/likemetkovic.hr\/portal\/wp-content\/uploads\/2016\/08\/Tereza-Gabri\u0107-koncert-GKS-08544-696x696.jpg 696w, https:\/\/likemetkovic.hr\/portal\/wp-content\/uploads\/2016\/08\/Tereza-Gabri\u0107-koncert-GKS-08544.jpg 900w\" sizes=\"(max-width: 420px) 100vw, 420px\" alt=\"\">\r\n                            <\/a>\r\n                            <figcaption class = \"td-slide-caption td-gallery-slide-content\"><div class = \"td-gallery-slide-copywrite\">Foto: Zoran Mateljak<\/div><\/figcaption>\r\n                        <\/figure>\r\n                    <\/div>\r\n                    <div class = \"td-slide-item td-item9\">\r\n                        <figure class=\"td-slide-galery-figure td-slide-popup-gallery\">\r\n                            <a class=\"slide-gallery-image-link\" href=\"https:\/\/likemetkovic.hr\/portal\/wp-content\/uploads\/2016\/08\/Tereza-Gabri\u0107-koncert-GKS-08547.jpg\" title=\"Tereza Gabri\u0107 koncert GKS-08547\"  data-caption=\"Foto: Zoran Mateljak\"  data-description=\"\">\r\n                                <img decoding=\"async\" src=\"https:\/\/likemetkovic.hr\/portal\/wp-content\/uploads\/2016\/08\/Tereza-Gabri\u0107-koncert-GKS-08547-630x420.jpg\" srcset=\"https:\/\/likemetkovic.hr\/portal\/wp-content\/uploads\/2016\/08\/Tereza-Gabri\u0107-koncert-GKS-08547-630x420.jpg 630w, https:\/\/likemetkovic.hr\/portal\/wp-content\/uploads\/2016\/08\/Tereza-Gabri\u0107-koncert-GKS-08547-300x200.jpg 300w, https:\/\/likemetkovic.hr\/portal\/wp-content\/uploads\/2016\/08\/Tereza-Gabri\u0107-koncert-GKS-08547-768x512.jpg 768w, https:\/\/likemetkovic.hr\/portal\/wp-content\/uploads\/2016\/08\/Tereza-Gabri\u0107-koncert-GKS-08547-640x427.jpg 640w, https:\/\/likemetkovic.hr\/portal\/wp-content\/uploads\/2016\/08\/Tereza-Gabri\u0107-koncert-GKS-08547-696x464.jpg 696w, https:\/\/likemetkovic.hr\/portal\/wp-content\/uploads\/2016\/08\/Tereza-Gabri\u0107-koncert-GKS-08547.jpg 900w\" sizes=\"(max-width: 630px) 100vw, 630px\" alt=\"\">\r\n                            <\/a>\r\n                            <figcaption class = \"td-slide-caption td-gallery-slide-content\"><div class = \"td-gallery-slide-copywrite\">Foto: Zoran Mateljak<\/div><\/figcaption>\r\n                        <\/figure>\r\n                    <\/div>\r\n                    <div class = \"td-slide-item td-item10\">\r\n                        <figure class=\"td-slide-galery-figure td-slide-popup-gallery\">\r\n                            <a class=\"slide-gallery-image-link\" href=\"https:\/\/likemetkovic.hr\/portal\/wp-content\/uploads\/2016\/08\/Tereza-Gabri\u0107-koncert-GKS-08548.jpg\" title=\"Tereza Gabri\u0107 koncert GKS-08548\"  data-caption=\"Foto: Zoran Mateljak\"  data-description=\"\">\r\n                                <img decoding=\"async\" src=\"https:\/\/likemetkovic.hr\/portal\/wp-content\/uploads\/2016\/08\/Tereza-Gabri\u0107-koncert-GKS-08548-420x420.jpg\" srcset=\"https:\/\/likemetkovic.hr\/portal\/wp-content\/uploads\/2016\/08\/Tereza-Gabri\u0107-koncert-GKS-08548-420x420.jpg 420w, https:\/\/likemetkovic.hr\/portal\/wp-content\/uploads\/2016\/08\/Tereza-Gabri\u0107-koncert-GKS-08548-150x150.jpg 150w, https:\/\/likemetkovic.hr\/portal\/wp-content\/uploads\/2016\/08\/Tereza-Gabri\u0107-koncert-GKS-08548-300x300.jpg 300w, https:\/\/likemetkovic.hr\/portal\/wp-content\/uploads\/2016\/08\/Tereza-Gabri\u0107-koncert-GKS-08548-768x768.jpg 768w, https:\/\/likemetkovic.hr\/portal\/wp-content\/uploads\/2016\/08\/Tereza-Gabri\u0107-koncert-GKS-08548-640x640.jpg 640w, https:\/\/likemetkovic.hr\/portal\/wp-content\/uploads\/2016\/08\/Tereza-Gabri\u0107-koncert-GKS-08548-696x696.jpg 696w, https:\/\/likemetkovic.hr\/portal\/wp-content\/uploads\/2016\/08\/Tereza-Gabri\u0107-koncert-GKS-08548.jpg 900w\" sizes=\"(max-width: 420px) 100vw, 420px\" alt=\"\">\r\n                            <\/a>\r\n                            <figcaption class = \"td-slide-caption td-gallery-slide-content\"><div class = \"td-gallery-slide-copywrite\">Foto: Zoran Mateljak<\/div><\/figcaption>\r\n                        <\/figure>\r\n                    <\/div>\r\n                            <\/div>\r\n                        <\/div>\r\n\r\n                        <div class = \"td-doubleSlider-2\">\r\n                            <div class = \"td-slider\">\r\n                                \r\n                    <div class = \"td-button td-item1\">\r\n                        <div class = \"td-border\"><\/div>\r\n                    <\/div>\r\n                    <div class = \"td-button td-item2\">\r\n                        <div class = \"td-border\"><\/div>\r\n                    <\/div>\r\n                    <div class = \"td-button td-item3\">\r\n                        <div class = \"td-border\"><\/div>\r\n                    <\/div>\r\n                    <div class = \"td-button td-item4\">\r\n                        <div class = \"td-border\"><\/div>\r\n                    <\/div>\r\n                    <div class = \"td-button td-item5\">\r\n                        <div class = \"td-border\"><\/div>\r\n                    <\/div>\r\n                    <div class = \"td-button td-item6\">\r\n                        <div class = \"td-border\"><\/div>\r\n                    <\/div>\r\n                    <div class = \"td-button td-item7\">\r\n                        <div class = \"td-border\"><\/div>\r\n                    <\/div>\r\n                    <div class = \"td-button td-item8\">\r\n                        <div class = \"td-border\"><\/div>\r\n                    <\/div>\r\n                    <div class = \"td-button td-item9\">\r\n                        <div class = \"td-border\"><\/div>\r\n                    <\/div>\r\n                    <div class = \"td-button td-item10\">\r\n                        <div class = \"td-border\"><\/div>\r\n                    <\/div>\r\n                            <\/div>\r\n                        <\/div>\r\n\r\n                    <\/div>\r\n\r\n                <\/div>\r\n                \n","protected":false},"excerpt":{"rendered":"<p>Sino\u0107 je u popunjenoj Galeriji GKS-a, ve\u0107 tradicionalno u sklopu Metkovskog ljeta nastupila na\u0161a mezzosopranistica Tereza Gabri\u0107. Iako je koncert bio predvi\u0111en na otvorenom prostoru, kako i sam naziv koncerta &#8220;Arije pod zvijezdama&#8221; govori, zbog tehni\u010dkih razloga on je odr\u017ean u Gradskom kulturnom sredi\u0161tu. Ove godine Tereza je nastupila zajedno sa pijanisticom Vesnom \u0160epat Kutnar, [&hellip;]<\/p>\n","protected":false},"author":7,"featured_media":25071,"comment_status":"open","ping_status":"open","sticky":false,"template":"","format":"standard","meta":{"footnotes":""},"categories":[283,11],"tags":[],"class_list":{"0":"post-25064","1":"post","2":"type-post","3":"status-publish","4":"format-standard","5":"has-post-thumbnail","7":"category-a","8":"category-metkovic-dolina"},"yoast_head":"<!-- This site is optimized with the Yoast SEO plugin v25.2 - https:\/\/yoast.com\/wordpress\/plugins\/seo\/ -->\n<title>METKOVSKO LJETO Tereza Gabri\u0107 odu\u0161evila brojnu metkovsku publiku u Galeriji GKS-a - likemetkovic.hr<\/title>\n<meta name=\"robots\" content=\"index, follow, max-snippet:-1, max-image-preview:large, max-video-preview:-1\" \/>\n<link rel=\"canonical\" href=\"https:\/\/likemetkovic.hr\/metkovsko-ljeto-tereza-gabric-odusevila-brojnu-metkovsku-publiku-galeriji-gks-a\/\" \/>\n<meta property=\"og:locale\" content=\"hr_HR\" \/>\n<meta property=\"og:type\" content=\"article\" \/>\n<meta property=\"og:title\" content=\"METKOVSKO LJETO Tereza Gabri\u0107 odu\u0161evila brojnu metkovsku publiku u Galeriji GKS-a - likemetkovic.hr\" \/>\n<meta property=\"og:description\" content=\"Sino\u0107 je u popunjenoj Galeriji GKS-a, ve\u0107 tradicionalno u sklopu Metkovskog ljeta nastupila na\u0161a mezzosopranistica Tereza Gabri\u0107. Iako je koncert bio predvi\u0111en na otvorenom prostoru, kako i sam naziv koncerta &#8220;Arije pod zvijezdama&#8221; govori, zbog tehni\u010dkih razloga on je odr\u017ean u Gradskom kulturnom sredi\u0161tu. Ove godine Tereza je nastupila zajedno sa pijanisticom Vesnom \u0160epat Kutnar, [&hellip;]\" \/>\n<meta property=\"og:url\" content=\"https:\/\/likemetkovic.hr\/metkovsko-ljeto-tereza-gabric-odusevila-brojnu-metkovsku-publiku-galeriji-gks-a\/\" \/>\n<meta property=\"og:site_name\" content=\"likemetkovic.hr\" \/>\n<meta property=\"article:publisher\" content=\"https:\/\/www.facebook.com\/likemetkovic.hr\/\" \/>\n<meta property=\"article:published_time\" content=\"2016-08-08T06:41:30+00:00\" \/>\n<meta property=\"og:image\" content=\"https:\/\/likemetkovic.hr\/wp-content\/uploads\/2016\/08\/Tereza-Gabri\u0107-koncert-GKS-08541.jpg\" \/>\n\t<meta property=\"og:image:width\" content=\"900\" \/>\n\t<meta property=\"og:image:height\" content=\"600\" \/>\n\t<meta property=\"og:image:type\" content=\"image\/jpeg\" \/>\n<meta name=\"author\" content=\"LIKEmetkovic.hr\" \/>\n<meta name=\"twitter:card\" content=\"summary_large_image\" \/>\n<meta name=\"twitter:label1\" content=\"Napisao\/la\" \/>\n\t<meta name=\"twitter:data1\" content=\"LIKEmetkovic.hr\" \/>\n\t<meta name=\"twitter:label2\" content=\"Procijenjeno vrijeme \u010ditanja\" \/>\n\t<meta name=\"twitter:data2\" content=\"1 minuta\" \/>\n<script type=\"application\/ld+json\" class=\"yoast-schema-graph\">{\"@context\":\"https:\/\/schema.org\",\"@graph\":[{\"@type\":\"WebPage\",\"@id\":\"https:\/\/likemetkovic.hr\/metkovsko-ljeto-tereza-gabric-odusevila-brojnu-metkovsku-publiku-galeriji-gks-a\/\",\"url\":\"https:\/\/likemetkovic.hr\/metkovsko-ljeto-tereza-gabric-odusevila-brojnu-metkovsku-publiku-galeriji-gks-a\/\",\"name\":\"METKOVSKO LJETO Tereza Gabri\u0107 odu\u0161evila brojnu metkovsku publiku u Galeriji GKS-a - likemetkovic.hr\",\"isPartOf\":{\"@id\":\"https:\/\/likemetkovic.hr\/#website\"},\"primaryImageOfPage\":{\"@id\":\"https:\/\/likemetkovic.hr\/metkovsko-ljeto-tereza-gabric-odusevila-brojnu-metkovsku-publiku-galeriji-gks-a\/#primaryimage\"},\"image\":{\"@id\":\"https:\/\/likemetkovic.hr\/metkovsko-ljeto-tereza-gabric-odusevila-brojnu-metkovsku-publiku-galeriji-gks-a\/#primaryimage\"},\"thumbnailUrl\":\"https:\/\/likemetkovic.hr\/portal\/wp-content\/uploads\/2016\/08\/Tereza-Gabri\u0107-koncert-GKS-08541.jpg\",\"datePublished\":\"2016-08-08T06:41:30+00:00\",\"author\":{\"@id\":\"https:\/\/likemetkovic.hr\/#\/schema\/person\/a42711f3385a0e2be6f7e0443bfb28f0\"},\"breadcrumb\":{\"@id\":\"https:\/\/likemetkovic.hr\/metkovsko-ljeto-tereza-gabric-odusevila-brojnu-metkovsku-publiku-galeriji-gks-a\/#breadcrumb\"},\"inLanguage\":\"hr\",\"potentialAction\":[{\"@type\":\"ReadAction\",\"target\":[\"https:\/\/likemetkovic.hr\/metkovsko-ljeto-tereza-gabric-odusevila-brojnu-metkovsku-publiku-galeriji-gks-a\/\"]}]},{\"@type\":\"ImageObject\",\"inLanguage\":\"hr\",\"@id\":\"https:\/\/likemetkovic.hr\/metkovsko-ljeto-tereza-gabric-odusevila-brojnu-metkovsku-publiku-galeriji-gks-a\/#primaryimage\",\"url\":\"https:\/\/likemetkovic.hr\/portal\/wp-content\/uploads\/2016\/08\/Tereza-Gabri\u0107-koncert-GKS-08541.jpg\",\"contentUrl\":\"https:\/\/likemetkovic.hr\/portal\/wp-content\/uploads\/2016\/08\/Tereza-Gabri\u0107-koncert-GKS-08541.jpg\",\"width\":900,\"height\":600,\"caption\":\"Foto: Zoran Mateljak\"},{\"@type\":\"BreadcrumbList\",\"@id\":\"https:\/\/likemetkovic.hr\/metkovsko-ljeto-tereza-gabric-odusevila-brojnu-metkovsku-publiku-galeriji-gks-a\/#breadcrumb\",\"itemListElement\":[{\"@type\":\"ListItem\",\"position\":1,\"name\":\"Po\u010detna stranica\",\"item\":\"https:\/\/likemetkovic.hr\/portal\/\"},{\"@type\":\"ListItem\",\"position\":2,\"name\":\"METKOVSKO LJETO Tereza Gabri\u0107 odu\u0161evila brojnu metkovsku publiku u Galeriji GKS-a\"}]},{\"@type\":\"WebSite\",\"@id\":\"https:\/\/likemetkovic.hr\/#website\",\"url\":\"https:\/\/likemetkovic.hr\/\",\"name\":\"likemetkovic.hr\",\"description\":\"Misli pozitivno... \u010ditaj LIKE\",\"potentialAction\":[{\"@type\":\"SearchAction\",\"target\":{\"@type\":\"EntryPoint\",\"urlTemplate\":\"https:\/\/likemetkovic.hr\/?s={search_term_string}\"},\"query-input\":{\"@type\":\"PropertyValueSpecification\",\"valueRequired\":true,\"valueName\":\"search_term_string\"}}],\"inLanguage\":\"hr\"},{\"@type\":\"Person\",\"@id\":\"https:\/\/likemetkovic.hr\/#\/schema\/person\/a42711f3385a0e2be6f7e0443bfb28f0\",\"name\":\"LIKEmetkovic.hr\",\"sameAs\":[\"http:\/\/likemetkovic.hr\"],\"url\":\"https:\/\/likemetkovic.hr\/portal\/author\/likemetkovic-hr\/\"}]}<\/script>\n<!-- \/ Yoast SEO plugin. -->","yoast_head_json":{"title":"METKOVSKO LJETO Tereza Gabri\u0107 odu\u0161evila brojnu metkovsku publiku u Galeriji GKS-a - likemetkovic.hr","robots":{"index":"index","follow":"follow","max-snippet":"max-snippet:-1","max-image-preview":"max-image-preview:large","max-video-preview":"max-video-preview:-1"},"canonical":"https:\/\/likemetkovic.hr\/metkovsko-ljeto-tereza-gabric-odusevila-brojnu-metkovsku-publiku-galeriji-gks-a\/","og_locale":"hr_HR","og_type":"article","og_title":"METKOVSKO LJETO Tereza Gabri\u0107 odu\u0161evila brojnu metkovsku publiku u Galeriji GKS-a - likemetkovic.hr","og_description":"Sino\u0107 je u popunjenoj Galeriji GKS-a, ve\u0107 tradicionalno u sklopu Metkovskog ljeta nastupila na\u0161a mezzosopranistica Tereza Gabri\u0107. Iako je koncert bio predvi\u0111en na otvorenom prostoru, kako i sam naziv koncerta &#8220;Arije pod zvijezdama&#8221; govori, zbog tehni\u010dkih razloga on je odr\u017ean u Gradskom kulturnom sredi\u0161tu. Ove godine Tereza je nastupila zajedno sa pijanisticom Vesnom \u0160epat Kutnar, [&hellip;]","og_url":"https:\/\/likemetkovic.hr\/metkovsko-ljeto-tereza-gabric-odusevila-brojnu-metkovsku-publiku-galeriji-gks-a\/","og_site_name":"likemetkovic.hr","article_publisher":"https:\/\/www.facebook.com\/likemetkovic.hr\/","article_published_time":"2016-08-08T06:41:30+00:00","og_image":[{"width":900,"height":600,"url":"https:\/\/likemetkovic.hr\/wp-content\/uploads\/2016\/08\/Tereza-Gabri\u0107-koncert-GKS-08541.jpg","type":"image\/jpeg"}],"author":"LIKEmetkovic.hr","twitter_card":"summary_large_image","twitter_misc":{"Napisao\/la":"LIKEmetkovic.hr","Procijenjeno vrijeme \u010ditanja":"1 minuta"},"schema":{"@context":"https:\/\/schema.org","@graph":[{"@type":"WebPage","@id":"https:\/\/likemetkovic.hr\/metkovsko-ljeto-tereza-gabric-odusevila-brojnu-metkovsku-publiku-galeriji-gks-a\/","url":"https:\/\/likemetkovic.hr\/metkovsko-ljeto-tereza-gabric-odusevila-brojnu-metkovsku-publiku-galeriji-gks-a\/","name":"METKOVSKO LJETO Tereza Gabri\u0107 odu\u0161evila brojnu metkovsku publiku u Galeriji GKS-a - likemetkovic.hr","isPartOf":{"@id":"https:\/\/likemetkovic.hr\/#website"},"primaryImageOfPage":{"@id":"https:\/\/likemetkovic.hr\/metkovsko-ljeto-tereza-gabric-odusevila-brojnu-metkovsku-publiku-galeriji-gks-a\/#primaryimage"},"image":{"@id":"https:\/\/likemetkovic.hr\/metkovsko-ljeto-tereza-gabric-odusevila-brojnu-metkovsku-publiku-galeriji-gks-a\/#primaryimage"},"thumbnailUrl":"https:\/\/likemetkovic.hr\/portal\/wp-content\/uploads\/2016\/08\/Tereza-Gabri\u0107-koncert-GKS-08541.jpg","datePublished":"2016-08-08T06:41:30+00:00","author":{"@id":"https:\/\/likemetkovic.hr\/#\/schema\/person\/a42711f3385a0e2be6f7e0443bfb28f0"},"breadcrumb":{"@id":"https:\/\/likemetkovic.hr\/metkovsko-ljeto-tereza-gabric-odusevila-brojnu-metkovsku-publiku-galeriji-gks-a\/#breadcrumb"},"inLanguage":"hr","potentialAction":[{"@type":"ReadAction","target":["https:\/\/likemetkovic.hr\/metkovsko-ljeto-tereza-gabric-odusevila-brojnu-metkovsku-publiku-galeriji-gks-a\/"]}]},{"@type":"ImageObject","inLanguage":"hr","@id":"https:\/\/likemetkovic.hr\/metkovsko-ljeto-tereza-gabric-odusevila-brojnu-metkovsku-publiku-galeriji-gks-a\/#primaryimage","url":"https:\/\/likemetkovic.hr\/portal\/wp-content\/uploads\/2016\/08\/Tereza-Gabri\u0107-koncert-GKS-08541.jpg","contentUrl":"https:\/\/likemetkovic.hr\/portal\/wp-content\/uploads\/2016\/08\/Tereza-Gabri\u0107-koncert-GKS-08541.jpg","width":900,"height":600,"caption":"Foto: Zoran Mateljak"},{"@type":"BreadcrumbList","@id":"https:\/\/likemetkovic.hr\/metkovsko-ljeto-tereza-gabric-odusevila-brojnu-metkovsku-publiku-galeriji-gks-a\/#breadcrumb","itemListElement":[{"@type":"ListItem","position":1,"name":"Po\u010detna stranica","item":"https:\/\/likemetkovic.hr\/portal\/"},{"@type":"ListItem","position":2,"name":"METKOVSKO LJETO Tereza Gabri\u0107 odu\u0161evila brojnu metkovsku publiku u Galeriji GKS-a"}]},{"@type":"WebSite","@id":"https:\/\/likemetkovic.hr\/#website","url":"https:\/\/likemetkovic.hr\/","name":"likemetkovic.hr","description":"Misli pozitivno... \u010ditaj LIKE","potentialAction":[{"@type":"SearchAction","target":{"@type":"EntryPoint","urlTemplate":"https:\/\/likemetkovic.hr\/?s={search_term_string}"},"query-input":{"@type":"PropertyValueSpecification","valueRequired":true,"valueName":"search_term_string"}}],"inLanguage":"hr"},{"@type":"Person","@id":"https:\/\/likemetkovic.hr\/#\/schema\/person\/a42711f3385a0e2be6f7e0443bfb28f0","name":"LIKEmetkovic.hr","sameAs":["http:\/\/likemetkovic.hr"],"url":"https:\/\/likemetkovic.hr\/portal\/author\/likemetkovic-hr\/"}]}},"_links":{"self":[{"href":"https:\/\/likemetkovic.hr\/portal\/wp-json\/wp\/v2\/posts\/25064","targetHints":{"allow":["GET"]}}],"collection":[{"href":"https:\/\/likemetkovic.hr\/portal\/wp-json\/wp\/v2\/posts"}],"about":[{"href":"https:\/\/likemetkovic.hr\/portal\/wp-json\/wp\/v2\/types\/post"}],"author":[{"embeddable":true,"href":"https:\/\/likemetkovic.hr\/portal\/wp-json\/wp\/v2\/users\/7"}],"replies":[{"embeddable":true,"href":"https:\/\/likemetkovic.hr\/portal\/wp-json\/wp\/v2\/comments?post=25064"}],"version-history":[{"count":0,"href":"https:\/\/likemetkovic.hr\/portal\/wp-json\/wp\/v2\/posts\/25064\/revisions"}],"wp:featuredmedia":[{"embeddable":true,"href":"https:\/\/likemetkovic.hr\/portal\/wp-json\/wp\/v2\/media\/25071"}],"wp:attachment":[{"href":"https:\/\/likemetkovic.hr\/portal\/wp-json\/wp\/v2\/media?parent=25064"}],"wp:term":[{"taxonomy":"category","embeddable":true,"href":"https:\/\/likemetkovic.hr\/portal\/wp-json\/wp\/v2\/categories?post=25064"},{"taxonomy":"post_tag","embeddable":true,"href":"https:\/\/likemetkovic.hr\/portal\/wp-json\/wp\/v2\/tags?post=25064"}],"curies":[{"name":"wp","href":"https:\/\/api.w.org\/{rel}","templated":true}]}}