{"id":25105,"date":"2016-08-08T13:19:32","date_gmt":"2016-08-08T11:19:32","guid":{"rendered":"http:\/\/likemetkovic.hr\/?p=25105"},"modified":"2016-08-11T09:17:26","modified_gmt":"2016-08-11T07:17:26","slug":"video-gusaricama-prvo-mjesto-startu-maratona","status":"publish","type":"post","link":"https:\/\/likemetkovic.hr\/portal\/video-gusaricama-prvo-mjesto-startu-maratona\/","title":{"rendered":"VIDEO Gusaricama prvo mjesto na startu Maratona"},"content":{"rendered":"<p>U subotu su tri ekipe la\u0111arica odmjerile snage u Brzinskim utrkama za poredak na Maratonu la\u0111arica koje \u0107e se odr\u017eati u \u010detvrtak sa po\u010detkom u 18 sati.<\/p>\n<p>UL Gusarice su slavile vremenom 1:56:659 min ispred Stabline koja je svoju dionicu odveslala u vremenu 1:57:915 min.\u00a0Iza njih su rangirane Metkovke koje su utrku zavr\u0161ile u vremenu 2:02:016 min.<\/p>\n<p>Po zavr\u0161etku maratona la\u0111arica u Metkovi\u0107u u 20.30 sati je No\u0107 la\u0111ara, ve\u010dera za la\u0111are i zabavno-glazbena ve\u010der.<\/p>\n<p>Sretno svim la\u0111aricama u subotu, a u nastavku donosimo video pobjedni\u010dke trke Gusarica.<\/p>\n<p>[fbvideo link=&#8221;https:\/\/web.facebook.com\/udruga.gusarice\/videos\/903306916481936\/&#8221; width=&#8221;500&#8243; height=&#8221;400&#8243; onlyvideo=&#8221;1&#8243;]<\/p>\n","protected":false},"excerpt":{"rendered":"<p>U subotu su tri ekipe la\u0111arica odmjerile snage u Brzinskim utrkama za poredak na Maratonu la\u0111arica koje \u0107e se odr\u017eati u \u010detvrtak sa po\u010detkom u 18 sati. UL Gusarice su slavile vremenom 1:56:659 min ispred Stabline koja je svoju dionicu odveslala u vremenu 1:57:915 min.\u00a0Iza njih su rangirane Metkovke koje su utrku zavr\u0161ile u vremenu [&hellip;]<\/p>\n","protected":false},"author":7,"featured_media":25107,"comment_status":"open","ping_status":"open","sticky":false,"template":"","format":"standard","meta":{"footnotes":""},"categories":[283],"tags":[],"class_list":{"0":"post-25105","1":"post","2":"type-post","3":"status-publish","4":"format-standard","5":"has-post-thumbnail","7":"category-a"},"yoast_head":"<!-- This site is optimized with the Yoast SEO plugin v25.2 - https:\/\/yoast.com\/wordpress\/plugins\/seo\/ -->\n<title>VIDEO Gusaricama prvo mjesto na startu Maratona - likemetkovic.hr<\/title>\n<meta name=\"robots\" content=\"index, follow, max-snippet:-1, max-image-preview:large, max-video-preview:-1\" \/>\n<link rel=\"canonical\" href=\"https:\/\/likemetkovic.hr\/video-gusaricama-prvo-mjesto-startu-maratona\/\" \/>\n<meta property=\"og:locale\" content=\"hr_HR\" \/>\n<meta property=\"og:type\" content=\"article\" \/>\n<meta property=\"og:title\" content=\"VIDEO Gusaricama prvo mjesto na startu Maratona - likemetkovic.hr\" \/>\n<meta property=\"og:description\" content=\"U subotu su tri ekipe la\u0111arica odmjerile snage u Brzinskim utrkama za poredak na Maratonu la\u0111arica koje \u0107e se odr\u017eati u \u010detvrtak sa po\u010detkom u 18 sati. UL Gusarice su slavile vremenom 1:56:659 min ispred Stabline koja je svoju dionicu odveslala u vremenu 1:57:915 min.\u00a0Iza njih su rangirane Metkovke koje su utrku zavr\u0161ile u vremenu [&hellip;]\" \/>\n<meta property=\"og:url\" content=\"https:\/\/likemetkovic.hr\/video-gusaricama-prvo-mjesto-startu-maratona\/\" \/>\n<meta property=\"og:site_name\" content=\"likemetkovic.hr\" \/>\n<meta property=\"article:publisher\" content=\"https:\/\/www.facebook.com\/likemetkovic.hr\/\" \/>\n<meta property=\"article:published_time\" content=\"2016-08-08T11:19:32+00:00\" \/>\n<meta property=\"article:modified_time\" content=\"2016-08-11T07:17:26+00:00\" \/>\n<meta property=\"og:image\" content=\"https:\/\/likemetkovic.hr\/wp-content\/uploads\/2016\/08\/gusarice.jpg\" \/>\n\t<meta property=\"og:image:width\" content=\"928\" \/>\n\t<meta property=\"og:image:height\" content=\"600\" \/>\n\t<meta property=\"og:image:type\" content=\"image\/jpeg\" \/>\n<meta name=\"author\" content=\"LIKEmetkovic.hr\" \/>\n<meta name=\"twitter:card\" content=\"summary_large_image\" \/>\n<meta name=\"twitter:label1\" content=\"Napisao\/la\" \/>\n\t<meta name=\"twitter:data1\" content=\"LIKEmetkovic.hr\" \/>\n\t<meta name=\"twitter:label2\" content=\"Procijenjeno vrijeme \u010ditanja\" \/>\n\t<meta name=\"twitter:data2\" content=\"1 minuta\" \/>\n<script type=\"application\/ld+json\" class=\"yoast-schema-graph\">{\"@context\":\"https:\/\/schema.org\",\"@graph\":[{\"@type\":\"WebPage\",\"@id\":\"https:\/\/likemetkovic.hr\/video-gusaricama-prvo-mjesto-startu-maratona\/\",\"url\":\"https:\/\/likemetkovic.hr\/video-gusaricama-prvo-mjesto-startu-maratona\/\",\"name\":\"VIDEO Gusaricama prvo mjesto na startu Maratona - likemetkovic.hr\",\"isPartOf\":{\"@id\":\"https:\/\/likemetkovic.hr\/#website\"},\"primaryImageOfPage\":{\"@id\":\"https:\/\/likemetkovic.hr\/video-gusaricama-prvo-mjesto-startu-maratona\/#primaryimage\"},\"image\":{\"@id\":\"https:\/\/likemetkovic.hr\/video-gusaricama-prvo-mjesto-startu-maratona\/#primaryimage\"},\"thumbnailUrl\":\"https:\/\/likemetkovic.hr\/portal\/wp-content\/uploads\/2016\/08\/gusarice.jpg\",\"datePublished\":\"2016-08-08T11:19:32+00:00\",\"dateModified\":\"2016-08-11T07:17:26+00:00\",\"author\":{\"@id\":\"https:\/\/likemetkovic.hr\/#\/schema\/person\/a42711f3385a0e2be6f7e0443bfb28f0\"},\"breadcrumb\":{\"@id\":\"https:\/\/likemetkovic.hr\/video-gusaricama-prvo-mjesto-startu-maratona\/#breadcrumb\"},\"inLanguage\":\"hr\",\"potentialAction\":[{\"@type\":\"ReadAction\",\"target\":[\"https:\/\/likemetkovic.hr\/video-gusaricama-prvo-mjesto-startu-maratona\/\"]}]},{\"@type\":\"ImageObject\",\"inLanguage\":\"hr\",\"@id\":\"https:\/\/likemetkovic.hr\/video-gusaricama-prvo-mjesto-startu-maratona\/#primaryimage\",\"url\":\"https:\/\/likemetkovic.hr\/portal\/wp-content\/uploads\/2016\/08\/gusarice.jpg\",\"contentUrl\":\"https:\/\/likemetkovic.hr\/portal\/wp-content\/uploads\/2016\/08\/gusarice.jpg\",\"width\":928,\"height\":600},{\"@type\":\"BreadcrumbList\",\"@id\":\"https:\/\/likemetkovic.hr\/video-gusaricama-prvo-mjesto-startu-maratona\/#breadcrumb\",\"itemListElement\":[{\"@type\":\"ListItem\",\"position\":1,\"name\":\"Po\u010detna stranica\",\"item\":\"https:\/\/likemetkovic.hr\/portal\/\"},{\"@type\":\"ListItem\",\"position\":2,\"name\":\"VIDEO Gusaricama prvo mjesto na startu Maratona\"}]},{\"@type\":\"WebSite\",\"@id\":\"https:\/\/likemetkovic.hr\/#website\",\"url\":\"https:\/\/likemetkovic.hr\/\",\"name\":\"likemetkovic.hr\",\"description\":\"Misli pozitivno... \u010ditaj LIKE\",\"potentialAction\":[{\"@type\":\"SearchAction\",\"target\":{\"@type\":\"EntryPoint\",\"urlTemplate\":\"https:\/\/likemetkovic.hr\/?s={search_term_string}\"},\"query-input\":{\"@type\":\"PropertyValueSpecification\",\"valueRequired\":true,\"valueName\":\"search_term_string\"}}],\"inLanguage\":\"hr\"},{\"@type\":\"Person\",\"@id\":\"https:\/\/likemetkovic.hr\/#\/schema\/person\/a42711f3385a0e2be6f7e0443bfb28f0\",\"name\":\"LIKEmetkovic.hr\",\"sameAs\":[\"http:\/\/likemetkovic.hr\"],\"url\":\"https:\/\/likemetkovic.hr\/portal\/author\/likemetkovic-hr\/\"}]}<\/script>\n<!-- \/ Yoast SEO plugin. -->","yoast_head_json":{"title":"VIDEO Gusaricama prvo mjesto na startu Maratona - likemetkovic.hr","robots":{"index":"index","follow":"follow","max-snippet":"max-snippet:-1","max-image-preview":"max-image-preview:large","max-video-preview":"max-video-preview:-1"},"canonical":"https:\/\/likemetkovic.hr\/video-gusaricama-prvo-mjesto-startu-maratona\/","og_locale":"hr_HR","og_type":"article","og_title":"VIDEO Gusaricama prvo mjesto na startu Maratona - likemetkovic.hr","og_description":"U subotu su tri ekipe la\u0111arica odmjerile snage u Brzinskim utrkama za poredak na Maratonu la\u0111arica koje \u0107e se odr\u017eati u \u010detvrtak sa po\u010detkom u 18 sati. UL Gusarice su slavile vremenom 1:56:659 min ispred Stabline koja je svoju dionicu odveslala u vremenu 1:57:915 min.\u00a0Iza njih su rangirane Metkovke koje su utrku zavr\u0161ile u vremenu [&hellip;]","og_url":"https:\/\/likemetkovic.hr\/video-gusaricama-prvo-mjesto-startu-maratona\/","og_site_name":"likemetkovic.hr","article_publisher":"https:\/\/www.facebook.com\/likemetkovic.hr\/","article_published_time":"2016-08-08T11:19:32+00:00","article_modified_time":"2016-08-11T07:17:26+00:00","og_image":[{"width":928,"height":600,"url":"https:\/\/likemetkovic.hr\/wp-content\/uploads\/2016\/08\/gusarice.jpg","type":"image\/jpeg"}],"author":"LIKEmetkovic.hr","twitter_card":"summary_large_image","twitter_misc":{"Napisao\/la":"LIKEmetkovic.hr","Procijenjeno vrijeme \u010ditanja":"1 minuta"},"schema":{"@context":"https:\/\/schema.org","@graph":[{"@type":"WebPage","@id":"https:\/\/likemetkovic.hr\/video-gusaricama-prvo-mjesto-startu-maratona\/","url":"https:\/\/likemetkovic.hr\/video-gusaricama-prvo-mjesto-startu-maratona\/","name":"VIDEO Gusaricama prvo mjesto na startu Maratona - likemetkovic.hr","isPartOf":{"@id":"https:\/\/likemetkovic.hr\/#website"},"primaryImageOfPage":{"@id":"https:\/\/likemetkovic.hr\/video-gusaricama-prvo-mjesto-startu-maratona\/#primaryimage"},"image":{"@id":"https:\/\/likemetkovic.hr\/video-gusaricama-prvo-mjesto-startu-maratona\/#primaryimage"},"thumbnailUrl":"https:\/\/likemetkovic.hr\/portal\/wp-content\/uploads\/2016\/08\/gusarice.jpg","datePublished":"2016-08-08T11:19:32+00:00","dateModified":"2016-08-11T07:17:26+00:00","author":{"@id":"https:\/\/likemetkovic.hr\/#\/schema\/person\/a42711f3385a0e2be6f7e0443bfb28f0"},"breadcrumb":{"@id":"https:\/\/likemetkovic.hr\/video-gusaricama-prvo-mjesto-startu-maratona\/#breadcrumb"},"inLanguage":"hr","potentialAction":[{"@type":"ReadAction","target":["https:\/\/likemetkovic.hr\/video-gusaricama-prvo-mjesto-startu-maratona\/"]}]},{"@type":"ImageObject","inLanguage":"hr","@id":"https:\/\/likemetkovic.hr\/video-gusaricama-prvo-mjesto-startu-maratona\/#primaryimage","url":"https:\/\/likemetkovic.hr\/portal\/wp-content\/uploads\/2016\/08\/gusarice.jpg","contentUrl":"https:\/\/likemetkovic.hr\/portal\/wp-content\/uploads\/2016\/08\/gusarice.jpg","width":928,"height":600},{"@type":"BreadcrumbList","@id":"https:\/\/likemetkovic.hr\/video-gusaricama-prvo-mjesto-startu-maratona\/#breadcrumb","itemListElement":[{"@type":"ListItem","position":1,"name":"Po\u010detna stranica","item":"https:\/\/likemetkovic.hr\/portal\/"},{"@type":"ListItem","position":2,"name":"VIDEO Gusaricama prvo mjesto na startu Maratona"}]},{"@type":"WebSite","@id":"https:\/\/likemetkovic.hr\/#website","url":"https:\/\/likemetkovic.hr\/","name":"likemetkovic.hr","description":"Misli pozitivno... \u010ditaj LIKE","potentialAction":[{"@type":"SearchAction","target":{"@type":"EntryPoint","urlTemplate":"https:\/\/likemetkovic.hr\/?s={search_term_string}"},"query-input":{"@type":"PropertyValueSpecification","valueRequired":true,"valueName":"search_term_string"}}],"inLanguage":"hr"},{"@type":"Person","@id":"https:\/\/likemetkovic.hr\/#\/schema\/person\/a42711f3385a0e2be6f7e0443bfb28f0","name":"LIKEmetkovic.hr","sameAs":["http:\/\/likemetkovic.hr"],"url":"https:\/\/likemetkovic.hr\/portal\/author\/likemetkovic-hr\/"}]}},"_links":{"self":[{"href":"https:\/\/likemetkovic.hr\/portal\/wp-json\/wp\/v2\/posts\/25105","targetHints":{"allow":["GET"]}}],"collection":[{"href":"https:\/\/likemetkovic.hr\/portal\/wp-json\/wp\/v2\/posts"}],"about":[{"href":"https:\/\/likemetkovic.hr\/portal\/wp-json\/wp\/v2\/types\/post"}],"author":[{"embeddable":true,"href":"https:\/\/likemetkovic.hr\/portal\/wp-json\/wp\/v2\/users\/7"}],"replies":[{"embeddable":true,"href":"https:\/\/likemetkovic.hr\/portal\/wp-json\/wp\/v2\/comments?post=25105"}],"version-history":[{"count":0,"href":"https:\/\/likemetkovic.hr\/portal\/wp-json\/wp\/v2\/posts\/25105\/revisions"}],"wp:featuredmedia":[{"embeddable":true,"href":"https:\/\/likemetkovic.hr\/portal\/wp-json\/wp\/v2\/media\/25107"}],"wp:attachment":[{"href":"https:\/\/likemetkovic.hr\/portal\/wp-json\/wp\/v2\/media?parent=25105"}],"wp:term":[{"taxonomy":"category","embeddable":true,"href":"https:\/\/likemetkovic.hr\/portal\/wp-json\/wp\/v2\/categories?post=25105"},{"taxonomy":"post_tag","embeddable":true,"href":"https:\/\/likemetkovic.hr\/portal\/wp-json\/wp\/v2\/tags?post=25105"}],"curies":[{"name":"wp","href":"https:\/\/api.w.org\/{rel}","templated":true}]}}