{"id":25151,"date":"2016-08-09T13:48:31","date_gmt":"2016-08-09T11:48:31","guid":{"rendered":"http:\/\/likemetkovic.hr\/?p=25151"},"modified":"2016-08-09T13:49:05","modified_gmt":"2016-08-09T11:49:05","slug":"dani-neretvanske-knezevine-bogati-program-tradicionalne-manifestacije","status":"publish","type":"post","link":"https:\/\/likemetkovic.hr\/portal\/dani-neretvanske-knezevine-bogati-program-tradicionalne-manifestacije\/","title":{"rendered":"DANI NERETVANSKE KNE\u017dEVINE Bogat program tradicionalne manifestacije"},"content":{"rendered":"<p>Od 11. do 13. kolovoza 2016. u Metkovi\u0107u \u0107e se sada ve\u0107 tradicionalno odr\u017eavati Dani neretvanske kne\u017eevine. Tih dana \u0107e u \u0161atorima postavljenima u Gradskom parku boraviti Mali neretvanski gusari, a cjelokupan program \u0107e se odr\u017eati na Trgu kralja Tomislava (sjeverni dio), te na Velikoj rivi.<\/p>\n<p>Program doga\u0111anja:<\/p>\n<p><u>\u010cetvrtak, 11. kolovoza od 19:00<\/u><\/p>\n<p>Srednjovjekovni sajam<br \/>\nOtvorenje manifestacije uz do\u010dek neretvanskih gusara i kneza sa zarobljenim du\u017edom i blagom u la\u0111ama<br \/>\nKoncert zabavne glazbe \u2013 Glazbeni sastav Versi<\/p>\n<p><u>Petak, 12. kolovoza od 18 sati<\/u><br \/>\nGusarske igre za djecu i odrasle<\/p>\n<p>Turnir u kartama<\/p>\n<p>Pikado turnir<\/p>\n<p><u>Subota, 13. kolovoza od 12 sati<\/u><br \/>\nSrednjovjekovni sajam<br \/>\nZabavni program<\/p>\n<p>Koncert zabavne glazbe \u2013 grupa Vertigo<\/p>\n<p>Prvog dana manifestacije, u \u010detvrtak, Mali neretvanski gusari \u0107e izvesti napad na Gradsku upravu u 8 sati, u petak napadaju Malu tr\u017enicu, a u subotu su meta napada kafi\u0107i.<\/p>\n<p><img decoding=\"async\" class=\"alignnone size-full wp-image-25152\" src=\"http:\/\/likemetkovic.hr\/wp-content\/uploads\/2016\/08\/rsz_2016_dnk.jpg\" alt=\"Print\" width=\"543\" height=\"768\" srcset=\"https:\/\/likemetkovic.hr\/portal\/wp-content\/uploads\/2016\/08\/rsz_2016_dnk.jpg 543w, https:\/\/likemetkovic.hr\/portal\/wp-content\/uploads\/2016\/08\/rsz_2016_dnk-212x300.jpg 212w, https:\/\/likemetkovic.hr\/portal\/wp-content\/uploads\/2016\/08\/rsz_2016_dnk-453x640.jpg 453w, https:\/\/likemetkovic.hr\/portal\/wp-content\/uploads\/2016\/08\/rsz_2016_dnk-297x420.jpg 297w\" sizes=\"(max-width: 543px) 100vw, 543px\" \/><\/p>\n","protected":false},"excerpt":{"rendered":"<p>Od 11. do 13. kolovoza 2016. u Metkovi\u0107u \u0107e se sada ve\u0107 tradicionalno odr\u017eavati Dani neretvanske kne\u017eevine. Tih dana \u0107e u \u0161atorima postavljenima u Gradskom parku boraviti Mali neretvanski gusari, a cjelokupan program \u0107e se odr\u017eati na Trgu kralja Tomislava (sjeverni dio), te na Velikoj rivi. Program doga\u0111anja: \u010cetvrtak, 11. kolovoza od 19:00 Srednjovjekovni sajam [&hellip;]<\/p>\n","protected":false},"author":7,"featured_media":24693,"comment_status":"open","ping_status":"open","sticky":false,"template":"","format":"standard","meta":{"footnotes":""},"categories":[283,11],"tags":[],"class_list":{"0":"post-25151","1":"post","2":"type-post","3":"status-publish","4":"format-standard","5":"has-post-thumbnail","7":"category-a","8":"category-metkovic-dolina"},"yoast_head":"<!-- This site is optimized with the Yoast SEO plugin v25.2 - https:\/\/yoast.com\/wordpress\/plugins\/seo\/ -->\n<title>DANI NERETVANSKE KNE\u017dEVINE Bogat program tradicionalne manifestacije - likemetkovic.hr<\/title>\n<meta name=\"robots\" content=\"index, follow, max-snippet:-1, max-image-preview:large, max-video-preview:-1\" \/>\n<link rel=\"canonical\" href=\"https:\/\/likemetkovic.hr\/dani-neretvanske-knezevine-bogati-program-tradicionalne-manifestacije\/\" \/>\n<meta property=\"og:locale\" content=\"hr_HR\" \/>\n<meta property=\"og:type\" content=\"article\" \/>\n<meta property=\"og:title\" content=\"DANI NERETVANSKE KNE\u017dEVINE Bogat program tradicionalne manifestacije - likemetkovic.hr\" \/>\n<meta property=\"og:description\" content=\"Od 11. do 13. kolovoza 2016. u Metkovi\u0107u \u0107e se sada ve\u0107 tradicionalno odr\u017eavati Dani neretvanske kne\u017eevine. Tih dana \u0107e u \u0161atorima postavljenima u Gradskom parku boraviti Mali neretvanski gusari, a cjelokupan program \u0107e se odr\u017eati na Trgu kralja Tomislava (sjeverni dio), te na Velikoj rivi. Program doga\u0111anja: \u010cetvrtak, 11. kolovoza od 19:00 Srednjovjekovni sajam [&hellip;]\" \/>\n<meta property=\"og:url\" content=\"https:\/\/likemetkovic.hr\/dani-neretvanske-knezevine-bogati-program-tradicionalne-manifestacije\/\" \/>\n<meta property=\"og:site_name\" content=\"likemetkovic.hr\" \/>\n<meta property=\"article:publisher\" content=\"https:\/\/www.facebook.com\/likemetkovic.hr\/\" \/>\n<meta property=\"article:published_time\" content=\"2016-08-09T11:48:31+00:00\" \/>\n<meta property=\"article:modified_time\" content=\"2016-08-09T11:49:05+00:00\" \/>\n<meta property=\"og:image\" content=\"https:\/\/likemetkovic.hr\/wp-content\/uploads\/2016\/08\/mali-neretvanski-gusari.jpg\" \/>\n\t<meta property=\"og:image:width\" content=\"856\" \/>\n\t<meta property=\"og:image:height\" content=\"600\" \/>\n\t<meta property=\"og:image:type\" content=\"image\/jpeg\" \/>\n<meta name=\"author\" content=\"LIKEmetkovic.hr\" \/>\n<meta name=\"twitter:card\" content=\"summary_large_image\" \/>\n<meta name=\"twitter:label1\" content=\"Napisao\/la\" \/>\n\t<meta name=\"twitter:data1\" content=\"LIKEmetkovic.hr\" \/>\n\t<meta name=\"twitter:label2\" content=\"Procijenjeno vrijeme \u010ditanja\" \/>\n\t<meta name=\"twitter:data2\" content=\"1 minuta\" \/>\n<script type=\"application\/ld+json\" class=\"yoast-schema-graph\">{\"@context\":\"https:\/\/schema.org\",\"@graph\":[{\"@type\":\"WebPage\",\"@id\":\"https:\/\/likemetkovic.hr\/dani-neretvanske-knezevine-bogati-program-tradicionalne-manifestacije\/\",\"url\":\"https:\/\/likemetkovic.hr\/dani-neretvanske-knezevine-bogati-program-tradicionalne-manifestacije\/\",\"name\":\"DANI NERETVANSKE KNE\u017dEVINE Bogat program tradicionalne manifestacije - likemetkovic.hr\",\"isPartOf\":{\"@id\":\"https:\/\/likemetkovic.hr\/#website\"},\"primaryImageOfPage\":{\"@id\":\"https:\/\/likemetkovic.hr\/dani-neretvanske-knezevine-bogati-program-tradicionalne-manifestacije\/#primaryimage\"},\"image\":{\"@id\":\"https:\/\/likemetkovic.hr\/dani-neretvanske-knezevine-bogati-program-tradicionalne-manifestacije\/#primaryimage\"},\"thumbnailUrl\":\"https:\/\/likemetkovic.hr\/portal\/wp-content\/uploads\/2016\/08\/mali-neretvanski-gusari.jpg\",\"datePublished\":\"2016-08-09T11:48:31+00:00\",\"dateModified\":\"2016-08-09T11:49:05+00:00\",\"author\":{\"@id\":\"https:\/\/likemetkovic.hr\/#\/schema\/person\/a42711f3385a0e2be6f7e0443bfb28f0\"},\"breadcrumb\":{\"@id\":\"https:\/\/likemetkovic.hr\/dani-neretvanske-knezevine-bogati-program-tradicionalne-manifestacije\/#breadcrumb\"},\"inLanguage\":\"hr\",\"potentialAction\":[{\"@type\":\"ReadAction\",\"target\":[\"https:\/\/likemetkovic.hr\/dani-neretvanske-knezevine-bogati-program-tradicionalne-manifestacije\/\"]}]},{\"@type\":\"ImageObject\",\"inLanguage\":\"hr\",\"@id\":\"https:\/\/likemetkovic.hr\/dani-neretvanske-knezevine-bogati-program-tradicionalne-manifestacije\/#primaryimage\",\"url\":\"https:\/\/likemetkovic.hr\/portal\/wp-content\/uploads\/2016\/08\/mali-neretvanski-gusari.jpg\",\"contentUrl\":\"https:\/\/likemetkovic.hr\/portal\/wp-content\/uploads\/2016\/08\/mali-neretvanski-gusari.jpg\",\"width\":856,\"height\":600,\"caption\":\"Foto: Denis Jerkovi\u0107\"},{\"@type\":\"BreadcrumbList\",\"@id\":\"https:\/\/likemetkovic.hr\/dani-neretvanske-knezevine-bogati-program-tradicionalne-manifestacije\/#breadcrumb\",\"itemListElement\":[{\"@type\":\"ListItem\",\"position\":1,\"name\":\"Po\u010detna stranica\",\"item\":\"https:\/\/likemetkovic.hr\/portal\/\"},{\"@type\":\"ListItem\",\"position\":2,\"name\":\"DANI NERETVANSKE KNE\u017dEVINE Bogat program tradicionalne manifestacije\"}]},{\"@type\":\"WebSite\",\"@id\":\"https:\/\/likemetkovic.hr\/#website\",\"url\":\"https:\/\/likemetkovic.hr\/\",\"name\":\"likemetkovic.hr\",\"description\":\"Misli pozitivno... \u010ditaj LIKE\",\"potentialAction\":[{\"@type\":\"SearchAction\",\"target\":{\"@type\":\"EntryPoint\",\"urlTemplate\":\"https:\/\/likemetkovic.hr\/?s={search_term_string}\"},\"query-input\":{\"@type\":\"PropertyValueSpecification\",\"valueRequired\":true,\"valueName\":\"search_term_string\"}}],\"inLanguage\":\"hr\"},{\"@type\":\"Person\",\"@id\":\"https:\/\/likemetkovic.hr\/#\/schema\/person\/a42711f3385a0e2be6f7e0443bfb28f0\",\"name\":\"LIKEmetkovic.hr\",\"sameAs\":[\"http:\/\/likemetkovic.hr\"],\"url\":\"https:\/\/likemetkovic.hr\/portal\/author\/likemetkovic-hr\/\"}]}<\/script>\n<!-- \/ Yoast SEO plugin. -->","yoast_head_json":{"title":"DANI NERETVANSKE KNE\u017dEVINE Bogat program tradicionalne manifestacije - likemetkovic.hr","robots":{"index":"index","follow":"follow","max-snippet":"max-snippet:-1","max-image-preview":"max-image-preview:large","max-video-preview":"max-video-preview:-1"},"canonical":"https:\/\/likemetkovic.hr\/dani-neretvanske-knezevine-bogati-program-tradicionalne-manifestacije\/","og_locale":"hr_HR","og_type":"article","og_title":"DANI NERETVANSKE KNE\u017dEVINE Bogat program tradicionalne manifestacije - likemetkovic.hr","og_description":"Od 11. do 13. kolovoza 2016. u Metkovi\u0107u \u0107e se sada ve\u0107 tradicionalno odr\u017eavati Dani neretvanske kne\u017eevine. Tih dana \u0107e u \u0161atorima postavljenima u Gradskom parku boraviti Mali neretvanski gusari, a cjelokupan program \u0107e se odr\u017eati na Trgu kralja Tomislava (sjeverni dio), te na Velikoj rivi. Program doga\u0111anja: \u010cetvrtak, 11. kolovoza od 19:00 Srednjovjekovni sajam [&hellip;]","og_url":"https:\/\/likemetkovic.hr\/dani-neretvanske-knezevine-bogati-program-tradicionalne-manifestacije\/","og_site_name":"likemetkovic.hr","article_publisher":"https:\/\/www.facebook.com\/likemetkovic.hr\/","article_published_time":"2016-08-09T11:48:31+00:00","article_modified_time":"2016-08-09T11:49:05+00:00","og_image":[{"width":856,"height":600,"url":"https:\/\/likemetkovic.hr\/wp-content\/uploads\/2016\/08\/mali-neretvanski-gusari.jpg","type":"image\/jpeg"}],"author":"LIKEmetkovic.hr","twitter_card":"summary_large_image","twitter_misc":{"Napisao\/la":"LIKEmetkovic.hr","Procijenjeno vrijeme \u010ditanja":"1 minuta"},"schema":{"@context":"https:\/\/schema.org","@graph":[{"@type":"WebPage","@id":"https:\/\/likemetkovic.hr\/dani-neretvanske-knezevine-bogati-program-tradicionalne-manifestacije\/","url":"https:\/\/likemetkovic.hr\/dani-neretvanske-knezevine-bogati-program-tradicionalne-manifestacije\/","name":"DANI NERETVANSKE KNE\u017dEVINE Bogat program tradicionalne manifestacije - likemetkovic.hr","isPartOf":{"@id":"https:\/\/likemetkovic.hr\/#website"},"primaryImageOfPage":{"@id":"https:\/\/likemetkovic.hr\/dani-neretvanske-knezevine-bogati-program-tradicionalne-manifestacije\/#primaryimage"},"image":{"@id":"https:\/\/likemetkovic.hr\/dani-neretvanske-knezevine-bogati-program-tradicionalne-manifestacije\/#primaryimage"},"thumbnailUrl":"https:\/\/likemetkovic.hr\/portal\/wp-content\/uploads\/2016\/08\/mali-neretvanski-gusari.jpg","datePublished":"2016-08-09T11:48:31+00:00","dateModified":"2016-08-09T11:49:05+00:00","author":{"@id":"https:\/\/likemetkovic.hr\/#\/schema\/person\/a42711f3385a0e2be6f7e0443bfb28f0"},"breadcrumb":{"@id":"https:\/\/likemetkovic.hr\/dani-neretvanske-knezevine-bogati-program-tradicionalne-manifestacije\/#breadcrumb"},"inLanguage":"hr","potentialAction":[{"@type":"ReadAction","target":["https:\/\/likemetkovic.hr\/dani-neretvanske-knezevine-bogati-program-tradicionalne-manifestacije\/"]}]},{"@type":"ImageObject","inLanguage":"hr","@id":"https:\/\/likemetkovic.hr\/dani-neretvanske-knezevine-bogati-program-tradicionalne-manifestacije\/#primaryimage","url":"https:\/\/likemetkovic.hr\/portal\/wp-content\/uploads\/2016\/08\/mali-neretvanski-gusari.jpg","contentUrl":"https:\/\/likemetkovic.hr\/portal\/wp-content\/uploads\/2016\/08\/mali-neretvanski-gusari.jpg","width":856,"height":600,"caption":"Foto: Denis Jerkovi\u0107"},{"@type":"BreadcrumbList","@id":"https:\/\/likemetkovic.hr\/dani-neretvanske-knezevine-bogati-program-tradicionalne-manifestacije\/#breadcrumb","itemListElement":[{"@type":"ListItem","position":1,"name":"Po\u010detna stranica","item":"https:\/\/likemetkovic.hr\/portal\/"},{"@type":"ListItem","position":2,"name":"DANI NERETVANSKE KNE\u017dEVINE Bogat program tradicionalne manifestacije"}]},{"@type":"WebSite","@id":"https:\/\/likemetkovic.hr\/#website","url":"https:\/\/likemetkovic.hr\/","name":"likemetkovic.hr","description":"Misli pozitivno... \u010ditaj LIKE","potentialAction":[{"@type":"SearchAction","target":{"@type":"EntryPoint","urlTemplate":"https:\/\/likemetkovic.hr\/?s={search_term_string}"},"query-input":{"@type":"PropertyValueSpecification","valueRequired":true,"valueName":"search_term_string"}}],"inLanguage":"hr"},{"@type":"Person","@id":"https:\/\/likemetkovic.hr\/#\/schema\/person\/a42711f3385a0e2be6f7e0443bfb28f0","name":"LIKEmetkovic.hr","sameAs":["http:\/\/likemetkovic.hr"],"url":"https:\/\/likemetkovic.hr\/portal\/author\/likemetkovic-hr\/"}]}},"_links":{"self":[{"href":"https:\/\/likemetkovic.hr\/portal\/wp-json\/wp\/v2\/posts\/25151","targetHints":{"allow":["GET"]}}],"collection":[{"href":"https:\/\/likemetkovic.hr\/portal\/wp-json\/wp\/v2\/posts"}],"about":[{"href":"https:\/\/likemetkovic.hr\/portal\/wp-json\/wp\/v2\/types\/post"}],"author":[{"embeddable":true,"href":"https:\/\/likemetkovic.hr\/portal\/wp-json\/wp\/v2\/users\/7"}],"replies":[{"embeddable":true,"href":"https:\/\/likemetkovic.hr\/portal\/wp-json\/wp\/v2\/comments?post=25151"}],"version-history":[{"count":0,"href":"https:\/\/likemetkovic.hr\/portal\/wp-json\/wp\/v2\/posts\/25151\/revisions"}],"wp:featuredmedia":[{"embeddable":true,"href":"https:\/\/likemetkovic.hr\/portal\/wp-json\/wp\/v2\/media\/24693"}],"wp:attachment":[{"href":"https:\/\/likemetkovic.hr\/portal\/wp-json\/wp\/v2\/media?parent=25151"}],"wp:term":[{"taxonomy":"category","embeddable":true,"href":"https:\/\/likemetkovic.hr\/portal\/wp-json\/wp\/v2\/categories?post=25151"},{"taxonomy":"post_tag","embeddable":true,"href":"https:\/\/likemetkovic.hr\/portal\/wp-json\/wp\/v2\/tags?post=25151"}],"curies":[{"name":"wp","href":"https:\/\/api.w.org\/{rel}","templated":true}]}}