{"id":25155,"date":"2016-08-09T14:23:13","date_gmt":"2016-08-09T12:23:13","guid":{"rendered":"http:\/\/likemetkovic.hr\/?p=25155"},"modified":"2016-08-09T14:23:13","modified_gmt":"2016-08-09T12:23:13","slug":"doministar-siljeg-predstavnicima-udruga-neretva-park-prirode","status":"publish","type":"post","link":"https:\/\/likemetkovic.hr\/portal\/doministar-siljeg-predstavnicima-udruga-neretva-park-prirode\/","title":{"rendered":"DOMINISTAR \u0160ILJEG SA PREDSTAVNICIMA UDRUGA: Neretva park &#8211; prirode?"},"content":{"rendered":"<p>Zamjenik ministra za\u0161tite okoli\u0161a i prirode Mario \u0160iljeg je na poziv ekolo\u0161kih te udruga za za\u0161titu kulturne ba\u0161tine u ponedjeljak boravio u Metkovi\u0107u.<\/p>\n<p>S predstavnicima udruga, ujedno i vije\u0107nicima u \u017dupanijskoj skup\u0161tini Dubrova\u010dko &#8211; neretvanske \u017eupanije, razgovarao je o ponovnoj inicijativi za progla\u0161enje Neretve parkom prirode.<\/p>\n<p>\u0160iljeg je doma\u0107ine upoznao s procedurom progla\u0161enja te naglasio kako je jo\u0161 2007. godine izra\u0111ena stru\u010dna podloga za za\u0161titu delte rijeke Neretve u kategoriji parka prirode. Me\u0111utim, kako su tijekom javnog uvida pojedini predstavnici lokalne zajednice izrazili negodovanje i otpor, donesen je zaklju\u010dak da se zaustavi daljnji postupak progla\u0161enja. Kao i tada Ministarstvo i\u00a0danas sna\u017eno podupire ovu inicijativu te usporedno i osnivanje javne ustanove za upravljanje tim podru\u010djem.<\/p>\n<ul>\n<li>Zbog bogatstva biljnog i \u017eivotinjskog svijeta, uklju\u010duju\u0107i i ptice, ali i tijetkih te ugro\u017eenih stani\u0161nih tipova, podru\u010dje delte Neretve, osim \u0161to je u me\u0111uvremenu uvr\u0161teno u ekolo\u0161ku mre\u017eu Natura 2000, zaslu\u017euje svaki oblik efikasne za\u0161tite. Na istom podru\u010dju nalazi se i pet posebnih razervata i jedan zna\u010dajni krajobraz, a \u010ditava delta Neretve je i ramsarsko podru\u010dje &#8211; istaknuo je zamjenik ministra \u0160iljeg.<\/li>\n<\/ul>\n<p>\u0160iljeg je posebno naglasio kako je nu\u017eno predstavnike lokalne zajednice upoznati s prednostima za\u0161tite, u vidu razvoja specifi\u010dnih oblika gospodarskih djelatnosti i su\u017eivota \u010dovjeka i prirode, \u0161to je na\u017ealost u prethodnom postupku zanemareno.<\/p>\n<p>Tijekom posjeta zamjenik ministra \u0160iljeg je obi\u0161ao i Jamu u Predolcu. Rije\u010d je o najzna\u010dajnijem speleolo\u0161kom objektu na podru\u010dju doline Neretve. Najve\u0107e vrijednost Jame je bogatstvo i raznolikost vodene faune.<\/p>\n<p>Jama u Predolcu stani\u0161te je dinarskog \u0161piljskog \u0161koljka\u0161a Congerie kusceri, jedinog \u0161koljka\u0161a koji \u017eivi u podzemlju.<\/p>\n<p>&nbsp;<\/p>\n","protected":false},"excerpt":{"rendered":"<p>Zamjenik ministra za\u0161tite okoli\u0161a i prirode Mario \u0160iljeg je na poziv ekolo\u0161kih te udruga za za\u0161titu kulturne ba\u0161tine u ponedjeljak boravio u Metkovi\u0107u. S predstavnicima udruga, ujedno i vije\u0107nicima u \u017dupanijskoj skup\u0161tini Dubrova\u010dko &#8211; neretvanske \u017eupanije, razgovarao je o ponovnoj inicijativi za progla\u0161enje Neretve parkom prirode. \u0160iljeg je doma\u0107ine upoznao s procedurom progla\u0161enja te naglasio [&hellip;]<\/p>\n","protected":false},"author":7,"featured_media":25159,"comment_status":"open","ping_status":"open","sticky":false,"template":"","format":"standard","meta":{"footnotes":""},"categories":[283,11],"tags":[],"class_list":{"0":"post-25155","1":"post","2":"type-post","3":"status-publish","4":"format-standard","5":"has-post-thumbnail","7":"category-a","8":"category-metkovic-dolina"},"yoast_head":"<!-- This site is optimized with the Yoast SEO plugin v25.2 - https:\/\/yoast.com\/wordpress\/plugins\/seo\/ -->\n<title>DOMINISTAR \u0160ILJEG SA PREDSTAVNICIMA UDRUGA: Neretva park - prirode? - likemetkovic.hr<\/title>\n<meta name=\"robots\" content=\"index, follow, max-snippet:-1, max-image-preview:large, max-video-preview:-1\" \/>\n<link rel=\"canonical\" href=\"https:\/\/likemetkovic.hr\/doministar-siljeg-predstavnicima-udruga-neretva-park-prirode\/\" \/>\n<meta property=\"og:locale\" content=\"hr_HR\" \/>\n<meta property=\"og:type\" content=\"article\" \/>\n<meta property=\"og:title\" content=\"DOMINISTAR \u0160ILJEG SA PREDSTAVNICIMA UDRUGA: Neretva park - prirode? - likemetkovic.hr\" \/>\n<meta property=\"og:description\" content=\"Zamjenik ministra za\u0161tite okoli\u0161a i prirode Mario \u0160iljeg je na poziv ekolo\u0161kih te udruga za za\u0161titu kulturne ba\u0161tine u ponedjeljak boravio u Metkovi\u0107u. S predstavnicima udruga, ujedno i vije\u0107nicima u \u017dupanijskoj skup\u0161tini Dubrova\u010dko &#8211; neretvanske \u017eupanije, razgovarao je o ponovnoj inicijativi za progla\u0161enje Neretve parkom prirode. \u0160iljeg je doma\u0107ine upoznao s procedurom progla\u0161enja te naglasio [&hellip;]\" \/>\n<meta property=\"og:url\" content=\"https:\/\/likemetkovic.hr\/doministar-siljeg-predstavnicima-udruga-neretva-park-prirode\/\" \/>\n<meta property=\"og:site_name\" content=\"likemetkovic.hr\" \/>\n<meta property=\"article:publisher\" content=\"https:\/\/www.facebook.com\/likemetkovic.hr\/\" \/>\n<meta property=\"article:published_time\" content=\"2016-08-09T12:23:13+00:00\" \/>\n<meta property=\"og:image\" content=\"https:\/\/likemetkovic.hr\/wp-content\/uploads\/2016\/08\/DSC06562.jpg\" \/>\n\t<meta property=\"og:image:width\" content=\"800\" \/>\n\t<meta property=\"og:image:height\" content=\"600\" \/>\n\t<meta property=\"og:image:type\" content=\"image\/jpeg\" \/>\n<meta name=\"author\" content=\"LIKEmetkovic.hr\" \/>\n<meta name=\"twitter:card\" content=\"summary_large_image\" \/>\n<meta name=\"twitter:label1\" content=\"Napisao\/la\" \/>\n\t<meta name=\"twitter:data1\" content=\"LIKEmetkovic.hr\" \/>\n\t<meta name=\"twitter:label2\" content=\"Procijenjeno vrijeme \u010ditanja\" \/>\n\t<meta name=\"twitter:data2\" content=\"2 minute\" \/>\n<script type=\"application\/ld+json\" class=\"yoast-schema-graph\">{\"@context\":\"https:\/\/schema.org\",\"@graph\":[{\"@type\":\"WebPage\",\"@id\":\"https:\/\/likemetkovic.hr\/doministar-siljeg-predstavnicima-udruga-neretva-park-prirode\/\",\"url\":\"https:\/\/likemetkovic.hr\/doministar-siljeg-predstavnicima-udruga-neretva-park-prirode\/\",\"name\":\"DOMINISTAR \u0160ILJEG SA PREDSTAVNICIMA UDRUGA: Neretva park - prirode? - likemetkovic.hr\",\"isPartOf\":{\"@id\":\"https:\/\/likemetkovic.hr\/#website\"},\"primaryImageOfPage\":{\"@id\":\"https:\/\/likemetkovic.hr\/doministar-siljeg-predstavnicima-udruga-neretva-park-prirode\/#primaryimage\"},\"image\":{\"@id\":\"https:\/\/likemetkovic.hr\/doministar-siljeg-predstavnicima-udruga-neretva-park-prirode\/#primaryimage\"},\"thumbnailUrl\":\"https:\/\/likemetkovic.hr\/portal\/wp-content\/uploads\/2016\/08\/DSC06562.jpg\",\"datePublished\":\"2016-08-09T12:23:13+00:00\",\"author\":{\"@id\":\"https:\/\/likemetkovic.hr\/#\/schema\/person\/a42711f3385a0e2be6f7e0443bfb28f0\"},\"breadcrumb\":{\"@id\":\"https:\/\/likemetkovic.hr\/doministar-siljeg-predstavnicima-udruga-neretva-park-prirode\/#breadcrumb\"},\"inLanguage\":\"hr\",\"potentialAction\":[{\"@type\":\"ReadAction\",\"target\":[\"https:\/\/likemetkovic.hr\/doministar-siljeg-predstavnicima-udruga-neretva-park-prirode\/\"]}]},{\"@type\":\"ImageObject\",\"inLanguage\":\"hr\",\"@id\":\"https:\/\/likemetkovic.hr\/doministar-siljeg-predstavnicima-udruga-neretva-park-prirode\/#primaryimage\",\"url\":\"https:\/\/likemetkovic.hr\/portal\/wp-content\/uploads\/2016\/08\/DSC06562.jpg\",\"contentUrl\":\"https:\/\/likemetkovic.hr\/portal\/wp-content\/uploads\/2016\/08\/DSC06562.jpg\",\"width\":800,\"height\":600},{\"@type\":\"BreadcrumbList\",\"@id\":\"https:\/\/likemetkovic.hr\/doministar-siljeg-predstavnicima-udruga-neretva-park-prirode\/#breadcrumb\",\"itemListElement\":[{\"@type\":\"ListItem\",\"position\":1,\"name\":\"Po\u010detna stranica\",\"item\":\"https:\/\/likemetkovic.hr\/portal\/\"},{\"@type\":\"ListItem\",\"position\":2,\"name\":\"DOMINISTAR \u0160ILJEG SA PREDSTAVNICIMA UDRUGA: Neretva park &#8211; prirode?\"}]},{\"@type\":\"WebSite\",\"@id\":\"https:\/\/likemetkovic.hr\/#website\",\"url\":\"https:\/\/likemetkovic.hr\/\",\"name\":\"likemetkovic.hr\",\"description\":\"Misli pozitivno... \u010ditaj LIKE\",\"potentialAction\":[{\"@type\":\"SearchAction\",\"target\":{\"@type\":\"EntryPoint\",\"urlTemplate\":\"https:\/\/likemetkovic.hr\/?s={search_term_string}\"},\"query-input\":{\"@type\":\"PropertyValueSpecification\",\"valueRequired\":true,\"valueName\":\"search_term_string\"}}],\"inLanguage\":\"hr\"},{\"@type\":\"Person\",\"@id\":\"https:\/\/likemetkovic.hr\/#\/schema\/person\/a42711f3385a0e2be6f7e0443bfb28f0\",\"name\":\"LIKEmetkovic.hr\",\"sameAs\":[\"http:\/\/likemetkovic.hr\"],\"url\":\"https:\/\/likemetkovic.hr\/portal\/author\/likemetkovic-hr\/\"}]}<\/script>\n<!-- \/ Yoast SEO plugin. -->","yoast_head_json":{"title":"DOMINISTAR \u0160ILJEG SA PREDSTAVNICIMA UDRUGA: Neretva park - prirode? - likemetkovic.hr","robots":{"index":"index","follow":"follow","max-snippet":"max-snippet:-1","max-image-preview":"max-image-preview:large","max-video-preview":"max-video-preview:-1"},"canonical":"https:\/\/likemetkovic.hr\/doministar-siljeg-predstavnicima-udruga-neretva-park-prirode\/","og_locale":"hr_HR","og_type":"article","og_title":"DOMINISTAR \u0160ILJEG SA PREDSTAVNICIMA UDRUGA: Neretva park - prirode? - likemetkovic.hr","og_description":"Zamjenik ministra za\u0161tite okoli\u0161a i prirode Mario \u0160iljeg je na poziv ekolo\u0161kih te udruga za za\u0161titu kulturne ba\u0161tine u ponedjeljak boravio u Metkovi\u0107u. S predstavnicima udruga, ujedno i vije\u0107nicima u \u017dupanijskoj skup\u0161tini Dubrova\u010dko &#8211; neretvanske \u017eupanije, razgovarao je o ponovnoj inicijativi za progla\u0161enje Neretve parkom prirode. \u0160iljeg je doma\u0107ine upoznao s procedurom progla\u0161enja te naglasio [&hellip;]","og_url":"https:\/\/likemetkovic.hr\/doministar-siljeg-predstavnicima-udruga-neretva-park-prirode\/","og_site_name":"likemetkovic.hr","article_publisher":"https:\/\/www.facebook.com\/likemetkovic.hr\/","article_published_time":"2016-08-09T12:23:13+00:00","og_image":[{"width":800,"height":600,"url":"https:\/\/likemetkovic.hr\/wp-content\/uploads\/2016\/08\/DSC06562.jpg","type":"image\/jpeg"}],"author":"LIKEmetkovic.hr","twitter_card":"summary_large_image","twitter_misc":{"Napisao\/la":"LIKEmetkovic.hr","Procijenjeno vrijeme \u010ditanja":"2 minute"},"schema":{"@context":"https:\/\/schema.org","@graph":[{"@type":"WebPage","@id":"https:\/\/likemetkovic.hr\/doministar-siljeg-predstavnicima-udruga-neretva-park-prirode\/","url":"https:\/\/likemetkovic.hr\/doministar-siljeg-predstavnicima-udruga-neretva-park-prirode\/","name":"DOMINISTAR \u0160ILJEG SA PREDSTAVNICIMA UDRUGA: Neretva park - prirode? - likemetkovic.hr","isPartOf":{"@id":"https:\/\/likemetkovic.hr\/#website"},"primaryImageOfPage":{"@id":"https:\/\/likemetkovic.hr\/doministar-siljeg-predstavnicima-udruga-neretva-park-prirode\/#primaryimage"},"image":{"@id":"https:\/\/likemetkovic.hr\/doministar-siljeg-predstavnicima-udruga-neretva-park-prirode\/#primaryimage"},"thumbnailUrl":"https:\/\/likemetkovic.hr\/portal\/wp-content\/uploads\/2016\/08\/DSC06562.jpg","datePublished":"2016-08-09T12:23:13+00:00","author":{"@id":"https:\/\/likemetkovic.hr\/#\/schema\/person\/a42711f3385a0e2be6f7e0443bfb28f0"},"breadcrumb":{"@id":"https:\/\/likemetkovic.hr\/doministar-siljeg-predstavnicima-udruga-neretva-park-prirode\/#breadcrumb"},"inLanguage":"hr","potentialAction":[{"@type":"ReadAction","target":["https:\/\/likemetkovic.hr\/doministar-siljeg-predstavnicima-udruga-neretva-park-prirode\/"]}]},{"@type":"ImageObject","inLanguage":"hr","@id":"https:\/\/likemetkovic.hr\/doministar-siljeg-predstavnicima-udruga-neretva-park-prirode\/#primaryimage","url":"https:\/\/likemetkovic.hr\/portal\/wp-content\/uploads\/2016\/08\/DSC06562.jpg","contentUrl":"https:\/\/likemetkovic.hr\/portal\/wp-content\/uploads\/2016\/08\/DSC06562.jpg","width":800,"height":600},{"@type":"BreadcrumbList","@id":"https:\/\/likemetkovic.hr\/doministar-siljeg-predstavnicima-udruga-neretva-park-prirode\/#breadcrumb","itemListElement":[{"@type":"ListItem","position":1,"name":"Po\u010detna stranica","item":"https:\/\/likemetkovic.hr\/portal\/"},{"@type":"ListItem","position":2,"name":"DOMINISTAR \u0160ILJEG SA PREDSTAVNICIMA UDRUGA: Neretva park &#8211; prirode?"}]},{"@type":"WebSite","@id":"https:\/\/likemetkovic.hr\/#website","url":"https:\/\/likemetkovic.hr\/","name":"likemetkovic.hr","description":"Misli pozitivno... \u010ditaj LIKE","potentialAction":[{"@type":"SearchAction","target":{"@type":"EntryPoint","urlTemplate":"https:\/\/likemetkovic.hr\/?s={search_term_string}"},"query-input":{"@type":"PropertyValueSpecification","valueRequired":true,"valueName":"search_term_string"}}],"inLanguage":"hr"},{"@type":"Person","@id":"https:\/\/likemetkovic.hr\/#\/schema\/person\/a42711f3385a0e2be6f7e0443bfb28f0","name":"LIKEmetkovic.hr","sameAs":["http:\/\/likemetkovic.hr"],"url":"https:\/\/likemetkovic.hr\/portal\/author\/likemetkovic-hr\/"}]}},"_links":{"self":[{"href":"https:\/\/likemetkovic.hr\/portal\/wp-json\/wp\/v2\/posts\/25155","targetHints":{"allow":["GET"]}}],"collection":[{"href":"https:\/\/likemetkovic.hr\/portal\/wp-json\/wp\/v2\/posts"}],"about":[{"href":"https:\/\/likemetkovic.hr\/portal\/wp-json\/wp\/v2\/types\/post"}],"author":[{"embeddable":true,"href":"https:\/\/likemetkovic.hr\/portal\/wp-json\/wp\/v2\/users\/7"}],"replies":[{"embeddable":true,"href":"https:\/\/likemetkovic.hr\/portal\/wp-json\/wp\/v2\/comments?post=25155"}],"version-history":[{"count":0,"href":"https:\/\/likemetkovic.hr\/portal\/wp-json\/wp\/v2\/posts\/25155\/revisions"}],"wp:featuredmedia":[{"embeddable":true,"href":"https:\/\/likemetkovic.hr\/portal\/wp-json\/wp\/v2\/media\/25159"}],"wp:attachment":[{"href":"https:\/\/likemetkovic.hr\/portal\/wp-json\/wp\/v2\/media?parent=25155"}],"wp:term":[{"taxonomy":"category","embeddable":true,"href":"https:\/\/likemetkovic.hr\/portal\/wp-json\/wp\/v2\/categories?post=25155"},{"taxonomy":"post_tag","embeddable":true,"href":"https:\/\/likemetkovic.hr\/portal\/wp-json\/wp\/v2\/tags?post=25155"}],"curies":[{"name":"wp","href":"https:\/\/api.w.org\/{rel}","templated":true}]}}