{"id":25161,"date":"2016-08-10T18:51:58","date_gmt":"2016-08-10T16:51:58","guid":{"rendered":"http:\/\/likemetkovic.hr\/?p=25161"},"modified":"2018-06-03T19:46:21","modified_gmt":"2018-06-03T17:46:21","slug":"miro-vladimir-heroj-ratu-heroj-miru","status":"publish","type":"post","link":"https:\/\/likemetkovic.hr\/portal\/miro-vladimir-heroj-ratu-heroj-miru\/","title":{"rendered":"MIRO VLADIMIR Heroj u ratu, heroj u miru!"},"content":{"rendered":"<p>Nedavno smo bili gosti na imanju<strong> Mire Vladimira<\/strong> u Pozloj Gori.\u00a0Mirina ku\u0107a djelovala je premalo za sve one koji su bili tamo. To su bili njegovi suborci iz 3. gardijske brigade Kuna zajedno sa svojim obiteljima, <strong>Tomislav Antolovi\u0107<\/strong> iz Belog Manastira i <strong>Alen Mihajlovi\u0107<\/strong> iz Darde, \u010diji je pripadnik bio i Miro zajedno sa poginulim prijateljem <strong>Ivicom Pruscem Jumom<\/strong>.\u00a0Oni su bili jedni od rijetkih pripadnika ove slavne brigade koji su stigli iz doline Neretve.<\/p>\n<p>Koliko je jako to bratimljenje na prvoj liniji boji\u0161nice slika govori sama za sebe, kada vidite te ljude sada nakon toliko godina zajedno.<\/p>\n<p>Nakon Tomislava i Alena\u00a0za nekih desetak dana\u00a0ovdje\u00a0sti\u017eu i drugi suborci sa obiteljima\u00a0kojima je Miro\u00a0otvorio vrata svoga doma i pozvao ih da do\u0111u iz Slavonije i na taj na\u010din si priu\u0161te dolazak na more. Miro prvenstveno \u017eeli pomo\u0107i suborcima sa bolesnom djecom, a trenutno su tu djeca\u00a0koja boluju od astme\u00a0i\u00a0boravak u na\u0161im krajevima im je od velike pomo\u0107i. Isto tako Mirini ekolo\u0161ki doma\u0107i proizvodi od doma\u0107eg kozijeg mlijeka ne samo \u0161to su zdravi nego su i jako ukusni.<\/p>\n<p>Tomislav i Alen nam ka\u017eu da je situacija u Slavoniji poput &#8220;spaljene zemlje&#8221;. Mladi zaista autobusima iseljavaju, jer posla i perspektive za njih tamo jednostavno nema.<\/p>\n<p>Miro nam ka\u017ee da se branitelji poma\u017eu koliko mogu\u00a0te\u00a0isti\u010de veterane 4. gardijske brigade koji su dosta povezani, a najve\u0107i je problem u dru\u0161tvu je upravo taj \u0161to nam fali zajedni\u0161tva.<\/p>\n<p>&#8211; <em>Mi zimi posjetimo njih u Slavoniji, oni su sada tu, ugostimo ih, budu za Maraton la\u0111a, povedemo ih u safari, gdje nam usko\u010di gospodin \u0106eli\u0107 i to su lijepe geste koje mogu potaknuti da poma\u017eemo jedni drugima, to je cijela poanta<\/em> &#8211; govori nam Miro.<\/p>\n<p>U\u00a0Kunama je bio zajedno sa Ivicom Pruscem &#8211; Jumom te smo ga pitali za preminulog prijatelja:<\/p>\n<p>&#8211; <em>Vidio sam nedavno neke moje slike sa Jumom\u00a0u medijima koje sam bio dao Anti \u0160prlji i to me posebno dirnulo.<\/em><\/p>\n<p><strong>Kako je do\u0161lo do pogibije va\u0161eg prijatelja Jume?<\/strong><\/p>\n<p><em>To je bilo u Bosanskoj posavini. Kada smo do\u0161li gore na boji\u0161te prvo smo do\u0161li u Nu\u0161tar. Iz Nu\u0161tra smo kao pripadnici oklopne bojne i\u0161li gdje je trebalo. Nisam bio s njim kada je poginuo. Poginuo je od &#8220;prage&#8221;. To vam je dvocijevni protuavionski top od 20 mm koji je instaliran na kamionu. Neprijatelj je &#8220;tuko&#8221; po njima rasprskavaju\u0107im projektilima i Juma je poginuo na mjestu. Osam ranjenih je bilo u tom napadu. Ina\u010de smo uvijek bili skupa, tada nismo&#8230;<\/em><\/p>\n<p><strong>Kako ste zavr\u0161ili gore u Posavini?<\/strong><\/p>\n<p><em>Ja i Juma smo nave\u010der gledali televiziju dok smo bili na Ju\u017enom boji\u0161tu i ka\u017ee meni Juma: Nema ovdje vi\u0161e &#8220;fajta&#8221;, nije to to, kada budu\u00a0vijesti, di bude najgore idemo tamo!<\/em><\/p>\n<p><em>Ja pristanem i krenemo gledat uskoro vijesti. Na vijestima je najgore bilo u Nu\u0161tru..<\/em><\/p>\n<p><em>Gore je bilo<\/em><em>\u00a0kao mali Vukovar,\u00a0ali kako god bilo ja bi opet napravio sve isto!<\/em><\/p>\n<p>Miro je u Slavoniji na\u0161ao i ljubav svog \u017eivota, Slavicu, koju mnogi znaju kao tetu Slavicu iz Dje\u010djeg vrti\u0107a u Metkovi\u0107u. O\u017eenili su se i imaju troje djece, Mirnu, Luku i Eni.<\/p>\n<p>Sada za tetu Slavicu mo\u017eemo re\u0107i da je na\u0161a i da se udala za svog i na\u0161eg heroja.<\/p>\n\r\n                <style type=\"text\/css\">\r\n                    \r\n                    #tdi_1  .td-doubleSlider-2 .td-item1 {\r\n                        background: url(https:\/\/likemetkovic.hr\/portal\/wp-content\/uploads\/2016\/08\/miro-vladimir_1-80x60.jpg) 0 0 no-repeat;\r\n                    }\r\n                    #tdi_1  .td-doubleSlider-2 .td-item2 {\r\n                        background: url(https:\/\/likemetkovic.hr\/portal\/wp-content\/uploads\/2016\/08\/miro-vladimir_3-80x60.jpg) 0 0 no-repeat;\r\n                    }\r\n                    #tdi_1  .td-doubleSlider-2 .td-item3 {\r\n                        background: url(https:\/\/likemetkovic.hr\/portal\/wp-content\/uploads\/2016\/08\/miro-vladimir_5-80x60.jpg) 0 0 no-repeat;\r\n                    }\r\n                    #tdi_1  .td-doubleSlider-2 .td-item4 {\r\n                        background: url(https:\/\/likemetkovic.hr\/portal\/wp-content\/uploads\/2016\/08\/miro-vladimir_7-80x60.jpg) 0 0 no-repeat;\r\n                    }\r\n                    #tdi_1  .td-doubleSlider-2 .td-item5 {\r\n                        background: url(https:\/\/likemetkovic.hr\/portal\/wp-content\/uploads\/2016\/08\/miro-vladimir_9-80x60.jpg) 0 0 no-repeat;\r\n                    }\r\n                    #tdi_1  .td-doubleSlider-2 .td-item6 {\r\n                        background: url(https:\/\/likemetkovic.hr\/portal\/wp-content\/uploads\/2016\/08\/miro-vladimir_19-80x60.jpg) 0 0 no-repeat;\r\n                    }\r\n                    #tdi_1  .td-doubleSlider-2 .td-item7 {\r\n                        background: url(https:\/\/likemetkovic.hr\/portal\/wp-content\/uploads\/2016\/08\/30ngnk9-80x60.jpg) 0 0 no-repeat;\r\n                    }\r\n                    #tdi_1  .td-doubleSlider-2 .td-item8 {\r\n                        background: url(https:\/\/likemetkovic.hr\/portal\/wp-content\/uploads\/2016\/08\/33bg56d-80x60.jpg) 0 0 no-repeat;\r\n                    }\r\n                    #tdi_1  .td-doubleSlider-2 .td-item9 {\r\n                        background: url(https:\/\/likemetkovic.hr\/portal\/wp-content\/uploads\/2016\/08\/34ycxo6-80x60.jpg) 0 0 no-repeat;\r\n                    }\r\n                    #tdi_1  .td-doubleSlider-2 .td-item10 {\r\n                        background: url(https:\/\/likemetkovic.hr\/portal\/wp-content\/uploads\/2016\/08\/ivica-prusac-miro-vladimiir_1-80x60.jpg) 0 0 no-repeat;\r\n                    }\r\n                <\/style>\r\n\r\n                <div id=\"tdi_1\" class=\"td-gallery td-slide-on-2-columns\">\r\n                    <div class=\"post_td_gallery\">\r\n                        <div class=\"td-gallery-slide-top\">\r\n                           <div class=\"td-gallery-title\"><\/div>\r\n\r\n                            <div class=\"td-gallery-controls-wrapper\">\r\n                                <div class=\"td-gallery-slide-count\"><span class=\"td-gallery-slide-item-focus\">1<\/span> of 10<\/div>\r\n                                <div class=\"td-gallery-slide-prev-next-but\">\r\n                                    <i class = \"td-icon-left doubleSliderPrevButton\"><\/i>\r\n                                    <i class = \"td-icon-right doubleSliderNextButton\"><\/i>\r\n                                <\/div>\r\n                            <\/div>\r\n                        <\/div>\r\n\r\n                        <div class = \"td-doubleSlider-1 \">\r\n                            <div class = \"td-slider\">\r\n                                \r\n                    <div class = \"td-slide-item td-item1\">\r\n                        <figure class=\"td-slide-galery-figure td-slide-popup-gallery\">\r\n                            <a class=\"slide-gallery-image-link\" href=\"https:\/\/likemetkovic.hr\/portal\/wp-content\/uploads\/2016\/08\/miro-vladimir_1.jpg\" title=\"miro vladimir_1\"  data-caption=\"\"  data-description=\"\">\r\n                                <img decoding=\"async\" src=\"https:\/\/likemetkovic.hr\/portal\/wp-content\/uploads\/2016\/08\/miro-vladimir_1-560x420.jpg\" srcset=\"https:\/\/likemetkovic.hr\/portal\/wp-content\/uploads\/2016\/08\/miro-vladimir_1-560x420.jpg 560w, https:\/\/likemetkovic.hr\/portal\/wp-content\/uploads\/2016\/08\/miro-vladimir_1-300x225.jpg 300w, https:\/\/likemetkovic.hr\/portal\/wp-content\/uploads\/2016\/08\/miro-vladimir_1-768x576.jpg 768w, https:\/\/likemetkovic.hr\/portal\/wp-content\/uploads\/2016\/08\/miro-vladimir_1-640x480.jpg 640w, https:\/\/likemetkovic.hr\/portal\/wp-content\/uploads\/2016\/08\/miro-vladimir_1-80x60.jpg 80w, https:\/\/likemetkovic.hr\/portal\/wp-content\/uploads\/2016\/08\/miro-vladimir_1-265x198.jpg 265w, https:\/\/likemetkovic.hr\/portal\/wp-content\/uploads\/2016\/08\/miro-vladimir_1-696x522.jpg 696w, https:\/\/likemetkovic.hr\/portal\/wp-content\/uploads\/2016\/08\/miro-vladimir_1.jpg 800w\" sizes=\"(max-width: 560px) 100vw, 560px\" alt=\"\">\r\n                            <\/a>\r\n                            \r\n                        <\/figure>\r\n                    <\/div>\r\n                    <div class = \"td-slide-item td-item2\">\r\n                        <figure class=\"td-slide-galery-figure td-slide-popup-gallery\">\r\n                            <a class=\"slide-gallery-image-link\" href=\"https:\/\/likemetkovic.hr\/portal\/wp-content\/uploads\/2016\/08\/miro-vladimir_3.jpg\" title=\"miro vladimir_3\"  data-caption=\"\"  data-description=\"\">\r\n                                <img decoding=\"async\" src=\"https:\/\/likemetkovic.hr\/portal\/wp-content\/uploads\/2016\/08\/miro-vladimir_3-560x420.jpg\" srcset=\"https:\/\/likemetkovic.hr\/portal\/wp-content\/uploads\/2016\/08\/miro-vladimir_3-560x420.jpg 560w, https:\/\/likemetkovic.hr\/portal\/wp-content\/uploads\/2016\/08\/miro-vladimir_3-300x225.jpg 300w, https:\/\/likemetkovic.hr\/portal\/wp-content\/uploads\/2016\/08\/miro-vladimir_3-768x576.jpg 768w, https:\/\/likemetkovic.hr\/portal\/wp-content\/uploads\/2016\/08\/miro-vladimir_3-640x480.jpg 640w, https:\/\/likemetkovic.hr\/portal\/wp-content\/uploads\/2016\/08\/miro-vladimir_3-80x60.jpg 80w, https:\/\/likemetkovic.hr\/portal\/wp-content\/uploads\/2016\/08\/miro-vladimir_3-265x198.jpg 265w, https:\/\/likemetkovic.hr\/portal\/wp-content\/uploads\/2016\/08\/miro-vladimir_3-696x522.jpg 696w, https:\/\/likemetkovic.hr\/portal\/wp-content\/uploads\/2016\/08\/miro-vladimir_3.jpg 800w\" sizes=\"(max-width: 560px) 100vw, 560px\" alt=\"\">\r\n                            <\/a>\r\n                            \r\n                        <\/figure>\r\n                    <\/div>\r\n                    <div class = \"td-slide-item td-item3\">\r\n                        <figure class=\"td-slide-galery-figure td-slide-popup-gallery\">\r\n                            <a class=\"slide-gallery-image-link\" href=\"https:\/\/likemetkovic.hr\/portal\/wp-content\/uploads\/2016\/08\/miro-vladimir_5.jpg\" title=\"miro vladimir_5\"  data-caption=\"\"  data-description=\"\">\r\n                                <img decoding=\"async\" src=\"https:\/\/likemetkovic.hr\/portal\/wp-content\/uploads\/2016\/08\/miro-vladimir_5-560x420.jpg\" srcset=\"https:\/\/likemetkovic.hr\/portal\/wp-content\/uploads\/2016\/08\/miro-vladimir_5-560x420.jpg 560w, https:\/\/likemetkovic.hr\/portal\/wp-content\/uploads\/2016\/08\/miro-vladimir_5-300x225.jpg 300w, https:\/\/likemetkovic.hr\/portal\/wp-content\/uploads\/2016\/08\/miro-vladimir_5-768x576.jpg 768w, https:\/\/likemetkovic.hr\/portal\/wp-content\/uploads\/2016\/08\/miro-vladimir_5-640x480.jpg 640w, https:\/\/likemetkovic.hr\/portal\/wp-content\/uploads\/2016\/08\/miro-vladimir_5-80x60.jpg 80w, https:\/\/likemetkovic.hr\/portal\/wp-content\/uploads\/2016\/08\/miro-vladimir_5-265x198.jpg 265w, https:\/\/likemetkovic.hr\/portal\/wp-content\/uploads\/2016\/08\/miro-vladimir_5-696x522.jpg 696w, https:\/\/likemetkovic.hr\/portal\/wp-content\/uploads\/2016\/08\/miro-vladimir_5.jpg 800w\" sizes=\"(max-width: 560px) 100vw, 560px\" alt=\"\">\r\n                            <\/a>\r\n                            \r\n                        <\/figure>\r\n                    <\/div>\r\n                    <div class = \"td-slide-item td-item4\">\r\n                        <figure class=\"td-slide-galery-figure td-slide-popup-gallery\">\r\n                            <a class=\"slide-gallery-image-link\" href=\"https:\/\/likemetkovic.hr\/portal\/wp-content\/uploads\/2016\/08\/miro-vladimir_7.jpg\" title=\"miro vladimir_7\"  data-caption=\"\"  data-description=\"\">\r\n                                <img decoding=\"async\" src=\"https:\/\/likemetkovic.hr\/portal\/wp-content\/uploads\/2016\/08\/miro-vladimir_7-560x420.jpg\" srcset=\"https:\/\/likemetkovic.hr\/portal\/wp-content\/uploads\/2016\/08\/miro-vladimir_7-560x420.jpg 560w, https:\/\/likemetkovic.hr\/portal\/wp-content\/uploads\/2016\/08\/miro-vladimir_7-300x225.jpg 300w, https:\/\/likemetkovic.hr\/portal\/wp-content\/uploads\/2016\/08\/miro-vladimir_7-768x576.jpg 768w, https:\/\/likemetkovic.hr\/portal\/wp-content\/uploads\/2016\/08\/miro-vladimir_7-640x480.jpg 640w, https:\/\/likemetkovic.hr\/portal\/wp-content\/uploads\/2016\/08\/miro-vladimir_7-80x60.jpg 80w, https:\/\/likemetkovic.hr\/portal\/wp-content\/uploads\/2016\/08\/miro-vladimir_7-265x198.jpg 265w, https:\/\/likemetkovic.hr\/portal\/wp-content\/uploads\/2016\/08\/miro-vladimir_7-696x522.jpg 696w, https:\/\/likemetkovic.hr\/portal\/wp-content\/uploads\/2016\/08\/miro-vladimir_7.jpg 800w\" sizes=\"(max-width: 560px) 100vw, 560px\" alt=\"\">\r\n                            <\/a>\r\n                            \r\n                        <\/figure>\r\n                    <\/div>\r\n                    <div class = \"td-slide-item td-item5\">\r\n                        <figure class=\"td-slide-galery-figure td-slide-popup-gallery\">\r\n                            <a class=\"slide-gallery-image-link\" href=\"https:\/\/likemetkovic.hr\/portal\/wp-content\/uploads\/2016\/08\/miro-vladimir_9.jpg\" title=\"miro vladimir_9\"  data-caption=\"\"  data-description=\"\">\r\n                                <img decoding=\"async\" src=\"https:\/\/likemetkovic.hr\/portal\/wp-content\/uploads\/2016\/08\/miro-vladimir_9-560x420.jpg\" srcset=\"https:\/\/likemetkovic.hr\/portal\/wp-content\/uploads\/2016\/08\/miro-vladimir_9-560x420.jpg 560w, https:\/\/likemetkovic.hr\/portal\/wp-content\/uploads\/2016\/08\/miro-vladimir_9-300x225.jpg 300w, https:\/\/likemetkovic.hr\/portal\/wp-content\/uploads\/2016\/08\/miro-vladimir_9-768x576.jpg 768w, https:\/\/likemetkovic.hr\/portal\/wp-content\/uploads\/2016\/08\/miro-vladimir_9-640x480.jpg 640w, https:\/\/likemetkovic.hr\/portal\/wp-content\/uploads\/2016\/08\/miro-vladimir_9-80x60.jpg 80w, https:\/\/likemetkovic.hr\/portal\/wp-content\/uploads\/2016\/08\/miro-vladimir_9-265x198.jpg 265w, https:\/\/likemetkovic.hr\/portal\/wp-content\/uploads\/2016\/08\/miro-vladimir_9-696x522.jpg 696w, https:\/\/likemetkovic.hr\/portal\/wp-content\/uploads\/2016\/08\/miro-vladimir_9.jpg 800w\" sizes=\"(max-width: 560px) 100vw, 560px\" alt=\"\">\r\n                            <\/a>\r\n                            \r\n                        <\/figure>\r\n                    <\/div>\r\n                    <div class = \"td-slide-item td-item6\">\r\n                        <figure class=\"td-slide-galery-figure td-slide-popup-gallery\">\r\n                            <a class=\"slide-gallery-image-link\" href=\"https:\/\/likemetkovic.hr\/portal\/wp-content\/uploads\/2016\/08\/miro-vladimir_19.jpg\" title=\"miro vladimir_19\"  data-caption=\"\"  data-description=\"\">\r\n                                <img decoding=\"async\" src=\"https:\/\/likemetkovic.hr\/portal\/wp-content\/uploads\/2016\/08\/miro-vladimir_19-560x420.jpg\" srcset=\"https:\/\/likemetkovic.hr\/portal\/wp-content\/uploads\/2016\/08\/miro-vladimir_19-560x420.jpg 560w, https:\/\/likemetkovic.hr\/portal\/wp-content\/uploads\/2016\/08\/miro-vladimir_19-300x225.jpg 300w, https:\/\/likemetkovic.hr\/portal\/wp-content\/uploads\/2016\/08\/miro-vladimir_19-768x576.jpg 768w, https:\/\/likemetkovic.hr\/portal\/wp-content\/uploads\/2016\/08\/miro-vladimir_19-640x480.jpg 640w, https:\/\/likemetkovic.hr\/portal\/wp-content\/uploads\/2016\/08\/miro-vladimir_19-80x60.jpg 80w, https:\/\/likemetkovic.hr\/portal\/wp-content\/uploads\/2016\/08\/miro-vladimir_19-265x198.jpg 265w, https:\/\/likemetkovic.hr\/portal\/wp-content\/uploads\/2016\/08\/miro-vladimir_19-696x522.jpg 696w, https:\/\/likemetkovic.hr\/portal\/wp-content\/uploads\/2016\/08\/miro-vladimir_19.jpg 800w\" sizes=\"(max-width: 560px) 100vw, 560px\" alt=\"\">\r\n                            <\/a>\r\n                            \r\n                        <\/figure>\r\n                    <\/div>\r\n                    <div class = \"td-slide-item td-item7\">\r\n                        <figure class=\"td-slide-galery-figure td-slide-popup-gallery\">\r\n                            <a class=\"slide-gallery-image-link\" href=\"https:\/\/likemetkovic.hr\/portal\/wp-content\/uploads\/2016\/08\/30ngnk9.jpg\" title=\"30ngnk9\"  data-caption=\"\"  data-description=\"\">\r\n                                <img decoding=\"async\" src=\"https:\/\/likemetkovic.hr\/portal\/wp-content\/uploads\/2016\/08\/30ngnk9-630x420.jpg\" srcset=\"https:\/\/likemetkovic.hr\/portal\/wp-content\/uploads\/2016\/08\/30ngnk9-630x420.jpg 630w, https:\/\/likemetkovic.hr\/portal\/wp-content\/uploads\/2016\/08\/30ngnk9-300x200.jpg 300w, https:\/\/likemetkovic.hr\/portal\/wp-content\/uploads\/2016\/08\/30ngnk9-768x512.jpg 768w, https:\/\/likemetkovic.hr\/portal\/wp-content\/uploads\/2016\/08\/30ngnk9-640x426.jpg 640w, https:\/\/likemetkovic.hr\/portal\/wp-content\/uploads\/2016\/08\/30ngnk9-696x464.jpg 696w, https:\/\/likemetkovic.hr\/portal\/wp-content\/uploads\/2016\/08\/30ngnk9.jpg 800w\" sizes=\"(max-width: 630px) 100vw, 630px\" alt=\"\">\r\n                            <\/a>\r\n                            \r\n                        <\/figure>\r\n                    <\/div>\r\n                    <div class = \"td-slide-item td-item8\">\r\n                        <figure class=\"td-slide-galery-figure td-slide-popup-gallery\">\r\n                            <a class=\"slide-gallery-image-link\" href=\"https:\/\/likemetkovic.hr\/portal\/wp-content\/uploads\/2016\/08\/33bg56d.jpg\" title=\"33bg56d\"  data-caption=\"\"  data-description=\"\">\r\n                                <img decoding=\"async\" src=\"https:\/\/likemetkovic.hr\/portal\/wp-content\/uploads\/2016\/08\/33bg56d-549x420.jpg\" srcset=\"https:\/\/likemetkovic.hr\/portal\/wp-content\/uploads\/2016\/08\/33bg56d-549x420.jpg 549w, https:\/\/likemetkovic.hr\/portal\/wp-content\/uploads\/2016\/08\/33bg56d-300x230.jpg 300w, https:\/\/likemetkovic.hr\/portal\/wp-content\/uploads\/2016\/08\/33bg56d-80x60.jpg 80w, https:\/\/likemetkovic.hr\/portal\/wp-content\/uploads\/2016\/08\/33bg56d.jpg 627w\" sizes=\"(max-width: 549px) 100vw, 549px\" alt=\"\">\r\n                            <\/a>\r\n                            \r\n                        <\/figure>\r\n                    <\/div>\r\n                    <div class = \"td-slide-item td-item9\">\r\n                        <figure class=\"td-slide-galery-figure td-slide-popup-gallery\">\r\n                            <a class=\"slide-gallery-image-link\" href=\"https:\/\/likemetkovic.hr\/portal\/wp-content\/uploads\/2016\/08\/34ycxo6.jpg\" title=\"34ycxo6\"  data-caption=\"\"  data-description=\"\">\r\n                                <img decoding=\"async\" src=\"https:\/\/likemetkovic.hr\/portal\/wp-content\/uploads\/2016\/08\/34ycxo6-277x420.jpg\" srcset=\"https:\/\/likemetkovic.hr\/portal\/wp-content\/uploads\/2016\/08\/34ycxo6-277x420.jpg 277w, https:\/\/likemetkovic.hr\/portal\/wp-content\/uploads\/2016\/08\/34ycxo6-198x300.jpg 198w, https:\/\/likemetkovic.hr\/portal\/wp-content\/uploads\/2016\/08\/34ycxo6.jpg 422w\" sizes=\"(max-width: 277px) 100vw, 277px\" alt=\"\">\r\n                            <\/a>\r\n                            \r\n                        <\/figure>\r\n                    <\/div>\r\n                    <div class = \"td-slide-item td-item10\">\r\n                        <figure class=\"td-slide-galery-figure td-slide-popup-gallery\">\r\n                            <a class=\"slide-gallery-image-link\" href=\"https:\/\/likemetkovic.hr\/portal\/wp-content\/uploads\/2016\/08\/ivica-prusac-miro-vladimiir_1.jpg\" title=\"ivica prusac miro vladimiir_1\"  data-caption=\"\"  data-description=\"\">\r\n                                <img decoding=\"async\" src=\"https:\/\/likemetkovic.hr\/portal\/wp-content\/uploads\/2016\/08\/ivica-prusac-miro-vladimiir_1-591x420.jpg\" srcset=\"https:\/\/likemetkovic.hr\/portal\/wp-content\/uploads\/2016\/08\/ivica-prusac-miro-vladimiir_1-591x420.jpg 591w, https:\/\/likemetkovic.hr\/portal\/wp-content\/uploads\/2016\/08\/ivica-prusac-miro-vladimiir_1-300x213.jpg 300w, https:\/\/likemetkovic.hr\/portal\/wp-content\/uploads\/2016\/08\/ivica-prusac-miro-vladimiir_1-768x546.jpg 768w, https:\/\/likemetkovic.hr\/portal\/wp-content\/uploads\/2016\/08\/ivica-prusac-miro-vladimiir_1-640x455.jpg 640w, https:\/\/likemetkovic.hr\/portal\/wp-content\/uploads\/2016\/08\/ivica-prusac-miro-vladimiir_1-100x70.jpg 100w, https:\/\/likemetkovic.hr\/portal\/wp-content\/uploads\/2016\/08\/ivica-prusac-miro-vladimiir_1-696x495.jpg 696w, https:\/\/likemetkovic.hr\/portal\/wp-content\/uploads\/2016\/08\/ivica-prusac-miro-vladimiir_1.jpg 844w\" sizes=\"(max-width: 591px) 100vw, 591px\" alt=\"\">\r\n                            <\/a>\r\n                            \r\n                        <\/figure>\r\n                    <\/div>\r\n                            <\/div>\r\n                        <\/div>\r\n\r\n                        <div class = \"td-doubleSlider-2\">\r\n                            <div class = \"td-slider\">\r\n                                \r\n                    <div class = \"td-button td-item1\">\r\n                        <div class = \"td-border\"><\/div>\r\n                    <\/div>\r\n                    <div class = \"td-button td-item2\">\r\n                        <div class = \"td-border\"><\/div>\r\n                    <\/div>\r\n                    <div class = \"td-button td-item3\">\r\n                        <div class = \"td-border\"><\/div>\r\n                    <\/div>\r\n                    <div class = \"td-button td-item4\">\r\n                        <div class = \"td-border\"><\/div>\r\n                    <\/div>\r\n                    <div class = \"td-button td-item5\">\r\n                        <div class = \"td-border\"><\/div>\r\n                    <\/div>\r\n                    <div class = \"td-button td-item6\">\r\n                        <div class = \"td-border\"><\/div>\r\n                    <\/div>\r\n                    <div class = \"td-button td-item7\">\r\n                        <div class = \"td-border\"><\/div>\r\n                    <\/div>\r\n                    <div class = \"td-button td-item8\">\r\n                        <div class = \"td-border\"><\/div>\r\n                    <\/div>\r\n                    <div class = \"td-button td-item9\">\r\n                        <div class = \"td-border\"><\/div>\r\n                    <\/div>\r\n                    <div class = \"td-button td-item10\">\r\n                        <div class = \"td-border\"><\/div>\r\n                    <\/div>\r\n                            <\/div>\r\n                        <\/div>\r\n\r\n                    <\/div>\r\n\r\n                <\/div>\r\n                \n","protected":false},"excerpt":{"rendered":"<p>Nedavno smo bili gosti na imanju Mire Vladimira u Pozloj Gori.\u00a0Mirina ku\u0107a djelovala je premalo za sve one koji su bili tamo. To su bili njegovi suborci iz 3. gardijske brigade Kuna zajedno sa svojim obiteljima, Tomislav Antolovi\u0107 iz Belog Manastira i Alen Mihajlovi\u0107 iz Darde, \u010diji je pripadnik bio i Miro zajedno sa poginulim [&hellip;]<\/p>\n","protected":false},"author":7,"featured_media":25180,"comment_status":"open","ping_status":"open","sticky":false,"template":"","format":"standard","meta":{"footnotes":""},"categories":[283,11],"tags":[],"class_list":{"0":"post-25161","1":"post","2":"type-post","3":"status-publish","4":"format-standard","5":"has-post-thumbnail","7":"category-a","8":"category-metkovic-dolina"},"yoast_head":"<!-- This site is optimized with the Yoast SEO plugin v25.2 - https:\/\/yoast.com\/wordpress\/plugins\/seo\/ -->\n<title>MIRO VLADIMIR Heroj u ratu, heroj u miru! - likemetkovic.hr<\/title>\n<meta name=\"robots\" content=\"index, follow, max-snippet:-1, max-image-preview:large, max-video-preview:-1\" \/>\n<link rel=\"canonical\" href=\"https:\/\/likemetkovic.hr\/miro-vladimir-heroj-ratu-heroj-miru\/\" \/>\n<meta property=\"og:locale\" content=\"hr_HR\" \/>\n<meta property=\"og:type\" content=\"article\" \/>\n<meta property=\"og:title\" content=\"MIRO VLADIMIR Heroj u ratu, heroj u miru! - likemetkovic.hr\" \/>\n<meta property=\"og:description\" content=\"Nedavno smo bili gosti na imanju Mire Vladimira u Pozloj Gori.\u00a0Mirina ku\u0107a djelovala je premalo za sve one koji su bili tamo. To su bili njegovi suborci iz 3. gardijske brigade Kuna zajedno sa svojim obiteljima, Tomislav Antolovi\u0107 iz Belog Manastira i Alen Mihajlovi\u0107 iz Darde, \u010diji je pripadnik bio i Miro zajedno sa poginulim [&hellip;]\" \/>\n<meta property=\"og:url\" content=\"https:\/\/likemetkovic.hr\/miro-vladimir-heroj-ratu-heroj-miru\/\" \/>\n<meta property=\"og:site_name\" content=\"likemetkovic.hr\" \/>\n<meta property=\"article:publisher\" content=\"https:\/\/www.facebook.com\/likemetkovic.hr\/\" \/>\n<meta property=\"article:published_time\" content=\"2016-08-10T16:51:58+00:00\" \/>\n<meta property=\"article:modified_time\" content=\"2018-06-03T17:46:21+00:00\" \/>\n<meta property=\"og:image\" content=\"https:\/\/likemetkovic.hr\/wp-content\/uploads\/2016\/08\/miro-vladimir_19.jpg\" \/>\n\t<meta property=\"og:image:width\" content=\"800\" \/>\n\t<meta property=\"og:image:height\" content=\"600\" \/>\n\t<meta property=\"og:image:type\" content=\"image\/jpeg\" \/>\n<meta name=\"author\" content=\"LIKEmetkovic.hr\" \/>\n<meta name=\"twitter:card\" content=\"summary_large_image\" \/>\n<meta name=\"twitter:label1\" content=\"Napisao\/la\" \/>\n\t<meta name=\"twitter:data1\" content=\"LIKEmetkovic.hr\" \/>\n\t<meta name=\"twitter:label2\" content=\"Procijenjeno vrijeme \u010ditanja\" \/>\n\t<meta name=\"twitter:data2\" content=\"3 minute\" \/>\n<script type=\"application\/ld+json\" class=\"yoast-schema-graph\">{\"@context\":\"https:\/\/schema.org\",\"@graph\":[{\"@type\":\"WebPage\",\"@id\":\"https:\/\/likemetkovic.hr\/miro-vladimir-heroj-ratu-heroj-miru\/\",\"url\":\"https:\/\/likemetkovic.hr\/miro-vladimir-heroj-ratu-heroj-miru\/\",\"name\":\"MIRO VLADIMIR Heroj u ratu, heroj u miru! - likemetkovic.hr\",\"isPartOf\":{\"@id\":\"https:\/\/likemetkovic.hr\/#website\"},\"primaryImageOfPage\":{\"@id\":\"https:\/\/likemetkovic.hr\/miro-vladimir-heroj-ratu-heroj-miru\/#primaryimage\"},\"image\":{\"@id\":\"https:\/\/likemetkovic.hr\/miro-vladimir-heroj-ratu-heroj-miru\/#primaryimage\"},\"thumbnailUrl\":\"https:\/\/likemetkovic.hr\/portal\/wp-content\/uploads\/2016\/08\/miro-vladimir_19.jpg\",\"datePublished\":\"2016-08-10T16:51:58+00:00\",\"dateModified\":\"2018-06-03T17:46:21+00:00\",\"author\":{\"@id\":\"https:\/\/likemetkovic.hr\/#\/schema\/person\/a42711f3385a0e2be6f7e0443bfb28f0\"},\"breadcrumb\":{\"@id\":\"https:\/\/likemetkovic.hr\/miro-vladimir-heroj-ratu-heroj-miru\/#breadcrumb\"},\"inLanguage\":\"hr\",\"potentialAction\":[{\"@type\":\"ReadAction\",\"target\":[\"https:\/\/likemetkovic.hr\/miro-vladimir-heroj-ratu-heroj-miru\/\"]}]},{\"@type\":\"ImageObject\",\"inLanguage\":\"hr\",\"@id\":\"https:\/\/likemetkovic.hr\/miro-vladimir-heroj-ratu-heroj-miru\/#primaryimage\",\"url\":\"https:\/\/likemetkovic.hr\/portal\/wp-content\/uploads\/2016\/08\/miro-vladimir_19.jpg\",\"contentUrl\":\"https:\/\/likemetkovic.hr\/portal\/wp-content\/uploads\/2016\/08\/miro-vladimir_19.jpg\",\"width\":800,\"height\":600},{\"@type\":\"BreadcrumbList\",\"@id\":\"https:\/\/likemetkovic.hr\/miro-vladimir-heroj-ratu-heroj-miru\/#breadcrumb\",\"itemListElement\":[{\"@type\":\"ListItem\",\"position\":1,\"name\":\"Po\u010detna stranica\",\"item\":\"https:\/\/likemetkovic.hr\/portal\/\"},{\"@type\":\"ListItem\",\"position\":2,\"name\":\"MIRO VLADIMIR Heroj u ratu, heroj u miru!\"}]},{\"@type\":\"WebSite\",\"@id\":\"https:\/\/likemetkovic.hr\/#website\",\"url\":\"https:\/\/likemetkovic.hr\/\",\"name\":\"likemetkovic.hr\",\"description\":\"Misli pozitivno... \u010ditaj LIKE\",\"potentialAction\":[{\"@type\":\"SearchAction\",\"target\":{\"@type\":\"EntryPoint\",\"urlTemplate\":\"https:\/\/likemetkovic.hr\/?s={search_term_string}\"},\"query-input\":{\"@type\":\"PropertyValueSpecification\",\"valueRequired\":true,\"valueName\":\"search_term_string\"}}],\"inLanguage\":\"hr\"},{\"@type\":\"Person\",\"@id\":\"https:\/\/likemetkovic.hr\/#\/schema\/person\/a42711f3385a0e2be6f7e0443bfb28f0\",\"name\":\"LIKEmetkovic.hr\",\"sameAs\":[\"http:\/\/likemetkovic.hr\"],\"url\":\"https:\/\/likemetkovic.hr\/portal\/author\/likemetkovic-hr\/\"}]}<\/script>\n<!-- \/ Yoast SEO plugin. -->","yoast_head_json":{"title":"MIRO VLADIMIR Heroj u ratu, heroj u miru! - likemetkovic.hr","robots":{"index":"index","follow":"follow","max-snippet":"max-snippet:-1","max-image-preview":"max-image-preview:large","max-video-preview":"max-video-preview:-1"},"canonical":"https:\/\/likemetkovic.hr\/miro-vladimir-heroj-ratu-heroj-miru\/","og_locale":"hr_HR","og_type":"article","og_title":"MIRO VLADIMIR Heroj u ratu, heroj u miru! - likemetkovic.hr","og_description":"Nedavno smo bili gosti na imanju Mire Vladimira u Pozloj Gori.\u00a0Mirina ku\u0107a djelovala je premalo za sve one koji su bili tamo. To su bili njegovi suborci iz 3. gardijske brigade Kuna zajedno sa svojim obiteljima, Tomislav Antolovi\u0107 iz Belog Manastira i Alen Mihajlovi\u0107 iz Darde, \u010diji je pripadnik bio i Miro zajedno sa poginulim [&hellip;]","og_url":"https:\/\/likemetkovic.hr\/miro-vladimir-heroj-ratu-heroj-miru\/","og_site_name":"likemetkovic.hr","article_publisher":"https:\/\/www.facebook.com\/likemetkovic.hr\/","article_published_time":"2016-08-10T16:51:58+00:00","article_modified_time":"2018-06-03T17:46:21+00:00","og_image":[{"width":800,"height":600,"url":"https:\/\/likemetkovic.hr\/wp-content\/uploads\/2016\/08\/miro-vladimir_19.jpg","type":"image\/jpeg"}],"author":"LIKEmetkovic.hr","twitter_card":"summary_large_image","twitter_misc":{"Napisao\/la":"LIKEmetkovic.hr","Procijenjeno vrijeme \u010ditanja":"3 minute"},"schema":{"@context":"https:\/\/schema.org","@graph":[{"@type":"WebPage","@id":"https:\/\/likemetkovic.hr\/miro-vladimir-heroj-ratu-heroj-miru\/","url":"https:\/\/likemetkovic.hr\/miro-vladimir-heroj-ratu-heroj-miru\/","name":"MIRO VLADIMIR Heroj u ratu, heroj u miru! - likemetkovic.hr","isPartOf":{"@id":"https:\/\/likemetkovic.hr\/#website"},"primaryImageOfPage":{"@id":"https:\/\/likemetkovic.hr\/miro-vladimir-heroj-ratu-heroj-miru\/#primaryimage"},"image":{"@id":"https:\/\/likemetkovic.hr\/miro-vladimir-heroj-ratu-heroj-miru\/#primaryimage"},"thumbnailUrl":"https:\/\/likemetkovic.hr\/portal\/wp-content\/uploads\/2016\/08\/miro-vladimir_19.jpg","datePublished":"2016-08-10T16:51:58+00:00","dateModified":"2018-06-03T17:46:21+00:00","author":{"@id":"https:\/\/likemetkovic.hr\/#\/schema\/person\/a42711f3385a0e2be6f7e0443bfb28f0"},"breadcrumb":{"@id":"https:\/\/likemetkovic.hr\/miro-vladimir-heroj-ratu-heroj-miru\/#breadcrumb"},"inLanguage":"hr","potentialAction":[{"@type":"ReadAction","target":["https:\/\/likemetkovic.hr\/miro-vladimir-heroj-ratu-heroj-miru\/"]}]},{"@type":"ImageObject","inLanguage":"hr","@id":"https:\/\/likemetkovic.hr\/miro-vladimir-heroj-ratu-heroj-miru\/#primaryimage","url":"https:\/\/likemetkovic.hr\/portal\/wp-content\/uploads\/2016\/08\/miro-vladimir_19.jpg","contentUrl":"https:\/\/likemetkovic.hr\/portal\/wp-content\/uploads\/2016\/08\/miro-vladimir_19.jpg","width":800,"height":600},{"@type":"BreadcrumbList","@id":"https:\/\/likemetkovic.hr\/miro-vladimir-heroj-ratu-heroj-miru\/#breadcrumb","itemListElement":[{"@type":"ListItem","position":1,"name":"Po\u010detna stranica","item":"https:\/\/likemetkovic.hr\/portal\/"},{"@type":"ListItem","position":2,"name":"MIRO VLADIMIR Heroj u ratu, heroj u miru!"}]},{"@type":"WebSite","@id":"https:\/\/likemetkovic.hr\/#website","url":"https:\/\/likemetkovic.hr\/","name":"likemetkovic.hr","description":"Misli pozitivno... \u010ditaj LIKE","potentialAction":[{"@type":"SearchAction","target":{"@type":"EntryPoint","urlTemplate":"https:\/\/likemetkovic.hr\/?s={search_term_string}"},"query-input":{"@type":"PropertyValueSpecification","valueRequired":true,"valueName":"search_term_string"}}],"inLanguage":"hr"},{"@type":"Person","@id":"https:\/\/likemetkovic.hr\/#\/schema\/person\/a42711f3385a0e2be6f7e0443bfb28f0","name":"LIKEmetkovic.hr","sameAs":["http:\/\/likemetkovic.hr"],"url":"https:\/\/likemetkovic.hr\/portal\/author\/likemetkovic-hr\/"}]}},"_links":{"self":[{"href":"https:\/\/likemetkovic.hr\/portal\/wp-json\/wp\/v2\/posts\/25161","targetHints":{"allow":["GET"]}}],"collection":[{"href":"https:\/\/likemetkovic.hr\/portal\/wp-json\/wp\/v2\/posts"}],"about":[{"href":"https:\/\/likemetkovic.hr\/portal\/wp-json\/wp\/v2\/types\/post"}],"author":[{"embeddable":true,"href":"https:\/\/likemetkovic.hr\/portal\/wp-json\/wp\/v2\/users\/7"}],"replies":[{"embeddable":true,"href":"https:\/\/likemetkovic.hr\/portal\/wp-json\/wp\/v2\/comments?post=25161"}],"version-history":[{"count":0,"href":"https:\/\/likemetkovic.hr\/portal\/wp-json\/wp\/v2\/posts\/25161\/revisions"}],"wp:featuredmedia":[{"embeddable":true,"href":"https:\/\/likemetkovic.hr\/portal\/wp-json\/wp\/v2\/media\/25180"}],"wp:attachment":[{"href":"https:\/\/likemetkovic.hr\/portal\/wp-json\/wp\/v2\/media?parent=25161"}],"wp:term":[{"taxonomy":"category","embeddable":true,"href":"https:\/\/likemetkovic.hr\/portal\/wp-json\/wp\/v2\/categories?post=25161"},{"taxonomy":"post_tag","embeddable":true,"href":"https:\/\/likemetkovic.hr\/portal\/wp-json\/wp\/v2\/tags?post=25161"}],"curies":[{"name":"wp","href":"https:\/\/api.w.org\/{rel}","templated":true}]}}