{"id":25194,"date":"2016-08-10T08:10:07","date_gmt":"2016-08-10T06:10:07","guid":{"rendered":"http:\/\/likemetkovic.hr\/?p=25194"},"modified":"2018-06-03T19:47:38","modified_gmt":"2018-06-03T17:47:38","slug":"metkovsko-ljeto-energican-melodican-nastup-sastava-gadjo-manouche-gradskom-parku","status":"publish","type":"post","link":"https:\/\/likemetkovic.hr\/portal\/metkovsko-ljeto-energican-melodican-nastup-sastava-gadjo-manouche-gradskom-parku\/","title":{"rendered":"METKOVSKO LJETO Energi\u010dan i melodi\u010dan nastup Gadjo Manouche-a u Gradskom parku"},"content":{"rendered":"<p><strong>Ljubitelji autenti\u010dnog gypsy jazza sino\u0107 su u Gradskom parku u\u017eivali u\u00a0koncertu zagreba\u010dkog gypsy jazz sastava Gadjo Manouche. <\/strong><\/p>\n<p>Petero\u010dlani sastav\u00a0Gadjo Manouche osnovan 2008. godine njeguje glazbu 30-ih i 40-ih godina pro\u0161log stolje\u0107a po uzoru na slavnoga Djanga Reinhardta i njegov kvintet Hot Club de France.<\/p>\n<p>Nastup Gadjo Manouche-a u\u00a0vrlo energi\u010dnoj i melodi\u010dnoj izvedbi\u00a0koja malo\u00a0koga je ostavila ravnodu\u0161nim.<\/p>\n<p>Bio je to jo\u0161 jedan koncert odr\u017ean u sklopu Metkovskog ljeta u zaista idili\u010dnoj atmosferi na\u0161ega Gradskog parka\u00a0na zadovoljstvo\u00a0glazbenih sladokusaca.<\/p>\n<p>&nbsp;<\/p>\n\r\n                <style type=\"text\/css\">\r\n                    \r\n                    #tdi_1  .td-doubleSlider-2 .td-item1 {\r\n                        background: url(https:\/\/likemetkovic.hr\/portal\/wp-content\/uploads\/2016\/08\/Gadjo-Manouche-Gradski-park-08573-80x60.jpg) 0 0 no-repeat;\r\n                    }\r\n                    #tdi_1  .td-doubleSlider-2 .td-item2 {\r\n                        background: url(https:\/\/likemetkovic.hr\/portal\/wp-content\/uploads\/2016\/08\/Gadjo-Manouche-Gradski-park-08578-80x60.jpg) 0 0 no-repeat;\r\n                    }\r\n                    #tdi_1  .td-doubleSlider-2 .td-item3 {\r\n                        background: url(https:\/\/likemetkovic.hr\/portal\/wp-content\/uploads\/2016\/08\/Gadjo-Manouche-Gradski-park-08585-80x60.jpg) 0 0 no-repeat;\r\n                    }\r\n                    #tdi_1  .td-doubleSlider-2 .td-item4 {\r\n                        background: url(https:\/\/likemetkovic.hr\/portal\/wp-content\/uploads\/2016\/08\/Gadjo-Manouche-Gradski-park-08587-80x60.jpg) 0 0 no-repeat;\r\n                    }\r\n                    #tdi_1  .td-doubleSlider-2 .td-item5 {\r\n                        background: url(https:\/\/likemetkovic.hr\/portal\/wp-content\/uploads\/2016\/08\/Gadjo-Manouche-Gradski-park-08604-80x60.jpg) 0 0 no-repeat;\r\n                    }\r\n                    #tdi_1  .td-doubleSlider-2 .td-item6 {\r\n                        background: url(https:\/\/likemetkovic.hr\/portal\/wp-content\/uploads\/2016\/08\/Gadjo-Manouche-Gradski-park-08607-80x60.jpg) 0 0 no-repeat;\r\n                    }\r\n                    #tdi_1  .td-doubleSlider-2 .td-item7 {\r\n                        background: url(https:\/\/likemetkovic.hr\/portal\/wp-content\/uploads\/2016\/08\/Gadjo-Manouche-Gradski-park-08619-80x60.jpg) 0 0 no-repeat;\r\n                    }\r\n                <\/style>\r\n\r\n                <div id=\"tdi_1\" class=\"td-gallery td-slide-on-2-columns\">\r\n                    <div class=\"post_td_gallery\">\r\n                        <div class=\"td-gallery-slide-top\">\r\n                           <div class=\"td-gallery-title\"><\/div>\r\n\r\n                            <div class=\"td-gallery-controls-wrapper\">\r\n                                <div class=\"td-gallery-slide-count\"><span class=\"td-gallery-slide-item-focus\">1<\/span> of 7<\/div>\r\n                                <div class=\"td-gallery-slide-prev-next-but\">\r\n                                    <i class = \"td-icon-left doubleSliderPrevButton\"><\/i>\r\n                                    <i class = \"td-icon-right doubleSliderNextButton\"><\/i>\r\n                                <\/div>\r\n                            <\/div>\r\n                        <\/div>\r\n\r\n                        <div class = \"td-doubleSlider-1 \">\r\n                            <div class = \"td-slider\">\r\n                                \r\n                    <div class = \"td-slide-item td-item1\">\r\n                        <figure class=\"td-slide-galery-figure td-slide-popup-gallery\">\r\n                            <a class=\"slide-gallery-image-link\" href=\"https:\/\/likemetkovic.hr\/portal\/wp-content\/uploads\/2016\/08\/Gadjo-Manouche-Gradski-park-08573.jpg\" title=\"Gadjo Manouche, Gradski park-08573\"  data-caption=\"\"  data-description=\"\">\r\n                                <img decoding=\"async\" src=\"https:\/\/likemetkovic.hr\/portal\/wp-content\/uploads\/2016\/08\/Gadjo-Manouche-Gradski-park-08573-630x420.jpg\" srcset=\"https:\/\/likemetkovic.hr\/portal\/wp-content\/uploads\/2016\/08\/Gadjo-Manouche-Gradski-park-08573-630x420.jpg 630w, https:\/\/likemetkovic.hr\/portal\/wp-content\/uploads\/2016\/08\/Gadjo-Manouche-Gradski-park-08573-300x200.jpg 300w, https:\/\/likemetkovic.hr\/portal\/wp-content\/uploads\/2016\/08\/Gadjo-Manouche-Gradski-park-08573-768x512.jpg 768w, https:\/\/likemetkovic.hr\/portal\/wp-content\/uploads\/2016\/08\/Gadjo-Manouche-Gradski-park-08573-640x427.jpg 640w, https:\/\/likemetkovic.hr\/portal\/wp-content\/uploads\/2016\/08\/Gadjo-Manouche-Gradski-park-08573-696x464.jpg 696w, https:\/\/likemetkovic.hr\/portal\/wp-content\/uploads\/2016\/08\/Gadjo-Manouche-Gradski-park-08573.jpg 900w\" sizes=\"(max-width: 630px) 100vw, 630px\" alt=\"\">\r\n                            <\/a>\r\n                            \r\n                        <\/figure>\r\n                    <\/div>\r\n                    <div class = \"td-slide-item td-item2\">\r\n                        <figure class=\"td-slide-galery-figure td-slide-popup-gallery\">\r\n                            <a class=\"slide-gallery-image-link\" href=\"https:\/\/likemetkovic.hr\/portal\/wp-content\/uploads\/2016\/08\/Gadjo-Manouche-Gradski-park-08578.jpg\" title=\"Gadjo Manouche, Gradski park-08578\"  data-caption=\"\"  data-description=\"\">\r\n                                <img decoding=\"async\" src=\"https:\/\/likemetkovic.hr\/portal\/wp-content\/uploads\/2016\/08\/Gadjo-Manouche-Gradski-park-08578-630x420.jpg\" srcset=\"https:\/\/likemetkovic.hr\/portal\/wp-content\/uploads\/2016\/08\/Gadjo-Manouche-Gradski-park-08578-630x420.jpg 630w, https:\/\/likemetkovic.hr\/portal\/wp-content\/uploads\/2016\/08\/Gadjo-Manouche-Gradski-park-08578-300x200.jpg 300w, https:\/\/likemetkovic.hr\/portal\/wp-content\/uploads\/2016\/08\/Gadjo-Manouche-Gradski-park-08578-768x512.jpg 768w, https:\/\/likemetkovic.hr\/portal\/wp-content\/uploads\/2016\/08\/Gadjo-Manouche-Gradski-park-08578-640x427.jpg 640w, https:\/\/likemetkovic.hr\/portal\/wp-content\/uploads\/2016\/08\/Gadjo-Manouche-Gradski-park-08578-696x464.jpg 696w, https:\/\/likemetkovic.hr\/portal\/wp-content\/uploads\/2016\/08\/Gadjo-Manouche-Gradski-park-08578.jpg 900w\" sizes=\"(max-width: 630px) 100vw, 630px\" alt=\"\">\r\n                            <\/a>\r\n                            \r\n                        <\/figure>\r\n                    <\/div>\r\n                    <div class = \"td-slide-item td-item3\">\r\n                        <figure class=\"td-slide-galery-figure td-slide-popup-gallery\">\r\n                            <a class=\"slide-gallery-image-link\" href=\"https:\/\/likemetkovic.hr\/portal\/wp-content\/uploads\/2016\/08\/Gadjo-Manouche-Gradski-park-08585.jpg\" title=\"Gadjo Manouche, Gradski park-08585\"  data-caption=\"\"  data-description=\"\">\r\n                                <img decoding=\"async\" src=\"https:\/\/likemetkovic.hr\/portal\/wp-content\/uploads\/2016\/08\/Gadjo-Manouche-Gradski-park-08585-630x420.jpg\" srcset=\"https:\/\/likemetkovic.hr\/portal\/wp-content\/uploads\/2016\/08\/Gadjo-Manouche-Gradski-park-08585-630x420.jpg 630w, https:\/\/likemetkovic.hr\/portal\/wp-content\/uploads\/2016\/08\/Gadjo-Manouche-Gradski-park-08585-300x200.jpg 300w, https:\/\/likemetkovic.hr\/portal\/wp-content\/uploads\/2016\/08\/Gadjo-Manouche-Gradski-park-08585-768x512.jpg 768w, https:\/\/likemetkovic.hr\/portal\/wp-content\/uploads\/2016\/08\/Gadjo-Manouche-Gradski-park-08585-640x427.jpg 640w, https:\/\/likemetkovic.hr\/portal\/wp-content\/uploads\/2016\/08\/Gadjo-Manouche-Gradski-park-08585-696x464.jpg 696w, https:\/\/likemetkovic.hr\/portal\/wp-content\/uploads\/2016\/08\/Gadjo-Manouche-Gradski-park-08585.jpg 900w\" sizes=\"(max-width: 630px) 100vw, 630px\" alt=\"\">\r\n                            <\/a>\r\n                            \r\n                        <\/figure>\r\n                    <\/div>\r\n                    <div class = \"td-slide-item td-item4\">\r\n                        <figure class=\"td-slide-galery-figure td-slide-popup-gallery\">\r\n                            <a class=\"slide-gallery-image-link\" href=\"https:\/\/likemetkovic.hr\/portal\/wp-content\/uploads\/2016\/08\/Gadjo-Manouche-Gradski-park-08587.jpg\" title=\"Gadjo Manouche, Gradski park-08587\"  data-caption=\"\"  data-description=\"\">\r\n                                <img decoding=\"async\" src=\"https:\/\/likemetkovic.hr\/portal\/wp-content\/uploads\/2016\/08\/Gadjo-Manouche-Gradski-park-08587-630x420.jpg\" srcset=\"https:\/\/likemetkovic.hr\/portal\/wp-content\/uploads\/2016\/08\/Gadjo-Manouche-Gradski-park-08587-630x420.jpg 630w, https:\/\/likemetkovic.hr\/portal\/wp-content\/uploads\/2016\/08\/Gadjo-Manouche-Gradski-park-08587-300x200.jpg 300w, https:\/\/likemetkovic.hr\/portal\/wp-content\/uploads\/2016\/08\/Gadjo-Manouche-Gradski-park-08587-768x512.jpg 768w, https:\/\/likemetkovic.hr\/portal\/wp-content\/uploads\/2016\/08\/Gadjo-Manouche-Gradski-park-08587-640x427.jpg 640w, https:\/\/likemetkovic.hr\/portal\/wp-content\/uploads\/2016\/08\/Gadjo-Manouche-Gradski-park-08587-696x464.jpg 696w, https:\/\/likemetkovic.hr\/portal\/wp-content\/uploads\/2016\/08\/Gadjo-Manouche-Gradski-park-08587.jpg 900w\" sizes=\"(max-width: 630px) 100vw, 630px\" alt=\"\">\r\n                            <\/a>\r\n                            \r\n                        <\/figure>\r\n                    <\/div>\r\n                    <div class = \"td-slide-item td-item5\">\r\n                        <figure class=\"td-slide-galery-figure td-slide-popup-gallery\">\r\n                            <a class=\"slide-gallery-image-link\" href=\"https:\/\/likemetkovic.hr\/portal\/wp-content\/uploads\/2016\/08\/Gadjo-Manouche-Gradski-park-08604.jpg\" title=\"Gadjo Manouche, Gradski park-08604\"  data-caption=\"\"  data-description=\"\">\r\n                                <img decoding=\"async\" src=\"https:\/\/likemetkovic.hr\/portal\/wp-content\/uploads\/2016\/08\/Gadjo-Manouche-Gradski-park-08604-630x420.jpg\" srcset=\"https:\/\/likemetkovic.hr\/portal\/wp-content\/uploads\/2016\/08\/Gadjo-Manouche-Gradski-park-08604-630x420.jpg 630w, https:\/\/likemetkovic.hr\/portal\/wp-content\/uploads\/2016\/08\/Gadjo-Manouche-Gradski-park-08604-300x200.jpg 300w, https:\/\/likemetkovic.hr\/portal\/wp-content\/uploads\/2016\/08\/Gadjo-Manouche-Gradski-park-08604-768x512.jpg 768w, https:\/\/likemetkovic.hr\/portal\/wp-content\/uploads\/2016\/08\/Gadjo-Manouche-Gradski-park-08604-640x427.jpg 640w, https:\/\/likemetkovic.hr\/portal\/wp-content\/uploads\/2016\/08\/Gadjo-Manouche-Gradski-park-08604-696x464.jpg 696w, https:\/\/likemetkovic.hr\/portal\/wp-content\/uploads\/2016\/08\/Gadjo-Manouche-Gradski-park-08604.jpg 900w\" sizes=\"(max-width: 630px) 100vw, 630px\" alt=\"\">\r\n                            <\/a>\r\n                            \r\n                        <\/figure>\r\n                    <\/div>\r\n                    <div class = \"td-slide-item td-item6\">\r\n                        <figure class=\"td-slide-galery-figure td-slide-popup-gallery\">\r\n                            <a class=\"slide-gallery-image-link\" href=\"https:\/\/likemetkovic.hr\/portal\/wp-content\/uploads\/2016\/08\/Gadjo-Manouche-Gradski-park-08607.jpg\" title=\"Gadjo Manouche, Gradski park-08607\"  data-caption=\"\"  data-description=\"\">\r\n                                <img decoding=\"async\" src=\"https:\/\/likemetkovic.hr\/portal\/wp-content\/uploads\/2016\/08\/Gadjo-Manouche-Gradski-park-08607-630x420.jpg\" srcset=\"https:\/\/likemetkovic.hr\/portal\/wp-content\/uploads\/2016\/08\/Gadjo-Manouche-Gradski-park-08607-630x420.jpg 630w, https:\/\/likemetkovic.hr\/portal\/wp-content\/uploads\/2016\/08\/Gadjo-Manouche-Gradski-park-08607-300x200.jpg 300w, https:\/\/likemetkovic.hr\/portal\/wp-content\/uploads\/2016\/08\/Gadjo-Manouche-Gradski-park-08607-768x512.jpg 768w, https:\/\/likemetkovic.hr\/portal\/wp-content\/uploads\/2016\/08\/Gadjo-Manouche-Gradski-park-08607-640x427.jpg 640w, https:\/\/likemetkovic.hr\/portal\/wp-content\/uploads\/2016\/08\/Gadjo-Manouche-Gradski-park-08607-696x464.jpg 696w, https:\/\/likemetkovic.hr\/portal\/wp-content\/uploads\/2016\/08\/Gadjo-Manouche-Gradski-park-08607.jpg 900w\" sizes=\"(max-width: 630px) 100vw, 630px\" alt=\"\">\r\n                            <\/a>\r\n                            \r\n                        <\/figure>\r\n                    <\/div>\r\n                    <div class = \"td-slide-item td-item7\">\r\n                        <figure class=\"td-slide-galery-figure td-slide-popup-gallery\">\r\n                            <a class=\"slide-gallery-image-link\" href=\"https:\/\/likemetkovic.hr\/portal\/wp-content\/uploads\/2016\/08\/Gadjo-Manouche-Gradski-park-08619.jpg\" title=\"Gadjo Manouche, Gradski park-08619\"  data-caption=\"\"  data-description=\"\">\r\n                                <img decoding=\"async\" src=\"https:\/\/likemetkovic.hr\/portal\/wp-content\/uploads\/2016\/08\/Gadjo-Manouche-Gradski-park-08619-630x420.jpg\" srcset=\"https:\/\/likemetkovic.hr\/portal\/wp-content\/uploads\/2016\/08\/Gadjo-Manouche-Gradski-park-08619-630x420.jpg 630w, https:\/\/likemetkovic.hr\/portal\/wp-content\/uploads\/2016\/08\/Gadjo-Manouche-Gradski-park-08619-300x200.jpg 300w, https:\/\/likemetkovic.hr\/portal\/wp-content\/uploads\/2016\/08\/Gadjo-Manouche-Gradski-park-08619-768x512.jpg 768w, https:\/\/likemetkovic.hr\/portal\/wp-content\/uploads\/2016\/08\/Gadjo-Manouche-Gradski-park-08619-640x427.jpg 640w, https:\/\/likemetkovic.hr\/portal\/wp-content\/uploads\/2016\/08\/Gadjo-Manouche-Gradski-park-08619-696x464.jpg 696w, https:\/\/likemetkovic.hr\/portal\/wp-content\/uploads\/2016\/08\/Gadjo-Manouche-Gradski-park-08619.jpg 900w\" sizes=\"(max-width: 630px) 100vw, 630px\" alt=\"\">\r\n                            <\/a>\r\n                            \r\n                        <\/figure>\r\n                    <\/div>\r\n                            <\/div>\r\n                        <\/div>\r\n\r\n                        <div class = \"td-doubleSlider-2\">\r\n                            <div class = \"td-slider\">\r\n                                \r\n                    <div class = \"td-button td-item1\">\r\n                        <div class = \"td-border\"><\/div>\r\n                    <\/div>\r\n                    <div class = \"td-button td-item2\">\r\n                        <div class = \"td-border\"><\/div>\r\n                    <\/div>\r\n                    <div class = \"td-button td-item3\">\r\n                        <div class = \"td-border\"><\/div>\r\n                    <\/div>\r\n                    <div class = \"td-button td-item4\">\r\n                        <div class = \"td-border\"><\/div>\r\n                    <\/div>\r\n                    <div class = \"td-button td-item5\">\r\n                        <div class = \"td-border\"><\/div>\r\n                    <\/div>\r\n                    <div class = \"td-button td-item6\">\r\n                        <div class = \"td-border\"><\/div>\r\n                    <\/div>\r\n                    <div class = \"td-button td-item7\">\r\n                        <div class = \"td-border\"><\/div>\r\n                    <\/div>\r\n                            <\/div>\r\n                        <\/div>\r\n\r\n                    <\/div>\r\n\r\n                <\/div>\r\n                \n","protected":false},"excerpt":{"rendered":"<p>Ljubitelji autenti\u010dnog gypsy jazza sino\u0107 su u Gradskom parku u\u017eivali u\u00a0koncertu zagreba\u010dkog gypsy jazz sastava Gadjo Manouche. Petero\u010dlani sastav\u00a0Gadjo Manouche osnovan 2008. godine njeguje glazbu 30-ih i 40-ih godina pro\u0161log stolje\u0107a po uzoru na slavnoga Djanga Reinhardta i njegov kvintet Hot Club de France. Nastup Gadjo Manouche-a u\u00a0vrlo energi\u010dnoj i melodi\u010dnoj izvedbi\u00a0koja malo\u00a0koga je ostavila [&hellip;]<\/p>\n","protected":false},"author":7,"featured_media":0,"comment_status":"open","ping_status":"open","sticky":false,"template":"","format":"standard","meta":{"footnotes":""},"categories":[283,11],"tags":[],"class_list":{"0":"post-25194","1":"post","2":"type-post","3":"status-publish","4":"format-standard","6":"category-a","7":"category-metkovic-dolina"},"yoast_head":"<!-- This site is optimized with the Yoast SEO plugin v25.2 - https:\/\/yoast.com\/wordpress\/plugins\/seo\/ -->\n<title>METKOVSKO LJETO Energi\u010dan i melodi\u010dan nastup Gadjo Manouche-a u Gradskom parku - likemetkovic.hr<\/title>\n<meta name=\"robots\" content=\"index, follow, max-snippet:-1, max-image-preview:large, max-video-preview:-1\" \/>\n<link rel=\"canonical\" href=\"https:\/\/likemetkovic.hr\/metkovsko-ljeto-energican-melodican-nastup-sastava-gadjo-manouche-gradskom-parku\/\" \/>\n<meta property=\"og:locale\" content=\"hr_HR\" \/>\n<meta property=\"og:type\" content=\"article\" \/>\n<meta property=\"og:title\" content=\"METKOVSKO LJETO Energi\u010dan i melodi\u010dan nastup Gadjo Manouche-a u Gradskom parku - likemetkovic.hr\" \/>\n<meta property=\"og:description\" content=\"Ljubitelji autenti\u010dnog gypsy jazza sino\u0107 su u Gradskom parku u\u017eivali u\u00a0koncertu zagreba\u010dkog gypsy jazz sastava Gadjo Manouche. Petero\u010dlani sastav\u00a0Gadjo Manouche osnovan 2008. godine njeguje glazbu 30-ih i 40-ih godina pro\u0161log stolje\u0107a po uzoru na slavnoga Djanga Reinhardta i njegov kvintet Hot Club de France. Nastup Gadjo Manouche-a u\u00a0vrlo energi\u010dnoj i melodi\u010dnoj izvedbi\u00a0koja malo\u00a0koga je ostavila [&hellip;]\" \/>\n<meta property=\"og:url\" content=\"https:\/\/likemetkovic.hr\/metkovsko-ljeto-energican-melodican-nastup-sastava-gadjo-manouche-gradskom-parku\/\" \/>\n<meta property=\"og:site_name\" content=\"likemetkovic.hr\" \/>\n<meta property=\"article:publisher\" content=\"https:\/\/www.facebook.com\/likemetkovic.hr\/\" \/>\n<meta property=\"article:published_time\" content=\"2016-08-10T06:10:07+00:00\" \/>\n<meta property=\"article:modified_time\" content=\"2018-06-03T17:47:38+00:00\" \/>\n<meta property=\"og:image\" content=\"https:\/\/likemetkovic.hr\/wp-content\/uploads\/2016\/08\/Gadjo-Manouche-Gradski-park-08573-630x420.jpg\" \/>\n<meta name=\"author\" content=\"LIKEmetkovic.hr\" \/>\n<meta name=\"twitter:card\" content=\"summary_large_image\" \/>\n<meta name=\"twitter:label1\" content=\"Napisao\/la\" \/>\n\t<meta name=\"twitter:data1\" content=\"LIKEmetkovic.hr\" \/>\n\t<meta name=\"twitter:label2\" content=\"Procijenjeno vrijeme \u010ditanja\" \/>\n\t<meta name=\"twitter:data2\" content=\"1 minuta\" \/>\n<script type=\"application\/ld+json\" class=\"yoast-schema-graph\">{\"@context\":\"https:\/\/schema.org\",\"@graph\":[{\"@type\":\"WebPage\",\"@id\":\"https:\/\/likemetkovic.hr\/metkovsko-ljeto-energican-melodican-nastup-sastava-gadjo-manouche-gradskom-parku\/\",\"url\":\"https:\/\/likemetkovic.hr\/metkovsko-ljeto-energican-melodican-nastup-sastava-gadjo-manouche-gradskom-parku\/\",\"name\":\"METKOVSKO LJETO Energi\u010dan i melodi\u010dan nastup Gadjo Manouche-a u Gradskom parku - likemetkovic.hr\",\"isPartOf\":{\"@id\":\"https:\/\/likemetkovic.hr\/#website\"},\"datePublished\":\"2016-08-10T06:10:07+00:00\",\"dateModified\":\"2018-06-03T17:47:38+00:00\",\"author\":{\"@id\":\"https:\/\/likemetkovic.hr\/#\/schema\/person\/a42711f3385a0e2be6f7e0443bfb28f0\"},\"breadcrumb\":{\"@id\":\"https:\/\/likemetkovic.hr\/metkovsko-ljeto-energican-melodican-nastup-sastava-gadjo-manouche-gradskom-parku\/#breadcrumb\"},\"inLanguage\":\"hr\",\"potentialAction\":[{\"@type\":\"ReadAction\",\"target\":[\"https:\/\/likemetkovic.hr\/metkovsko-ljeto-energican-melodican-nastup-sastava-gadjo-manouche-gradskom-parku\/\"]}]},{\"@type\":\"BreadcrumbList\",\"@id\":\"https:\/\/likemetkovic.hr\/metkovsko-ljeto-energican-melodican-nastup-sastava-gadjo-manouche-gradskom-parku\/#breadcrumb\",\"itemListElement\":[{\"@type\":\"ListItem\",\"position\":1,\"name\":\"Po\u010detna stranica\",\"item\":\"https:\/\/likemetkovic.hr\/portal\/\"},{\"@type\":\"ListItem\",\"position\":2,\"name\":\"METKOVSKO LJETO Energi\u010dan i melodi\u010dan nastup Gadjo Manouche-a u Gradskom parku\"}]},{\"@type\":\"WebSite\",\"@id\":\"https:\/\/likemetkovic.hr\/#website\",\"url\":\"https:\/\/likemetkovic.hr\/\",\"name\":\"likemetkovic.hr\",\"description\":\"Misli pozitivno... \u010ditaj LIKE\",\"potentialAction\":[{\"@type\":\"SearchAction\",\"target\":{\"@type\":\"EntryPoint\",\"urlTemplate\":\"https:\/\/likemetkovic.hr\/?s={search_term_string}\"},\"query-input\":{\"@type\":\"PropertyValueSpecification\",\"valueRequired\":true,\"valueName\":\"search_term_string\"}}],\"inLanguage\":\"hr\"},{\"@type\":\"Person\",\"@id\":\"https:\/\/likemetkovic.hr\/#\/schema\/person\/a42711f3385a0e2be6f7e0443bfb28f0\",\"name\":\"LIKEmetkovic.hr\",\"sameAs\":[\"http:\/\/likemetkovic.hr\"],\"url\":\"https:\/\/likemetkovic.hr\/portal\/author\/likemetkovic-hr\/\"}]}<\/script>\n<!-- \/ Yoast SEO plugin. -->","yoast_head_json":{"title":"METKOVSKO LJETO Energi\u010dan i melodi\u010dan nastup Gadjo Manouche-a u Gradskom parku - likemetkovic.hr","robots":{"index":"index","follow":"follow","max-snippet":"max-snippet:-1","max-image-preview":"max-image-preview:large","max-video-preview":"max-video-preview:-1"},"canonical":"https:\/\/likemetkovic.hr\/metkovsko-ljeto-energican-melodican-nastup-sastava-gadjo-manouche-gradskom-parku\/","og_locale":"hr_HR","og_type":"article","og_title":"METKOVSKO LJETO Energi\u010dan i melodi\u010dan nastup Gadjo Manouche-a u Gradskom parku - likemetkovic.hr","og_description":"Ljubitelji autenti\u010dnog gypsy jazza sino\u0107 su u Gradskom parku u\u017eivali u\u00a0koncertu zagreba\u010dkog gypsy jazz sastava Gadjo Manouche. Petero\u010dlani sastav\u00a0Gadjo Manouche osnovan 2008. godine njeguje glazbu 30-ih i 40-ih godina pro\u0161log stolje\u0107a po uzoru na slavnoga Djanga Reinhardta i njegov kvintet Hot Club de France. Nastup Gadjo Manouche-a u\u00a0vrlo energi\u010dnoj i melodi\u010dnoj izvedbi\u00a0koja malo\u00a0koga je ostavila [&hellip;]","og_url":"https:\/\/likemetkovic.hr\/metkovsko-ljeto-energican-melodican-nastup-sastava-gadjo-manouche-gradskom-parku\/","og_site_name":"likemetkovic.hr","article_publisher":"https:\/\/www.facebook.com\/likemetkovic.hr\/","article_published_time":"2016-08-10T06:10:07+00:00","article_modified_time":"2018-06-03T17:47:38+00:00","og_image":[{"url":"https:\/\/likemetkovic.hr\/wp-content\/uploads\/2016\/08\/Gadjo-Manouche-Gradski-park-08573-630x420.jpg","type":"","width":"","height":""}],"author":"LIKEmetkovic.hr","twitter_card":"summary_large_image","twitter_misc":{"Napisao\/la":"LIKEmetkovic.hr","Procijenjeno vrijeme \u010ditanja":"1 minuta"},"schema":{"@context":"https:\/\/schema.org","@graph":[{"@type":"WebPage","@id":"https:\/\/likemetkovic.hr\/metkovsko-ljeto-energican-melodican-nastup-sastava-gadjo-manouche-gradskom-parku\/","url":"https:\/\/likemetkovic.hr\/metkovsko-ljeto-energican-melodican-nastup-sastava-gadjo-manouche-gradskom-parku\/","name":"METKOVSKO LJETO Energi\u010dan i melodi\u010dan nastup Gadjo Manouche-a u Gradskom parku - likemetkovic.hr","isPartOf":{"@id":"https:\/\/likemetkovic.hr\/#website"},"datePublished":"2016-08-10T06:10:07+00:00","dateModified":"2018-06-03T17:47:38+00:00","author":{"@id":"https:\/\/likemetkovic.hr\/#\/schema\/person\/a42711f3385a0e2be6f7e0443bfb28f0"},"breadcrumb":{"@id":"https:\/\/likemetkovic.hr\/metkovsko-ljeto-energican-melodican-nastup-sastava-gadjo-manouche-gradskom-parku\/#breadcrumb"},"inLanguage":"hr","potentialAction":[{"@type":"ReadAction","target":["https:\/\/likemetkovic.hr\/metkovsko-ljeto-energican-melodican-nastup-sastava-gadjo-manouche-gradskom-parku\/"]}]},{"@type":"BreadcrumbList","@id":"https:\/\/likemetkovic.hr\/metkovsko-ljeto-energican-melodican-nastup-sastava-gadjo-manouche-gradskom-parku\/#breadcrumb","itemListElement":[{"@type":"ListItem","position":1,"name":"Po\u010detna stranica","item":"https:\/\/likemetkovic.hr\/portal\/"},{"@type":"ListItem","position":2,"name":"METKOVSKO LJETO Energi\u010dan i melodi\u010dan nastup Gadjo Manouche-a u Gradskom parku"}]},{"@type":"WebSite","@id":"https:\/\/likemetkovic.hr\/#website","url":"https:\/\/likemetkovic.hr\/","name":"likemetkovic.hr","description":"Misli pozitivno... \u010ditaj LIKE","potentialAction":[{"@type":"SearchAction","target":{"@type":"EntryPoint","urlTemplate":"https:\/\/likemetkovic.hr\/?s={search_term_string}"},"query-input":{"@type":"PropertyValueSpecification","valueRequired":true,"valueName":"search_term_string"}}],"inLanguage":"hr"},{"@type":"Person","@id":"https:\/\/likemetkovic.hr\/#\/schema\/person\/a42711f3385a0e2be6f7e0443bfb28f0","name":"LIKEmetkovic.hr","sameAs":["http:\/\/likemetkovic.hr"],"url":"https:\/\/likemetkovic.hr\/portal\/author\/likemetkovic-hr\/"}]}},"_links":{"self":[{"href":"https:\/\/likemetkovic.hr\/portal\/wp-json\/wp\/v2\/posts\/25194","targetHints":{"allow":["GET"]}}],"collection":[{"href":"https:\/\/likemetkovic.hr\/portal\/wp-json\/wp\/v2\/posts"}],"about":[{"href":"https:\/\/likemetkovic.hr\/portal\/wp-json\/wp\/v2\/types\/post"}],"author":[{"embeddable":true,"href":"https:\/\/likemetkovic.hr\/portal\/wp-json\/wp\/v2\/users\/7"}],"replies":[{"embeddable":true,"href":"https:\/\/likemetkovic.hr\/portal\/wp-json\/wp\/v2\/comments?post=25194"}],"version-history":[{"count":0,"href":"https:\/\/likemetkovic.hr\/portal\/wp-json\/wp\/v2\/posts\/25194\/revisions"}],"wp:attachment":[{"href":"https:\/\/likemetkovic.hr\/portal\/wp-json\/wp\/v2\/media?parent=25194"}],"wp:term":[{"taxonomy":"category","embeddable":true,"href":"https:\/\/likemetkovic.hr\/portal\/wp-json\/wp\/v2\/categories?post=25194"},{"taxonomy":"post_tag","embeddable":true,"href":"https:\/\/likemetkovic.hr\/portal\/wp-json\/wp\/v2\/tags?post=25194"}],"curies":[{"name":"wp","href":"https:\/\/api.w.org\/{rel}","templated":true}]}}