{"id":25346,"date":"2016-08-12T00:57:18","date_gmt":"2016-08-11T22:57:18","guid":{"rendered":"http:\/\/likemetkovic.hr\/?p=25346"},"modified":"2018-06-03T19:44:44","modified_gmt":"2018-06-03T17:44:44","slug":"foto-gusarice-iz-metkovica-osvojile-iii-maraton-ladarica","status":"publish","type":"post","link":"https:\/\/likemetkovic.hr\/portal\/foto-gusarice-iz-metkovica-osvojile-iii-maraton-ladarica\/","title":{"rendered":"FOTO Gusarice iz Metkovi\u0107a osvojile III. Maraton la\u0111arica!"},"content":{"rendered":"<p style=\"padding-left: 60px;\">Danas je sa startom u 18 sati u Opuzenu odr\u017ean tre\u0107i Maraton la\u0111arica. U konkurenciji su bile \u010detiri ekipe:\u00a0<span style=\"font-size: small;\">Udruga GUSARICE Metkovi\u0107,\u00a0<\/span><span style=\"font-size: small;\">Udruga la\u0111arica STABLINA Stablina,\u00a0<\/span><span style=\"font-size: small;\">Udruga la\u0111arica METKOVKE Metkovi\u0107 te\u00a0<\/span><span style=\"font-size: small;\">La\u0111arice Opuzen. Pobjednice ovogodi\u0161njeg Maraton la\u0111arica su\u00a0Gusarice koje su utrku odveslale\u00a0u vremenu\u00a01.21.08! La\u0111arice Stabline bile su druge sa vremenom\u00a01.24.12, dok su bron\u010dane\u00a0bile &#8220;Metkovke&#8221; sa vremenom\u00a01.30.10.<\/span><\/p>\n<p>Bron\u010dane medalje Metkovkama je na sve\u010danosti u ve\u010dernjem programu nakon utrke uru\u010dio direktor Maratona la\u0111arica\u00a0<strong>Pavo Delija<\/strong>. Srebrne medalje la\u0111aricama Stabline uru\u010dio je\u00a0predsjednik Udruge la\u0111ara Neretve <strong>Dalibor Obradovi\u0107<\/strong>, a zlatne medalje pobjednicama ovogodi\u0161njeg Maratona je uru\u010dila\u00a0gradona\u010delnica Metkovi\u0107a <strong>Katarina Ujdur.<\/strong><\/p>\n<p>Nakon dodjele medalja uslijedila je proslava\u00a0NO\u0106I LA\u0110ARA uz zabavno-glazbeni program za koji je zadu\u017ena bila\u00a0grupa Versi.<\/p>\n\r\n                <style type=\"text\/css\">\r\n                    \r\n                    #tdi_1  .td-doubleSlider-2 .td-item1 {\r\n                        background: url(https:\/\/likemetkovic.hr\/portal\/wp-content\/uploads\/2016\/08\/DSC07101-80x60.jpg) 0 0 no-repeat;\r\n                    }\r\n                    #tdi_1  .td-doubleSlider-2 .td-item2 {\r\n                        background: url(https:\/\/likemetkovic.hr\/portal\/wp-content\/uploads\/2016\/08\/DSC07103-80x60.jpg) 0 0 no-repeat;\r\n                    }\r\n                    #tdi_1  .td-doubleSlider-2 .td-item3 {\r\n                        background: url(https:\/\/likemetkovic.hr\/portal\/wp-content\/uploads\/2016\/08\/DSC07109-80x60.jpg) 0 0 no-repeat;\r\n                    }\r\n                    #tdi_1  .td-doubleSlider-2 .td-item4 {\r\n                        background: url(https:\/\/likemetkovic.hr\/portal\/wp-content\/uploads\/2016\/08\/DSC07117-80x60.jpg) 0 0 no-repeat;\r\n                    }\r\n                    #tdi_1  .td-doubleSlider-2 .td-item5 {\r\n                        background: url(https:\/\/likemetkovic.hr\/portal\/wp-content\/uploads\/2016\/08\/DSC07127-80x60.jpg) 0 0 no-repeat;\r\n                    }\r\n                    #tdi_1  .td-doubleSlider-2 .td-item6 {\r\n                        background: url(https:\/\/likemetkovic.hr\/portal\/wp-content\/uploads\/2016\/08\/DSC07149-80x60.jpg) 0 0 no-repeat;\r\n                    }\r\n                <\/style>\r\n\r\n                <div id=\"tdi_1\" class=\"td-gallery td-slide-on-2-columns\">\r\n                    <div class=\"post_td_gallery\">\r\n                        <div class=\"td-gallery-slide-top\">\r\n                           <div class=\"td-gallery-title\"><\/div>\r\n\r\n                            <div class=\"td-gallery-controls-wrapper\">\r\n                                <div class=\"td-gallery-slide-count\"><span class=\"td-gallery-slide-item-focus\">1<\/span> of 6<\/div>\r\n                                <div class=\"td-gallery-slide-prev-next-but\">\r\n                                    <i class = \"td-icon-left doubleSliderPrevButton\"><\/i>\r\n                                    <i class = \"td-icon-right doubleSliderNextButton\"><\/i>\r\n                                <\/div>\r\n                            <\/div>\r\n                        <\/div>\r\n\r\n                        <div class = \"td-doubleSlider-1 \">\r\n                            <div class = \"td-slider\">\r\n                                \r\n                    <div class = \"td-slide-item td-item1\">\r\n                        <figure class=\"td-slide-galery-figure td-slide-popup-gallery\">\r\n                            <a class=\"slide-gallery-image-link\" href=\"https:\/\/likemetkovic.hr\/portal\/wp-content\/uploads\/2016\/08\/DSC07101.jpg\" title=\"Maraton la\u0111arica\"  data-caption=\"\"  data-description=\"\">\r\n                                <img decoding=\"async\" src=\"https:\/\/likemetkovic.hr\/portal\/wp-content\/uploads\/2016\/08\/DSC07101-560x420.jpg\" srcset=\"https:\/\/likemetkovic.hr\/portal\/wp-content\/uploads\/2016\/08\/DSC07101-560x420.jpg 560w, https:\/\/likemetkovic.hr\/portal\/wp-content\/uploads\/2016\/08\/DSC07101-300x225.jpg 300w, https:\/\/likemetkovic.hr\/portal\/wp-content\/uploads\/2016\/08\/DSC07101-768x576.jpg 768w, https:\/\/likemetkovic.hr\/portal\/wp-content\/uploads\/2016\/08\/DSC07101-640x480.jpg 640w, https:\/\/likemetkovic.hr\/portal\/wp-content\/uploads\/2016\/08\/DSC07101-80x60.jpg 80w, https:\/\/likemetkovic.hr\/portal\/wp-content\/uploads\/2016\/08\/DSC07101-265x198.jpg 265w, https:\/\/likemetkovic.hr\/portal\/wp-content\/uploads\/2016\/08\/DSC07101-696x522.jpg 696w, https:\/\/likemetkovic.hr\/portal\/wp-content\/uploads\/2016\/08\/DSC07101.jpg 800w\" sizes=\"(max-width: 560px) 100vw, 560px\" alt=\"\">\r\n                            <\/a>\r\n                            \r\n                        <\/figure>\r\n                    <\/div>\r\n                    <div class = \"td-slide-item td-item2\">\r\n                        <figure class=\"td-slide-galery-figure td-slide-popup-gallery\">\r\n                            <a class=\"slide-gallery-image-link\" href=\"https:\/\/likemetkovic.hr\/portal\/wp-content\/uploads\/2016\/08\/DSC07103.jpg\" title=\"Maraton la\u0111arica\"  data-caption=\"\"  data-description=\"\">\r\n                                <img decoding=\"async\" src=\"https:\/\/likemetkovic.hr\/portal\/wp-content\/uploads\/2016\/08\/DSC07103-560x420.jpg\" srcset=\"https:\/\/likemetkovic.hr\/portal\/wp-content\/uploads\/2016\/08\/DSC07103-560x420.jpg 560w, https:\/\/likemetkovic.hr\/portal\/wp-content\/uploads\/2016\/08\/DSC07103-300x225.jpg 300w, https:\/\/likemetkovic.hr\/portal\/wp-content\/uploads\/2016\/08\/DSC07103-768x576.jpg 768w, https:\/\/likemetkovic.hr\/portal\/wp-content\/uploads\/2016\/08\/DSC07103-640x480.jpg 640w, https:\/\/likemetkovic.hr\/portal\/wp-content\/uploads\/2016\/08\/DSC07103-80x60.jpg 80w, https:\/\/likemetkovic.hr\/portal\/wp-content\/uploads\/2016\/08\/DSC07103-265x198.jpg 265w, https:\/\/likemetkovic.hr\/portal\/wp-content\/uploads\/2016\/08\/DSC07103-696x522.jpg 696w, https:\/\/likemetkovic.hr\/portal\/wp-content\/uploads\/2016\/08\/DSC07103.jpg 800w\" sizes=\"(max-width: 560px) 100vw, 560px\" alt=\"\">\r\n                            <\/a>\r\n                            \r\n                        <\/figure>\r\n                    <\/div>\r\n                    <div class = \"td-slide-item td-item3\">\r\n                        <figure class=\"td-slide-galery-figure td-slide-popup-gallery\">\r\n                            <a class=\"slide-gallery-image-link\" href=\"https:\/\/likemetkovic.hr\/portal\/wp-content\/uploads\/2016\/08\/DSC07109.jpg\" title=\"Maraton la\u0111arica\"  data-caption=\"\"  data-description=\"\">\r\n                                <img decoding=\"async\" src=\"https:\/\/likemetkovic.hr\/portal\/wp-content\/uploads\/2016\/08\/DSC07109-560x420.jpg\" srcset=\"https:\/\/likemetkovic.hr\/portal\/wp-content\/uploads\/2016\/08\/DSC07109-560x420.jpg 560w, https:\/\/likemetkovic.hr\/portal\/wp-content\/uploads\/2016\/08\/DSC07109-300x225.jpg 300w, https:\/\/likemetkovic.hr\/portal\/wp-content\/uploads\/2016\/08\/DSC07109-768x576.jpg 768w, https:\/\/likemetkovic.hr\/portal\/wp-content\/uploads\/2016\/08\/DSC07109-640x480.jpg 640w, https:\/\/likemetkovic.hr\/portal\/wp-content\/uploads\/2016\/08\/DSC07109-80x60.jpg 80w, https:\/\/likemetkovic.hr\/portal\/wp-content\/uploads\/2016\/08\/DSC07109-265x198.jpg 265w, https:\/\/likemetkovic.hr\/portal\/wp-content\/uploads\/2016\/08\/DSC07109-696x522.jpg 696w, https:\/\/likemetkovic.hr\/portal\/wp-content\/uploads\/2016\/08\/DSC07109.jpg 800w\" sizes=\"(max-width: 560px) 100vw, 560px\" alt=\"\">\r\n                            <\/a>\r\n                            \r\n                        <\/figure>\r\n                    <\/div>\r\n                    <div class = \"td-slide-item td-item4\">\r\n                        <figure class=\"td-slide-galery-figure td-slide-popup-gallery\">\r\n                            <a class=\"slide-gallery-image-link\" href=\"https:\/\/likemetkovic.hr\/portal\/wp-content\/uploads\/2016\/08\/DSC07117.jpg\" title=\"Maraton la\u0111arica\"  data-caption=\"\"  data-description=\"\">\r\n                                <img decoding=\"async\" src=\"https:\/\/likemetkovic.hr\/portal\/wp-content\/uploads\/2016\/08\/DSC07117-560x420.jpg\" srcset=\"https:\/\/likemetkovic.hr\/portal\/wp-content\/uploads\/2016\/08\/DSC07117-560x420.jpg 560w, https:\/\/likemetkovic.hr\/portal\/wp-content\/uploads\/2016\/08\/DSC07117-300x225.jpg 300w, https:\/\/likemetkovic.hr\/portal\/wp-content\/uploads\/2016\/08\/DSC07117-768x576.jpg 768w, https:\/\/likemetkovic.hr\/portal\/wp-content\/uploads\/2016\/08\/DSC07117-640x480.jpg 640w, https:\/\/likemetkovic.hr\/portal\/wp-content\/uploads\/2016\/08\/DSC07117-80x60.jpg 80w, https:\/\/likemetkovic.hr\/portal\/wp-content\/uploads\/2016\/08\/DSC07117-265x198.jpg 265w, https:\/\/likemetkovic.hr\/portal\/wp-content\/uploads\/2016\/08\/DSC07117-696x522.jpg 696w, https:\/\/likemetkovic.hr\/portal\/wp-content\/uploads\/2016\/08\/DSC07117.jpg 800w\" sizes=\"(max-width: 560px) 100vw, 560px\" alt=\"\">\r\n                            <\/a>\r\n                            \r\n                        <\/figure>\r\n                    <\/div>\r\n                    <div class = \"td-slide-item td-item5\">\r\n                        <figure class=\"td-slide-galery-figure td-slide-popup-gallery\">\r\n                            <a class=\"slide-gallery-image-link\" href=\"https:\/\/likemetkovic.hr\/portal\/wp-content\/uploads\/2016\/08\/DSC07127.jpg\" title=\"Maraton la\u0111arica\"  data-caption=\"\"  data-description=\"\">\r\n                                <img decoding=\"async\" src=\"https:\/\/likemetkovic.hr\/portal\/wp-content\/uploads\/2016\/08\/DSC07127-560x420.jpg\" srcset=\"https:\/\/likemetkovic.hr\/portal\/wp-content\/uploads\/2016\/08\/DSC07127-560x420.jpg 560w, https:\/\/likemetkovic.hr\/portal\/wp-content\/uploads\/2016\/08\/DSC07127-300x225.jpg 300w, https:\/\/likemetkovic.hr\/portal\/wp-content\/uploads\/2016\/08\/DSC07127-768x576.jpg 768w, https:\/\/likemetkovic.hr\/portal\/wp-content\/uploads\/2016\/08\/DSC07127-640x480.jpg 640w, https:\/\/likemetkovic.hr\/portal\/wp-content\/uploads\/2016\/08\/DSC07127-80x60.jpg 80w, https:\/\/likemetkovic.hr\/portal\/wp-content\/uploads\/2016\/08\/DSC07127-265x198.jpg 265w, https:\/\/likemetkovic.hr\/portal\/wp-content\/uploads\/2016\/08\/DSC07127-696x522.jpg 696w, https:\/\/likemetkovic.hr\/portal\/wp-content\/uploads\/2016\/08\/DSC07127.jpg 800w\" sizes=\"(max-width: 560px) 100vw, 560px\" alt=\"\">\r\n                            <\/a>\r\n                            \r\n                        <\/figure>\r\n                    <\/div>\r\n                    <div class = \"td-slide-item td-item6\">\r\n                        <figure class=\"td-slide-galery-figure td-slide-popup-gallery\">\r\n                            <a class=\"slide-gallery-image-link\" href=\"https:\/\/likemetkovic.hr\/portal\/wp-content\/uploads\/2016\/08\/DSC07149.jpg\" title=\"Maraton la\u0111arica\"  data-caption=\"\"  data-description=\"\">\r\n                                <img decoding=\"async\" src=\"https:\/\/likemetkovic.hr\/portal\/wp-content\/uploads\/2016\/08\/DSC07149-560x420.jpg\" srcset=\"https:\/\/likemetkovic.hr\/portal\/wp-content\/uploads\/2016\/08\/DSC07149-560x420.jpg 560w, https:\/\/likemetkovic.hr\/portal\/wp-content\/uploads\/2016\/08\/DSC07149-300x225.jpg 300w, https:\/\/likemetkovic.hr\/portal\/wp-content\/uploads\/2016\/08\/DSC07149-768x576.jpg 768w, https:\/\/likemetkovic.hr\/portal\/wp-content\/uploads\/2016\/08\/DSC07149-640x480.jpg 640w, https:\/\/likemetkovic.hr\/portal\/wp-content\/uploads\/2016\/08\/DSC07149-80x60.jpg 80w, https:\/\/likemetkovic.hr\/portal\/wp-content\/uploads\/2016\/08\/DSC07149-265x198.jpg 265w, https:\/\/likemetkovic.hr\/portal\/wp-content\/uploads\/2016\/08\/DSC07149-696x522.jpg 696w, https:\/\/likemetkovic.hr\/portal\/wp-content\/uploads\/2016\/08\/DSC07149.jpg 800w\" sizes=\"(max-width: 560px) 100vw, 560px\" alt=\"\">\r\n                            <\/a>\r\n                            \r\n                        <\/figure>\r\n                    <\/div>\r\n                            <\/div>\r\n                        <\/div>\r\n\r\n                        <div class = \"td-doubleSlider-2\">\r\n                            <div class = \"td-slider\">\r\n                                \r\n                    <div class = \"td-button td-item1\">\r\n                        <div class = \"td-border\"><\/div>\r\n                    <\/div>\r\n                    <div class = \"td-button td-item2\">\r\n                        <div class = \"td-border\"><\/div>\r\n                    <\/div>\r\n                    <div class = \"td-button td-item3\">\r\n                        <div class = \"td-border\"><\/div>\r\n                    <\/div>\r\n                    <div class = \"td-button td-item4\">\r\n                        <div class = \"td-border\"><\/div>\r\n                    <\/div>\r\n                    <div class = \"td-button td-item5\">\r\n                        <div class = \"td-border\"><\/div>\r\n                    <\/div>\r\n                    <div class = \"td-button td-item6\">\r\n                        <div class = \"td-border\"><\/div>\r\n                    <\/div>\r\n                            <\/div>\r\n                        <\/div>\r\n\r\n                    <\/div>\r\n\r\n                <\/div>\r\n                \n","protected":false},"excerpt":{"rendered":"<p>Danas je sa startom u 18 sati u Opuzenu odr\u017ean tre\u0107i Maraton la\u0111arica. U konkurenciji su bile \u010detiri ekipe:\u00a0Udruga GUSARICE Metkovi\u0107,\u00a0Udruga la\u0111arica STABLINA Stablina,\u00a0Udruga la\u0111arica METKOVKE Metkovi\u0107 te\u00a0La\u0111arice Opuzen. Pobjednice ovogodi\u0161njeg Maraton la\u0111arica su\u00a0Gusarice koje su utrku odveslale\u00a0u vremenu\u00a01.21.08! La\u0111arice Stabline bile su druge sa vremenom\u00a01.24.12, dok su bron\u010dane\u00a0bile &#8220;Metkovke&#8221; sa vremenom\u00a01.30.10. Bron\u010dane medalje Metkovkama [&hellip;]<\/p>\n","protected":false},"author":7,"featured_media":25364,"comment_status":"open","ping_status":"open","sticky":false,"template":"","format":"standard","meta":{"footnotes":""},"categories":[283],"tags":[],"class_list":{"0":"post-25346","1":"post","2":"type-post","3":"status-publish","4":"format-standard","5":"has-post-thumbnail","7":"category-a"},"yoast_head":"<!-- This site is optimized with the Yoast SEO plugin v25.2 - https:\/\/yoast.com\/wordpress\/plugins\/seo\/ -->\n<title>FOTO Gusarice iz Metkovi\u0107a osvojile III. Maraton la\u0111arica! - likemetkovic.hr<\/title>\n<meta name=\"robots\" content=\"index, follow, max-snippet:-1, max-image-preview:large, max-video-preview:-1\" \/>\n<link rel=\"canonical\" href=\"https:\/\/likemetkovic.hr\/foto-gusarice-iz-metkovica-osvojile-iii-maraton-ladarica\/\" \/>\n<meta property=\"og:locale\" content=\"hr_HR\" \/>\n<meta property=\"og:type\" content=\"article\" \/>\n<meta property=\"og:title\" content=\"FOTO Gusarice iz Metkovi\u0107a osvojile III. Maraton la\u0111arica! - likemetkovic.hr\" \/>\n<meta property=\"og:description\" content=\"Danas je sa startom u 18 sati u Opuzenu odr\u017ean tre\u0107i Maraton la\u0111arica. U konkurenciji su bile \u010detiri ekipe:\u00a0Udruga GUSARICE Metkovi\u0107,\u00a0Udruga la\u0111arica STABLINA Stablina,\u00a0Udruga la\u0111arica METKOVKE Metkovi\u0107 te\u00a0La\u0111arice Opuzen. Pobjednice ovogodi\u0161njeg Maraton la\u0111arica su\u00a0Gusarice koje su utrku odveslale\u00a0u vremenu\u00a01.21.08! La\u0111arice Stabline bile su druge sa vremenom\u00a01.24.12, dok su bron\u010dane\u00a0bile &#8220;Metkovke&#8221; sa vremenom\u00a01.30.10. Bron\u010dane medalje Metkovkama [&hellip;]\" \/>\n<meta property=\"og:url\" content=\"https:\/\/likemetkovic.hr\/foto-gusarice-iz-metkovica-osvojile-iii-maraton-ladarica\/\" \/>\n<meta property=\"og:site_name\" content=\"likemetkovic.hr\" \/>\n<meta property=\"article:publisher\" content=\"https:\/\/www.facebook.com\/likemetkovic.hr\/\" \/>\n<meta property=\"article:published_time\" content=\"2016-08-11T22:57:18+00:00\" \/>\n<meta property=\"article:modified_time\" content=\"2018-06-03T17:44:44+00:00\" \/>\n<meta property=\"og:image\" content=\"https:\/\/likemetkovic.hr\/wp-content\/uploads\/2016\/08\/DSC07149.jpg\" \/>\n\t<meta property=\"og:image:width\" content=\"800\" \/>\n\t<meta property=\"og:image:height\" content=\"600\" \/>\n\t<meta property=\"og:image:type\" content=\"image\/jpeg\" \/>\n<meta name=\"author\" content=\"LIKEmetkovic.hr\" \/>\n<meta name=\"twitter:card\" content=\"summary_large_image\" \/>\n<meta name=\"twitter:label1\" content=\"Napisao\/la\" \/>\n\t<meta name=\"twitter:data1\" content=\"LIKEmetkovic.hr\" \/>\n\t<meta name=\"twitter:label2\" content=\"Procijenjeno vrijeme \u010ditanja\" \/>\n\t<meta name=\"twitter:data2\" content=\"1 minuta\" \/>\n<script type=\"application\/ld+json\" class=\"yoast-schema-graph\">{\"@context\":\"https:\/\/schema.org\",\"@graph\":[{\"@type\":\"WebPage\",\"@id\":\"https:\/\/likemetkovic.hr\/foto-gusarice-iz-metkovica-osvojile-iii-maraton-ladarica\/\",\"url\":\"https:\/\/likemetkovic.hr\/foto-gusarice-iz-metkovica-osvojile-iii-maraton-ladarica\/\",\"name\":\"FOTO Gusarice iz Metkovi\u0107a osvojile III. Maraton la\u0111arica! - likemetkovic.hr\",\"isPartOf\":{\"@id\":\"https:\/\/likemetkovic.hr\/#website\"},\"primaryImageOfPage\":{\"@id\":\"https:\/\/likemetkovic.hr\/foto-gusarice-iz-metkovica-osvojile-iii-maraton-ladarica\/#primaryimage\"},\"image\":{\"@id\":\"https:\/\/likemetkovic.hr\/foto-gusarice-iz-metkovica-osvojile-iii-maraton-ladarica\/#primaryimage\"},\"thumbnailUrl\":\"https:\/\/likemetkovic.hr\/portal\/wp-content\/uploads\/2016\/08\/DSC07149.jpg\",\"datePublished\":\"2016-08-11T22:57:18+00:00\",\"dateModified\":\"2018-06-03T17:44:44+00:00\",\"author\":{\"@id\":\"https:\/\/likemetkovic.hr\/#\/schema\/person\/a42711f3385a0e2be6f7e0443bfb28f0\"},\"breadcrumb\":{\"@id\":\"https:\/\/likemetkovic.hr\/foto-gusarice-iz-metkovica-osvojile-iii-maraton-ladarica\/#breadcrumb\"},\"inLanguage\":\"hr\",\"potentialAction\":[{\"@type\":\"ReadAction\",\"target\":[\"https:\/\/likemetkovic.hr\/foto-gusarice-iz-metkovica-osvojile-iii-maraton-ladarica\/\"]}]},{\"@type\":\"ImageObject\",\"inLanguage\":\"hr\",\"@id\":\"https:\/\/likemetkovic.hr\/foto-gusarice-iz-metkovica-osvojile-iii-maraton-ladarica\/#primaryimage\",\"url\":\"https:\/\/likemetkovic.hr\/portal\/wp-content\/uploads\/2016\/08\/DSC07149.jpg\",\"contentUrl\":\"https:\/\/likemetkovic.hr\/portal\/wp-content\/uploads\/2016\/08\/DSC07149.jpg\",\"width\":800,\"height\":600},{\"@type\":\"BreadcrumbList\",\"@id\":\"https:\/\/likemetkovic.hr\/foto-gusarice-iz-metkovica-osvojile-iii-maraton-ladarica\/#breadcrumb\",\"itemListElement\":[{\"@type\":\"ListItem\",\"position\":1,\"name\":\"Po\u010detna stranica\",\"item\":\"https:\/\/likemetkovic.hr\/portal\/\"},{\"@type\":\"ListItem\",\"position\":2,\"name\":\"FOTO Gusarice iz Metkovi\u0107a osvojile III. Maraton la\u0111arica!\"}]},{\"@type\":\"WebSite\",\"@id\":\"https:\/\/likemetkovic.hr\/#website\",\"url\":\"https:\/\/likemetkovic.hr\/\",\"name\":\"likemetkovic.hr\",\"description\":\"Misli pozitivno... \u010ditaj LIKE\",\"potentialAction\":[{\"@type\":\"SearchAction\",\"target\":{\"@type\":\"EntryPoint\",\"urlTemplate\":\"https:\/\/likemetkovic.hr\/?s={search_term_string}\"},\"query-input\":{\"@type\":\"PropertyValueSpecification\",\"valueRequired\":true,\"valueName\":\"search_term_string\"}}],\"inLanguage\":\"hr\"},{\"@type\":\"Person\",\"@id\":\"https:\/\/likemetkovic.hr\/#\/schema\/person\/a42711f3385a0e2be6f7e0443bfb28f0\",\"name\":\"LIKEmetkovic.hr\",\"sameAs\":[\"http:\/\/likemetkovic.hr\"],\"url\":\"https:\/\/likemetkovic.hr\/portal\/author\/likemetkovic-hr\/\"}]}<\/script>\n<!-- \/ Yoast SEO plugin. -->","yoast_head_json":{"title":"FOTO Gusarice iz Metkovi\u0107a osvojile III. Maraton la\u0111arica! - likemetkovic.hr","robots":{"index":"index","follow":"follow","max-snippet":"max-snippet:-1","max-image-preview":"max-image-preview:large","max-video-preview":"max-video-preview:-1"},"canonical":"https:\/\/likemetkovic.hr\/foto-gusarice-iz-metkovica-osvojile-iii-maraton-ladarica\/","og_locale":"hr_HR","og_type":"article","og_title":"FOTO Gusarice iz Metkovi\u0107a osvojile III. Maraton la\u0111arica! - likemetkovic.hr","og_description":"Danas je sa startom u 18 sati u Opuzenu odr\u017ean tre\u0107i Maraton la\u0111arica. U konkurenciji su bile \u010detiri ekipe:\u00a0Udruga GUSARICE Metkovi\u0107,\u00a0Udruga la\u0111arica STABLINA Stablina,\u00a0Udruga la\u0111arica METKOVKE Metkovi\u0107 te\u00a0La\u0111arice Opuzen. Pobjednice ovogodi\u0161njeg Maraton la\u0111arica su\u00a0Gusarice koje su utrku odveslale\u00a0u vremenu\u00a01.21.08! La\u0111arice Stabline bile su druge sa vremenom\u00a01.24.12, dok su bron\u010dane\u00a0bile &#8220;Metkovke&#8221; sa vremenom\u00a01.30.10. Bron\u010dane medalje Metkovkama [&hellip;]","og_url":"https:\/\/likemetkovic.hr\/foto-gusarice-iz-metkovica-osvojile-iii-maraton-ladarica\/","og_site_name":"likemetkovic.hr","article_publisher":"https:\/\/www.facebook.com\/likemetkovic.hr\/","article_published_time":"2016-08-11T22:57:18+00:00","article_modified_time":"2018-06-03T17:44:44+00:00","og_image":[{"width":800,"height":600,"url":"https:\/\/likemetkovic.hr\/wp-content\/uploads\/2016\/08\/DSC07149.jpg","type":"image\/jpeg"}],"author":"LIKEmetkovic.hr","twitter_card":"summary_large_image","twitter_misc":{"Napisao\/la":"LIKEmetkovic.hr","Procijenjeno vrijeme \u010ditanja":"1 minuta"},"schema":{"@context":"https:\/\/schema.org","@graph":[{"@type":"WebPage","@id":"https:\/\/likemetkovic.hr\/foto-gusarice-iz-metkovica-osvojile-iii-maraton-ladarica\/","url":"https:\/\/likemetkovic.hr\/foto-gusarice-iz-metkovica-osvojile-iii-maraton-ladarica\/","name":"FOTO Gusarice iz Metkovi\u0107a osvojile III. Maraton la\u0111arica! - likemetkovic.hr","isPartOf":{"@id":"https:\/\/likemetkovic.hr\/#website"},"primaryImageOfPage":{"@id":"https:\/\/likemetkovic.hr\/foto-gusarice-iz-metkovica-osvojile-iii-maraton-ladarica\/#primaryimage"},"image":{"@id":"https:\/\/likemetkovic.hr\/foto-gusarice-iz-metkovica-osvojile-iii-maraton-ladarica\/#primaryimage"},"thumbnailUrl":"https:\/\/likemetkovic.hr\/portal\/wp-content\/uploads\/2016\/08\/DSC07149.jpg","datePublished":"2016-08-11T22:57:18+00:00","dateModified":"2018-06-03T17:44:44+00:00","author":{"@id":"https:\/\/likemetkovic.hr\/#\/schema\/person\/a42711f3385a0e2be6f7e0443bfb28f0"},"breadcrumb":{"@id":"https:\/\/likemetkovic.hr\/foto-gusarice-iz-metkovica-osvojile-iii-maraton-ladarica\/#breadcrumb"},"inLanguage":"hr","potentialAction":[{"@type":"ReadAction","target":["https:\/\/likemetkovic.hr\/foto-gusarice-iz-metkovica-osvojile-iii-maraton-ladarica\/"]}]},{"@type":"ImageObject","inLanguage":"hr","@id":"https:\/\/likemetkovic.hr\/foto-gusarice-iz-metkovica-osvojile-iii-maraton-ladarica\/#primaryimage","url":"https:\/\/likemetkovic.hr\/portal\/wp-content\/uploads\/2016\/08\/DSC07149.jpg","contentUrl":"https:\/\/likemetkovic.hr\/portal\/wp-content\/uploads\/2016\/08\/DSC07149.jpg","width":800,"height":600},{"@type":"BreadcrumbList","@id":"https:\/\/likemetkovic.hr\/foto-gusarice-iz-metkovica-osvojile-iii-maraton-ladarica\/#breadcrumb","itemListElement":[{"@type":"ListItem","position":1,"name":"Po\u010detna stranica","item":"https:\/\/likemetkovic.hr\/portal\/"},{"@type":"ListItem","position":2,"name":"FOTO Gusarice iz Metkovi\u0107a osvojile III. Maraton la\u0111arica!"}]},{"@type":"WebSite","@id":"https:\/\/likemetkovic.hr\/#website","url":"https:\/\/likemetkovic.hr\/","name":"likemetkovic.hr","description":"Misli pozitivno... \u010ditaj LIKE","potentialAction":[{"@type":"SearchAction","target":{"@type":"EntryPoint","urlTemplate":"https:\/\/likemetkovic.hr\/?s={search_term_string}"},"query-input":{"@type":"PropertyValueSpecification","valueRequired":true,"valueName":"search_term_string"}}],"inLanguage":"hr"},{"@type":"Person","@id":"https:\/\/likemetkovic.hr\/#\/schema\/person\/a42711f3385a0e2be6f7e0443bfb28f0","name":"LIKEmetkovic.hr","sameAs":["http:\/\/likemetkovic.hr"],"url":"https:\/\/likemetkovic.hr\/portal\/author\/likemetkovic-hr\/"}]}},"_links":{"self":[{"href":"https:\/\/likemetkovic.hr\/portal\/wp-json\/wp\/v2\/posts\/25346","targetHints":{"allow":["GET"]}}],"collection":[{"href":"https:\/\/likemetkovic.hr\/portal\/wp-json\/wp\/v2\/posts"}],"about":[{"href":"https:\/\/likemetkovic.hr\/portal\/wp-json\/wp\/v2\/types\/post"}],"author":[{"embeddable":true,"href":"https:\/\/likemetkovic.hr\/portal\/wp-json\/wp\/v2\/users\/7"}],"replies":[{"embeddable":true,"href":"https:\/\/likemetkovic.hr\/portal\/wp-json\/wp\/v2\/comments?post=25346"}],"version-history":[{"count":0,"href":"https:\/\/likemetkovic.hr\/portal\/wp-json\/wp\/v2\/posts\/25346\/revisions"}],"wp:featuredmedia":[{"embeddable":true,"href":"https:\/\/likemetkovic.hr\/portal\/wp-json\/wp\/v2\/media\/25364"}],"wp:attachment":[{"href":"https:\/\/likemetkovic.hr\/portal\/wp-json\/wp\/v2\/media?parent=25346"}],"wp:term":[{"taxonomy":"category","embeddable":true,"href":"https:\/\/likemetkovic.hr\/portal\/wp-json\/wp\/v2\/categories?post=25346"},{"taxonomy":"post_tag","embeddable":true,"href":"https:\/\/likemetkovic.hr\/portal\/wp-json\/wp\/v2\/tags?post=25346"}],"curies":[{"name":"wp","href":"https:\/\/api.w.org\/{rel}","templated":true}]}}