{"id":25392,"date":"2016-08-12T16:32:35","date_gmt":"2016-08-12T14:32:35","guid":{"rendered":"http:\/\/likemetkovic.hr\/?p=25392"},"modified":"2016-08-12T16:48:32","modified_gmt":"2016-08-12T14:48:32","slug":"25392-2","status":"publish","type":"post","link":"https:\/\/likemetkovic.hr\/portal\/25392-2\/","title":{"rendered":"Most nezavisnih lista predao izborne, evo koja su prva imena"},"content":{"rendered":"<p>Most nezavisnih lista utvrdio je izborne liste sa kojima \u0107e 11. rujna poku\u0161ati ostvariti jo\u0161 bolji rezultat nego na proteklim izborima za\u00a0Hrvatski sabor. Liste za prvih 10 izbornih jedinica predali su danas, dok \u0107e listu za 11. izbornu jedinicu za dijasporu predati sutra.<\/p>\n<p>Kao \u0161to je i najavljivano kao prvi na listi u I. izbornoj jedinici Mosta biti \u0107e\u00a0tehni\u010dki ministar unutarnjih poslova<strong> Vlaho Orepi\u0107 <\/strong>sa kojim bi se na istoj listi trebao na\u0107i i\u00a0 tehni\u010dki ministar poljoprivrede<strong> <strong>Davor Romi\u0107.<\/strong><\/strong><\/p>\n<p><strong>U\u00a02. izbornoj jedinici<\/strong>\u00a0listu \u0107e predvoditi tehni\u010dki ministar za\u0161tite okoli\u0161a i prirode <strong>Slaven Dobrovi\u0107<\/strong>, a odmah nakon njega na listi \u0107e se na\u0107i\u00a0Mostova saborska zastupnica <strong>Ljubica Ambru\u0161ec.<\/strong><\/p>\n<p><strong>Tre\u0107a izborna jedinica<\/strong>, kao i na pro\u0161lim izborima, predodre\u0111ena je za potpredsjednika Sabora <strong>Roberta Podolnjaka<\/strong>, dok \u0107e \u0161ef Mostovog Kluba zastupnika <strong>Miroslav \u0160imi\u0107<\/strong> predvoditi listu u <strong>4. izbornoj jedinici<\/strong>. Kao i na pro\u0161lim izborima, listu <strong>u 5. izbornoj jedinici<\/strong> predvodit \u0107e tehni\u010dki ministar gospodarstva <strong>Tomislav Paneni\u0107<\/strong>, a na listi \u0107e biti i Mostova zastupnica <strong>Ru\u017eica Vukovac<\/strong> te nove akvizicije Mosta <strong>Vlado Mari\u0107<\/strong> i <strong>Shoukry Nizar<\/strong>, Sirijac koji ve\u0107 godinama \u017eivi u Hrvatskoj, a kojeg je javnost upoznala tijekom izbjegli\u010dke krize kada je bio od prvih koji je pomagao izbjeglicama.<\/p>\n<p><strong>\u0160estu izbornu jedinicu<\/strong> predvodit \u0107e Mostova zastupnica <strong>Jasna Matuli\u0107<\/strong>, a na drugom mjestu na\u0107i \u0107e se jedan od osniva\u010da i glasnogovornik Mosta <strong>Nikola Grmoja<\/strong>. Na toj listi \u0107e biti i novo poja\u010danje Mosta, zamjenik ministra zdravlja <strong>Ivan Bekavac.<\/strong><\/p>\n<p>Iako je listu <strong>u 7. izbornoj jedinici<\/strong> lani predvodio Dobrovi\u0107, ovaj put \u0107e to biti Mostov zastupnik <strong>Josip Katalini\u0107<\/strong>, a dru\u0161tvo \u0107e mu raditi jo\u0161 jedan zastupnik &#8211; <strong>Marko Sladoljev.<\/strong><\/p>\n<p>Mjesto u Saboru u <strong>8. izbornoj jedinici<\/strong> kao prva na listi poku\u0161at \u0107e izboriti saborska zastupnica <strong>Ines Strenja Lini\u0107<\/strong>, a u fajt sa SDP-ovim Rankom Ostoji\u0107em i HDZ-ovom Brankom Juri\u010dev Martin\u010dev <strong>u 9. izbornoj jedinici<\/strong> ide <strong>Miro Bulj<\/strong>.<\/p>\n<p><strong>Deseta izborna jedinica<\/strong> utvrda je Mosta i ondje \u0107e listu predvoditi \u0161ef stranke <strong>Bo\u017eo Petrov<\/strong>. Odmah na drugom mjestu bit \u0107e gradona\u010delnik Omi\u0161a <strong>Ivan Kova\u010di\u0107<\/strong>, a tre\u0107a \u0107e biti <strong>Ivana Nin\u010devi\u0107<\/strong>. Na listi \u0107e jo\u0161 biti i Dubrov\u010danin <strong>Maro Kristi\u0107<\/strong> te gradona\u010delnik Vrgorca <strong>Ante Prani\u0107<\/strong>.<\/p>\n<p>Na listama se ne\u0107e na\u0107i tehni\u010dki ministar pravosu\u0111a <strong>Ante \u0160prlje<\/strong> kojemu politi\u010dko aktiviranje kao sucu brani Zakon o sudovima, a na listama ne\u0107e biti ni tehni\u010dke ministrice uprave <strong>Dubravke Jurline Alibegovi\u0107<\/strong>, za koju u Mostu ka\u017eu da je samo stru\u010dnjak u Mostovom timu, ali ne i kandidat na listi.<\/p>\n<p><strong>Most ide i u izbornu utrku u 11. izbornoj jedinici<\/strong><\/p>\n<p>\u010celnik Mosta nezavisnih lista <strong>Bo\u017eo Petrov<\/strong>, prenosi Hina, potvrdio je nakon predaje lista u DIP-u da \u0107e nositi Mostovu listu u 10. izbornoj jedinici, a Vlaho Orepi\u0107 u 1., zagreba\u010dkoj, odbaciv\u0161i primjedbe da osobno ne ide u 1. jedinicu jer se upla\u0161io sraza sa \u0161efovima SDP-a i HDZ-a Zoranom Milanovi\u0107em i Andrejom Plenkovi\u0107em.<\/p>\n<p>&#8216;Meni je stalo do toga izazova (&#8230;) rekao sam da \u0107u poslu\u0161ati ono \u0161to ka\u017ee ve\u0107ina u Mostu, a ve\u0107ina je definirala da trebam nositi 10., jer je iz tog mjesta (Metkovi\u0107) krenula cijela ova politi\u010dka pri\u010da i da bi bilo korektno i prema njima da krenem iz desete izborne jedinice&#8217;, rekao je <strong>Petrov<\/strong> uz smije\u0161ak nakon \u0161to je Most u petak predao svoje liste Dr\u017eavnom izbornom povjerenstvu (DIP).<\/p>\n<p>Na novinarsku opasku da je na izborima u studenom bio 14. na listi, a sad je prvi, <strong>Petrov<\/strong> odgovara da je &#8216;nudio da drugi ljudi budu prvi&#8217;, konkretno Ivan Kova\u010di\u0107, gradona\u010delnik Omi\u0161a, ali je na kraju odluka Mosta bila da se &#8216;stavi na prvo mjesto&#8217;. &#8216;Ne bih imao problem da budem na bilo kojem mjestu u bilo kojoj izbornoj jedinici&#8217;, ka\u017ee <strong>Petrov. <\/strong><\/p>\n<p>Potvrdio je i kako Most izlazi u svih 11 izbornih jedinica te da je u petak predao liste za prvih deset, a za 11. \u0107e predati sutra.<\/p>\n<p>Milanovi\u0107ev poziv HRT-u da u debatu Milanovi\u0107a i Plenkovi\u0107a pozove i Petrova, \u0161ef Mosta ne dr\u017ei iskrenim.<\/p>\n<p>&#8216;Da je Milanovi\u0107 to mislio iskreno, onda bi to uvjetovao, ali koliko znam nije, u\u010dinio je to pristojnosti radi. Mogu i ja pozvati sve gra\u0111ane Hrvatske da sutra do\u0111u na Maraton la\u0111a iako znam da \u010detiri milijuna ljudi ne\u0107e sutra do\u0107i u dolinu Neretve&#8217;, poru\u010dio je <strong>Petrov.<\/strong><\/p>\n","protected":false},"excerpt":{"rendered":"<p>Most nezavisnih lista utvrdio je izborne liste sa kojima \u0107e 11. rujna poku\u0161ati ostvariti jo\u0161 bolji rezultat nego na proteklim izborima za\u00a0Hrvatski sabor. Liste za prvih 10 izbornih jedinica predali su danas, dok \u0107e listu za 11. izbornu jedinicu za dijasporu predati sutra. Kao \u0161to je i najavljivano kao prvi na listi u I. izbornoj [&hellip;]<\/p>\n","protected":false},"author":7,"featured_media":25393,"comment_status":"open","ping_status":"open","sticky":false,"template":"","format":"standard","meta":{"footnotes":""},"categories":[283,290],"tags":[],"class_list":{"0":"post-25392","1":"post","2":"type-post","3":"status-publish","4":"format-standard","5":"has-post-thumbnail","7":"category-a","8":"category-politika"},"yoast_head":"<!-- This site is optimized with the Yoast SEO plugin v25.2 - https:\/\/yoast.com\/wordpress\/plugins\/seo\/ -->\n<title>Most nezavisnih lista predao izborne, evo koja su prva imena - likemetkovic.hr<\/title>\n<meta name=\"robots\" content=\"index, follow, max-snippet:-1, max-image-preview:large, max-video-preview:-1\" \/>\n<link rel=\"canonical\" href=\"https:\/\/likemetkovic.hr\/25392-2\/\" \/>\n<meta property=\"og:locale\" content=\"hr_HR\" \/>\n<meta property=\"og:type\" content=\"article\" \/>\n<meta property=\"og:title\" content=\"Most nezavisnih lista predao izborne, evo koja su prva imena - likemetkovic.hr\" \/>\n<meta property=\"og:description\" content=\"Most nezavisnih lista utvrdio je izborne liste sa kojima \u0107e 11. rujna poku\u0161ati ostvariti jo\u0161 bolji rezultat nego na proteklim izborima za\u00a0Hrvatski sabor. Liste za prvih 10 izbornih jedinica predali su danas, dok \u0107e listu za 11. izbornu jedinicu za dijasporu predati sutra. Kao \u0161to je i najavljivano kao prvi na listi u I. izbornoj [&hellip;]\" \/>\n<meta property=\"og:url\" content=\"https:\/\/likemetkovic.hr\/25392-2\/\" \/>\n<meta property=\"og:site_name\" content=\"likemetkovic.hr\" \/>\n<meta property=\"article:publisher\" content=\"https:\/\/www.facebook.com\/likemetkovic.hr\/\" \/>\n<meta property=\"article:published_time\" content=\"2016-08-12T14:32:35+00:00\" \/>\n<meta property=\"article:modified_time\" content=\"2016-08-12T14:48:32+00:00\" \/>\n<meta property=\"og:image\" content=\"https:\/\/likemetkovic.hr\/wp-content\/uploads\/2016\/08\/Most-predaje-liste.jpg\" \/>\n\t<meta property=\"og:image:width\" content=\"849\" \/>\n\t<meta property=\"og:image:height\" content=\"600\" \/>\n\t<meta property=\"og:image:type\" content=\"image\/jpeg\" \/>\n<meta name=\"author\" content=\"LIKEmetkovic.hr\" \/>\n<meta name=\"twitter:card\" content=\"summary_large_image\" \/>\n<meta name=\"twitter:label1\" content=\"Napisao\/la\" \/>\n\t<meta name=\"twitter:data1\" content=\"LIKEmetkovic.hr\" \/>\n\t<meta name=\"twitter:label2\" content=\"Procijenjeno vrijeme \u010ditanja\" \/>\n\t<meta name=\"twitter:data2\" content=\"4 minute\" \/>\n<script type=\"application\/ld+json\" class=\"yoast-schema-graph\">{\"@context\":\"https:\/\/schema.org\",\"@graph\":[{\"@type\":\"WebPage\",\"@id\":\"https:\/\/likemetkovic.hr\/25392-2\/\",\"url\":\"https:\/\/likemetkovic.hr\/25392-2\/\",\"name\":\"Most nezavisnih lista predao izborne, evo koja su prva imena - likemetkovic.hr\",\"isPartOf\":{\"@id\":\"https:\/\/likemetkovic.hr\/#website\"},\"primaryImageOfPage\":{\"@id\":\"https:\/\/likemetkovic.hr\/25392-2\/#primaryimage\"},\"image\":{\"@id\":\"https:\/\/likemetkovic.hr\/25392-2\/#primaryimage\"},\"thumbnailUrl\":\"https:\/\/likemetkovic.hr\/portal\/wp-content\/uploads\/2016\/08\/Most-predaje-liste.jpg\",\"datePublished\":\"2016-08-12T14:32:35+00:00\",\"dateModified\":\"2016-08-12T14:48:32+00:00\",\"author\":{\"@id\":\"https:\/\/likemetkovic.hr\/#\/schema\/person\/a42711f3385a0e2be6f7e0443bfb28f0\"},\"breadcrumb\":{\"@id\":\"https:\/\/likemetkovic.hr\/25392-2\/#breadcrumb\"},\"inLanguage\":\"hr\",\"potentialAction\":[{\"@type\":\"ReadAction\",\"target\":[\"https:\/\/likemetkovic.hr\/25392-2\/\"]}]},{\"@type\":\"ImageObject\",\"inLanguage\":\"hr\",\"@id\":\"https:\/\/likemetkovic.hr\/25392-2\/#primaryimage\",\"url\":\"https:\/\/likemetkovic.hr\/portal\/wp-content\/uploads\/2016\/08\/Most-predaje-liste.jpg\",\"contentUrl\":\"https:\/\/likemetkovic.hr\/portal\/wp-content\/uploads\/2016\/08\/Most-predaje-liste.jpg\",\"width\":849,\"height\":600},{\"@type\":\"BreadcrumbList\",\"@id\":\"https:\/\/likemetkovic.hr\/25392-2\/#breadcrumb\",\"itemListElement\":[{\"@type\":\"ListItem\",\"position\":1,\"name\":\"Po\u010detna stranica\",\"item\":\"https:\/\/likemetkovic.hr\/portal\/\"},{\"@type\":\"ListItem\",\"position\":2,\"name\":\"Most nezavisnih lista predao izborne, evo koja su prva imena\"}]},{\"@type\":\"WebSite\",\"@id\":\"https:\/\/likemetkovic.hr\/#website\",\"url\":\"https:\/\/likemetkovic.hr\/\",\"name\":\"likemetkovic.hr\",\"description\":\"Misli pozitivno... \u010ditaj LIKE\",\"potentialAction\":[{\"@type\":\"SearchAction\",\"target\":{\"@type\":\"EntryPoint\",\"urlTemplate\":\"https:\/\/likemetkovic.hr\/?s={search_term_string}\"},\"query-input\":{\"@type\":\"PropertyValueSpecification\",\"valueRequired\":true,\"valueName\":\"search_term_string\"}}],\"inLanguage\":\"hr\"},{\"@type\":\"Person\",\"@id\":\"https:\/\/likemetkovic.hr\/#\/schema\/person\/a42711f3385a0e2be6f7e0443bfb28f0\",\"name\":\"LIKEmetkovic.hr\",\"sameAs\":[\"http:\/\/likemetkovic.hr\"],\"url\":\"https:\/\/likemetkovic.hr\/portal\/author\/likemetkovic-hr\/\"}]}<\/script>\n<!-- \/ Yoast SEO plugin. -->","yoast_head_json":{"title":"Most nezavisnih lista predao izborne, evo koja su prva imena - likemetkovic.hr","robots":{"index":"index","follow":"follow","max-snippet":"max-snippet:-1","max-image-preview":"max-image-preview:large","max-video-preview":"max-video-preview:-1"},"canonical":"https:\/\/likemetkovic.hr\/25392-2\/","og_locale":"hr_HR","og_type":"article","og_title":"Most nezavisnih lista predao izborne, evo koja su prva imena - likemetkovic.hr","og_description":"Most nezavisnih lista utvrdio je izborne liste sa kojima \u0107e 11. rujna poku\u0161ati ostvariti jo\u0161 bolji rezultat nego na proteklim izborima za\u00a0Hrvatski sabor. Liste za prvih 10 izbornih jedinica predali su danas, dok \u0107e listu za 11. izbornu jedinicu za dijasporu predati sutra. Kao \u0161to je i najavljivano kao prvi na listi u I. izbornoj [&hellip;]","og_url":"https:\/\/likemetkovic.hr\/25392-2\/","og_site_name":"likemetkovic.hr","article_publisher":"https:\/\/www.facebook.com\/likemetkovic.hr\/","article_published_time":"2016-08-12T14:32:35+00:00","article_modified_time":"2016-08-12T14:48:32+00:00","og_image":[{"width":849,"height":600,"url":"https:\/\/likemetkovic.hr\/wp-content\/uploads\/2016\/08\/Most-predaje-liste.jpg","type":"image\/jpeg"}],"author":"LIKEmetkovic.hr","twitter_card":"summary_large_image","twitter_misc":{"Napisao\/la":"LIKEmetkovic.hr","Procijenjeno vrijeme \u010ditanja":"4 minute"},"schema":{"@context":"https:\/\/schema.org","@graph":[{"@type":"WebPage","@id":"https:\/\/likemetkovic.hr\/25392-2\/","url":"https:\/\/likemetkovic.hr\/25392-2\/","name":"Most nezavisnih lista predao izborne, evo koja su prva imena - likemetkovic.hr","isPartOf":{"@id":"https:\/\/likemetkovic.hr\/#website"},"primaryImageOfPage":{"@id":"https:\/\/likemetkovic.hr\/25392-2\/#primaryimage"},"image":{"@id":"https:\/\/likemetkovic.hr\/25392-2\/#primaryimage"},"thumbnailUrl":"https:\/\/likemetkovic.hr\/portal\/wp-content\/uploads\/2016\/08\/Most-predaje-liste.jpg","datePublished":"2016-08-12T14:32:35+00:00","dateModified":"2016-08-12T14:48:32+00:00","author":{"@id":"https:\/\/likemetkovic.hr\/#\/schema\/person\/a42711f3385a0e2be6f7e0443bfb28f0"},"breadcrumb":{"@id":"https:\/\/likemetkovic.hr\/25392-2\/#breadcrumb"},"inLanguage":"hr","potentialAction":[{"@type":"ReadAction","target":["https:\/\/likemetkovic.hr\/25392-2\/"]}]},{"@type":"ImageObject","inLanguage":"hr","@id":"https:\/\/likemetkovic.hr\/25392-2\/#primaryimage","url":"https:\/\/likemetkovic.hr\/portal\/wp-content\/uploads\/2016\/08\/Most-predaje-liste.jpg","contentUrl":"https:\/\/likemetkovic.hr\/portal\/wp-content\/uploads\/2016\/08\/Most-predaje-liste.jpg","width":849,"height":600},{"@type":"BreadcrumbList","@id":"https:\/\/likemetkovic.hr\/25392-2\/#breadcrumb","itemListElement":[{"@type":"ListItem","position":1,"name":"Po\u010detna stranica","item":"https:\/\/likemetkovic.hr\/portal\/"},{"@type":"ListItem","position":2,"name":"Most nezavisnih lista predao izborne, evo koja su prva imena"}]},{"@type":"WebSite","@id":"https:\/\/likemetkovic.hr\/#website","url":"https:\/\/likemetkovic.hr\/","name":"likemetkovic.hr","description":"Misli pozitivno... \u010ditaj LIKE","potentialAction":[{"@type":"SearchAction","target":{"@type":"EntryPoint","urlTemplate":"https:\/\/likemetkovic.hr\/?s={search_term_string}"},"query-input":{"@type":"PropertyValueSpecification","valueRequired":true,"valueName":"search_term_string"}}],"inLanguage":"hr"},{"@type":"Person","@id":"https:\/\/likemetkovic.hr\/#\/schema\/person\/a42711f3385a0e2be6f7e0443bfb28f0","name":"LIKEmetkovic.hr","sameAs":["http:\/\/likemetkovic.hr"],"url":"https:\/\/likemetkovic.hr\/portal\/author\/likemetkovic-hr\/"}]}},"_links":{"self":[{"href":"https:\/\/likemetkovic.hr\/portal\/wp-json\/wp\/v2\/posts\/25392","targetHints":{"allow":["GET"]}}],"collection":[{"href":"https:\/\/likemetkovic.hr\/portal\/wp-json\/wp\/v2\/posts"}],"about":[{"href":"https:\/\/likemetkovic.hr\/portal\/wp-json\/wp\/v2\/types\/post"}],"author":[{"embeddable":true,"href":"https:\/\/likemetkovic.hr\/portal\/wp-json\/wp\/v2\/users\/7"}],"replies":[{"embeddable":true,"href":"https:\/\/likemetkovic.hr\/portal\/wp-json\/wp\/v2\/comments?post=25392"}],"version-history":[{"count":0,"href":"https:\/\/likemetkovic.hr\/portal\/wp-json\/wp\/v2\/posts\/25392\/revisions"}],"wp:featuredmedia":[{"embeddable":true,"href":"https:\/\/likemetkovic.hr\/portal\/wp-json\/wp\/v2\/media\/25393"}],"wp:attachment":[{"href":"https:\/\/likemetkovic.hr\/portal\/wp-json\/wp\/v2\/media?parent=25392"}],"wp:term":[{"taxonomy":"category","embeddable":true,"href":"https:\/\/likemetkovic.hr\/portal\/wp-json\/wp\/v2\/categories?post=25392"},{"taxonomy":"post_tag","embeddable":true,"href":"https:\/\/likemetkovic.hr\/portal\/wp-json\/wp\/v2\/tags?post=25392"}],"curies":[{"name":"wp","href":"https:\/\/api.w.org\/{rel}","templated":true}]}}