{"id":25443,"date":"2016-08-13T15:25:21","date_gmt":"2016-08-13T13:25:21","guid":{"rendered":"http:\/\/likemetkovic.hr\/?p=25443"},"modified":"2016-08-13T15:25:21","modified_gmt":"2016-08-13T13:25:21","slug":"grand-prix-opuzenskog-festivala-branku-medaku-neveni-gnjec-bebi-prva-nagrada-publike","status":"publish","type":"post","link":"https:\/\/likemetkovic.hr\/portal\/grand-prix-opuzenskog-festivala-branku-medaku-neveni-gnjec-bebi-prva-nagrada-publike\/","title":{"rendered":"Grand Prix opuzenskog festivala Branku Medaku i Neveni Gnje\u010d, Bebi prva nagrada publike!"},"content":{"rendered":"<p>Opuzenska Pjaca ugostila je dvadeset i tre\u0107i po redu festival zabavne glazbe \u201eMelodije hrvatskog juga Opuzen 2016\u201c, koji je zasigurno uz maraton la\u0111a najzna\u010dajniji doga\u0111aj u dolini Neretve. Grand Prix festivala ponio je duet <strong>Branka Medaka i Nevena Gnje\u010d<\/strong>, dok je prva nagrada publike pripala <strong>Zoranu Bebi\u0107u Bebi<\/strong>. Drugu nagradu publike ponijela je <strong>klapa \u017dveljarin,<\/strong> dok je tre\u0107a nagrada pripala Nenadu Vetmi i klapi Trogir. Stru\u010dni \u017eiri je podijelio tri nagrade: Klapa Kastav, Sa\u0161a Jakeli\u0107 i Mandolinski orkestar Okrug.<\/p>\n<div id=\"adParallax\" class=\"adParallax--list banerWrap emptyBanner\">\n<div id=\"beacon_83ae3e20ea\"><img decoding=\"async\" src=\"http:\/\/adv.slobodnadalmacija.com\/www\/delivery\/lg.php?bannerid=0&amp;campaignid=0&amp;zoneid=292&amp;loc=http%3A%2F%2Fwww.slobodnadalmacija.hr%2Fscena%2Fshowbizz%2Fclanak%2Fid%2F323039%2Ftedi-kondza-lidija-ana-opacak-i-brojni-drugi-zapjevali-u-opuzenu&amp;referer=http%3A%2F%2Fwww.metkovic.hr%2F&amp;cb=83ae3e20ea\" alt=\"\" width=\"0\" height=\"0\" \/>Nagrada za poseban doprinos Hrvatskoj glazbenoj kulturi ove godine je pripala Zorici Kond\u017ei.<\/div>\n<\/div>\n<p>Festival je sa ponosom i ove godine dodijelio nagradu koja nosi ime slavnoga tenora Vinka Coce a koja se dodjeljuje pojedincima ili grupama koji na najbolji na\u010din predstavljaju najsjajnije autorske i pjeva\u010dke izdanke dalmatinskog izri\u010daja. Ovu vrijednu nagradu dobila je klapa Grobnik, kazao je umjetni\u010dki direktor Festivala, \u017delimir \u0160karpona.<\/p>\n<p>Najbolji aran\u017eman u Opuzenu je napisao Eduard Botri\u0107, a najbolji scenski aranm\u017eman je imao Mile Perkov, dok je festivalsku nagradu za najbljeg debitanta ponijela Nata\u0161a Rei\u0107 Matkovi\u0107. Nabolju vokalnu izvedbu je imao Ante Lozina, najbolji duet marina Toma\u0161evi\u0107 i Marijan Zgonc. Posebne nagrade festivalskog savjeta ponijeli su klapa \u010ciovo i klapa Cambi, nagrada direktora festivala pripala je Hrvoju Hegedu\u0161i\u0107u i Trogirskim kantima a nagrada <a id=\"xClaimOglasId-322857-1\" class=\"xClaimClass\" target=\"_blank\"><\/a>Turisti\u010dke zajednice Johnny Gitari.<\/p>\n<p>Neizbje\u017eno je spomenuti i pjesme koje su iznikle s ovog festivala: O\u010di boje levande &#8211; Pino i Denis, Zapuvala je bura &#8211; klapa Cambi, Bo\u017eja arija &#8211; Davor Radolfi i klapa Maslina, Oprosti mi &#8211; Matko Jelavi\u0107, Povij me &#8211; klapa Cambi, Da mi nije moje dice &#8211; klapa Maslina, Dobro ti bilo more &#8211; Tedi Spalato, Judi o&#8217; soli &#8211; Sa\u0161a Jakeli\u0107, Vra\u0107am se Dalmaciji &#8211; Vinko Coce, \u010carolija &#8211; Zorica Kond\u017ea, Uvijek sve ti oprostim &#8211; grupa Tutti Frutti, Ne tra\u017ei od mene to &#8211; Sa\u0161a Jakeli\u0107 i Ana Opa\u010dak, Lijepa moja &#8211; klapa Maslina, Dome moj &#8211; Artemija Stani\u0107 i Zoran Bebi\u0107-Beba, Sve prolazi &#8211; Nenad Kero, Nisam sritna ja uz njega &#8211; Lidija Ba\u010di\u0107, Stare\u00a0ku\u0107e &#8211; Johnny Gitara, Romanti\u010dan od sebe &#8211; Tutti Frutti, Nek&#8217; zapiva bili galeb &#8211; Zdravko \u0160kender i Tihomir Krsti\u010devi\u0107, Kada poklope se \u0161vere &#8211; Mje\u0161ovita klapa Filip Devi\u0107 i druge.<\/p>\n","protected":false},"excerpt":{"rendered":"<p>Opuzenska Pjaca ugostila je dvadeset i tre\u0107i po redu festival zabavne glazbe \u201eMelodije hrvatskog juga Opuzen 2016\u201c, koji je zasigurno uz maraton la\u0111a najzna\u010dajniji doga\u0111aj u dolini Neretve. Grand Prix festivala ponio je duet Branka Medaka i Nevena Gnje\u010d, dok je prva nagrada publike pripala Zoranu Bebi\u0107u Bebi. Drugu nagradu publike ponijela je klapa \u017dveljarin, [&hellip;]<\/p>\n","protected":false},"author":7,"featured_media":25444,"comment_status":"open","ping_status":"open","sticky":false,"template":"","format":"standard","meta":{"footnotes":""},"categories":[283,11],"tags":[],"class_list":{"0":"post-25443","1":"post","2":"type-post","3":"status-publish","4":"format-standard","5":"has-post-thumbnail","7":"category-a","8":"category-metkovic-dolina"},"yoast_head":"<!-- This site is optimized with the Yoast SEO plugin v25.2 - https:\/\/yoast.com\/wordpress\/plugins\/seo\/ -->\n<title>Grand Prix opuzenskog festivala Branku Medaku i Neveni Gnje\u010d, Bebi prva nagrada publike! - likemetkovic.hr<\/title>\n<meta name=\"robots\" content=\"index, follow, max-snippet:-1, max-image-preview:large, max-video-preview:-1\" \/>\n<link rel=\"canonical\" href=\"https:\/\/likemetkovic.hr\/grand-prix-opuzenskog-festivala-branku-medaku-neveni-gnjec-bebi-prva-nagrada-publike\/\" \/>\n<meta property=\"og:locale\" content=\"hr_HR\" \/>\n<meta property=\"og:type\" content=\"article\" \/>\n<meta property=\"og:title\" content=\"Grand Prix opuzenskog festivala Branku Medaku i Neveni Gnje\u010d, Bebi prva nagrada publike! - likemetkovic.hr\" \/>\n<meta property=\"og:description\" content=\"Opuzenska Pjaca ugostila je dvadeset i tre\u0107i po redu festival zabavne glazbe \u201eMelodije hrvatskog juga Opuzen 2016\u201c, koji je zasigurno uz maraton la\u0111a najzna\u010dajniji doga\u0111aj u dolini Neretve. Grand Prix festivala ponio je duet Branka Medaka i Nevena Gnje\u010d, dok je prva nagrada publike pripala Zoranu Bebi\u0107u Bebi. Drugu nagradu publike ponijela je klapa \u017dveljarin, [&hellip;]\" \/>\n<meta property=\"og:url\" content=\"https:\/\/likemetkovic.hr\/grand-prix-opuzenskog-festivala-branku-medaku-neveni-gnjec-bebi-prva-nagrada-publike\/\" \/>\n<meta property=\"og:site_name\" content=\"likemetkovic.hr\" \/>\n<meta property=\"article:publisher\" content=\"https:\/\/www.facebook.com\/likemetkovic.hr\/\" \/>\n<meta property=\"article:published_time\" content=\"2016-08-13T13:25:21+00:00\" \/>\n<meta property=\"og:image\" content=\"https:\/\/likemetkovic.hr\/wp-content\/uploads\/2016\/08\/festival_opuzen8-120816.jpg\" \/>\n\t<meta property=\"og:image:width\" content=\"856\" \/>\n\t<meta property=\"og:image:height\" content=\"600\" \/>\n\t<meta property=\"og:image:type\" content=\"image\/jpeg\" \/>\n<meta name=\"author\" content=\"LIKEmetkovic.hr\" \/>\n<meta name=\"twitter:card\" content=\"summary_large_image\" \/>\n<meta name=\"twitter:label1\" content=\"Napisao\/la\" \/>\n\t<meta name=\"twitter:data1\" content=\"LIKEmetkovic.hr\" \/>\n\t<meta name=\"twitter:label2\" content=\"Procijenjeno vrijeme \u010ditanja\" \/>\n\t<meta name=\"twitter:data2\" content=\"2 minute\" \/>\n<script type=\"application\/ld+json\" class=\"yoast-schema-graph\">{\"@context\":\"https:\/\/schema.org\",\"@graph\":[{\"@type\":\"WebPage\",\"@id\":\"https:\/\/likemetkovic.hr\/grand-prix-opuzenskog-festivala-branku-medaku-neveni-gnjec-bebi-prva-nagrada-publike\/\",\"url\":\"https:\/\/likemetkovic.hr\/grand-prix-opuzenskog-festivala-branku-medaku-neveni-gnjec-bebi-prva-nagrada-publike\/\",\"name\":\"Grand Prix opuzenskog festivala Branku Medaku i Neveni Gnje\u010d, Bebi prva nagrada publike! - likemetkovic.hr\",\"isPartOf\":{\"@id\":\"https:\/\/likemetkovic.hr\/#website\"},\"primaryImageOfPage\":{\"@id\":\"https:\/\/likemetkovic.hr\/grand-prix-opuzenskog-festivala-branku-medaku-neveni-gnjec-bebi-prva-nagrada-publike\/#primaryimage\"},\"image\":{\"@id\":\"https:\/\/likemetkovic.hr\/grand-prix-opuzenskog-festivala-branku-medaku-neveni-gnjec-bebi-prva-nagrada-publike\/#primaryimage\"},\"thumbnailUrl\":\"https:\/\/likemetkovic.hr\/portal\/wp-content\/uploads\/2016\/08\/festival_opuzen8-120816.jpg\",\"datePublished\":\"2016-08-13T13:25:21+00:00\",\"author\":{\"@id\":\"https:\/\/likemetkovic.hr\/#\/schema\/person\/a42711f3385a0e2be6f7e0443bfb28f0\"},\"breadcrumb\":{\"@id\":\"https:\/\/likemetkovic.hr\/grand-prix-opuzenskog-festivala-branku-medaku-neveni-gnjec-bebi-prva-nagrada-publike\/#breadcrumb\"},\"inLanguage\":\"hr\",\"potentialAction\":[{\"@type\":\"ReadAction\",\"target\":[\"https:\/\/likemetkovic.hr\/grand-prix-opuzenskog-festivala-branku-medaku-neveni-gnjec-bebi-prva-nagrada-publike\/\"]}]},{\"@type\":\"ImageObject\",\"inLanguage\":\"hr\",\"@id\":\"https:\/\/likemetkovic.hr\/grand-prix-opuzenskog-festivala-branku-medaku-neveni-gnjec-bebi-prva-nagrada-publike\/#primaryimage\",\"url\":\"https:\/\/likemetkovic.hr\/portal\/wp-content\/uploads\/2016\/08\/festival_opuzen8-120816.jpg\",\"contentUrl\":\"https:\/\/likemetkovic.hr\/portal\/wp-content\/uploads\/2016\/08\/festival_opuzen8-120816.jpg\",\"width\":856,\"height\":600,\"caption\":\"Foto: slobodnadalmacija.hr\"},{\"@type\":\"BreadcrumbList\",\"@id\":\"https:\/\/likemetkovic.hr\/grand-prix-opuzenskog-festivala-branku-medaku-neveni-gnjec-bebi-prva-nagrada-publike\/#breadcrumb\",\"itemListElement\":[{\"@type\":\"ListItem\",\"position\":1,\"name\":\"Po\u010detna stranica\",\"item\":\"https:\/\/likemetkovic.hr\/portal\/\"},{\"@type\":\"ListItem\",\"position\":2,\"name\":\"Grand Prix opuzenskog festivala Branku Medaku i Neveni Gnje\u010d, Bebi prva nagrada publike!\"}]},{\"@type\":\"WebSite\",\"@id\":\"https:\/\/likemetkovic.hr\/#website\",\"url\":\"https:\/\/likemetkovic.hr\/\",\"name\":\"likemetkovic.hr\",\"description\":\"Misli pozitivno... \u010ditaj LIKE\",\"potentialAction\":[{\"@type\":\"SearchAction\",\"target\":{\"@type\":\"EntryPoint\",\"urlTemplate\":\"https:\/\/likemetkovic.hr\/?s={search_term_string}\"},\"query-input\":{\"@type\":\"PropertyValueSpecification\",\"valueRequired\":true,\"valueName\":\"search_term_string\"}}],\"inLanguage\":\"hr\"},{\"@type\":\"Person\",\"@id\":\"https:\/\/likemetkovic.hr\/#\/schema\/person\/a42711f3385a0e2be6f7e0443bfb28f0\",\"name\":\"LIKEmetkovic.hr\",\"sameAs\":[\"http:\/\/likemetkovic.hr\"],\"url\":\"https:\/\/likemetkovic.hr\/portal\/author\/likemetkovic-hr\/\"}]}<\/script>\n<!-- \/ Yoast SEO plugin. -->","yoast_head_json":{"title":"Grand Prix opuzenskog festivala Branku Medaku i Neveni Gnje\u010d, Bebi prva nagrada publike! - likemetkovic.hr","robots":{"index":"index","follow":"follow","max-snippet":"max-snippet:-1","max-image-preview":"max-image-preview:large","max-video-preview":"max-video-preview:-1"},"canonical":"https:\/\/likemetkovic.hr\/grand-prix-opuzenskog-festivala-branku-medaku-neveni-gnjec-bebi-prva-nagrada-publike\/","og_locale":"hr_HR","og_type":"article","og_title":"Grand Prix opuzenskog festivala Branku Medaku i Neveni Gnje\u010d, Bebi prva nagrada publike! - likemetkovic.hr","og_description":"Opuzenska Pjaca ugostila je dvadeset i tre\u0107i po redu festival zabavne glazbe \u201eMelodije hrvatskog juga Opuzen 2016\u201c, koji je zasigurno uz maraton la\u0111a najzna\u010dajniji doga\u0111aj u dolini Neretve. Grand Prix festivala ponio je duet Branka Medaka i Nevena Gnje\u010d, dok je prva nagrada publike pripala Zoranu Bebi\u0107u Bebi. Drugu nagradu publike ponijela je klapa \u017dveljarin, [&hellip;]","og_url":"https:\/\/likemetkovic.hr\/grand-prix-opuzenskog-festivala-branku-medaku-neveni-gnjec-bebi-prva-nagrada-publike\/","og_site_name":"likemetkovic.hr","article_publisher":"https:\/\/www.facebook.com\/likemetkovic.hr\/","article_published_time":"2016-08-13T13:25:21+00:00","og_image":[{"width":856,"height":600,"url":"https:\/\/likemetkovic.hr\/wp-content\/uploads\/2016\/08\/festival_opuzen8-120816.jpg","type":"image\/jpeg"}],"author":"LIKEmetkovic.hr","twitter_card":"summary_large_image","twitter_misc":{"Napisao\/la":"LIKEmetkovic.hr","Procijenjeno vrijeme \u010ditanja":"2 minute"},"schema":{"@context":"https:\/\/schema.org","@graph":[{"@type":"WebPage","@id":"https:\/\/likemetkovic.hr\/grand-prix-opuzenskog-festivala-branku-medaku-neveni-gnjec-bebi-prva-nagrada-publike\/","url":"https:\/\/likemetkovic.hr\/grand-prix-opuzenskog-festivala-branku-medaku-neveni-gnjec-bebi-prva-nagrada-publike\/","name":"Grand Prix opuzenskog festivala Branku Medaku i Neveni Gnje\u010d, Bebi prva nagrada publike! - likemetkovic.hr","isPartOf":{"@id":"https:\/\/likemetkovic.hr\/#website"},"primaryImageOfPage":{"@id":"https:\/\/likemetkovic.hr\/grand-prix-opuzenskog-festivala-branku-medaku-neveni-gnjec-bebi-prva-nagrada-publike\/#primaryimage"},"image":{"@id":"https:\/\/likemetkovic.hr\/grand-prix-opuzenskog-festivala-branku-medaku-neveni-gnjec-bebi-prva-nagrada-publike\/#primaryimage"},"thumbnailUrl":"https:\/\/likemetkovic.hr\/portal\/wp-content\/uploads\/2016\/08\/festival_opuzen8-120816.jpg","datePublished":"2016-08-13T13:25:21+00:00","author":{"@id":"https:\/\/likemetkovic.hr\/#\/schema\/person\/a42711f3385a0e2be6f7e0443bfb28f0"},"breadcrumb":{"@id":"https:\/\/likemetkovic.hr\/grand-prix-opuzenskog-festivala-branku-medaku-neveni-gnjec-bebi-prva-nagrada-publike\/#breadcrumb"},"inLanguage":"hr","potentialAction":[{"@type":"ReadAction","target":["https:\/\/likemetkovic.hr\/grand-prix-opuzenskog-festivala-branku-medaku-neveni-gnjec-bebi-prva-nagrada-publike\/"]}]},{"@type":"ImageObject","inLanguage":"hr","@id":"https:\/\/likemetkovic.hr\/grand-prix-opuzenskog-festivala-branku-medaku-neveni-gnjec-bebi-prva-nagrada-publike\/#primaryimage","url":"https:\/\/likemetkovic.hr\/portal\/wp-content\/uploads\/2016\/08\/festival_opuzen8-120816.jpg","contentUrl":"https:\/\/likemetkovic.hr\/portal\/wp-content\/uploads\/2016\/08\/festival_opuzen8-120816.jpg","width":856,"height":600,"caption":"Foto: slobodnadalmacija.hr"},{"@type":"BreadcrumbList","@id":"https:\/\/likemetkovic.hr\/grand-prix-opuzenskog-festivala-branku-medaku-neveni-gnjec-bebi-prva-nagrada-publike\/#breadcrumb","itemListElement":[{"@type":"ListItem","position":1,"name":"Po\u010detna stranica","item":"https:\/\/likemetkovic.hr\/portal\/"},{"@type":"ListItem","position":2,"name":"Grand Prix opuzenskog festivala Branku Medaku i Neveni Gnje\u010d, Bebi prva nagrada publike!"}]},{"@type":"WebSite","@id":"https:\/\/likemetkovic.hr\/#website","url":"https:\/\/likemetkovic.hr\/","name":"likemetkovic.hr","description":"Misli pozitivno... \u010ditaj LIKE","potentialAction":[{"@type":"SearchAction","target":{"@type":"EntryPoint","urlTemplate":"https:\/\/likemetkovic.hr\/?s={search_term_string}"},"query-input":{"@type":"PropertyValueSpecification","valueRequired":true,"valueName":"search_term_string"}}],"inLanguage":"hr"},{"@type":"Person","@id":"https:\/\/likemetkovic.hr\/#\/schema\/person\/a42711f3385a0e2be6f7e0443bfb28f0","name":"LIKEmetkovic.hr","sameAs":["http:\/\/likemetkovic.hr"],"url":"https:\/\/likemetkovic.hr\/portal\/author\/likemetkovic-hr\/"}]}},"_links":{"self":[{"href":"https:\/\/likemetkovic.hr\/portal\/wp-json\/wp\/v2\/posts\/25443","targetHints":{"allow":["GET"]}}],"collection":[{"href":"https:\/\/likemetkovic.hr\/portal\/wp-json\/wp\/v2\/posts"}],"about":[{"href":"https:\/\/likemetkovic.hr\/portal\/wp-json\/wp\/v2\/types\/post"}],"author":[{"embeddable":true,"href":"https:\/\/likemetkovic.hr\/portal\/wp-json\/wp\/v2\/users\/7"}],"replies":[{"embeddable":true,"href":"https:\/\/likemetkovic.hr\/portal\/wp-json\/wp\/v2\/comments?post=25443"}],"version-history":[{"count":0,"href":"https:\/\/likemetkovic.hr\/portal\/wp-json\/wp\/v2\/posts\/25443\/revisions"}],"wp:featuredmedia":[{"embeddable":true,"href":"https:\/\/likemetkovic.hr\/portal\/wp-json\/wp\/v2\/media\/25444"}],"wp:attachment":[{"href":"https:\/\/likemetkovic.hr\/portal\/wp-json\/wp\/v2\/media?parent=25443"}],"wp:term":[{"taxonomy":"category","embeddable":true,"href":"https:\/\/likemetkovic.hr\/portal\/wp-json\/wp\/v2\/categories?post=25443"},{"taxonomy":"post_tag","embeddable":true,"href":"https:\/\/likemetkovic.hr\/portal\/wp-json\/wp\/v2\/tags?post=25443"}],"curies":[{"name":"wp","href":"https:\/\/api.w.org\/{rel}","templated":true}]}}