{"id":25609,"date":"2016-08-16T20:00:36","date_gmt":"2016-08-16T18:00:36","guid":{"rendered":"http:\/\/likemetkovic.hr\/?p=25609"},"modified":"2018-06-03T19:39:05","modified_gmt":"2018-06-03T17:39:05","slug":"25609-2","status":"publish","type":"post","link":"https:\/\/likemetkovic.hr\/portal\/25609-2\/","title":{"rendered":"GUSARI IZ KOMINA: \u010cestitamo pobjednicima iz Bjelovara, ali Maraton je na rubu regularnosti!"},"content":{"rendered":"<p>Nezadovoljni netom odr\u017eanim 19. Maratonom la\u0111a Udruga la\u0111ara Gusar Komina jutros je u prostorijama svoje Udruge odr\u017eala konferenciju na medije na kojoj su u ime Udruge\u00a0pred okupljene novinare iza\u0161li predsjednik Udruge <strong>Ante Vukovi\u0107<\/strong>, kapetan ekipe\u00a0<strong>Stjepan Vlahovi\u0107<\/strong> i \u010dlan upravnog odbora i biv\u0161i predsjednik UL Gusara <strong>Boris \u0160uman.<\/strong><\/p>\n<p><em>Prije svega \u017eelimo \u010destitati svim ekipama koje su nastupile na 19. Maratonu la\u0111a te pobjednicima iz Bjelovara! Druga stvar, zbog na\u010dina na koji ja vodim Udrugu ne mo\u017eemo ostvariti rezultat za koji smo se spremali i ja \u017eelim Skup\u0161tini udruge ponuditi mandat na raspolaganje. Dalje, budu\u0107i da nije ispo\u0161tivan pravilnik Maratona la\u0111a Udruga la\u0111ara Neretve nije dobro organizirala ovogodi\u0161nji Maraton i on nije regularan.<\/em> &#8211; na po\u010detku je istaknuo <strong>Vukovi\u0107<\/strong>.<\/p>\n<p>U nastavku je predsjednik Udruge nabrojio neke od propusta u ovogodi\u0161njem Maratonu. Za po\u010detak je naglasio da su prije Maratona dobili la\u0111u koja je bila probu\u0161ena i sami su je morali pokrpati. Zatim, sam start Maratona prema rje\u010dima g. Vukovi\u0107a nije bio regularan, jer veli\u010dina zastava ekipe pod brojem 18. nije odgovarao pravilniku, a suci Maratona nisu imali metar za mjerenje zastava.<\/p>\n<p>Problem koji se de\u0161ava dugi niz godina i nikako da se rije\u0161i su razne brodice koje smetaju la\u0111arima \u0161to tako\u0111er pridonosi neregularnosti natjecanja naglasio je na kraju g. Vukovi\u0107 te prepustio rije\u010d\u00a0biv\u0161em predsjedniku UL Gusar\u00a0<strong>Borisu \u0160umanu:<\/strong><\/p>\n<p><em>Kao dugogodi\u0161nji predsjednik razo\u010daran sam organizacijom posljednjih Maratona jer su\u00a0na rubu regularnosti. Uzmimo za primjer pro\u0161lu godinu, ne osporavaju\u0107i prvo mjesto pro\u0161logodi\u0161njim prvacima Stablini i tu smo tako\u0111er bili o\u0161te\u0107eni. \u010cestitam ovogodi\u0161njim prvacima iz Bjelovara i ne \u017eelim umanjiti njihovu pobjedu, iskoristili su priliku kao \u0161to bismo vjerojatno i mi da smo je imali.<\/em><\/p>\n<p><em>U krovnoj Udruzi moramo napokon uvesti neke regule ili da se svega skupa ostavimo. Nastupamo od samoga po\u010detka, imamo rezultate, uvjete smo unaprijedili, imamo trenera sa kojim treniramo, ali dolazimo u isku\u0161enje da sve to skupa ugasimo ako \u0107e se ovako stanje nastaviti.<\/em><\/p>\n<p><em>Na kraju svega, protivno svim pravilima, Udruga la\u0111ara Neretve\u00a0\u017eeli da mi i Stablina podijelimo drugo mjesto \u0161to ni mi ni Stablina nismo \u017eeljeli prihvatiti. \u017delimo znati tko je prvi, tko drugi, tko tre\u0107i, organizator to treba znati!<\/em><\/p>\n<p><em>Ne\u010duveno je da Udruga ne mo\u017ee osigurati da brodice ne smetaju vesla\u010dima da se natje\u010du i ako organizator ne mo\u017ee to sve skupa voditi, ima tu ljudi koji su dugo u Maratonu i koji bi to mogli voditi i pozivam ih da daju svoje mandate na raspolaganje i prije Skup\u0161tine koja \u0107e se uskoro odr\u017eati.<\/em><\/p>\n<p>Na kraju se okupljenim medijima obratio kapetan ekipe Gusara iz Komina\u00a0<strong>Stjepan Vlahovi\u0107:<\/strong><\/p>\n<p><em>Htio bi se osvrrnuti na \u010dlanak iz statuta da se radi o kulturno-sportsko-turisti\u010dkoj manifestaciji. Izgleda da se fair-playom i po\u0161tenom borbom ne mo\u017ee napraviti rezultat na Maratonu. Nama je cilj ove godine bio prvo mjesto. \u017delim naglasiti kao i moji sugovornici da ne umanjujem prvo mjesto Bjelovaraca. Oni su iskoristili priliku kao \u0161to smo i mi prije dvije godine zabijanjem Crnog puta u bovu. \u017delim naglasiti da fair-playa vi\u0161e nema i da su nas organizatori doveli do toga da smo postali obi\u010dni gladijatori.\u00a0<\/em><\/p>\n<p><em>Ako smo u ovoj konkretnoj situaciji, prije ulaska u Crnu rijeku imali prednost onda je logi\u010dno da tu prednost imamo i nakon izlaska iz kanala koji je godinama problem. Isto tako ne mogu shvatiti da organizator ne mo\u017ee osigurati da nema brodica koje smetaju nama la\u0111arima i koje prema pravilniku to ne bi ni smjele \u010diniti.<\/em><\/p>\n<p><em>Tako\u0111er, \u017ealosno je \u0161to se nakon Maratona ne zna tko je koja pozicija i na slu\u017ebenoj stranici Maratona la\u0111a stoji da od drugog do tre\u0107eg mjesta poredak nije definiran!<\/em><\/p>\n<p><em>Vezano za fotofini\u0161,osobno sam na posljednjem sastanku Udruge la\u0111ara Neretve uo\u010di Maratona upozorio da fotofini\u0161 ni\u0161ta ne zna\u010di bez dvije bove i obe\u0107ali su mi tada da \u0107e biti postavljene dvije bove, a isto sam tra\u017eio i prija\u0161njih godina i ni\u0161ta nije u\u010dinjeno. Njima je o\u010dito va\u017enije ho\u0107e li predsjednica biti na brodu ili ne\u0107e.<\/em> &#8211; zavr\u0161io je kapetan.<\/p>\n\r\n                <style type=\"text\/css\">\r\n                    \r\n                    #tdi_1  .td-doubleSlider-2 .td-item1 {\r\n                        background: url(https:\/\/likemetkovic.hr\/portal\/wp-content\/uploads\/2016\/08\/DSC09179-80x60.jpg) 0 0 no-repeat;\r\n                    }\r\n                    #tdi_1  .td-doubleSlider-2 .td-item2 {\r\n                        background: url(https:\/\/likemetkovic.hr\/portal\/wp-content\/uploads\/2016\/08\/DSC09180-80x60.jpg) 0 0 no-repeat;\r\n                    }\r\n                    #tdi_1  .td-doubleSlider-2 .td-item3 {\r\n                        background: url(https:\/\/likemetkovic.hr\/portal\/wp-content\/uploads\/2016\/08\/DSC09186-80x60.jpg) 0 0 no-repeat;\r\n                    }\r\n                    #tdi_1  .td-doubleSlider-2 .td-item4 {\r\n                        background: url(https:\/\/likemetkovic.hr\/portal\/wp-content\/uploads\/2016\/08\/DSC09193-80x60.jpg) 0 0 no-repeat;\r\n                    }\r\n                    #tdi_1  .td-doubleSlider-2 .td-item5 {\r\n                        background: url(https:\/\/likemetkovic.hr\/portal\/wp-content\/uploads\/2016\/08\/DSC09200-80x60.jpg) 0 0 no-repeat;\r\n                    }\r\n                    #tdi_1  .td-doubleSlider-2 .td-item6 {\r\n                        background: url(https:\/\/likemetkovic.hr\/portal\/wp-content\/uploads\/2016\/08\/DSC09203-80x60.jpg) 0 0 no-repeat;\r\n                    }\r\n                <\/style>\r\n\r\n                <div id=\"tdi_1\" class=\"td-gallery td-slide-on-2-columns\">\r\n                    <div class=\"post_td_gallery\">\r\n                        <div class=\"td-gallery-slide-top\">\r\n                           <div class=\"td-gallery-title\"><\/div>\r\n\r\n                            <div class=\"td-gallery-controls-wrapper\">\r\n                                <div class=\"td-gallery-slide-count\"><span class=\"td-gallery-slide-item-focus\">1<\/span> of 6<\/div>\r\n                                <div class=\"td-gallery-slide-prev-next-but\">\r\n                                    <i class = \"td-icon-left doubleSliderPrevButton\"><\/i>\r\n                                    <i class = \"td-icon-right doubleSliderNextButton\"><\/i>\r\n                                <\/div>\r\n                            <\/div>\r\n                        <\/div>\r\n\r\n                        <div class = \"td-doubleSlider-1 \">\r\n                            <div class = \"td-slider\">\r\n                                \r\n                    <div class = \"td-slide-item td-item1\">\r\n                        <figure class=\"td-slide-galery-figure td-slide-popup-gallery\">\r\n                            <a class=\"slide-gallery-image-link\" href=\"https:\/\/likemetkovic.hr\/portal\/wp-content\/uploads\/2016\/08\/DSC09179.jpg\" title=\"Gusar komin\"  data-caption=\"Foto: Zoran Mateljak\"  data-description=\"\">\r\n                                <img decoding=\"async\" src=\"https:\/\/likemetkovic.hr\/portal\/wp-content\/uploads\/2016\/08\/DSC09179-631x420.jpg\" srcset=\"https:\/\/likemetkovic.hr\/portal\/wp-content\/uploads\/2016\/08\/DSC09179-631x420.jpg 631w, https:\/\/likemetkovic.hr\/portal\/wp-content\/uploads\/2016\/08\/DSC09179-300x200.jpg 300w, https:\/\/likemetkovic.hr\/portal\/wp-content\/uploads\/2016\/08\/DSC09179-768x511.jpg 768w, https:\/\/likemetkovic.hr\/portal\/wp-content\/uploads\/2016\/08\/DSC09179-640x426.jpg 640w, https:\/\/likemetkovic.hr\/portal\/wp-content\/uploads\/2016\/08\/DSC09179-696x463.jpg 696w, https:\/\/likemetkovic.hr\/portal\/wp-content\/uploads\/2016\/08\/DSC09179.jpg 900w\" sizes=\"(max-width: 631px) 100vw, 631px\" alt=\"\">\r\n                            <\/a>\r\n                            <figcaption class = \"td-slide-caption td-gallery-slide-content\"><div class = \"td-gallery-slide-copywrite\">Foto: Zoran Mateljak<\/div><\/figcaption>\r\n                        <\/figure>\r\n                    <\/div>\r\n                    <div class = \"td-slide-item td-item2\">\r\n                        <figure class=\"td-slide-galery-figure td-slide-popup-gallery\">\r\n                            <a class=\"slide-gallery-image-link\" href=\"https:\/\/likemetkovic.hr\/portal\/wp-content\/uploads\/2016\/08\/DSC09180.jpg\" title=\"Gusar komin\"  data-caption=\"Foto: Zoran Mateljak\"  data-description=\"\">\r\n                                <img decoding=\"async\" src=\"https:\/\/likemetkovic.hr\/portal\/wp-content\/uploads\/2016\/08\/DSC09180-630x420.jpg\" srcset=\"https:\/\/likemetkovic.hr\/portal\/wp-content\/uploads\/2016\/08\/DSC09180-630x420.jpg 630w, https:\/\/likemetkovic.hr\/portal\/wp-content\/uploads\/2016\/08\/DSC09180-300x200.jpg 300w, https:\/\/likemetkovic.hr\/portal\/wp-content\/uploads\/2016\/08\/DSC09180-768x512.jpg 768w, https:\/\/likemetkovic.hr\/portal\/wp-content\/uploads\/2016\/08\/DSC09180-640x427.jpg 640w, https:\/\/likemetkovic.hr\/portal\/wp-content\/uploads\/2016\/08\/DSC09180-696x464.jpg 696w, https:\/\/likemetkovic.hr\/portal\/wp-content\/uploads\/2016\/08\/DSC09180.jpg 900w\" sizes=\"(max-width: 630px) 100vw, 630px\" alt=\"\">\r\n                            <\/a>\r\n                            <figcaption class = \"td-slide-caption td-gallery-slide-content\"><div class = \"td-gallery-slide-copywrite\">Foto: Zoran Mateljak<\/div><\/figcaption>\r\n                        <\/figure>\r\n                    <\/div>\r\n                    <div class = \"td-slide-item td-item3\">\r\n                        <figure class=\"td-slide-galery-figure td-slide-popup-gallery\">\r\n                            <a class=\"slide-gallery-image-link\" href=\"https:\/\/likemetkovic.hr\/portal\/wp-content\/uploads\/2016\/08\/DSC09186.jpg\" title=\"Gusar komin\"  data-caption=\"Foto: Zoran Mateljak\"  data-description=\"\">\r\n                                <img decoding=\"async\" src=\"https:\/\/likemetkovic.hr\/portal\/wp-content\/uploads\/2016\/08\/DSC09186-630x420.jpg\" srcset=\"https:\/\/likemetkovic.hr\/portal\/wp-content\/uploads\/2016\/08\/DSC09186-630x420.jpg 630w, https:\/\/likemetkovic.hr\/portal\/wp-content\/uploads\/2016\/08\/DSC09186-300x200.jpg 300w, https:\/\/likemetkovic.hr\/portal\/wp-content\/uploads\/2016\/08\/DSC09186-768x512.jpg 768w, https:\/\/likemetkovic.hr\/portal\/wp-content\/uploads\/2016\/08\/DSC09186-640x427.jpg 640w, https:\/\/likemetkovic.hr\/portal\/wp-content\/uploads\/2016\/08\/DSC09186-696x464.jpg 696w, https:\/\/likemetkovic.hr\/portal\/wp-content\/uploads\/2016\/08\/DSC09186.jpg 900w\" sizes=\"(max-width: 630px) 100vw, 630px\" alt=\"\">\r\n                            <\/a>\r\n                            <figcaption class = \"td-slide-caption td-gallery-slide-content\"><div class = \"td-gallery-slide-copywrite\">Foto: Zoran Mateljak<\/div><\/figcaption>\r\n                        <\/figure>\r\n                    <\/div>\r\n                    <div class = \"td-slide-item td-item4\">\r\n                        <figure class=\"td-slide-galery-figure td-slide-popup-gallery\">\r\n                            <a class=\"slide-gallery-image-link\" href=\"https:\/\/likemetkovic.hr\/portal\/wp-content\/uploads\/2016\/08\/DSC09193.jpg\" title=\"Gusar komin\"  data-caption=\"Foto: Zoran Mateljak\"  data-description=\"\">\r\n                                <img decoding=\"async\" src=\"https:\/\/likemetkovic.hr\/portal\/wp-content\/uploads\/2016\/08\/DSC09193-630x420.jpg\" srcset=\"https:\/\/likemetkovic.hr\/portal\/wp-content\/uploads\/2016\/08\/DSC09193-630x420.jpg 630w, https:\/\/likemetkovic.hr\/portal\/wp-content\/uploads\/2016\/08\/DSC09193-300x200.jpg 300w, https:\/\/likemetkovic.hr\/portal\/wp-content\/uploads\/2016\/08\/DSC09193-768x512.jpg 768w, https:\/\/likemetkovic.hr\/portal\/wp-content\/uploads\/2016\/08\/DSC09193-640x427.jpg 640w, https:\/\/likemetkovic.hr\/portal\/wp-content\/uploads\/2016\/08\/DSC09193-696x464.jpg 696w, https:\/\/likemetkovic.hr\/portal\/wp-content\/uploads\/2016\/08\/DSC09193.jpg 900w\" sizes=\"(max-width: 630px) 100vw, 630px\" alt=\"\">\r\n                            <\/a>\r\n                            <figcaption class = \"td-slide-caption td-gallery-slide-content\"><div class = \"td-gallery-slide-copywrite\">Foto: Zoran Mateljak<\/div><\/figcaption>\r\n                        <\/figure>\r\n                    <\/div>\r\n                    <div class = \"td-slide-item td-item5\">\r\n                        <figure class=\"td-slide-galery-figure td-slide-popup-gallery\">\r\n                            <a class=\"slide-gallery-image-link\" href=\"https:\/\/likemetkovic.hr\/portal\/wp-content\/uploads\/2016\/08\/DSC09200.jpg\" title=\"Gusar komin\"  data-caption=\"Foto: Zoran Mateljak\"  data-description=\"\">\r\n                                <img decoding=\"async\" src=\"https:\/\/likemetkovic.hr\/portal\/wp-content\/uploads\/2016\/08\/DSC09200-630x420.jpg\" srcset=\"https:\/\/likemetkovic.hr\/portal\/wp-content\/uploads\/2016\/08\/DSC09200-630x420.jpg 630w, https:\/\/likemetkovic.hr\/portal\/wp-content\/uploads\/2016\/08\/DSC09200-300x200.jpg 300w, https:\/\/likemetkovic.hr\/portal\/wp-content\/uploads\/2016\/08\/DSC09200-768x512.jpg 768w, https:\/\/likemetkovic.hr\/portal\/wp-content\/uploads\/2016\/08\/DSC09200-640x427.jpg 640w, https:\/\/likemetkovic.hr\/portal\/wp-content\/uploads\/2016\/08\/DSC09200-696x464.jpg 696w, https:\/\/likemetkovic.hr\/portal\/wp-content\/uploads\/2016\/08\/DSC09200.jpg 900w\" sizes=\"(max-width: 630px) 100vw, 630px\" alt=\"\">\r\n                            <\/a>\r\n                            <figcaption class = \"td-slide-caption td-gallery-slide-content\"><div class = \"td-gallery-slide-copywrite\">Foto: Zoran Mateljak<\/div><\/figcaption>\r\n                        <\/figure>\r\n                    <\/div>\r\n                    <div class = \"td-slide-item td-item6\">\r\n                        <figure class=\"td-slide-galery-figure td-slide-popup-gallery\">\r\n                            <a class=\"slide-gallery-image-link\" href=\"https:\/\/likemetkovic.hr\/portal\/wp-content\/uploads\/2016\/08\/DSC09203.jpg\" title=\"Gusar komin\"  data-caption=\"Foto: Zoran Mateljak\"  data-description=\"\">\r\n                                <img decoding=\"async\" src=\"https:\/\/likemetkovic.hr\/portal\/wp-content\/uploads\/2016\/08\/DSC09203-630x420.jpg\" srcset=\"https:\/\/likemetkovic.hr\/portal\/wp-content\/uploads\/2016\/08\/DSC09203-630x420.jpg 630w, https:\/\/likemetkovic.hr\/portal\/wp-content\/uploads\/2016\/08\/DSC09203-300x200.jpg 300w, https:\/\/likemetkovic.hr\/portal\/wp-content\/uploads\/2016\/08\/DSC09203-768x512.jpg 768w, https:\/\/likemetkovic.hr\/portal\/wp-content\/uploads\/2016\/08\/DSC09203-640x427.jpg 640w, https:\/\/likemetkovic.hr\/portal\/wp-content\/uploads\/2016\/08\/DSC09203-696x464.jpg 696w, https:\/\/likemetkovic.hr\/portal\/wp-content\/uploads\/2016\/08\/DSC09203.jpg 900w\" sizes=\"(max-width: 630px) 100vw, 630px\" alt=\"\">\r\n                            <\/a>\r\n                            <figcaption class = \"td-slide-caption td-gallery-slide-content\"><div class = \"td-gallery-slide-copywrite\">Foto: Zoran Mateljak<\/div><\/figcaption>\r\n                        <\/figure>\r\n                    <\/div>\r\n                            <\/div>\r\n                        <\/div>\r\n\r\n                        <div class = \"td-doubleSlider-2\">\r\n                            <div class = \"td-slider\">\r\n                                \r\n                    <div class = \"td-button td-item1\">\r\n                        <div class = \"td-border\"><\/div>\r\n                    <\/div>\r\n                    <div class = \"td-button td-item2\">\r\n                        <div class = \"td-border\"><\/div>\r\n                    <\/div>\r\n                    <div class = \"td-button td-item3\">\r\n                        <div class = \"td-border\"><\/div>\r\n                    <\/div>\r\n                    <div class = \"td-button td-item4\">\r\n                        <div class = \"td-border\"><\/div>\r\n                    <\/div>\r\n                    <div class = \"td-button td-item5\">\r\n                        <div class = \"td-border\"><\/div>\r\n                    <\/div>\r\n                    <div class = \"td-button td-item6\">\r\n                        <div class = \"td-border\"><\/div>\r\n                    <\/div>\r\n                            <\/div>\r\n                        <\/div>\r\n\r\n                    <\/div>\r\n\r\n                <\/div>\r\n                \n<p>&nbsp;<\/p>\n","protected":false},"excerpt":{"rendered":"<p>Nezadovoljni netom odr\u017eanim 19. Maratonom la\u0111a Udruga la\u0111ara Gusar Komina jutros je u prostorijama svoje Udruge odr\u017eala konferenciju na medije na kojoj su u ime Udruge\u00a0pred okupljene novinare iza\u0161li predsjednik Udruge Ante Vukovi\u0107, kapetan ekipe\u00a0Stjepan Vlahovi\u0107 i \u010dlan upravnog odbora i biv\u0161i predsjednik UL Gusara Boris \u0160uman. Prije svega \u017eelimo \u010destitati svim ekipama koje su [&hellip;]<\/p>\n","protected":false},"author":7,"featured_media":25618,"comment_status":"open","ping_status":"open","sticky":false,"template":"","format":"standard","meta":{"footnotes":""},"categories":[283],"tags":[],"class_list":{"0":"post-25609","1":"post","2":"type-post","3":"status-publish","4":"format-standard","5":"has-post-thumbnail","7":"category-a"},"yoast_head":"<!-- This site is optimized with the Yoast SEO plugin v25.2 - https:\/\/yoast.com\/wordpress\/plugins\/seo\/ -->\n<title>GUSARI IZ KOMINA: \u010cestitamo pobjednicima iz Bjelovara, ali Maraton je na rubu regularnosti! - likemetkovic.hr<\/title>\n<meta name=\"robots\" content=\"index, follow, max-snippet:-1, max-image-preview:large, max-video-preview:-1\" \/>\n<link rel=\"canonical\" href=\"https:\/\/likemetkovic.hr\/25609-2\/\" \/>\n<meta property=\"og:locale\" content=\"hr_HR\" \/>\n<meta property=\"og:type\" content=\"article\" \/>\n<meta property=\"og:title\" content=\"GUSARI IZ KOMINA: \u010cestitamo pobjednicima iz Bjelovara, ali Maraton je na rubu regularnosti! - likemetkovic.hr\" \/>\n<meta property=\"og:description\" content=\"Nezadovoljni netom odr\u017eanim 19. Maratonom la\u0111a Udruga la\u0111ara Gusar Komina jutros je u prostorijama svoje Udruge odr\u017eala konferenciju na medije na kojoj su u ime Udruge\u00a0pred okupljene novinare iza\u0161li predsjednik Udruge Ante Vukovi\u0107, kapetan ekipe\u00a0Stjepan Vlahovi\u0107 i \u010dlan upravnog odbora i biv\u0161i predsjednik UL Gusara Boris \u0160uman. Prije svega \u017eelimo \u010destitati svim ekipama koje su [&hellip;]\" \/>\n<meta property=\"og:url\" content=\"https:\/\/likemetkovic.hr\/25609-2\/\" \/>\n<meta property=\"og:site_name\" content=\"likemetkovic.hr\" \/>\n<meta property=\"article:publisher\" content=\"https:\/\/www.facebook.com\/likemetkovic.hr\/\" \/>\n<meta property=\"article:published_time\" content=\"2016-08-16T18:00:36+00:00\" \/>\n<meta property=\"article:modified_time\" content=\"2018-06-03T17:39:05+00:00\" \/>\n<meta property=\"og:image\" content=\"https:\/\/likemetkovic.hr\/wp-content\/uploads\/2016\/08\/DSC09193.jpg\" \/>\n\t<meta property=\"og:image:width\" content=\"900\" \/>\n\t<meta property=\"og:image:height\" content=\"600\" \/>\n\t<meta property=\"og:image:type\" content=\"image\/jpeg\" \/>\n<meta name=\"author\" content=\"LIKEmetkovic.hr\" \/>\n<meta name=\"twitter:card\" content=\"summary_large_image\" \/>\n<meta name=\"twitter:label1\" content=\"Napisao\/la\" \/>\n\t<meta name=\"twitter:data1\" content=\"LIKEmetkovic.hr\" \/>\n\t<meta name=\"twitter:label2\" content=\"Procijenjeno vrijeme \u010ditanja\" \/>\n\t<meta name=\"twitter:data2\" content=\"4 minute\" \/>\n<script type=\"application\/ld+json\" class=\"yoast-schema-graph\">{\"@context\":\"https:\/\/schema.org\",\"@graph\":[{\"@type\":\"WebPage\",\"@id\":\"https:\/\/likemetkovic.hr\/25609-2\/\",\"url\":\"https:\/\/likemetkovic.hr\/25609-2\/\",\"name\":\"GUSARI IZ KOMINA: \u010cestitamo pobjednicima iz Bjelovara, ali Maraton je na rubu regularnosti! - likemetkovic.hr\",\"isPartOf\":{\"@id\":\"https:\/\/likemetkovic.hr\/#website\"},\"primaryImageOfPage\":{\"@id\":\"https:\/\/likemetkovic.hr\/25609-2\/#primaryimage\"},\"image\":{\"@id\":\"https:\/\/likemetkovic.hr\/25609-2\/#primaryimage\"},\"thumbnailUrl\":\"https:\/\/likemetkovic.hr\/portal\/wp-content\/uploads\/2016\/08\/DSC09193.jpg\",\"datePublished\":\"2016-08-16T18:00:36+00:00\",\"dateModified\":\"2018-06-03T17:39:05+00:00\",\"author\":{\"@id\":\"https:\/\/likemetkovic.hr\/#\/schema\/person\/a42711f3385a0e2be6f7e0443bfb28f0\"},\"breadcrumb\":{\"@id\":\"https:\/\/likemetkovic.hr\/25609-2\/#breadcrumb\"},\"inLanguage\":\"hr\",\"potentialAction\":[{\"@type\":\"ReadAction\",\"target\":[\"https:\/\/likemetkovic.hr\/25609-2\/\"]}]},{\"@type\":\"ImageObject\",\"inLanguage\":\"hr\",\"@id\":\"https:\/\/likemetkovic.hr\/25609-2\/#primaryimage\",\"url\":\"https:\/\/likemetkovic.hr\/portal\/wp-content\/uploads\/2016\/08\/DSC09193.jpg\",\"contentUrl\":\"https:\/\/likemetkovic.hr\/portal\/wp-content\/uploads\/2016\/08\/DSC09193.jpg\",\"width\":900,\"height\":600,\"caption\":\"Foto: Zoran Mateljak\"},{\"@type\":\"BreadcrumbList\",\"@id\":\"https:\/\/likemetkovic.hr\/25609-2\/#breadcrumb\",\"itemListElement\":[{\"@type\":\"ListItem\",\"position\":1,\"name\":\"Po\u010detna stranica\",\"item\":\"https:\/\/likemetkovic.hr\/portal\/\"},{\"@type\":\"ListItem\",\"position\":2,\"name\":\"GUSARI IZ KOMINA: \u010cestitamo pobjednicima iz Bjelovara, ali Maraton je na rubu regularnosti!\"}]},{\"@type\":\"WebSite\",\"@id\":\"https:\/\/likemetkovic.hr\/#website\",\"url\":\"https:\/\/likemetkovic.hr\/\",\"name\":\"likemetkovic.hr\",\"description\":\"Misli pozitivno... \u010ditaj LIKE\",\"potentialAction\":[{\"@type\":\"SearchAction\",\"target\":{\"@type\":\"EntryPoint\",\"urlTemplate\":\"https:\/\/likemetkovic.hr\/?s={search_term_string}\"},\"query-input\":{\"@type\":\"PropertyValueSpecification\",\"valueRequired\":true,\"valueName\":\"search_term_string\"}}],\"inLanguage\":\"hr\"},{\"@type\":\"Person\",\"@id\":\"https:\/\/likemetkovic.hr\/#\/schema\/person\/a42711f3385a0e2be6f7e0443bfb28f0\",\"name\":\"LIKEmetkovic.hr\",\"sameAs\":[\"http:\/\/likemetkovic.hr\"],\"url\":\"https:\/\/likemetkovic.hr\/portal\/author\/likemetkovic-hr\/\"}]}<\/script>\n<!-- \/ Yoast SEO plugin. -->","yoast_head_json":{"title":"GUSARI IZ KOMINA: \u010cestitamo pobjednicima iz Bjelovara, ali Maraton je na rubu regularnosti! - likemetkovic.hr","robots":{"index":"index","follow":"follow","max-snippet":"max-snippet:-1","max-image-preview":"max-image-preview:large","max-video-preview":"max-video-preview:-1"},"canonical":"https:\/\/likemetkovic.hr\/25609-2\/","og_locale":"hr_HR","og_type":"article","og_title":"GUSARI IZ KOMINA: \u010cestitamo pobjednicima iz Bjelovara, ali Maraton je na rubu regularnosti! - likemetkovic.hr","og_description":"Nezadovoljni netom odr\u017eanim 19. Maratonom la\u0111a Udruga la\u0111ara Gusar Komina jutros je u prostorijama svoje Udruge odr\u017eala konferenciju na medije na kojoj su u ime Udruge\u00a0pred okupljene novinare iza\u0161li predsjednik Udruge Ante Vukovi\u0107, kapetan ekipe\u00a0Stjepan Vlahovi\u0107 i \u010dlan upravnog odbora i biv\u0161i predsjednik UL Gusara Boris \u0160uman. Prije svega \u017eelimo \u010destitati svim ekipama koje su [&hellip;]","og_url":"https:\/\/likemetkovic.hr\/25609-2\/","og_site_name":"likemetkovic.hr","article_publisher":"https:\/\/www.facebook.com\/likemetkovic.hr\/","article_published_time":"2016-08-16T18:00:36+00:00","article_modified_time":"2018-06-03T17:39:05+00:00","og_image":[{"width":900,"height":600,"url":"https:\/\/likemetkovic.hr\/wp-content\/uploads\/2016\/08\/DSC09193.jpg","type":"image\/jpeg"}],"author":"LIKEmetkovic.hr","twitter_card":"summary_large_image","twitter_misc":{"Napisao\/la":"LIKEmetkovic.hr","Procijenjeno vrijeme \u010ditanja":"4 minute"},"schema":{"@context":"https:\/\/schema.org","@graph":[{"@type":"WebPage","@id":"https:\/\/likemetkovic.hr\/25609-2\/","url":"https:\/\/likemetkovic.hr\/25609-2\/","name":"GUSARI IZ KOMINA: \u010cestitamo pobjednicima iz Bjelovara, ali Maraton je na rubu regularnosti! - likemetkovic.hr","isPartOf":{"@id":"https:\/\/likemetkovic.hr\/#website"},"primaryImageOfPage":{"@id":"https:\/\/likemetkovic.hr\/25609-2\/#primaryimage"},"image":{"@id":"https:\/\/likemetkovic.hr\/25609-2\/#primaryimage"},"thumbnailUrl":"https:\/\/likemetkovic.hr\/portal\/wp-content\/uploads\/2016\/08\/DSC09193.jpg","datePublished":"2016-08-16T18:00:36+00:00","dateModified":"2018-06-03T17:39:05+00:00","author":{"@id":"https:\/\/likemetkovic.hr\/#\/schema\/person\/a42711f3385a0e2be6f7e0443bfb28f0"},"breadcrumb":{"@id":"https:\/\/likemetkovic.hr\/25609-2\/#breadcrumb"},"inLanguage":"hr","potentialAction":[{"@type":"ReadAction","target":["https:\/\/likemetkovic.hr\/25609-2\/"]}]},{"@type":"ImageObject","inLanguage":"hr","@id":"https:\/\/likemetkovic.hr\/25609-2\/#primaryimage","url":"https:\/\/likemetkovic.hr\/portal\/wp-content\/uploads\/2016\/08\/DSC09193.jpg","contentUrl":"https:\/\/likemetkovic.hr\/portal\/wp-content\/uploads\/2016\/08\/DSC09193.jpg","width":900,"height":600,"caption":"Foto: Zoran Mateljak"},{"@type":"BreadcrumbList","@id":"https:\/\/likemetkovic.hr\/25609-2\/#breadcrumb","itemListElement":[{"@type":"ListItem","position":1,"name":"Po\u010detna stranica","item":"https:\/\/likemetkovic.hr\/portal\/"},{"@type":"ListItem","position":2,"name":"GUSARI IZ KOMINA: \u010cestitamo pobjednicima iz Bjelovara, ali Maraton je na rubu regularnosti!"}]},{"@type":"WebSite","@id":"https:\/\/likemetkovic.hr\/#website","url":"https:\/\/likemetkovic.hr\/","name":"likemetkovic.hr","description":"Misli pozitivno... \u010ditaj LIKE","potentialAction":[{"@type":"SearchAction","target":{"@type":"EntryPoint","urlTemplate":"https:\/\/likemetkovic.hr\/?s={search_term_string}"},"query-input":{"@type":"PropertyValueSpecification","valueRequired":true,"valueName":"search_term_string"}}],"inLanguage":"hr"},{"@type":"Person","@id":"https:\/\/likemetkovic.hr\/#\/schema\/person\/a42711f3385a0e2be6f7e0443bfb28f0","name":"LIKEmetkovic.hr","sameAs":["http:\/\/likemetkovic.hr"],"url":"https:\/\/likemetkovic.hr\/portal\/author\/likemetkovic-hr\/"}]}},"_links":{"self":[{"href":"https:\/\/likemetkovic.hr\/portal\/wp-json\/wp\/v2\/posts\/25609","targetHints":{"allow":["GET"]}}],"collection":[{"href":"https:\/\/likemetkovic.hr\/portal\/wp-json\/wp\/v2\/posts"}],"about":[{"href":"https:\/\/likemetkovic.hr\/portal\/wp-json\/wp\/v2\/types\/post"}],"author":[{"embeddable":true,"href":"https:\/\/likemetkovic.hr\/portal\/wp-json\/wp\/v2\/users\/7"}],"replies":[{"embeddable":true,"href":"https:\/\/likemetkovic.hr\/portal\/wp-json\/wp\/v2\/comments?post=25609"}],"version-history":[{"count":0,"href":"https:\/\/likemetkovic.hr\/portal\/wp-json\/wp\/v2\/posts\/25609\/revisions"}],"wp:featuredmedia":[{"embeddable":true,"href":"https:\/\/likemetkovic.hr\/portal\/wp-json\/wp\/v2\/media\/25618"}],"wp:attachment":[{"href":"https:\/\/likemetkovic.hr\/portal\/wp-json\/wp\/v2\/media?parent=25609"}],"wp:term":[{"taxonomy":"category","embeddable":true,"href":"https:\/\/likemetkovic.hr\/portal\/wp-json\/wp\/v2\/categories?post=25609"},{"taxonomy":"post_tag","embeddable":true,"href":"https:\/\/likemetkovic.hr\/portal\/wp-json\/wp\/v2\/tags?post=25609"}],"curies":[{"name":"wp","href":"https:\/\/api.w.org\/{rel}","templated":true}]}}