{"id":25874,"date":"2016-08-20T10:37:56","date_gmt":"2016-08-20T08:37:56","guid":{"rendered":"http:\/\/likemetkovic.hr\/?p=25874"},"modified":"2016-08-20T12:18:39","modified_gmt":"2016-08-20T10:18:39","slug":"petra-volarevic-ponijela-titulu-kraljice-osobnosti-te-ii-princeze-izboru-kraljicu-jadrana","status":"publish","type":"post","link":"https:\/\/likemetkovic.hr\/portal\/petra-volarevic-ponijela-titulu-kraljice-osobnosti-te-ii-princeze-izboru-kraljicu-jadrana\/","title":{"rendered":"Petra Volarevi\u0107 ponijela titulu Kraljice osobnosti te II. Princeze na izboru za Kraljicu Jadrana!"},"content":{"rendered":"<p>Sino\u0107 je\u00a0na terasi turisti\u010dkog naselja San Marino-Lopar s po\u010detkom u 21:30 sati odr\u017ean finalni izbor Kraljice Jadrana u kojem je, <a href=\"http:\/\/likemetkovic.hr\/foto-metkovka-petra-volarevic-finalu-izbora-kraljicu-jadrana\/\">kako smo i najavili, sudjelovala i na\u0161a <strong>Petra Volarevi\u0107<\/strong>.<\/a><\/p>\n<p>Finalistice su pro\u0161etale pistom u vjen\u010danicama i sve\u010danim haljinama dizajnerskih ku\u0107a \u201ePronovias\u201c,\u201cSan Patrick\u201c, \u201eLa Sposa\u201c te salona vjen\u010danica \u201eBiba\u201c iz Pule i Rijeke. Sve finalistice su nagra\u0111ene odnim nakitom Ivan\u010dice Pahor, dok su nositeljice lenti bile posebno nagra\u0111ene, kao i sama Kraljica Jadrana koja je uz sve dobila i unikatnu haljinu.<\/p>\n<p><strong>Na\u0161a Petra Volarevi\u0107 je progla\u0161ena za Kraljicu osobnosti te je ponijela titulu II. princeze Kraljice Jadrana!<\/strong><\/p>\n<p>Za nagradu je dobila\u00a0poklon bon od Europskog centra sporta i ljepote \u201eDea\u201c u vrijednosti od 2.500,00 kn te druge vrijedne nagrade.<\/p>\n<p><strong>I. Princeza<\/strong> 2016. je <strong>Ivona Brklja\u010di\u0107<\/strong> dok je titulu <strong>Kraljice Jadrana<\/strong> ponijela <strong>Ivana Volar<\/strong>.<\/p>\n<p>\u010cestitamo na\u0161oj Petri!<\/p>\n\r\n                <style type=\"text\/css\">\r\n                    \r\n                    #tdi_1  .td-doubleSlider-2 .td-item1 {\r\n                        background: url(https:\/\/likemetkovic.hr\/portal\/wp-content\/uploads\/2016\/08\/kraljica-jadrana-80x60.jpg) 0 0 no-repeat;\r\n                    }\r\n                    #tdi_1  .td-doubleSlider-2 .td-item2 {\r\n                        background: url(https:\/\/likemetkovic.hr\/portal\/wp-content\/uploads\/2016\/08\/kraljica-jadrana_1-80x60.jpg) 0 0 no-repeat;\r\n                    }\r\n                    #tdi_1  .td-doubleSlider-2 .td-item3 {\r\n                        background: url(https:\/\/likemetkovic.hr\/portal\/wp-content\/uploads\/2016\/08\/kraljica-jadrana_2-80x60.jpg) 0 0 no-repeat;\r\n                    }\r\n                <\/style>\r\n\r\n                <div id=\"tdi_1\" class=\"td-gallery td-slide-on-2-columns\">\r\n                    <div class=\"post_td_gallery\">\r\n                        <div class=\"td-gallery-slide-top\">\r\n                           <div class=\"td-gallery-title\"><\/div>\r\n\r\n                            <div class=\"td-gallery-controls-wrapper\">\r\n                                <div class=\"td-gallery-slide-count\"><span class=\"td-gallery-slide-item-focus\">1<\/span> of 3<\/div>\r\n                                <div class=\"td-gallery-slide-prev-next-but\">\r\n                                    <i class = \"td-icon-left doubleSliderPrevButton\"><\/i>\r\n                                    <i class = \"td-icon-right doubleSliderNextButton\"><\/i>\r\n                                <\/div>\r\n                            <\/div>\r\n                        <\/div>\r\n\r\n                        <div class = \"td-doubleSlider-1 \">\r\n                            <div class = \"td-slider\">\r\n                                \r\n                    <div class = \"td-slide-item td-item1\">\r\n                        <figure class=\"td-slide-galery-figure td-slide-popup-gallery\">\r\n                            <a class=\"slide-gallery-image-link\" href=\"https:\/\/likemetkovic.hr\/portal\/wp-content\/uploads\/2016\/08\/kraljica-jadrana.jpg\" title=\"kraljica jadrana\"  data-caption=\"Foto: ludvig foto\"  data-description=\"\">\r\n                                <img decoding=\"async\" src=\"https:\/\/likemetkovic.hr\/portal\/wp-content\/uploads\/2016\/08\/kraljica-jadrana-630x420.jpg\" srcset=\"https:\/\/likemetkovic.hr\/portal\/wp-content\/uploads\/2016\/08\/kraljica-jadrana-630x420.jpg 630w, https:\/\/likemetkovic.hr\/portal\/wp-content\/uploads\/2016\/08\/kraljica-jadrana-300x200.jpg 300w, https:\/\/likemetkovic.hr\/portal\/wp-content\/uploads\/2016\/08\/kraljica-jadrana-768x512.jpg 768w, https:\/\/likemetkovic.hr\/portal\/wp-content\/uploads\/2016\/08\/kraljica-jadrana-640x427.jpg 640w, https:\/\/likemetkovic.hr\/portal\/wp-content\/uploads\/2016\/08\/kraljica-jadrana-696x464.jpg 696w, https:\/\/likemetkovic.hr\/portal\/wp-content\/uploads\/2016\/08\/kraljica-jadrana.jpg 900w\" sizes=\"(max-width: 630px) 100vw, 630px\" alt=\"\">\r\n                            <\/a>\r\n                            <figcaption class = \"td-slide-caption td-gallery-slide-content\"><div class = \"td-gallery-slide-copywrite\">Foto: ludvig foto<\/div><\/figcaption>\r\n                        <\/figure>\r\n                    <\/div>\r\n                    <div class = \"td-slide-item td-item2\">\r\n                        <figure class=\"td-slide-galery-figure td-slide-popup-gallery\">\r\n                            <a class=\"slide-gallery-image-link\" href=\"https:\/\/likemetkovic.hr\/portal\/wp-content\/uploads\/2016\/08\/kraljica-jadrana_1.jpg\" title=\"kraljica jadrana_1\"  data-caption=\"Foto: ludvig foto\"  data-description=\"\">\r\n                                <img decoding=\"async\" src=\"https:\/\/likemetkovic.hr\/portal\/wp-content\/uploads\/2016\/08\/kraljica-jadrana_1-280x420.jpg\" srcset=\"https:\/\/likemetkovic.hr\/portal\/wp-content\/uploads\/2016\/08\/kraljica-jadrana_1-280x420.jpg 280w, https:\/\/likemetkovic.hr\/portal\/wp-content\/uploads\/2016\/08\/kraljica-jadrana_1-200x300.jpg 200w, https:\/\/likemetkovic.hr\/portal\/wp-content\/uploads\/2016\/08\/kraljica-jadrana_1-427x640.jpg 427w, https:\/\/likemetkovic.hr\/portal\/wp-content\/uploads\/2016\/08\/kraljica-jadrana_1.jpg 600w\" sizes=\"(max-width: 280px) 100vw, 280px\" alt=\"\">\r\n                            <\/a>\r\n                            <figcaption class = \"td-slide-caption td-gallery-slide-content\"><div class = \"td-gallery-slide-copywrite\">Foto: ludvig foto<\/div><\/figcaption>\r\n                        <\/figure>\r\n                    <\/div>\r\n                    <div class = \"td-slide-item td-item3\">\r\n                        <figure class=\"td-slide-galery-figure td-slide-popup-gallery\">\r\n                            <a class=\"slide-gallery-image-link\" href=\"https:\/\/likemetkovic.hr\/portal\/wp-content\/uploads\/2016\/08\/kraljica-jadrana_2.jpg\" title=\"kraljica jadrana_2\"  data-caption=\"Foto: ludvig foto\"  data-description=\"\">\r\n                                <img decoding=\"async\" src=\"https:\/\/likemetkovic.hr\/portal\/wp-content\/uploads\/2016\/08\/kraljica-jadrana_2-280x420.jpg\" srcset=\"https:\/\/likemetkovic.hr\/portal\/wp-content\/uploads\/2016\/08\/kraljica-jadrana_2-280x420.jpg 280w, https:\/\/likemetkovic.hr\/portal\/wp-content\/uploads\/2016\/08\/kraljica-jadrana_2-200x300.jpg 200w, https:\/\/likemetkovic.hr\/portal\/wp-content\/uploads\/2016\/08\/kraljica-jadrana_2-427x640.jpg 427w, https:\/\/likemetkovic.hr\/portal\/wp-content\/uploads\/2016\/08\/kraljica-jadrana_2.jpg 600w\" sizes=\"(max-width: 280px) 100vw, 280px\" alt=\"\">\r\n                            <\/a>\r\n                            <figcaption class = \"td-slide-caption td-gallery-slide-content\"><div class = \"td-gallery-slide-copywrite\">Foto: ludvig foto<\/div><\/figcaption>\r\n                        <\/figure>\r\n                    <\/div>\r\n                            <\/div>\r\n                        <\/div>\r\n\r\n                        <div class = \"td-doubleSlider-2\">\r\n                            <div class = \"td-slider\">\r\n                                \r\n                    <div class = \"td-button td-item1\">\r\n                        <div class = \"td-border\"><\/div>\r\n                    <\/div>\r\n                    <div class = \"td-button td-item2\">\r\n                        <div class = \"td-border\"><\/div>\r\n                    <\/div>\r\n                    <div class = \"td-button td-item3\">\r\n                        <div class = \"td-border\"><\/div>\r\n                    <\/div>\r\n                            <\/div>\r\n                        <\/div>\r\n\r\n                    <\/div>\r\n\r\n                <\/div>\r\n                \n","protected":false},"excerpt":{"rendered":"<p>Sino\u0107 je\u00a0na terasi turisti\u010dkog naselja San Marino-Lopar s po\u010detkom u 21:30 sati odr\u017ean finalni izbor Kraljice Jadrana u kojem je, kako smo i najavili, sudjelovala i na\u0161a Petra Volarevi\u0107. Finalistice su pro\u0161etale pistom u vjen\u010danicama i sve\u010danim haljinama dizajnerskih ku\u0107a \u201ePronovias\u201c,\u201cSan Patrick\u201c, \u201eLa Sposa\u201c te salona vjen\u010danica \u201eBiba\u201c iz Pule i Rijeke. Sve finalistice su [&hellip;]<\/p>\n","protected":false},"author":7,"featured_media":25878,"comment_status":"open","ping_status":"open","sticky":false,"template":"","format":"standard","meta":{"footnotes":""},"categories":[283,71],"tags":[],"class_list":{"0":"post-25874","1":"post","2":"type-post","3":"status-publish","4":"format-standard","5":"has-post-thumbnail","7":"category-a","8":"category-svega-po-malo"},"yoast_head":"<!-- This site is optimized with the Yoast SEO plugin v25.2 - https:\/\/yoast.com\/wordpress\/plugins\/seo\/ -->\n<title>Petra Volarevi\u0107 ponijela titulu Kraljice osobnosti te II. Princeze na izboru za Kraljicu Jadrana! - likemetkovic.hr<\/title>\n<meta name=\"robots\" content=\"index, follow, max-snippet:-1, max-image-preview:large, max-video-preview:-1\" \/>\n<link rel=\"canonical\" href=\"https:\/\/likemetkovic.hr\/petra-volarevic-ponijela-titulu-kraljice-osobnosti-te-ii-princeze-izboru-kraljicu-jadrana\/\" \/>\n<meta property=\"og:locale\" content=\"hr_HR\" \/>\n<meta property=\"og:type\" content=\"article\" \/>\n<meta property=\"og:title\" content=\"Petra Volarevi\u0107 ponijela titulu Kraljice osobnosti te II. Princeze na izboru za Kraljicu Jadrana! - likemetkovic.hr\" \/>\n<meta property=\"og:description\" content=\"Sino\u0107 je\u00a0na terasi turisti\u010dkog naselja San Marino-Lopar s po\u010detkom u 21:30 sati odr\u017ean finalni izbor Kraljice Jadrana u kojem je, kako smo i najavili, sudjelovala i na\u0161a Petra Volarevi\u0107. Finalistice su pro\u0161etale pistom u vjen\u010danicama i sve\u010danim haljinama dizajnerskih ku\u0107a \u201ePronovias\u201c,\u201cSan Patrick\u201c, \u201eLa Sposa\u201c te salona vjen\u010danica \u201eBiba\u201c iz Pule i Rijeke. Sve finalistice su [&hellip;]\" \/>\n<meta property=\"og:url\" content=\"https:\/\/likemetkovic.hr\/petra-volarevic-ponijela-titulu-kraljice-osobnosti-te-ii-princeze-izboru-kraljicu-jadrana\/\" \/>\n<meta property=\"og:site_name\" content=\"likemetkovic.hr\" \/>\n<meta property=\"article:publisher\" content=\"https:\/\/www.facebook.com\/likemetkovic.hr\/\" \/>\n<meta property=\"article:published_time\" content=\"2016-08-20T08:37:56+00:00\" \/>\n<meta property=\"article:modified_time\" content=\"2016-08-20T10:18:39+00:00\" \/>\n<meta property=\"og:image\" content=\"https:\/\/likemetkovic.hr\/wp-content\/uploads\/2016\/08\/petra-volarevi\u0107.jpg\" \/>\n\t<meta property=\"og:image:width\" content=\"888\" \/>\n\t<meta property=\"og:image:height\" content=\"600\" \/>\n\t<meta property=\"og:image:type\" content=\"image\/jpeg\" \/>\n<meta name=\"author\" content=\"LIKEmetkovic.hr\" \/>\n<meta name=\"twitter:card\" content=\"summary_large_image\" \/>\n<meta name=\"twitter:label1\" content=\"Napisao\/la\" \/>\n\t<meta name=\"twitter:data1\" content=\"LIKEmetkovic.hr\" \/>\n\t<meta name=\"twitter:label2\" content=\"Procijenjeno vrijeme \u010ditanja\" \/>\n\t<meta name=\"twitter:data2\" content=\"1 minuta\" \/>\n<script type=\"application\/ld+json\" class=\"yoast-schema-graph\">{\"@context\":\"https:\/\/schema.org\",\"@graph\":[{\"@type\":\"WebPage\",\"@id\":\"https:\/\/likemetkovic.hr\/petra-volarevic-ponijela-titulu-kraljice-osobnosti-te-ii-princeze-izboru-kraljicu-jadrana\/\",\"url\":\"https:\/\/likemetkovic.hr\/petra-volarevic-ponijela-titulu-kraljice-osobnosti-te-ii-princeze-izboru-kraljicu-jadrana\/\",\"name\":\"Petra Volarevi\u0107 ponijela titulu Kraljice osobnosti te II. Princeze na izboru za Kraljicu Jadrana! - likemetkovic.hr\",\"isPartOf\":{\"@id\":\"https:\/\/likemetkovic.hr\/#website\"},\"primaryImageOfPage\":{\"@id\":\"https:\/\/likemetkovic.hr\/petra-volarevic-ponijela-titulu-kraljice-osobnosti-te-ii-princeze-izboru-kraljicu-jadrana\/#primaryimage\"},\"image\":{\"@id\":\"https:\/\/likemetkovic.hr\/petra-volarevic-ponijela-titulu-kraljice-osobnosti-te-ii-princeze-izboru-kraljicu-jadrana\/#primaryimage\"},\"thumbnailUrl\":\"https:\/\/likemetkovic.hr\/portal\/wp-content\/uploads\/2016\/08\/petra-volarevi\u0107.jpg\",\"datePublished\":\"2016-08-20T08:37:56+00:00\",\"dateModified\":\"2016-08-20T10:18:39+00:00\",\"author\":{\"@id\":\"https:\/\/likemetkovic.hr\/#\/schema\/person\/a42711f3385a0e2be6f7e0443bfb28f0\"},\"breadcrumb\":{\"@id\":\"https:\/\/likemetkovic.hr\/petra-volarevic-ponijela-titulu-kraljice-osobnosti-te-ii-princeze-izboru-kraljicu-jadrana\/#breadcrumb\"},\"inLanguage\":\"hr\",\"potentialAction\":[{\"@type\":\"ReadAction\",\"target\":[\"https:\/\/likemetkovic.hr\/petra-volarevic-ponijela-titulu-kraljice-osobnosti-te-ii-princeze-izboru-kraljicu-jadrana\/\"]}]},{\"@type\":\"ImageObject\",\"inLanguage\":\"hr\",\"@id\":\"https:\/\/likemetkovic.hr\/petra-volarevic-ponijela-titulu-kraljice-osobnosti-te-ii-princeze-izboru-kraljicu-jadrana\/#primaryimage\",\"url\":\"https:\/\/likemetkovic.hr\/portal\/wp-content\/uploads\/2016\/08\/petra-volarevi\u0107.jpg\",\"contentUrl\":\"https:\/\/likemetkovic.hr\/portal\/wp-content\/uploads\/2016\/08\/petra-volarevi\u0107.jpg\",\"width\":888,\"height\":600,\"caption\":\"Foto: ludvig foto\"},{\"@type\":\"BreadcrumbList\",\"@id\":\"https:\/\/likemetkovic.hr\/petra-volarevic-ponijela-titulu-kraljice-osobnosti-te-ii-princeze-izboru-kraljicu-jadrana\/#breadcrumb\",\"itemListElement\":[{\"@type\":\"ListItem\",\"position\":1,\"name\":\"Po\u010detna stranica\",\"item\":\"https:\/\/likemetkovic.hr\/portal\/\"},{\"@type\":\"ListItem\",\"position\":2,\"name\":\"Petra Volarevi\u0107 ponijela titulu Kraljice osobnosti te II. Princeze na izboru za Kraljicu Jadrana!\"}]},{\"@type\":\"WebSite\",\"@id\":\"https:\/\/likemetkovic.hr\/#website\",\"url\":\"https:\/\/likemetkovic.hr\/\",\"name\":\"likemetkovic.hr\",\"description\":\"Misli pozitivno... \u010ditaj LIKE\",\"potentialAction\":[{\"@type\":\"SearchAction\",\"target\":{\"@type\":\"EntryPoint\",\"urlTemplate\":\"https:\/\/likemetkovic.hr\/?s={search_term_string}\"},\"query-input\":{\"@type\":\"PropertyValueSpecification\",\"valueRequired\":true,\"valueName\":\"search_term_string\"}}],\"inLanguage\":\"hr\"},{\"@type\":\"Person\",\"@id\":\"https:\/\/likemetkovic.hr\/#\/schema\/person\/a42711f3385a0e2be6f7e0443bfb28f0\",\"name\":\"LIKEmetkovic.hr\",\"sameAs\":[\"http:\/\/likemetkovic.hr\"],\"url\":\"https:\/\/likemetkovic.hr\/portal\/author\/likemetkovic-hr\/\"}]}<\/script>\n<!-- \/ Yoast SEO plugin. -->","yoast_head_json":{"title":"Petra Volarevi\u0107 ponijela titulu Kraljice osobnosti te II. Princeze na izboru za Kraljicu Jadrana! - likemetkovic.hr","robots":{"index":"index","follow":"follow","max-snippet":"max-snippet:-1","max-image-preview":"max-image-preview:large","max-video-preview":"max-video-preview:-1"},"canonical":"https:\/\/likemetkovic.hr\/petra-volarevic-ponijela-titulu-kraljice-osobnosti-te-ii-princeze-izboru-kraljicu-jadrana\/","og_locale":"hr_HR","og_type":"article","og_title":"Petra Volarevi\u0107 ponijela titulu Kraljice osobnosti te II. Princeze na izboru za Kraljicu Jadrana! - likemetkovic.hr","og_description":"Sino\u0107 je\u00a0na terasi turisti\u010dkog naselja San Marino-Lopar s po\u010detkom u 21:30 sati odr\u017ean finalni izbor Kraljice Jadrana u kojem je, kako smo i najavili, sudjelovala i na\u0161a Petra Volarevi\u0107. Finalistice su pro\u0161etale pistom u vjen\u010danicama i sve\u010danim haljinama dizajnerskih ku\u0107a \u201ePronovias\u201c,\u201cSan Patrick\u201c, \u201eLa Sposa\u201c te salona vjen\u010danica \u201eBiba\u201c iz Pule i Rijeke. Sve finalistice su [&hellip;]","og_url":"https:\/\/likemetkovic.hr\/petra-volarevic-ponijela-titulu-kraljice-osobnosti-te-ii-princeze-izboru-kraljicu-jadrana\/","og_site_name":"likemetkovic.hr","article_publisher":"https:\/\/www.facebook.com\/likemetkovic.hr\/","article_published_time":"2016-08-20T08:37:56+00:00","article_modified_time":"2016-08-20T10:18:39+00:00","og_image":[{"width":888,"height":600,"url":"https:\/\/likemetkovic.hr\/wp-content\/uploads\/2016\/08\/petra-volarevi\u0107.jpg","type":"image\/jpeg"}],"author":"LIKEmetkovic.hr","twitter_card":"summary_large_image","twitter_misc":{"Napisao\/la":"LIKEmetkovic.hr","Procijenjeno vrijeme \u010ditanja":"1 minuta"},"schema":{"@context":"https:\/\/schema.org","@graph":[{"@type":"WebPage","@id":"https:\/\/likemetkovic.hr\/petra-volarevic-ponijela-titulu-kraljice-osobnosti-te-ii-princeze-izboru-kraljicu-jadrana\/","url":"https:\/\/likemetkovic.hr\/petra-volarevic-ponijela-titulu-kraljice-osobnosti-te-ii-princeze-izboru-kraljicu-jadrana\/","name":"Petra Volarevi\u0107 ponijela titulu Kraljice osobnosti te II. Princeze na izboru za Kraljicu Jadrana! - likemetkovic.hr","isPartOf":{"@id":"https:\/\/likemetkovic.hr\/#website"},"primaryImageOfPage":{"@id":"https:\/\/likemetkovic.hr\/petra-volarevic-ponijela-titulu-kraljice-osobnosti-te-ii-princeze-izboru-kraljicu-jadrana\/#primaryimage"},"image":{"@id":"https:\/\/likemetkovic.hr\/petra-volarevic-ponijela-titulu-kraljice-osobnosti-te-ii-princeze-izboru-kraljicu-jadrana\/#primaryimage"},"thumbnailUrl":"https:\/\/likemetkovic.hr\/portal\/wp-content\/uploads\/2016\/08\/petra-volarevi\u0107.jpg","datePublished":"2016-08-20T08:37:56+00:00","dateModified":"2016-08-20T10:18:39+00:00","author":{"@id":"https:\/\/likemetkovic.hr\/#\/schema\/person\/a42711f3385a0e2be6f7e0443bfb28f0"},"breadcrumb":{"@id":"https:\/\/likemetkovic.hr\/petra-volarevic-ponijela-titulu-kraljice-osobnosti-te-ii-princeze-izboru-kraljicu-jadrana\/#breadcrumb"},"inLanguage":"hr","potentialAction":[{"@type":"ReadAction","target":["https:\/\/likemetkovic.hr\/petra-volarevic-ponijela-titulu-kraljice-osobnosti-te-ii-princeze-izboru-kraljicu-jadrana\/"]}]},{"@type":"ImageObject","inLanguage":"hr","@id":"https:\/\/likemetkovic.hr\/petra-volarevic-ponijela-titulu-kraljice-osobnosti-te-ii-princeze-izboru-kraljicu-jadrana\/#primaryimage","url":"https:\/\/likemetkovic.hr\/portal\/wp-content\/uploads\/2016\/08\/petra-volarevi\u0107.jpg","contentUrl":"https:\/\/likemetkovic.hr\/portal\/wp-content\/uploads\/2016\/08\/petra-volarevi\u0107.jpg","width":888,"height":600,"caption":"Foto: ludvig foto"},{"@type":"BreadcrumbList","@id":"https:\/\/likemetkovic.hr\/petra-volarevic-ponijela-titulu-kraljice-osobnosti-te-ii-princeze-izboru-kraljicu-jadrana\/#breadcrumb","itemListElement":[{"@type":"ListItem","position":1,"name":"Po\u010detna stranica","item":"https:\/\/likemetkovic.hr\/portal\/"},{"@type":"ListItem","position":2,"name":"Petra Volarevi\u0107 ponijela titulu Kraljice osobnosti te II. Princeze na izboru za Kraljicu Jadrana!"}]},{"@type":"WebSite","@id":"https:\/\/likemetkovic.hr\/#website","url":"https:\/\/likemetkovic.hr\/","name":"likemetkovic.hr","description":"Misli pozitivno... \u010ditaj LIKE","potentialAction":[{"@type":"SearchAction","target":{"@type":"EntryPoint","urlTemplate":"https:\/\/likemetkovic.hr\/?s={search_term_string}"},"query-input":{"@type":"PropertyValueSpecification","valueRequired":true,"valueName":"search_term_string"}}],"inLanguage":"hr"},{"@type":"Person","@id":"https:\/\/likemetkovic.hr\/#\/schema\/person\/a42711f3385a0e2be6f7e0443bfb28f0","name":"LIKEmetkovic.hr","sameAs":["http:\/\/likemetkovic.hr"],"url":"https:\/\/likemetkovic.hr\/portal\/author\/likemetkovic-hr\/"}]}},"_links":{"self":[{"href":"https:\/\/likemetkovic.hr\/portal\/wp-json\/wp\/v2\/posts\/25874","targetHints":{"allow":["GET"]}}],"collection":[{"href":"https:\/\/likemetkovic.hr\/portal\/wp-json\/wp\/v2\/posts"}],"about":[{"href":"https:\/\/likemetkovic.hr\/portal\/wp-json\/wp\/v2\/types\/post"}],"author":[{"embeddable":true,"href":"https:\/\/likemetkovic.hr\/portal\/wp-json\/wp\/v2\/users\/7"}],"replies":[{"embeddable":true,"href":"https:\/\/likemetkovic.hr\/portal\/wp-json\/wp\/v2\/comments?post=25874"}],"version-history":[{"count":0,"href":"https:\/\/likemetkovic.hr\/portal\/wp-json\/wp\/v2\/posts\/25874\/revisions"}],"wp:featuredmedia":[{"embeddable":true,"href":"https:\/\/likemetkovic.hr\/portal\/wp-json\/wp\/v2\/media\/25878"}],"wp:attachment":[{"href":"https:\/\/likemetkovic.hr\/portal\/wp-json\/wp\/v2\/media?parent=25874"}],"wp:term":[{"taxonomy":"category","embeddable":true,"href":"https:\/\/likemetkovic.hr\/portal\/wp-json\/wp\/v2\/categories?post=25874"},{"taxonomy":"post_tag","embeddable":true,"href":"https:\/\/likemetkovic.hr\/portal\/wp-json\/wp\/v2\/tags?post=25874"}],"curies":[{"name":"wp","href":"https:\/\/api.w.org\/{rel}","templated":true}]}}