{"id":26337,"date":"2016-08-31T08:09:13","date_gmt":"2016-08-31T06:09:13","guid":{"rendered":"http:\/\/likemetkovic.hr\/?p=26337"},"modified":"2016-08-31T08:09:13","modified_gmt":"2016-08-31T06:09:13","slug":"uciteljica-vinka-bebic-odlazak-u-mirovinu-nakon-45-godina-rada-u-razredu","status":"publish","type":"post","link":"https:\/\/likemetkovic.hr\/portal\/uciteljica-vinka-bebic-odlazak-u-mirovinu-nakon-45-godina-rada-u-razredu\/","title":{"rendered":"U\u010cITELJICA VINKA BEBI\u0106 Odlazak u mirovinu nakon 45 godina rada u razredu&#8230;"},"content":{"rendered":"<div>\n<p>Ju\u010der\u00a0se na sjednici U\u010diteljskoga vije\u0107a, a zatim na prigodnom domjenku oprostila od svojih kolega u O\u0160 don Mihovila Pavlinovi\u0107a\u00a0dugogodi\u0161nja u\u010diteljica Vinka Bebi\u0107 koja nakon 45 godina rada u razredu odlazi u zaslu\u017eenu mirovinu.<\/p>\n<\/div>\n<p>Govore\u0107i o njezinih 45 godina i jo\u0161 ne\u0161to mjeseci rada u razredu i ravnateljici su malo zastajale rije\u010di. Nije bilo lako odabrati pravu rije\u010d za djelatnicu koja je cijeli svoj radni vijek, svake \u010detiri godine ponovo u svoj razred primala prva\u0161e i u\u010dila ih prve brojke i slova. Mnogo\u00a0je to generacija koje je u\u010diteljica Vinka izvela do vi\u0161e stepenice \u0161kolovanja, do vi\u0161ih razreda. Duga\u010dko\u00a0je to razdoblje u kojemu je bilo uspona i padova, vrijeme u kojemu se plela \u017eivotna i radna mre\u017ea na koju se ona mo\u017ee danas s ponosom osvrnuti.<\/p>\n<div>\n<p>Nikad nije trebalo dvojiti oko toga \u0161to je mislila re\u0107i, bila je uvijek otvorena i konkretna. Svi koji su je dobro poznavali znali su da je predana poslu i svome razredu. Vjerujemo da \u0107e ostati takva i kad bude u\u017eivala u zaslu\u017eenoj mirovini, a \u017eelimo joj da u njoj u\u017eiva barem onoliko godina koliko ih je provela u razredu.<\/p>\n<p>Uz prigodne poklone i govor te slavljeni\u010dki stol u predvorju \u0161kole, kolege iz \u0161kole\u00a0dragoj su umirovljenici po\u017eelili da joj dani mirovine teku u zdravlju i ljubavi i da do\u0111e u\u00a0posjetu kad god po\u017eeli. Ona je svojim osmijehom poru\u010dila da zna kako mirovina nije kraj nego novi po\u010detak na jednoj drugoj stazi.<\/p>\n\r\n                <style type=\"text\/css\">\r\n                    \r\n                    #tdi_1  .td-doubleSlider-2 .td-item1 {\r\n                        background: url(https:\/\/likemetkovic.hr\/portal\/wp-content\/uploads\/2016\/08\/v1-80x60.png) 0 0 no-repeat;\r\n                    }\r\n                    #tdi_1  .td-doubleSlider-2 .td-item2 {\r\n                        background: url(https:\/\/likemetkovic.hr\/portal\/wp-content\/uploads\/2016\/08\/v2-80x60.jpg) 0 0 no-repeat;\r\n                    }\r\n                    #tdi_1  .td-doubleSlider-2 .td-item3 {\r\n                        background: url(https:\/\/likemetkovic.hr\/portal\/wp-content\/uploads\/2016\/08\/v3-80x60.jpg) 0 0 no-repeat;\r\n                    }\r\n                <\/style>\r\n\r\n                <div id=\"tdi_1\" class=\"td-gallery td-slide-on-2-columns\">\r\n                    <div class=\"post_td_gallery\">\r\n                        <div class=\"td-gallery-slide-top\">\r\n                           <div class=\"td-gallery-title\"><\/div>\r\n\r\n                            <div class=\"td-gallery-controls-wrapper\">\r\n                                <div class=\"td-gallery-slide-count\"><span class=\"td-gallery-slide-item-focus\">1<\/span> of 3<\/div>\r\n                                <div class=\"td-gallery-slide-prev-next-but\">\r\n                                    <i class = \"td-icon-left doubleSliderPrevButton\"><\/i>\r\n                                    <i class = \"td-icon-right doubleSliderNextButton\"><\/i>\r\n                                <\/div>\r\n                            <\/div>\r\n                        <\/div>\r\n\r\n                        <div class = \"td-doubleSlider-1 \">\r\n                            <div class = \"td-slider\">\r\n                                \r\n                    <div class = \"td-slide-item td-item1\">\r\n                        <figure class=\"td-slide-galery-figure td-slide-popup-gallery\">\r\n                            <a class=\"slide-gallery-image-link\" href=\"https:\/\/likemetkovic.hr\/portal\/wp-content\/uploads\/2016\/08\/v1.png\" title=\"vinka bebi\u0107 don mihovil\"  data-caption=\"\"  data-description=\"\">\r\n                                <img decoding=\"async\" src=\"https:\/\/likemetkovic.hr\/portal\/wp-content\/uploads\/2016\/08\/v1-747x420.png\" srcset=\"https:\/\/likemetkovic.hr\/portal\/wp-content\/uploads\/2016\/08\/v1-747x420.png 747w, https:\/\/likemetkovic.hr\/portal\/wp-content\/uploads\/2016\/08\/v1-300x169.png 300w, https:\/\/likemetkovic.hr\/portal\/wp-content\/uploads\/2016\/08\/v1-768x432.png 768w, https:\/\/likemetkovic.hr\/portal\/wp-content\/uploads\/2016\/08\/v1-640x360.png 640w, https:\/\/likemetkovic.hr\/portal\/wp-content\/uploads\/2016\/08\/v1-696x391.png 696w, https:\/\/likemetkovic.hr\/portal\/wp-content\/uploads\/2016\/08\/v1-1068x600.png 1068w, https:\/\/likemetkovic.hr\/portal\/wp-content\/uploads\/2016\/08\/v1.png 1366w\" sizes=\"(max-width: 747px) 100vw, 747px\" alt=\"\">\r\n                            <\/a>\r\n                            \r\n                        <\/figure>\r\n                    <\/div>\r\n                    <div class = \"td-slide-item td-item2\">\r\n                        <figure class=\"td-slide-galery-figure td-slide-popup-gallery\">\r\n                            <a class=\"slide-gallery-image-link\" href=\"https:\/\/likemetkovic.hr\/portal\/wp-content\/uploads\/2016\/08\/v2.jpg\" title=\"vinka bebi\u0107 don mihovil\"  data-caption=\"\"  data-description=\"\">\r\n                                <img decoding=\"async\" src=\"https:\/\/likemetkovic.hr\/portal\/wp-content\/uploads\/2016\/08\/v2-747x420.jpg\" srcset=\"https:\/\/likemetkovic.hr\/portal\/wp-content\/uploads\/2016\/08\/v2-747x420.jpg 747w, https:\/\/likemetkovic.hr\/portal\/wp-content\/uploads\/2016\/08\/v2-300x169.jpg 300w, https:\/\/likemetkovic.hr\/portal\/wp-content\/uploads\/2016\/08\/v2-768x432.jpg 768w, https:\/\/likemetkovic.hr\/portal\/wp-content\/uploads\/2016\/08\/v2-640x360.jpg 640w, https:\/\/likemetkovic.hr\/portal\/wp-content\/uploads\/2016\/08\/v2-696x391.jpg 696w, https:\/\/likemetkovic.hr\/portal\/wp-content\/uploads\/2016\/08\/v2.jpg 1067w\" sizes=\"(max-width: 747px) 100vw, 747px\" alt=\"\">\r\n                            <\/a>\r\n                            \r\n                        <\/figure>\r\n                    <\/div>\r\n                    <div class = \"td-slide-item td-item3\">\r\n                        <figure class=\"td-slide-galery-figure td-slide-popup-gallery\">\r\n                            <a class=\"slide-gallery-image-link\" href=\"https:\/\/likemetkovic.hr\/portal\/wp-content\/uploads\/2016\/08\/v3.jpg\" title=\"vinka bebi\u0107 don mihovil\"  data-caption=\"\"  data-description=\"\">\r\n                                <img decoding=\"async\" src=\"https:\/\/likemetkovic.hr\/portal\/wp-content\/uploads\/2016\/08\/v3-747x420.jpg\" srcset=\"https:\/\/likemetkovic.hr\/portal\/wp-content\/uploads\/2016\/08\/v3-747x420.jpg 747w, https:\/\/likemetkovic.hr\/portal\/wp-content\/uploads\/2016\/08\/v3-300x169.jpg 300w, https:\/\/likemetkovic.hr\/portal\/wp-content\/uploads\/2016\/08\/v3-768x432.jpg 768w, https:\/\/likemetkovic.hr\/portal\/wp-content\/uploads\/2016\/08\/v3-640x360.jpg 640w, https:\/\/likemetkovic.hr\/portal\/wp-content\/uploads\/2016\/08\/v3-696x391.jpg 696w, https:\/\/likemetkovic.hr\/portal\/wp-content\/uploads\/2016\/08\/v3.jpg 1067w\" sizes=\"(max-width: 747px) 100vw, 747px\" alt=\"\">\r\n                            <\/a>\r\n                            \r\n                        <\/figure>\r\n                    <\/div>\r\n                            <\/div>\r\n                        <\/div>\r\n\r\n                        <div class = \"td-doubleSlider-2\">\r\n                            <div class = \"td-slider\">\r\n                                \r\n                    <div class = \"td-button td-item1\">\r\n                        <div class = \"td-border\"><\/div>\r\n                    <\/div>\r\n                    <div class = \"td-button td-item2\">\r\n                        <div class = \"td-border\"><\/div>\r\n                    <\/div>\r\n                    <div class = \"td-button td-item3\">\r\n                        <div class = \"td-border\"><\/div>\r\n                    <\/div>\r\n                            <\/div>\r\n                        <\/div>\r\n\r\n                    <\/div>\r\n\r\n                <\/div>\r\n                \n<\/div>\n","protected":false},"excerpt":{"rendered":"<p>Ju\u010der\u00a0se na sjednici U\u010diteljskoga vije\u0107a, a zatim na prigodnom domjenku oprostila od svojih kolega u O\u0160 don Mihovila Pavlinovi\u0107a\u00a0dugogodi\u0161nja u\u010diteljica Vinka Bebi\u0107 koja nakon 45 godina rada u razredu odlazi u zaslu\u017eenu mirovinu. Govore\u0107i o njezinih 45 godina i jo\u0161 ne\u0161to mjeseci rada u razredu i ravnateljici su malo zastajale rije\u010di. Nije bilo lako odabrati [&hellip;]<\/p>\n","protected":false},"author":7,"featured_media":26341,"comment_status":"open","ping_status":"open","sticky":false,"template":"","format":"standard","meta":{"footnotes":""},"categories":[283,166],"tags":[],"class_list":{"0":"post-26337","1":"post","2":"type-post","3":"status-publish","4":"format-standard","5":"has-post-thumbnail","7":"category-a","8":"category-skolstvo"},"yoast_head":"<!-- This site is optimized with the Yoast SEO plugin v25.2 - https:\/\/yoast.com\/wordpress\/plugins\/seo\/ -->\n<title>U\u010cITELJICA VINKA BEBI\u0106 Odlazak u mirovinu nakon 45 godina rada u razredu... - likemetkovic.hr<\/title>\n<meta name=\"robots\" content=\"index, follow, max-snippet:-1, max-image-preview:large, max-video-preview:-1\" \/>\n<link rel=\"canonical\" href=\"https:\/\/likemetkovic.hr\/uciteljica-vinka-bebic-odlazak-u-mirovinu-nakon-45-godina-rada-u-razredu\/\" \/>\n<meta property=\"og:locale\" content=\"hr_HR\" \/>\n<meta property=\"og:type\" content=\"article\" \/>\n<meta property=\"og:title\" content=\"U\u010cITELJICA VINKA BEBI\u0106 Odlazak u mirovinu nakon 45 godina rada u razredu... - likemetkovic.hr\" \/>\n<meta property=\"og:description\" content=\"Ju\u010der\u00a0se na sjednici U\u010diteljskoga vije\u0107a, a zatim na prigodnom domjenku oprostila od svojih kolega u O\u0160 don Mihovila Pavlinovi\u0107a\u00a0dugogodi\u0161nja u\u010diteljica Vinka Bebi\u0107 koja nakon 45 godina rada u razredu odlazi u zaslu\u017eenu mirovinu. Govore\u0107i o njezinih 45 godina i jo\u0161 ne\u0161to mjeseci rada u razredu i ravnateljici su malo zastajale rije\u010di. Nije bilo lako odabrati [&hellip;]\" \/>\n<meta property=\"og:url\" content=\"https:\/\/likemetkovic.hr\/uciteljica-vinka-bebic-odlazak-u-mirovinu-nakon-45-godina-rada-u-razredu\/\" \/>\n<meta property=\"og:site_name\" content=\"likemetkovic.hr\" \/>\n<meta property=\"article:publisher\" content=\"https:\/\/www.facebook.com\/likemetkovic.hr\/\" \/>\n<meta property=\"article:published_time\" content=\"2016-08-31T06:09:13+00:00\" \/>\n<meta property=\"og:image\" content=\"https:\/\/likemetkovic.hr\/wp-content\/uploads\/2016\/08\/naslov-vinka-bebi\u0107.jpg\" \/>\n\t<meta property=\"og:image:width\" content=\"816\" \/>\n\t<meta property=\"og:image:height\" content=\"600\" \/>\n\t<meta property=\"og:image:type\" content=\"image\/jpeg\" \/>\n<meta name=\"author\" content=\"LIKEmetkovic.hr\" \/>\n<meta name=\"twitter:card\" content=\"summary_large_image\" \/>\n<meta name=\"twitter:label1\" content=\"Napisao\/la\" \/>\n\t<meta name=\"twitter:data1\" content=\"LIKEmetkovic.hr\" \/>\n\t<meta name=\"twitter:label2\" content=\"Procijenjeno vrijeme \u010ditanja\" \/>\n\t<meta name=\"twitter:data2\" content=\"1 minuta\" \/>\n<script type=\"application\/ld+json\" class=\"yoast-schema-graph\">{\"@context\":\"https:\/\/schema.org\",\"@graph\":[{\"@type\":\"WebPage\",\"@id\":\"https:\/\/likemetkovic.hr\/uciteljica-vinka-bebic-odlazak-u-mirovinu-nakon-45-godina-rada-u-razredu\/\",\"url\":\"https:\/\/likemetkovic.hr\/uciteljica-vinka-bebic-odlazak-u-mirovinu-nakon-45-godina-rada-u-razredu\/\",\"name\":\"U\u010cITELJICA VINKA BEBI\u0106 Odlazak u mirovinu nakon 45 godina rada u razredu... - likemetkovic.hr\",\"isPartOf\":{\"@id\":\"https:\/\/likemetkovic.hr\/#website\"},\"primaryImageOfPage\":{\"@id\":\"https:\/\/likemetkovic.hr\/uciteljica-vinka-bebic-odlazak-u-mirovinu-nakon-45-godina-rada-u-razredu\/#primaryimage\"},\"image\":{\"@id\":\"https:\/\/likemetkovic.hr\/uciteljica-vinka-bebic-odlazak-u-mirovinu-nakon-45-godina-rada-u-razredu\/#primaryimage\"},\"thumbnailUrl\":\"https:\/\/likemetkovic.hr\/portal\/wp-content\/uploads\/2016\/08\/naslov-vinka-bebi\u0107.jpg\",\"datePublished\":\"2016-08-31T06:09:13+00:00\",\"author\":{\"@id\":\"https:\/\/likemetkovic.hr\/#\/schema\/person\/a42711f3385a0e2be6f7e0443bfb28f0\"},\"breadcrumb\":{\"@id\":\"https:\/\/likemetkovic.hr\/uciteljica-vinka-bebic-odlazak-u-mirovinu-nakon-45-godina-rada-u-razredu\/#breadcrumb\"},\"inLanguage\":\"hr\",\"potentialAction\":[{\"@type\":\"ReadAction\",\"target\":[\"https:\/\/likemetkovic.hr\/uciteljica-vinka-bebic-odlazak-u-mirovinu-nakon-45-godina-rada-u-razredu\/\"]}]},{\"@type\":\"ImageObject\",\"inLanguage\":\"hr\",\"@id\":\"https:\/\/likemetkovic.hr\/uciteljica-vinka-bebic-odlazak-u-mirovinu-nakon-45-godina-rada-u-razredu\/#primaryimage\",\"url\":\"https:\/\/likemetkovic.hr\/portal\/wp-content\/uploads\/2016\/08\/naslov-vinka-bebi\u0107.jpg\",\"contentUrl\":\"https:\/\/likemetkovic.hr\/portal\/wp-content\/uploads\/2016\/08\/naslov-vinka-bebi\u0107.jpg\",\"width\":816,\"height\":600},{\"@type\":\"BreadcrumbList\",\"@id\":\"https:\/\/likemetkovic.hr\/uciteljica-vinka-bebic-odlazak-u-mirovinu-nakon-45-godina-rada-u-razredu\/#breadcrumb\",\"itemListElement\":[{\"@type\":\"ListItem\",\"position\":1,\"name\":\"Po\u010detna stranica\",\"item\":\"https:\/\/likemetkovic.hr\/portal\/\"},{\"@type\":\"ListItem\",\"position\":2,\"name\":\"U\u010cITELJICA VINKA BEBI\u0106 Odlazak u mirovinu nakon 45 godina rada u razredu&#8230;\"}]},{\"@type\":\"WebSite\",\"@id\":\"https:\/\/likemetkovic.hr\/#website\",\"url\":\"https:\/\/likemetkovic.hr\/\",\"name\":\"likemetkovic.hr\",\"description\":\"Misli pozitivno... \u010ditaj LIKE\",\"potentialAction\":[{\"@type\":\"SearchAction\",\"target\":{\"@type\":\"EntryPoint\",\"urlTemplate\":\"https:\/\/likemetkovic.hr\/?s={search_term_string}\"},\"query-input\":{\"@type\":\"PropertyValueSpecification\",\"valueRequired\":true,\"valueName\":\"search_term_string\"}}],\"inLanguage\":\"hr\"},{\"@type\":\"Person\",\"@id\":\"https:\/\/likemetkovic.hr\/#\/schema\/person\/a42711f3385a0e2be6f7e0443bfb28f0\",\"name\":\"LIKEmetkovic.hr\",\"sameAs\":[\"http:\/\/likemetkovic.hr\"],\"url\":\"https:\/\/likemetkovic.hr\/portal\/author\/likemetkovic-hr\/\"}]}<\/script>\n<!-- \/ Yoast SEO plugin. -->","yoast_head_json":{"title":"U\u010cITELJICA VINKA BEBI\u0106 Odlazak u mirovinu nakon 45 godina rada u razredu... - likemetkovic.hr","robots":{"index":"index","follow":"follow","max-snippet":"max-snippet:-1","max-image-preview":"max-image-preview:large","max-video-preview":"max-video-preview:-1"},"canonical":"https:\/\/likemetkovic.hr\/uciteljica-vinka-bebic-odlazak-u-mirovinu-nakon-45-godina-rada-u-razredu\/","og_locale":"hr_HR","og_type":"article","og_title":"U\u010cITELJICA VINKA BEBI\u0106 Odlazak u mirovinu nakon 45 godina rada u razredu... - likemetkovic.hr","og_description":"Ju\u010der\u00a0se na sjednici U\u010diteljskoga vije\u0107a, a zatim na prigodnom domjenku oprostila od svojih kolega u O\u0160 don Mihovila Pavlinovi\u0107a\u00a0dugogodi\u0161nja u\u010diteljica Vinka Bebi\u0107 koja nakon 45 godina rada u razredu odlazi u zaslu\u017eenu mirovinu. Govore\u0107i o njezinih 45 godina i jo\u0161 ne\u0161to mjeseci rada u razredu i ravnateljici su malo zastajale rije\u010di. Nije bilo lako odabrati [&hellip;]","og_url":"https:\/\/likemetkovic.hr\/uciteljica-vinka-bebic-odlazak-u-mirovinu-nakon-45-godina-rada-u-razredu\/","og_site_name":"likemetkovic.hr","article_publisher":"https:\/\/www.facebook.com\/likemetkovic.hr\/","article_published_time":"2016-08-31T06:09:13+00:00","og_image":[{"width":816,"height":600,"url":"https:\/\/likemetkovic.hr\/wp-content\/uploads\/2016\/08\/naslov-vinka-bebi\u0107.jpg","type":"image\/jpeg"}],"author":"LIKEmetkovic.hr","twitter_card":"summary_large_image","twitter_misc":{"Napisao\/la":"LIKEmetkovic.hr","Procijenjeno vrijeme \u010ditanja":"1 minuta"},"schema":{"@context":"https:\/\/schema.org","@graph":[{"@type":"WebPage","@id":"https:\/\/likemetkovic.hr\/uciteljica-vinka-bebic-odlazak-u-mirovinu-nakon-45-godina-rada-u-razredu\/","url":"https:\/\/likemetkovic.hr\/uciteljica-vinka-bebic-odlazak-u-mirovinu-nakon-45-godina-rada-u-razredu\/","name":"U\u010cITELJICA VINKA BEBI\u0106 Odlazak u mirovinu nakon 45 godina rada u razredu... - likemetkovic.hr","isPartOf":{"@id":"https:\/\/likemetkovic.hr\/#website"},"primaryImageOfPage":{"@id":"https:\/\/likemetkovic.hr\/uciteljica-vinka-bebic-odlazak-u-mirovinu-nakon-45-godina-rada-u-razredu\/#primaryimage"},"image":{"@id":"https:\/\/likemetkovic.hr\/uciteljica-vinka-bebic-odlazak-u-mirovinu-nakon-45-godina-rada-u-razredu\/#primaryimage"},"thumbnailUrl":"https:\/\/likemetkovic.hr\/portal\/wp-content\/uploads\/2016\/08\/naslov-vinka-bebi\u0107.jpg","datePublished":"2016-08-31T06:09:13+00:00","author":{"@id":"https:\/\/likemetkovic.hr\/#\/schema\/person\/a42711f3385a0e2be6f7e0443bfb28f0"},"breadcrumb":{"@id":"https:\/\/likemetkovic.hr\/uciteljica-vinka-bebic-odlazak-u-mirovinu-nakon-45-godina-rada-u-razredu\/#breadcrumb"},"inLanguage":"hr","potentialAction":[{"@type":"ReadAction","target":["https:\/\/likemetkovic.hr\/uciteljica-vinka-bebic-odlazak-u-mirovinu-nakon-45-godina-rada-u-razredu\/"]}]},{"@type":"ImageObject","inLanguage":"hr","@id":"https:\/\/likemetkovic.hr\/uciteljica-vinka-bebic-odlazak-u-mirovinu-nakon-45-godina-rada-u-razredu\/#primaryimage","url":"https:\/\/likemetkovic.hr\/portal\/wp-content\/uploads\/2016\/08\/naslov-vinka-bebi\u0107.jpg","contentUrl":"https:\/\/likemetkovic.hr\/portal\/wp-content\/uploads\/2016\/08\/naslov-vinka-bebi\u0107.jpg","width":816,"height":600},{"@type":"BreadcrumbList","@id":"https:\/\/likemetkovic.hr\/uciteljica-vinka-bebic-odlazak-u-mirovinu-nakon-45-godina-rada-u-razredu\/#breadcrumb","itemListElement":[{"@type":"ListItem","position":1,"name":"Po\u010detna stranica","item":"https:\/\/likemetkovic.hr\/portal\/"},{"@type":"ListItem","position":2,"name":"U\u010cITELJICA VINKA BEBI\u0106 Odlazak u mirovinu nakon 45 godina rada u razredu&#8230;"}]},{"@type":"WebSite","@id":"https:\/\/likemetkovic.hr\/#website","url":"https:\/\/likemetkovic.hr\/","name":"likemetkovic.hr","description":"Misli pozitivno... \u010ditaj LIKE","potentialAction":[{"@type":"SearchAction","target":{"@type":"EntryPoint","urlTemplate":"https:\/\/likemetkovic.hr\/?s={search_term_string}"},"query-input":{"@type":"PropertyValueSpecification","valueRequired":true,"valueName":"search_term_string"}}],"inLanguage":"hr"},{"@type":"Person","@id":"https:\/\/likemetkovic.hr\/#\/schema\/person\/a42711f3385a0e2be6f7e0443bfb28f0","name":"LIKEmetkovic.hr","sameAs":["http:\/\/likemetkovic.hr"],"url":"https:\/\/likemetkovic.hr\/portal\/author\/likemetkovic-hr\/"}]}},"_links":{"self":[{"href":"https:\/\/likemetkovic.hr\/portal\/wp-json\/wp\/v2\/posts\/26337","targetHints":{"allow":["GET"]}}],"collection":[{"href":"https:\/\/likemetkovic.hr\/portal\/wp-json\/wp\/v2\/posts"}],"about":[{"href":"https:\/\/likemetkovic.hr\/portal\/wp-json\/wp\/v2\/types\/post"}],"author":[{"embeddable":true,"href":"https:\/\/likemetkovic.hr\/portal\/wp-json\/wp\/v2\/users\/7"}],"replies":[{"embeddable":true,"href":"https:\/\/likemetkovic.hr\/portal\/wp-json\/wp\/v2\/comments?post=26337"}],"version-history":[{"count":0,"href":"https:\/\/likemetkovic.hr\/portal\/wp-json\/wp\/v2\/posts\/26337\/revisions"}],"wp:featuredmedia":[{"embeddable":true,"href":"https:\/\/likemetkovic.hr\/portal\/wp-json\/wp\/v2\/media\/26341"}],"wp:attachment":[{"href":"https:\/\/likemetkovic.hr\/portal\/wp-json\/wp\/v2\/media?parent=26337"}],"wp:term":[{"taxonomy":"category","embeddable":true,"href":"https:\/\/likemetkovic.hr\/portal\/wp-json\/wp\/v2\/categories?post=26337"},{"taxonomy":"post_tag","embeddable":true,"href":"https:\/\/likemetkovic.hr\/portal\/wp-json\/wp\/v2\/tags?post=26337"}],"curies":[{"name":"wp","href":"https:\/\/api.w.org\/{rel}","templated":true}]}}