{"id":26390,"date":"2016-09-01T14:34:00","date_gmt":"2016-09-01T12:34:00","guid":{"rendered":"http:\/\/likemetkovic.hr\/?p=26390"},"modified":"2016-09-01T14:39:44","modified_gmt":"2016-09-01T12:39:44","slug":"video-intervju-bozo-petrov-odlazak-kod-javnog-biljeznika-moja-je-jedina-greska","status":"publish","type":"post","link":"https:\/\/likemetkovic.hr\/portal\/video-intervju-bozo-petrov-odlazak-kod-javnog-biljeznika-moja-je-jedina-greska\/","title":{"rendered":"VIDEO INTERVJU Bo\u017eo Petrov: Odlazak kod javnog bilje\u017enika moja je jedina gre\u0161ka"},"content":{"rendered":"<p>LIDER MOST-a Bo\u017eo Petrov u velikom intervjuu za Index otkrio je da \u0107e javnost kroz tri do \u010detiri dana doznati koje \u0107e uvjete ovog puta postaviti SDP-u i HDZ-u ukoliko planiraju s njima sastaviti Vladu. Petrov je uvjeren da \u0107e na skora\u0161njim izborima dobiti vi\u0161e mandata nego na pro\u0161lim. Otkrio nam je i da je zavr\u0161ena analiza lokalne samouprave koja je pokazala da je treba drasti\u010dno smanjivati.<\/p>\n<p><strong>Posljednje ankete pokazale su da pada potpora MOST-u. Kako to komentirate?<\/strong><\/p>\n<p>Ono \u0161to znamo prema svojim anketama je da MOST prolazi u svim izbornim jedinicama i sigurno \u0107e biti stranka koja \u0107e odre\u0111ivati kako \u0107e se formirati Vlada.<\/p>\n<p><strong>Koliko mandata o\u010dekujete?<\/strong><\/p>\n<p>O\u010dekujemo vi\u0161e od 19 mandata, no sa samo 12 koliko ih MOST danas broji, bili smo faktor stabilnosti Vlade i pokazivali da bez obzira na to kako su interesne skupine odlazile iz MOST-a, ma kraju je tih 12 ljudi bilo onaj jezi\u010dac koji je odre\u0111ivao kako \u0107e se formirati ve\u0107ina u Saboru. Uostalom koliko \u0107emo to\u010dno mandata imati i nije toliko va\u017eno jer MOST ima kriti\u010dnu masu koja \u0107e biti jamac svima da njihov glas ne\u0107e biti ba\u010den.<\/p>\n<p>Uporno ponavljate da je mogu\u0107a velika koalicija HDZ-a i SDP-a iako oni takvu mogu\u0107nost odbacuju.<\/p>\n<p>Vjerujem da je mogu\u0107a velika koalicija ako znate na koji na\u010din oni sura\u0111uju. Plenkovi\u0107 i Milanovi\u0107 su zajedno radili, i\u0161li su u iste politi\u010dke \u0161kole. Da uskoro nemamo lokalne izbore, slobodno bi mogli o\u010dekivati veliku koaliciju. Njima je lak\u0161e dogovoriti se izme\u0111u sebe nego s nama jer znaju da mi \u017eelimo promijeniti sustav kakav su oni godinama stvarali.<\/p>\n<p>Gra\u0111ani jako brzo zaboravljaju pa su tako zaboravili na zajedni\u010dku suradnju SDP-a i HDZ-a kad je bio u pitanju golf na Sr\u0111u.\u00a0 I HDZ i SDP su tad sjeli, napravili konstituiraju\u0107u sjednicu da bi im projekt pro\u0161ao i nakon toga su se razdvojili. A zadnjih 7 mjeseci niti jedni ni drugi nisu mogli financijski iskori\u0161tavati dr\u017eavu jer nismo dopustili da dr\u017eavne tvrtke budu njihov bankomat.<\/p>\n<p><strong>S kim \u0107e MOST koalirati?<\/strong><\/p>\n<p>Pro\u0161li smo put bili svjesni s kim ulazimo u dogovor, ali radi odgovornosti prema gra\u0111anima smo u\u0161li u koaliciju, a isto \u0107emo i ovog puta.<\/p>\n<p>I jedna i druga stranka \u0107e od nas dobiti fer i korektnu preporuku i mogu\u0107nost da sami odlu\u010de jesu li spremni prije\u0107i s rije\u010di na djela. To \u0107e se dogoditi kroz tri do \u010detiri dana. Mi \u0107emo tra\u017eiti mo\u017eda dvadesetinu onog \u0161to oni sad obe\u0107avaju. Oni koji odlu\u010de skupa s nama pobolj\u0161ati stvari, s njima \u0107emo formirati izvr\u0161nu vlast.<\/p>\n<p>Ne\u0107e se doga\u0111ati nikakve teorije, urote, svi gra\u0111ani \u0107e to mo\u0107i vidjeti. A oni su ti koji \u0107e mo\u0107i pokazati da \u017eele raditi i mijenjati Hrvatsku.<\/p>\n<p>\u0160to se ti\u010de pro\u0161lih izbora, nakon izbora smo dogovorili sve \u0161to se ti\u010de programa. Bitan nam je bio program. Vjerovali smo naivno da u trenutku kad netko javno stavi na svoj web da se sla\u017ee s programom da je to dovoljno jamstvo da \u0107e se to provesti. Nismo mogli vjerovati da kasnije kroz 6-7 mjeseci sve blokiraju. Ovaj put \u0107e sve znati prije, ali \u0107e postojati osigura\u010d u kojem \u0107e oni trebati i imati mogu\u0107nost provesti to u djelo.<\/p>\n<p><strong>Ho\u0107ete li i\u0107i kod javnog bilje\u017enika?<\/strong><\/p>\n<p>Situaciju s javnim bilje\u017enikom priznajem kao svoju pogre\u0161ku. Htio sam napraviti neki osigura\u010d prema obje strane, no u me\u0111uvremenu shvatite koliku odgovornost imate prema gra\u0111anima i da je odgovornost prema gra\u0111anima puno ve\u0107a od va\u0161ih \u017eelja. Da je bilo po mojoj osobnoj \u017eelji ja ne bi i\u0161ao niti s jednom stranom jer smatram da su potpuno razli\u010diti od nas.<\/p>\n<p>Naime, 19 mandata i toliko povjerenje gra\u0111ana vas obvezuje da neke stvari promijenite, a to ne mo\u017eete bez ulaska u izvr\u0161nu vlast. Na\u017ealost dogodilo se \u0161to se dogodilo. To je moja jedna jedina pogre\u0161ka. Oni su dosad ukrali milijarde, nekad posebno, nekad zajedno, a meni se na du\u0161u stavlja jedan potpis kod javnog bilje\u017enika.<\/p>\n<p>Ipak moram re\u0107i kako MOST ni sa kim nije ostvario klasi\u010dnu koaliciju i zapravo ni\u0161ta iz te izjave nije prekr\u0161eno. dapa\u010de ispunili smo predizborno obe\u0107anje jer ni Karamarko ni Milanovi\u0107 nisu postali premijeri ve\u0107 smo dobili nestrana\u010dkog premijera \u0161to se lani pred izbore \u010dinilo kao nemogu\u0107a misija.<\/p>\n<p><strong>Ho\u0107e li se ovog puta stvari nakon izbora odvijati br\u017ee?<\/strong><\/p>\n<p>Mi smo ti koji \u0107e poku\u0161ati ubrzati sve. Mi smo program dogovorili, sad sve ostaje na njima. Oni \u0107e sad poku\u0161ati odugovla\u010diti. \u0160to se nas ti\u010de sve mo\u017ee biti gotovo ve\u0107 tjedan dana nakon izbora.<\/p>\n<p><strong>Ima li Crkva na Vas utjecaj?<\/strong><\/p>\n<p>Sad se govori da iza mene stoji Milorad Dodik, prije da su bili Luka Bebi\u0107 i Papa Franjo. Valjda to govori da smo mi svoji. Mi ne pripadamo nikome. Smje\u0161taju nas u komunjare, usta\u0161e, UDBU. Mi smo se pojavili kao revolt na sve \u0161to se doga\u0111alo kod nas u lokalnim sredinama. Ne \u017eelim pristati na situaciju da nakon svega \u0161to je dano za neovisnost da mi netko govori \u0161to smijem raditi. Imat \u0107u opciju pokupiti se, no karakter sam da \u0107u ostati i boriti se. Pozivam i sve mlade da se uklju\u010de u politiku, nebitno u koju stranku. Da se svi prijave jer dok ne u\u0111u u politiku ne\u0107e mo\u0107i mijenjati stvari. Ako se ne\u0107e uklju\u010diti, ostavit \u0107e one koji 20 godina Hrvatskom upravljaju na ovaj na\u010din.<\/p>\n<p>Mladi se trebaju uklju\u010diti u javno djelovanje, ako ne konkretno u politiku onda trebaju kroz javno djelovanje, volontiranje, to ostaje na njima. Ne bi volio da ostanu sa strane i \u010dekaju da \u0107e ovi koji su na pozicijama do\u0107i pameti. Oni su tu jer kvalitetnih i pametnih mladih ljudi sad u politi\u010dkom \u017eivotu nema.<\/p>\n<p><strong>Ho\u0107ete li inzistirati na nestrana\u010dkom premijeru?<\/strong><\/p>\n<p>Ne. I to ne zato jer ne mislim da je Ore\u0161kovi\u0107 bio dobar. On je napravio dobre stvari, nije bio lutka na koncu, \u0161to se vidi\u00a0 po svim gospodarskim pokazateljima da smo odradili dobre stvari. Ali s obzirom na situaciju u stranka te\u0161ko da \u0107e vi\u0161e pristati na nestrana\u010dkog mandatara. Prije su pristali jer su mislili da \u0107e im ta osoba biti lutka na koncu tako da ne\u0107emo inzistirati na mjestu premijera.<\/p>\n<p><strong>Tijekom pro\u0161le predizborne kampanje forsirali ste pri\u010du o reformama. No Vlada u kojoj ste vi potpredsjednik zaustavila je jednu od najva\u017enijih reformi &#8211; kurikularnu reformu. Treba li se ona nastaviti?<\/strong><\/p>\n<p>Kurikularna reforma treba i\u0107i jer na\u0161 sustav obrazovanja ne zadovoljava potrebe tr\u017ei\u0161ta. Bitno je napraviti je u skladu sa strukom. Treba se donijeti konsenzus stru\u010dnjaka, u\u010ditelja, profesora, znanstvenih ustanova. Pogotovo za STEM podru\u010dje. Jedna od najva\u017enijih stvari su preduvjeti koji se trebaju ostvariti. Danas u\u010ditelji, znam jer mi je supruga u\u010diteljica, nemaju zahvalne uvjete za rad. \u010cesto profesori donose materijal jer se ne izdvaja dovoljno novaca za obrazovanje. Treba stvoriti uvjete da bi se provela kurikularna reforma. No ona definitivno treba i\u0107i.<\/p>\n<p><strong>\u0160to je s reformom lokalne samouprave? Govorili ste da je treba drasti\u010dno smanjiti.<\/strong><\/p>\n<p>Mi smo za ukidanje \u017eupanija i lokalnih samouprava. Tra\u017eili smo analizu za \u017eupanije i op\u0107ine i da na osnovu nje damo nekoliko modela. Sad je zavr\u0161ena analiza za lokalne samouprave, u ovakvom obliku, lokalne su samouprave neiskoristive i neupotrebljive pogotovo financijski.<\/p>\n<p>Ne \u017eelim sad govoriti o modelu koji bi trebao i\u0107i, no ovakav na\u010din i organizacija nisu dobri. Ne mo\u017ee egzistirati preko 500 op\u0107ina u RH, realan broj je od 130 do 140 lokalnih samouprava. Centar \u0107e biti pomaknut prema ve\u0107im gradovima, a sav novac koji se tro\u0161i na pla\u0107e u nekim lokalnim samoupravama koje egzistiraju samo zato da bi dijelili pla\u0107e \u0107e biti usmjeren u ta podru\u010dja. Svi stanovnici tih podru\u010dja u trenu kad se provede druk\u010dija reorganizacija lokalne samouprave na kraju \u0107e profitirati.<\/p>\n<p>Danas se financijska sredstva u preko 30 posto op\u0107ina tro\u0161e samo na pla\u0107e. Lokalne samouprave nemaju novaca za ulagati u svoje podru\u010dje ve\u0107 su svrha sami sebi. Ni SDP ni HDZ to ne \u017eale jer im nije stalo do ruralnih podru\u010dja, njihovo bira\u010dko tijelo se nalazi po lokalnim samoupravama. Zato se svi oni bune protiv smanjenja lokalne samouprave.<\/p>\n<p>Danas imamo radno mjesto pomo\u0107nika tajnika u lokalnoj samoupravi od 5000 stanovnika. Isto tako ne mo\u017ee vam postojati Odjel za protokol u mjestu s 2500 stanovnika. Takav odjel jedino prima pla\u0107u i ne radi ni\u0161ta.<\/p>\n<p><strong>Ho\u0107e li smanjenje lokalne samouprave biti jedan od uvjeta kojeg \u0107ete postaviti SDP-u i HDZ-u?<\/strong><\/p>\n<p>Sve \u0107ete vidjeti. Za razliku od prije, ovaj puta \u0107e obje stranke imati priliku ne\u0161to napraviti, a gra\u0111ani \u0107e svjedo\u010diti njihovom pona\u0161anju.<\/p>\n<p>Sve \u0107emo javno predstaviti. Nama je cilj pokazati da je MOST onaj koji se bori za gra\u0111ane. Mi smo uveli druga politi\u010dki standard. Kao novinu smo uveli to da se pri\u010da o programu, a ne o foteljama. Zato \u0161to su nam gra\u0111ani dali glas, mi smo za\u0161titili nacionalan interes, nismo za\u0161titili samo INA-u ve\u0107 smo bili u mogu\u0107nosti pokazati gra\u0111anima \u0161to smo spremni napraviti.<\/p>\n<p>Vi\u0161e pro\u010ditajte na<a href=\"https:\/\/youtu.be\/CLgXxbYN53c\"> index.hr..<\/a><\/p>\n<p><iframe title=\"INTERVJU Bo\u017eo Petrov za Index\" width=\"696\" height=\"392\" src=\"https:\/\/www.youtube.com\/embed\/CLgXxbYN53c?feature=oembed\" frameborder=\"0\" allow=\"accelerometer; autoplay; encrypted-media; gyroscope; picture-in-picture\" allowfullscreen><\/iframe><\/p>\n","protected":false},"excerpt":{"rendered":"<p>LIDER MOST-a Bo\u017eo Petrov u velikom intervjuu za Index otkrio je da \u0107e javnost kroz tri do \u010detiri dana doznati koje \u0107e uvjete ovog puta postaviti SDP-u i HDZ-u ukoliko planiraju s njima sastaviti Vladu. Petrov je uvjeren da \u0107e na skora\u0161njim izborima dobiti vi\u0161e mandata nego na pro\u0161lim. Otkrio nam je i da je [&hellip;]<\/p>\n","protected":false},"author":7,"featured_media":26393,"comment_status":"open","ping_status":"open","sticky":false,"template":"","format":"standard","meta":{"footnotes":""},"categories":[290],"tags":[],"class_list":{"0":"post-26390","1":"post","2":"type-post","3":"status-publish","4":"format-standard","5":"has-post-thumbnail","7":"category-politika"},"yoast_head":"<!-- This site is optimized with the Yoast SEO plugin v25.2 - https:\/\/yoast.com\/wordpress\/plugins\/seo\/ -->\n<title>VIDEO INTERVJU Bo\u017eo Petrov: Odlazak kod javnog bilje\u017enika moja je jedina gre\u0161ka - likemetkovic.hr<\/title>\n<meta name=\"robots\" content=\"index, follow, max-snippet:-1, max-image-preview:large, max-video-preview:-1\" \/>\n<link rel=\"canonical\" href=\"https:\/\/likemetkovic.hr\/video-intervju-bozo-petrov-odlazak-kod-javnog-biljeznika-moja-je-jedina-greska\/\" \/>\n<meta property=\"og:locale\" content=\"hr_HR\" \/>\n<meta property=\"og:type\" content=\"article\" \/>\n<meta property=\"og:title\" content=\"VIDEO INTERVJU Bo\u017eo Petrov: Odlazak kod javnog bilje\u017enika moja je jedina gre\u0161ka - likemetkovic.hr\" \/>\n<meta property=\"og:description\" content=\"LIDER MOST-a Bo\u017eo Petrov u velikom intervjuu za Index otkrio je da \u0107e javnost kroz tri do \u010detiri dana doznati koje \u0107e uvjete ovog puta postaviti SDP-u i HDZ-u ukoliko planiraju s njima sastaviti Vladu. Petrov je uvjeren da \u0107e na skora\u0161njim izborima dobiti vi\u0161e mandata nego na pro\u0161lim. Otkrio nam je i da je [&hellip;]\" \/>\n<meta property=\"og:url\" content=\"https:\/\/likemetkovic.hr\/video-intervju-bozo-petrov-odlazak-kod-javnog-biljeznika-moja-je-jedina-greska\/\" \/>\n<meta property=\"og:site_name\" content=\"likemetkovic.hr\" \/>\n<meta property=\"article:publisher\" content=\"https:\/\/www.facebook.com\/likemetkovic.hr\/\" \/>\n<meta property=\"article:published_time\" content=\"2016-09-01T12:34:00+00:00\" \/>\n<meta property=\"article:modified_time\" content=\"2016-09-01T12:39:44+00:00\" \/>\n<meta property=\"og:image\" content=\"https:\/\/likemetkovic.hr\/wp-content\/uploads\/2016\/09\/bo\u017eo-screenshot.jpg\" \/>\n\t<meta property=\"og:image:width\" content=\"1068\" \/>\n\t<meta property=\"og:image:height\" content=\"600\" \/>\n\t<meta property=\"og:image:type\" content=\"image\/jpeg\" \/>\n<meta name=\"author\" content=\"LIKEmetkovic.hr\" \/>\n<meta name=\"twitter:card\" content=\"summary_large_image\" \/>\n<meta name=\"twitter:label1\" content=\"Napisao\/la\" \/>\n\t<meta name=\"twitter:data1\" content=\"LIKEmetkovic.hr\" \/>\n\t<meta name=\"twitter:label2\" content=\"Procijenjeno vrijeme \u010ditanja\" \/>\n\t<meta name=\"twitter:data2\" content=\"8 minuta\" \/>\n<script type=\"application\/ld+json\" class=\"yoast-schema-graph\">{\"@context\":\"https:\/\/schema.org\",\"@graph\":[{\"@type\":\"WebPage\",\"@id\":\"https:\/\/likemetkovic.hr\/video-intervju-bozo-petrov-odlazak-kod-javnog-biljeznika-moja-je-jedina-greska\/\",\"url\":\"https:\/\/likemetkovic.hr\/video-intervju-bozo-petrov-odlazak-kod-javnog-biljeznika-moja-je-jedina-greska\/\",\"name\":\"VIDEO INTERVJU Bo\u017eo Petrov: Odlazak kod javnog bilje\u017enika moja je jedina gre\u0161ka - likemetkovic.hr\",\"isPartOf\":{\"@id\":\"https:\/\/likemetkovic.hr\/#website\"},\"primaryImageOfPage\":{\"@id\":\"https:\/\/likemetkovic.hr\/video-intervju-bozo-petrov-odlazak-kod-javnog-biljeznika-moja-je-jedina-greska\/#primaryimage\"},\"image\":{\"@id\":\"https:\/\/likemetkovic.hr\/video-intervju-bozo-petrov-odlazak-kod-javnog-biljeznika-moja-je-jedina-greska\/#primaryimage\"},\"thumbnailUrl\":\"https:\/\/likemetkovic.hr\/portal\/wp-content\/uploads\/2016\/09\/bo\u017eo-screenshot.jpg\",\"datePublished\":\"2016-09-01T12:34:00+00:00\",\"dateModified\":\"2016-09-01T12:39:44+00:00\",\"author\":{\"@id\":\"https:\/\/likemetkovic.hr\/#\/schema\/person\/a42711f3385a0e2be6f7e0443bfb28f0\"},\"breadcrumb\":{\"@id\":\"https:\/\/likemetkovic.hr\/video-intervju-bozo-petrov-odlazak-kod-javnog-biljeznika-moja-je-jedina-greska\/#breadcrumb\"},\"inLanguage\":\"hr\",\"potentialAction\":[{\"@type\":\"ReadAction\",\"target\":[\"https:\/\/likemetkovic.hr\/video-intervju-bozo-petrov-odlazak-kod-javnog-biljeznika-moja-je-jedina-greska\/\"]}]},{\"@type\":\"ImageObject\",\"inLanguage\":\"hr\",\"@id\":\"https:\/\/likemetkovic.hr\/video-intervju-bozo-petrov-odlazak-kod-javnog-biljeznika-moja-je-jedina-greska\/#primaryimage\",\"url\":\"https:\/\/likemetkovic.hr\/portal\/wp-content\/uploads\/2016\/09\/bo\u017eo-screenshot.jpg\",\"contentUrl\":\"https:\/\/likemetkovic.hr\/portal\/wp-content\/uploads\/2016\/09\/bo\u017eo-screenshot.jpg\",\"width\":1068,\"height\":600},{\"@type\":\"BreadcrumbList\",\"@id\":\"https:\/\/likemetkovic.hr\/video-intervju-bozo-petrov-odlazak-kod-javnog-biljeznika-moja-je-jedina-greska\/#breadcrumb\",\"itemListElement\":[{\"@type\":\"ListItem\",\"position\":1,\"name\":\"Po\u010detna stranica\",\"item\":\"https:\/\/likemetkovic.hr\/portal\/\"},{\"@type\":\"ListItem\",\"position\":2,\"name\":\"VIDEO INTERVJU Bo\u017eo Petrov: Odlazak kod javnog bilje\u017enika moja je jedina gre\u0161ka\"}]},{\"@type\":\"WebSite\",\"@id\":\"https:\/\/likemetkovic.hr\/#website\",\"url\":\"https:\/\/likemetkovic.hr\/\",\"name\":\"likemetkovic.hr\",\"description\":\"Misli pozitivno... \u010ditaj LIKE\",\"potentialAction\":[{\"@type\":\"SearchAction\",\"target\":{\"@type\":\"EntryPoint\",\"urlTemplate\":\"https:\/\/likemetkovic.hr\/?s={search_term_string}\"},\"query-input\":{\"@type\":\"PropertyValueSpecification\",\"valueRequired\":true,\"valueName\":\"search_term_string\"}}],\"inLanguage\":\"hr\"},{\"@type\":\"Person\",\"@id\":\"https:\/\/likemetkovic.hr\/#\/schema\/person\/a42711f3385a0e2be6f7e0443bfb28f0\",\"name\":\"LIKEmetkovic.hr\",\"sameAs\":[\"http:\/\/likemetkovic.hr\"],\"url\":\"https:\/\/likemetkovic.hr\/portal\/author\/likemetkovic-hr\/\"}]}<\/script>\n<!-- \/ Yoast SEO plugin. -->","yoast_head_json":{"title":"VIDEO INTERVJU Bo\u017eo Petrov: Odlazak kod javnog bilje\u017enika moja je jedina gre\u0161ka - likemetkovic.hr","robots":{"index":"index","follow":"follow","max-snippet":"max-snippet:-1","max-image-preview":"max-image-preview:large","max-video-preview":"max-video-preview:-1"},"canonical":"https:\/\/likemetkovic.hr\/video-intervju-bozo-petrov-odlazak-kod-javnog-biljeznika-moja-je-jedina-greska\/","og_locale":"hr_HR","og_type":"article","og_title":"VIDEO INTERVJU Bo\u017eo Petrov: Odlazak kod javnog bilje\u017enika moja je jedina gre\u0161ka - likemetkovic.hr","og_description":"LIDER MOST-a Bo\u017eo Petrov u velikom intervjuu za Index otkrio je da \u0107e javnost kroz tri do \u010detiri dana doznati koje \u0107e uvjete ovog puta postaviti SDP-u i HDZ-u ukoliko planiraju s njima sastaviti Vladu. Petrov je uvjeren da \u0107e na skora\u0161njim izborima dobiti vi\u0161e mandata nego na pro\u0161lim. Otkrio nam je i da je [&hellip;]","og_url":"https:\/\/likemetkovic.hr\/video-intervju-bozo-petrov-odlazak-kod-javnog-biljeznika-moja-je-jedina-greska\/","og_site_name":"likemetkovic.hr","article_publisher":"https:\/\/www.facebook.com\/likemetkovic.hr\/","article_published_time":"2016-09-01T12:34:00+00:00","article_modified_time":"2016-09-01T12:39:44+00:00","og_image":[{"width":1068,"height":600,"url":"https:\/\/likemetkovic.hr\/wp-content\/uploads\/2016\/09\/bo\u017eo-screenshot.jpg","type":"image\/jpeg"}],"author":"LIKEmetkovic.hr","twitter_card":"summary_large_image","twitter_misc":{"Napisao\/la":"LIKEmetkovic.hr","Procijenjeno vrijeme \u010ditanja":"8 minuta"},"schema":{"@context":"https:\/\/schema.org","@graph":[{"@type":"WebPage","@id":"https:\/\/likemetkovic.hr\/video-intervju-bozo-petrov-odlazak-kod-javnog-biljeznika-moja-je-jedina-greska\/","url":"https:\/\/likemetkovic.hr\/video-intervju-bozo-petrov-odlazak-kod-javnog-biljeznika-moja-je-jedina-greska\/","name":"VIDEO INTERVJU Bo\u017eo Petrov: Odlazak kod javnog bilje\u017enika moja je jedina gre\u0161ka - likemetkovic.hr","isPartOf":{"@id":"https:\/\/likemetkovic.hr\/#website"},"primaryImageOfPage":{"@id":"https:\/\/likemetkovic.hr\/video-intervju-bozo-petrov-odlazak-kod-javnog-biljeznika-moja-je-jedina-greska\/#primaryimage"},"image":{"@id":"https:\/\/likemetkovic.hr\/video-intervju-bozo-petrov-odlazak-kod-javnog-biljeznika-moja-je-jedina-greska\/#primaryimage"},"thumbnailUrl":"https:\/\/likemetkovic.hr\/portal\/wp-content\/uploads\/2016\/09\/bo\u017eo-screenshot.jpg","datePublished":"2016-09-01T12:34:00+00:00","dateModified":"2016-09-01T12:39:44+00:00","author":{"@id":"https:\/\/likemetkovic.hr\/#\/schema\/person\/a42711f3385a0e2be6f7e0443bfb28f0"},"breadcrumb":{"@id":"https:\/\/likemetkovic.hr\/video-intervju-bozo-petrov-odlazak-kod-javnog-biljeznika-moja-je-jedina-greska\/#breadcrumb"},"inLanguage":"hr","potentialAction":[{"@type":"ReadAction","target":["https:\/\/likemetkovic.hr\/video-intervju-bozo-petrov-odlazak-kod-javnog-biljeznika-moja-je-jedina-greska\/"]}]},{"@type":"ImageObject","inLanguage":"hr","@id":"https:\/\/likemetkovic.hr\/video-intervju-bozo-petrov-odlazak-kod-javnog-biljeznika-moja-je-jedina-greska\/#primaryimage","url":"https:\/\/likemetkovic.hr\/portal\/wp-content\/uploads\/2016\/09\/bo\u017eo-screenshot.jpg","contentUrl":"https:\/\/likemetkovic.hr\/portal\/wp-content\/uploads\/2016\/09\/bo\u017eo-screenshot.jpg","width":1068,"height":600},{"@type":"BreadcrumbList","@id":"https:\/\/likemetkovic.hr\/video-intervju-bozo-petrov-odlazak-kod-javnog-biljeznika-moja-je-jedina-greska\/#breadcrumb","itemListElement":[{"@type":"ListItem","position":1,"name":"Po\u010detna stranica","item":"https:\/\/likemetkovic.hr\/portal\/"},{"@type":"ListItem","position":2,"name":"VIDEO INTERVJU Bo\u017eo Petrov: Odlazak kod javnog bilje\u017enika moja je jedina gre\u0161ka"}]},{"@type":"WebSite","@id":"https:\/\/likemetkovic.hr\/#website","url":"https:\/\/likemetkovic.hr\/","name":"likemetkovic.hr","description":"Misli pozitivno... \u010ditaj LIKE","potentialAction":[{"@type":"SearchAction","target":{"@type":"EntryPoint","urlTemplate":"https:\/\/likemetkovic.hr\/?s={search_term_string}"},"query-input":{"@type":"PropertyValueSpecification","valueRequired":true,"valueName":"search_term_string"}}],"inLanguage":"hr"},{"@type":"Person","@id":"https:\/\/likemetkovic.hr\/#\/schema\/person\/a42711f3385a0e2be6f7e0443bfb28f0","name":"LIKEmetkovic.hr","sameAs":["http:\/\/likemetkovic.hr"],"url":"https:\/\/likemetkovic.hr\/portal\/author\/likemetkovic-hr\/"}]}},"_links":{"self":[{"href":"https:\/\/likemetkovic.hr\/portal\/wp-json\/wp\/v2\/posts\/26390","targetHints":{"allow":["GET"]}}],"collection":[{"href":"https:\/\/likemetkovic.hr\/portal\/wp-json\/wp\/v2\/posts"}],"about":[{"href":"https:\/\/likemetkovic.hr\/portal\/wp-json\/wp\/v2\/types\/post"}],"author":[{"embeddable":true,"href":"https:\/\/likemetkovic.hr\/portal\/wp-json\/wp\/v2\/users\/7"}],"replies":[{"embeddable":true,"href":"https:\/\/likemetkovic.hr\/portal\/wp-json\/wp\/v2\/comments?post=26390"}],"version-history":[{"count":0,"href":"https:\/\/likemetkovic.hr\/portal\/wp-json\/wp\/v2\/posts\/26390\/revisions"}],"wp:featuredmedia":[{"embeddable":true,"href":"https:\/\/likemetkovic.hr\/portal\/wp-json\/wp\/v2\/media\/26393"}],"wp:attachment":[{"href":"https:\/\/likemetkovic.hr\/portal\/wp-json\/wp\/v2\/media?parent=26390"}],"wp:term":[{"taxonomy":"category","embeddable":true,"href":"https:\/\/likemetkovic.hr\/portal\/wp-json\/wp\/v2\/categories?post=26390"},{"taxonomy":"post_tag","embeddable":true,"href":"https:\/\/likemetkovic.hr\/portal\/wp-json\/wp\/v2\/tags?post=26390"}],"curies":[{"name":"wp","href":"https:\/\/api.w.org\/{rel}","templated":true}]}}