{"id":26669,"date":"2016-09-07T13:42:31","date_gmt":"2016-09-07T11:42:31","guid":{"rendered":"http:\/\/likemetkovic.hr\/?p=26669"},"modified":"2016-09-07T13:46:24","modified_gmt":"2016-09-07T11:46:24","slug":"26669-2","status":"publish","type":"post","link":"https:\/\/likemetkovic.hr\/portal\/26669-2\/","title":{"rendered":"Predstavljena nova knjiga Domagoja Vidovi\u0107a &#8220;O rodu jezikom i pokoja fra\u0161ka&#8221;"},"content":{"rendered":"<p>U Gradskoj knji\u017enici u Metkovi\u0107u odr\u017eano je 6. rujna 2016. predstavljanje knjige Domagoja Vidovi\u0107a \u201eO rodu jezikom i pokoja fra\u0161ka\u201c. Nakon uvodnoga pozdrava ravnateljice knji\u017enice Vesne Vidovi\u0107, prva se okupljenima obratila tehni\u010dka ministrica regionalnoga razvoja i europskih poslova koja je govorila o autorovu \u017eivotopisu i znanstvenoj karijeri te povezanosti s dvama zavi\u010dajima iz kojih potje\u010de, Neretve i Bra\u010da, poku\u0161av\u0161i ih nazrijeti u knji\u017eevnome djelu. Knji\u017eevnik Ljubo Krmek osobito se osvrnuo na Vidovi\u0107evo zanemarivanje postojanja granica poglavito na jugu hrvatskoga juga, od Neretve do Bojane te ispreplitanje knji\u017eevnoga, publicisti\u010dkoga i znanstvenoga stila. Metkovski novinar i kroni\u010dar Ivica Puljan dotaknuo se osobnoga iskustva s autorom te se pozabavio autorovim stilom (naveo je primjere kovanica, arhaizama i hrvatskih zamjena za internacionalizme navev\u0161i njegove zasluge za uporabu pravilnih etnika s neretvanskoga podru\u010dja. Knji\u017eevnik i novinar Boris Njavro opisao je strukturu Vidovi\u0107evih \u0161tiva naglasiv\u0161i kako se u njima nalaze mnoge \u201emine\u201c kojima se \u010ditatelja privla\u010di da bi ga se potom iznenadilo posve drugom temom. Autor je pak objasnio \u0161to zna\u010di fra\u0161ka (anegdota, \u0161aljiva pri\u010dica), objasnio kako je knjiga nastala te zahvalio predstavlja\u010dima i okupljenima. Idu\u0107e \u0107e se predstavljanje knjige odr\u017eati u Ravnu u Popovu, u subotu 10. rujna 2016.<\/p>\n\r\n                <style type=\"text\/css\">\r\n                    \r\n                    #tdi_1  .td-doubleSlider-2 .td-item1 {\r\n                        background: url(https:\/\/likemetkovic.hr\/portal\/wp-content\/uploads\/2016\/09\/vidovic07092016-8-80x60.jpg) 0 0 no-repeat;\r\n                    }\r\n                    #tdi_1  .td-doubleSlider-2 .td-item2 {\r\n                        background: url(https:\/\/likemetkovic.hr\/portal\/wp-content\/uploads\/2016\/09\/vidovic07092016-3-80x60.jpg) 0 0 no-repeat;\r\n                    }\r\n                    #tdi_1  .td-doubleSlider-2 .td-item3 {\r\n                        background: url(https:\/\/likemetkovic.hr\/portal\/wp-content\/uploads\/2016\/09\/vidovic07092016-1-80x60.jpg) 0 0 no-repeat;\r\n                    }\r\n                <\/style>\r\n\r\n                <div id=\"tdi_1\" class=\"td-gallery td-slide-on-2-columns\">\r\n                    <div class=\"post_td_gallery\">\r\n                        <div class=\"td-gallery-slide-top\">\r\n                           <div class=\"td-gallery-title\"><\/div>\r\n\r\n                            <div class=\"td-gallery-controls-wrapper\">\r\n                                <div class=\"td-gallery-slide-count\"><span class=\"td-gallery-slide-item-focus\">1<\/span> of 3<\/div>\r\n                                <div class=\"td-gallery-slide-prev-next-but\">\r\n                                    <i class = \"td-icon-left doubleSliderPrevButton\"><\/i>\r\n                                    <i class = \"td-icon-right doubleSliderNextButton\"><\/i>\r\n                                <\/div>\r\n                            <\/div>\r\n                        <\/div>\r\n\r\n                        <div class = \"td-doubleSlider-1 \">\r\n                            <div class = \"td-slider\">\r\n                                \r\n                    <div class = \"td-slide-item td-item1\">\r\n                        <figure class=\"td-slide-galery-figure td-slide-popup-gallery\">\r\n                            <a class=\"slide-gallery-image-link\" href=\"https:\/\/likemetkovic.hr\/portal\/wp-content\/uploads\/2016\/09\/vidovic07092016-8.jpg\" title=\"_vidovic07092016-8\"  data-caption=\"foto: metkovic.hr\"  data-description=\"\">\r\n                                <img decoding=\"async\" src=\"https:\/\/likemetkovic.hr\/portal\/wp-content\/uploads\/2016\/09\/vidovic07092016-8-630x420.jpg\" srcset=\"https:\/\/likemetkovic.hr\/portal\/wp-content\/uploads\/2016\/09\/vidovic07092016-8-630x420.jpg 630w, https:\/\/likemetkovic.hr\/portal\/wp-content\/uploads\/2016\/09\/vidovic07092016-8-300x200.jpg 300w, https:\/\/likemetkovic.hr\/portal\/wp-content\/uploads\/2016\/09\/vidovic07092016-8-768x512.jpg 768w, https:\/\/likemetkovic.hr\/portal\/wp-content\/uploads\/2016\/09\/vidovic07092016-8-640x427.jpg 640w, https:\/\/likemetkovic.hr\/portal\/wp-content\/uploads\/2016\/09\/vidovic07092016-8-696x464.jpg 696w, https:\/\/likemetkovic.hr\/portal\/wp-content\/uploads\/2016\/09\/vidovic07092016-8.jpg 900w\" sizes=\"(max-width: 630px) 100vw, 630px\" alt=\"\">\r\n                            <\/a>\r\n                            <figcaption class = \"td-slide-caption td-gallery-slide-content\"><div class = \"td-gallery-slide-copywrite\">foto: metkovic.hr<\/div><\/figcaption>\r\n                        <\/figure>\r\n                    <\/div>\r\n                    <div class = \"td-slide-item td-item2\">\r\n                        <figure class=\"td-slide-galery-figure td-slide-popup-gallery\">\r\n                            <a class=\"slide-gallery-image-link\" href=\"https:\/\/likemetkovic.hr\/portal\/wp-content\/uploads\/2016\/09\/vidovic07092016-3.jpg\" title=\"_vidovic07092016-3\"  data-caption=\"foto: metkovic.hr\"  data-description=\"\">\r\n                                <img decoding=\"async\" src=\"https:\/\/likemetkovic.hr\/portal\/wp-content\/uploads\/2016\/09\/vidovic07092016-3-630x420.jpg\" srcset=\"https:\/\/likemetkovic.hr\/portal\/wp-content\/uploads\/2016\/09\/vidovic07092016-3-630x420.jpg 630w, https:\/\/likemetkovic.hr\/portal\/wp-content\/uploads\/2016\/09\/vidovic07092016-3-300x200.jpg 300w, https:\/\/likemetkovic.hr\/portal\/wp-content\/uploads\/2016\/09\/vidovic07092016-3-768x512.jpg 768w, https:\/\/likemetkovic.hr\/portal\/wp-content\/uploads\/2016\/09\/vidovic07092016-3-640x427.jpg 640w, https:\/\/likemetkovic.hr\/portal\/wp-content\/uploads\/2016\/09\/vidovic07092016-3-696x464.jpg 696w, https:\/\/likemetkovic.hr\/portal\/wp-content\/uploads\/2016\/09\/vidovic07092016-3.jpg 900w\" sizes=\"(max-width: 630px) 100vw, 630px\" alt=\"\">\r\n                            <\/a>\r\n                            <figcaption class = \"td-slide-caption td-gallery-slide-content\"><div class = \"td-gallery-slide-copywrite\">foto: metkovic.hr<\/div><\/figcaption>\r\n                        <\/figure>\r\n                    <\/div>\r\n                    <div class = \"td-slide-item td-item3\">\r\n                        <figure class=\"td-slide-galery-figure td-slide-popup-gallery\">\r\n                            <a class=\"slide-gallery-image-link\" href=\"https:\/\/likemetkovic.hr\/portal\/wp-content\/uploads\/2016\/09\/vidovic07092016-1.jpg\" title=\"_vidovic07092016-1\"  data-caption=\"foto: metkovic.hr\"  data-description=\"\">\r\n                                <img decoding=\"async\" src=\"https:\/\/likemetkovic.hr\/portal\/wp-content\/uploads\/2016\/09\/vidovic07092016-1-630x420.jpg\" srcset=\"https:\/\/likemetkovic.hr\/portal\/wp-content\/uploads\/2016\/09\/vidovic07092016-1-630x420.jpg 630w, https:\/\/likemetkovic.hr\/portal\/wp-content\/uploads\/2016\/09\/vidovic07092016-1-300x200.jpg 300w, https:\/\/likemetkovic.hr\/portal\/wp-content\/uploads\/2016\/09\/vidovic07092016-1-768x512.jpg 768w, https:\/\/likemetkovic.hr\/portal\/wp-content\/uploads\/2016\/09\/vidovic07092016-1-640x427.jpg 640w, https:\/\/likemetkovic.hr\/portal\/wp-content\/uploads\/2016\/09\/vidovic07092016-1-696x464.jpg 696w, https:\/\/likemetkovic.hr\/portal\/wp-content\/uploads\/2016\/09\/vidovic07092016-1.jpg 900w\" sizes=\"(max-width: 630px) 100vw, 630px\" alt=\"\">\r\n                            <\/a>\r\n                            <figcaption class = \"td-slide-caption td-gallery-slide-content\"><div class = \"td-gallery-slide-copywrite\">foto: metkovic.hr<\/div><\/figcaption>\r\n                        <\/figure>\r\n                    <\/div>\r\n                            <\/div>\r\n                        <\/div>\r\n\r\n                        <div class = \"td-doubleSlider-2\">\r\n                            <div class = \"td-slider\">\r\n                                \r\n                    <div class = \"td-button td-item1\">\r\n                        <div class = \"td-border\"><\/div>\r\n                    <\/div>\r\n                    <div class = \"td-button td-item2\">\r\n                        <div class = \"td-border\"><\/div>\r\n                    <\/div>\r\n                    <div class = \"td-button td-item3\">\r\n                        <div class = \"td-border\"><\/div>\r\n                    <\/div>\r\n                            <\/div>\r\n                        <\/div>\r\n\r\n                    <\/div>\r\n\r\n                <\/div>\r\n                \n","protected":false},"excerpt":{"rendered":"<p>U Gradskoj knji\u017enici u Metkovi\u0107u odr\u017eano je 6. rujna 2016. predstavljanje knjige Domagoja Vidovi\u0107a \u201eO rodu jezikom i pokoja fra\u0161ka\u201c. Nakon uvodnoga pozdrava ravnateljice knji\u017enice Vesne Vidovi\u0107, prva se okupljenima obratila tehni\u010dka ministrica regionalnoga razvoja i europskih poslova koja je govorila o autorovu \u017eivotopisu i znanstvenoj karijeri te povezanosti s dvama zavi\u010dajima iz kojih potje\u010de, [&hellip;]<\/p>\n","protected":false},"author":7,"featured_media":26680,"comment_status":"open","ping_status":"open","sticky":false,"template":"","format":"standard","meta":{"footnotes":""},"categories":[283,11],"tags":[],"class_list":{"0":"post-26669","1":"post","2":"type-post","3":"status-publish","4":"format-standard","5":"has-post-thumbnail","7":"category-a","8":"category-metkovic-dolina"},"yoast_head":"<!-- This site is optimized with the Yoast SEO plugin v25.2 - https:\/\/yoast.com\/wordpress\/plugins\/seo\/ -->\n<title>Predstavljena nova knjiga Domagoja Vidovi\u0107a &quot;O rodu jezikom i pokoja fra\u0161ka&quot; - likemetkovic.hr<\/title>\n<meta name=\"robots\" content=\"index, follow, max-snippet:-1, max-image-preview:large, max-video-preview:-1\" \/>\n<link rel=\"canonical\" href=\"https:\/\/likemetkovic.hr\/26669-2\/\" \/>\n<meta property=\"og:locale\" content=\"hr_HR\" \/>\n<meta property=\"og:type\" content=\"article\" \/>\n<meta property=\"og:title\" content=\"Predstavljena nova knjiga Domagoja Vidovi\u0107a &quot;O rodu jezikom i pokoja fra\u0161ka&quot; - likemetkovic.hr\" \/>\n<meta property=\"og:description\" content=\"U Gradskoj knji\u017enici u Metkovi\u0107u odr\u017eano je 6. rujna 2016. predstavljanje knjige Domagoja Vidovi\u0107a \u201eO rodu jezikom i pokoja fra\u0161ka\u201c. Nakon uvodnoga pozdrava ravnateljice knji\u017enice Vesne Vidovi\u0107, prva se okupljenima obratila tehni\u010dka ministrica regionalnoga razvoja i europskih poslova koja je govorila o autorovu \u017eivotopisu i znanstvenoj karijeri te povezanosti s dvama zavi\u010dajima iz kojih potje\u010de, [&hellip;]\" \/>\n<meta property=\"og:url\" content=\"https:\/\/likemetkovic.hr\/26669-2\/\" \/>\n<meta property=\"og:site_name\" content=\"likemetkovic.hr\" \/>\n<meta property=\"article:publisher\" content=\"https:\/\/www.facebook.com\/likemetkovic.hr\/\" \/>\n<meta property=\"article:published_time\" content=\"2016-09-07T11:42:31+00:00\" \/>\n<meta property=\"article:modified_time\" content=\"2016-09-07T11:46:24+00:00\" \/>\n<meta property=\"og:image\" content=\"https:\/\/likemetkovic.hr\/wp-content\/uploads\/2016\/09\/vidovic07092016-8.jpg\" \/>\n\t<meta property=\"og:image:width\" content=\"900\" \/>\n\t<meta property=\"og:image:height\" content=\"600\" \/>\n\t<meta property=\"og:image:type\" content=\"image\/jpeg\" \/>\n<meta name=\"author\" content=\"LIKEmetkovic.hr\" \/>\n<meta name=\"twitter:card\" content=\"summary_large_image\" \/>\n<meta name=\"twitter:label1\" content=\"Napisao\/la\" \/>\n\t<meta name=\"twitter:data1\" content=\"LIKEmetkovic.hr\" \/>\n\t<meta name=\"twitter:label2\" content=\"Procijenjeno vrijeme \u010ditanja\" \/>\n\t<meta name=\"twitter:data2\" content=\"1 minuta\" \/>\n<script type=\"application\/ld+json\" class=\"yoast-schema-graph\">{\"@context\":\"https:\/\/schema.org\",\"@graph\":[{\"@type\":\"WebPage\",\"@id\":\"https:\/\/likemetkovic.hr\/26669-2\/\",\"url\":\"https:\/\/likemetkovic.hr\/26669-2\/\",\"name\":\"Predstavljena nova knjiga Domagoja Vidovi\u0107a \\\"O rodu jezikom i pokoja fra\u0161ka\\\" - likemetkovic.hr\",\"isPartOf\":{\"@id\":\"https:\/\/likemetkovic.hr\/#website\"},\"primaryImageOfPage\":{\"@id\":\"https:\/\/likemetkovic.hr\/26669-2\/#primaryimage\"},\"image\":{\"@id\":\"https:\/\/likemetkovic.hr\/26669-2\/#primaryimage\"},\"thumbnailUrl\":\"https:\/\/likemetkovic.hr\/portal\/wp-content\/uploads\/2016\/09\/vidovic07092016-8.jpg\",\"datePublished\":\"2016-09-07T11:42:31+00:00\",\"dateModified\":\"2016-09-07T11:46:24+00:00\",\"author\":{\"@id\":\"https:\/\/likemetkovic.hr\/#\/schema\/person\/a42711f3385a0e2be6f7e0443bfb28f0\"},\"breadcrumb\":{\"@id\":\"https:\/\/likemetkovic.hr\/26669-2\/#breadcrumb\"},\"inLanguage\":\"hr\",\"potentialAction\":[{\"@type\":\"ReadAction\",\"target\":[\"https:\/\/likemetkovic.hr\/26669-2\/\"]}]},{\"@type\":\"ImageObject\",\"inLanguage\":\"hr\",\"@id\":\"https:\/\/likemetkovic.hr\/26669-2\/#primaryimage\",\"url\":\"https:\/\/likemetkovic.hr\/portal\/wp-content\/uploads\/2016\/09\/vidovic07092016-8.jpg\",\"contentUrl\":\"https:\/\/likemetkovic.hr\/portal\/wp-content\/uploads\/2016\/09\/vidovic07092016-8.jpg\",\"width\":900,\"height\":600,\"caption\":\"foto: metkovic.hr\"},{\"@type\":\"BreadcrumbList\",\"@id\":\"https:\/\/likemetkovic.hr\/26669-2\/#breadcrumb\",\"itemListElement\":[{\"@type\":\"ListItem\",\"position\":1,\"name\":\"Po\u010detna stranica\",\"item\":\"https:\/\/likemetkovic.hr\/portal\/\"},{\"@type\":\"ListItem\",\"position\":2,\"name\":\"Predstavljena nova knjiga Domagoja Vidovi\u0107a &#8220;O rodu jezikom i pokoja fra\u0161ka&#8221;\"}]},{\"@type\":\"WebSite\",\"@id\":\"https:\/\/likemetkovic.hr\/#website\",\"url\":\"https:\/\/likemetkovic.hr\/\",\"name\":\"likemetkovic.hr\",\"description\":\"Misli pozitivno... \u010ditaj LIKE\",\"potentialAction\":[{\"@type\":\"SearchAction\",\"target\":{\"@type\":\"EntryPoint\",\"urlTemplate\":\"https:\/\/likemetkovic.hr\/?s={search_term_string}\"},\"query-input\":{\"@type\":\"PropertyValueSpecification\",\"valueRequired\":true,\"valueName\":\"search_term_string\"}}],\"inLanguage\":\"hr\"},{\"@type\":\"Person\",\"@id\":\"https:\/\/likemetkovic.hr\/#\/schema\/person\/a42711f3385a0e2be6f7e0443bfb28f0\",\"name\":\"LIKEmetkovic.hr\",\"sameAs\":[\"http:\/\/likemetkovic.hr\"],\"url\":\"https:\/\/likemetkovic.hr\/portal\/author\/likemetkovic-hr\/\"}]}<\/script>\n<!-- \/ Yoast SEO plugin. -->","yoast_head_json":{"title":"Predstavljena nova knjiga Domagoja Vidovi\u0107a \"O rodu jezikom i pokoja fra\u0161ka\" - likemetkovic.hr","robots":{"index":"index","follow":"follow","max-snippet":"max-snippet:-1","max-image-preview":"max-image-preview:large","max-video-preview":"max-video-preview:-1"},"canonical":"https:\/\/likemetkovic.hr\/26669-2\/","og_locale":"hr_HR","og_type":"article","og_title":"Predstavljena nova knjiga Domagoja Vidovi\u0107a \"O rodu jezikom i pokoja fra\u0161ka\" - likemetkovic.hr","og_description":"U Gradskoj knji\u017enici u Metkovi\u0107u odr\u017eano je 6. rujna 2016. predstavljanje knjige Domagoja Vidovi\u0107a \u201eO rodu jezikom i pokoja fra\u0161ka\u201c. Nakon uvodnoga pozdrava ravnateljice knji\u017enice Vesne Vidovi\u0107, prva se okupljenima obratila tehni\u010dka ministrica regionalnoga razvoja i europskih poslova koja je govorila o autorovu \u017eivotopisu i znanstvenoj karijeri te povezanosti s dvama zavi\u010dajima iz kojih potje\u010de, [&hellip;]","og_url":"https:\/\/likemetkovic.hr\/26669-2\/","og_site_name":"likemetkovic.hr","article_publisher":"https:\/\/www.facebook.com\/likemetkovic.hr\/","article_published_time":"2016-09-07T11:42:31+00:00","article_modified_time":"2016-09-07T11:46:24+00:00","og_image":[{"width":900,"height":600,"url":"https:\/\/likemetkovic.hr\/wp-content\/uploads\/2016\/09\/vidovic07092016-8.jpg","type":"image\/jpeg"}],"author":"LIKEmetkovic.hr","twitter_card":"summary_large_image","twitter_misc":{"Napisao\/la":"LIKEmetkovic.hr","Procijenjeno vrijeme \u010ditanja":"1 minuta"},"schema":{"@context":"https:\/\/schema.org","@graph":[{"@type":"WebPage","@id":"https:\/\/likemetkovic.hr\/26669-2\/","url":"https:\/\/likemetkovic.hr\/26669-2\/","name":"Predstavljena nova knjiga Domagoja Vidovi\u0107a \"O rodu jezikom i pokoja fra\u0161ka\" - likemetkovic.hr","isPartOf":{"@id":"https:\/\/likemetkovic.hr\/#website"},"primaryImageOfPage":{"@id":"https:\/\/likemetkovic.hr\/26669-2\/#primaryimage"},"image":{"@id":"https:\/\/likemetkovic.hr\/26669-2\/#primaryimage"},"thumbnailUrl":"https:\/\/likemetkovic.hr\/portal\/wp-content\/uploads\/2016\/09\/vidovic07092016-8.jpg","datePublished":"2016-09-07T11:42:31+00:00","dateModified":"2016-09-07T11:46:24+00:00","author":{"@id":"https:\/\/likemetkovic.hr\/#\/schema\/person\/a42711f3385a0e2be6f7e0443bfb28f0"},"breadcrumb":{"@id":"https:\/\/likemetkovic.hr\/26669-2\/#breadcrumb"},"inLanguage":"hr","potentialAction":[{"@type":"ReadAction","target":["https:\/\/likemetkovic.hr\/26669-2\/"]}]},{"@type":"ImageObject","inLanguage":"hr","@id":"https:\/\/likemetkovic.hr\/26669-2\/#primaryimage","url":"https:\/\/likemetkovic.hr\/portal\/wp-content\/uploads\/2016\/09\/vidovic07092016-8.jpg","contentUrl":"https:\/\/likemetkovic.hr\/portal\/wp-content\/uploads\/2016\/09\/vidovic07092016-8.jpg","width":900,"height":600,"caption":"foto: metkovic.hr"},{"@type":"BreadcrumbList","@id":"https:\/\/likemetkovic.hr\/26669-2\/#breadcrumb","itemListElement":[{"@type":"ListItem","position":1,"name":"Po\u010detna stranica","item":"https:\/\/likemetkovic.hr\/portal\/"},{"@type":"ListItem","position":2,"name":"Predstavljena nova knjiga Domagoja Vidovi\u0107a &#8220;O rodu jezikom i pokoja fra\u0161ka&#8221;"}]},{"@type":"WebSite","@id":"https:\/\/likemetkovic.hr\/#website","url":"https:\/\/likemetkovic.hr\/","name":"likemetkovic.hr","description":"Misli pozitivno... \u010ditaj LIKE","potentialAction":[{"@type":"SearchAction","target":{"@type":"EntryPoint","urlTemplate":"https:\/\/likemetkovic.hr\/?s={search_term_string}"},"query-input":{"@type":"PropertyValueSpecification","valueRequired":true,"valueName":"search_term_string"}}],"inLanguage":"hr"},{"@type":"Person","@id":"https:\/\/likemetkovic.hr\/#\/schema\/person\/a42711f3385a0e2be6f7e0443bfb28f0","name":"LIKEmetkovic.hr","sameAs":["http:\/\/likemetkovic.hr"],"url":"https:\/\/likemetkovic.hr\/portal\/author\/likemetkovic-hr\/"}]}},"_links":{"self":[{"href":"https:\/\/likemetkovic.hr\/portal\/wp-json\/wp\/v2\/posts\/26669","targetHints":{"allow":["GET"]}}],"collection":[{"href":"https:\/\/likemetkovic.hr\/portal\/wp-json\/wp\/v2\/posts"}],"about":[{"href":"https:\/\/likemetkovic.hr\/portal\/wp-json\/wp\/v2\/types\/post"}],"author":[{"embeddable":true,"href":"https:\/\/likemetkovic.hr\/portal\/wp-json\/wp\/v2\/users\/7"}],"replies":[{"embeddable":true,"href":"https:\/\/likemetkovic.hr\/portal\/wp-json\/wp\/v2\/comments?post=26669"}],"version-history":[{"count":0,"href":"https:\/\/likemetkovic.hr\/portal\/wp-json\/wp\/v2\/posts\/26669\/revisions"}],"wp:featuredmedia":[{"embeddable":true,"href":"https:\/\/likemetkovic.hr\/portal\/wp-json\/wp\/v2\/media\/26680"}],"wp:attachment":[{"href":"https:\/\/likemetkovic.hr\/portal\/wp-json\/wp\/v2\/media?parent=26669"}],"wp:term":[{"taxonomy":"category","embeddable":true,"href":"https:\/\/likemetkovic.hr\/portal\/wp-json\/wp\/v2\/categories?post=26669"},{"taxonomy":"post_tag","embeddable":true,"href":"https:\/\/likemetkovic.hr\/portal\/wp-json\/wp\/v2\/tags?post=26669"}],"curies":[{"name":"wp","href":"https:\/\/api.w.org\/{rel}","templated":true}]}}