{"id":27096,"date":"2016-09-18T10:13:08","date_gmt":"2016-09-18T08:13:08","guid":{"rendered":"http:\/\/likemetkovic.hr\/?p=27096"},"modified":"2016-09-18T10:15:35","modified_gmt":"2016-09-18T08:15:35","slug":"danasnji-dan-887-godine-poginuo-mletacki-duzd-pokusaju-da-pokori-neretvane","status":"publish","type":"post","link":"https:\/\/likemetkovic.hr\/portal\/danasnji-dan-887-godine-poginuo-mletacki-duzd-pokusaju-da-pokori-neretvane\/","title":{"rendered":"Na dana\u0161nji dan 887. godine poginuo mleta\u010dki du\u017ed u poku\u0161aju da pokori Neretvane"},"content":{"rendered":"<p><strong>Pietro I. Candiano<\/strong> (<i>Petar I. Kandijan<\/i>, 842. &#8211; Makarska, 18. rujna 887.) \u0161esnaesti je du\u017ed Mleta\u010dke republike.<\/p>\n<p>Njegovo du\u017edevski mandat trajajo je samo pet mjeseci. Na mjesto du\u017eda izabran je 17. travnja 887. nakon \u0161to je njegov prethodnik <strong>Giovanni II. Partecipazio<\/strong> bio prisiljen dati ostavku zbog lo\u0161eg zdravlja.<\/p>\n<p>Novoizabrani mleta\u010dki du\u017ed za prvi zadatak uzeo je poraziti malu neovisnu hrvatsku Neretvanska kne\u017eevinu, kojoj je jezgra bila u delti Neretve i po obli\u017enjim otocima. Njene gusarske akcije deselje\u0107ima su pravile Mle\u010danima probleme, a 880-ih su im ovi vrsni ratnici i pomorci postali nesnosni. Te 887. godine zaputio se brodovljem u kaznenu ekspediciju prema Neretvanima.<sup id=\"cite_ref-Mimica_2-0\" class=\"reference\"> <\/sup>Prvi pohod je zavr\u0161io bez rezultata, a u drugom pohodu prema zapisima mleta\u010dkog ljetopisca Ivana \u0110akona, snage mleta\u010dkog brodovlja \u010dinilo je 12 brodova.\u00a0Iskrcao se kod\u00a0Makra.\u00a0Prvi udarni val mleta\u010dkih postrojba bio je uspje\u0161an. Mle\u010dani su Neretvanima uni\u0161tili pet brodova. No, uskoro, 18. rujna 887. godine u\u00a0bitci kod Makarske Neretvani su sna\u017eno uzvratili. Tako sna\u017eno da su u potpunosti razbili mleta\u010dke snage i na kopnu i na moru.\u00a0Sam je<strong> mleta\u010dki du\u017ed Petar I. Kandijan<\/strong> poginuo u ovoj bitci,\u00a0a njegovo tijelo Mle\u010dani nisu uspjeli odnijeti, nego je ostalo kod Neretvana. Mleta\u010dki ga je tribun Andrija morao ukrasti da bi ga pokopao u stolnoj crkvi u Gradu.\u00a0<strong>Petar I. Kandijan<\/strong> prvi je du\u017ed koji je poginuo u slu\u017ebi za Mleta\u010dku republiku. Od onda pa sve do konca 10. stolje\u0107a Hrvati i Mle\u010dani \u017eive u miru, a iz spisa Ivana \u0110akona jasno je da su Mle\u010dani od tada Hrvatima i Neretvanima pla\u0107ali danak (<i>tributum pacis<\/i>) za plovidbu Jadranom i takvo se stanje odr\u017ealo do po\u010detka 11. stolje\u0107a.<\/p>\n","protected":false},"excerpt":{"rendered":"<p>Pietro I. Candiano (Petar I. Kandijan, 842. &#8211; Makarska, 18. rujna 887.) \u0161esnaesti je du\u017ed Mleta\u010dke republike. Njegovo du\u017edevski mandat trajajo je samo pet mjeseci. Na mjesto du\u017eda izabran je 17. travnja 887. nakon \u0161to je njegov prethodnik Giovanni II. Partecipazio bio prisiljen dati ostavku zbog lo\u0161eg zdravlja. Novoizabrani mleta\u010dki du\u017ed za prvi zadatak uzeo [&hellip;]<\/p>\n","protected":false},"author":7,"featured_media":27097,"comment_status":"open","ping_status":"open","sticky":false,"template":"","format":"standard","meta":{"footnotes":""},"categories":[71],"tags":[],"class_list":{"0":"post-27096","1":"post","2":"type-post","3":"status-publish","4":"format-standard","5":"has-post-thumbnail","7":"category-svega-po-malo"},"yoast_head":"<!-- This site is optimized with the Yoast SEO plugin v25.2 - https:\/\/yoast.com\/wordpress\/plugins\/seo\/ -->\n<title>Na dana\u0161nji dan 887. godine poginuo mleta\u010dki du\u017ed u poku\u0161aju da pokori Neretvane - likemetkovic.hr<\/title>\n<meta name=\"robots\" content=\"index, follow, max-snippet:-1, max-image-preview:large, max-video-preview:-1\" \/>\n<link rel=\"canonical\" href=\"https:\/\/likemetkovic.hr\/danasnji-dan-887-godine-poginuo-mletacki-duzd-pokusaju-da-pokori-neretvane\/\" \/>\n<meta property=\"og:locale\" content=\"hr_HR\" \/>\n<meta property=\"og:type\" content=\"article\" \/>\n<meta property=\"og:title\" content=\"Na dana\u0161nji dan 887. godine poginuo mleta\u010dki du\u017ed u poku\u0161aju da pokori Neretvane - likemetkovic.hr\" \/>\n<meta property=\"og:description\" content=\"Pietro I. Candiano (Petar I. Kandijan, 842. &#8211; Makarska, 18. rujna 887.) \u0161esnaesti je du\u017ed Mleta\u010dke republike. Njegovo du\u017edevski mandat trajajo je samo pet mjeseci. Na mjesto du\u017eda izabran je 17. travnja 887. nakon \u0161to je njegov prethodnik Giovanni II. Partecipazio bio prisiljen dati ostavku zbog lo\u0161eg zdravlja. Novoizabrani mleta\u010dki du\u017ed za prvi zadatak uzeo [&hellip;]\" \/>\n<meta property=\"og:url\" content=\"https:\/\/likemetkovic.hr\/danasnji-dan-887-godine-poginuo-mletacki-duzd-pokusaju-da-pokori-neretvane\/\" \/>\n<meta property=\"og:site_name\" content=\"likemetkovic.hr\" \/>\n<meta property=\"article:publisher\" content=\"https:\/\/www.facebook.com\/likemetkovic.hr\/\" \/>\n<meta property=\"article:published_time\" content=\"2016-09-18T08:13:08+00:00\" \/>\n<meta property=\"article:modified_time\" content=\"2016-09-18T08:15:35+00:00\" \/>\n<meta property=\"og:image\" content=\"https:\/\/likemetkovic.hr\/wp-content\/uploads\/2016\/09\/candiano-II-pietro.jpg\" \/>\n\t<meta property=\"og:image:width\" content=\"900\" \/>\n\t<meta property=\"og:image:height\" content=\"611\" \/>\n\t<meta property=\"og:image:type\" content=\"image\/jpeg\" \/>\n<meta name=\"author\" content=\"LIKEmetkovic.hr\" \/>\n<meta name=\"twitter:card\" content=\"summary_large_image\" \/>\n<meta name=\"twitter:label1\" content=\"Napisao\/la\" \/>\n\t<meta name=\"twitter:data1\" content=\"LIKEmetkovic.hr\" \/>\n\t<meta name=\"twitter:label2\" content=\"Procijenjeno vrijeme \u010ditanja\" \/>\n\t<meta name=\"twitter:data2\" content=\"1 minuta\" \/>\n<script type=\"application\/ld+json\" class=\"yoast-schema-graph\">{\"@context\":\"https:\/\/schema.org\",\"@graph\":[{\"@type\":\"WebPage\",\"@id\":\"https:\/\/likemetkovic.hr\/danasnji-dan-887-godine-poginuo-mletacki-duzd-pokusaju-da-pokori-neretvane\/\",\"url\":\"https:\/\/likemetkovic.hr\/danasnji-dan-887-godine-poginuo-mletacki-duzd-pokusaju-da-pokori-neretvane\/\",\"name\":\"Na dana\u0161nji dan 887. godine poginuo mleta\u010dki du\u017ed u poku\u0161aju da pokori Neretvane - likemetkovic.hr\",\"isPartOf\":{\"@id\":\"https:\/\/likemetkovic.hr\/#website\"},\"primaryImageOfPage\":{\"@id\":\"https:\/\/likemetkovic.hr\/danasnji-dan-887-godine-poginuo-mletacki-duzd-pokusaju-da-pokori-neretvane\/#primaryimage\"},\"image\":{\"@id\":\"https:\/\/likemetkovic.hr\/danasnji-dan-887-godine-poginuo-mletacki-duzd-pokusaju-da-pokori-neretvane\/#primaryimage\"},\"thumbnailUrl\":\"https:\/\/likemetkovic.hr\/portal\/wp-content\/uploads\/2016\/09\/candiano-II-pietro.jpg\",\"datePublished\":\"2016-09-18T08:13:08+00:00\",\"dateModified\":\"2016-09-18T08:15:35+00:00\",\"author\":{\"@id\":\"https:\/\/likemetkovic.hr\/#\/schema\/person\/a42711f3385a0e2be6f7e0443bfb28f0\"},\"breadcrumb\":{\"@id\":\"https:\/\/likemetkovic.hr\/danasnji-dan-887-godine-poginuo-mletacki-duzd-pokusaju-da-pokori-neretvane\/#breadcrumb\"},\"inLanguage\":\"hr\",\"potentialAction\":[{\"@type\":\"ReadAction\",\"target\":[\"https:\/\/likemetkovic.hr\/danasnji-dan-887-godine-poginuo-mletacki-duzd-pokusaju-da-pokori-neretvane\/\"]}]},{\"@type\":\"ImageObject\",\"inLanguage\":\"hr\",\"@id\":\"https:\/\/likemetkovic.hr\/danasnji-dan-887-godine-poginuo-mletacki-duzd-pokusaju-da-pokori-neretvane\/#primaryimage\",\"url\":\"https:\/\/likemetkovic.hr\/portal\/wp-content\/uploads\/2016\/09\/candiano-II-pietro.jpg\",\"contentUrl\":\"https:\/\/likemetkovic.hr\/portal\/wp-content\/uploads\/2016\/09\/candiano-II-pietro.jpg\",\"width\":900,\"height\":611},{\"@type\":\"BreadcrumbList\",\"@id\":\"https:\/\/likemetkovic.hr\/danasnji-dan-887-godine-poginuo-mletacki-duzd-pokusaju-da-pokori-neretvane\/#breadcrumb\",\"itemListElement\":[{\"@type\":\"ListItem\",\"position\":1,\"name\":\"Po\u010detna stranica\",\"item\":\"https:\/\/likemetkovic.hr\/portal\/\"},{\"@type\":\"ListItem\",\"position\":2,\"name\":\"Na dana\u0161nji dan 887. godine poginuo mleta\u010dki du\u017ed u poku\u0161aju da pokori Neretvane\"}]},{\"@type\":\"WebSite\",\"@id\":\"https:\/\/likemetkovic.hr\/#website\",\"url\":\"https:\/\/likemetkovic.hr\/\",\"name\":\"likemetkovic.hr\",\"description\":\"Misli pozitivno... \u010ditaj LIKE\",\"potentialAction\":[{\"@type\":\"SearchAction\",\"target\":{\"@type\":\"EntryPoint\",\"urlTemplate\":\"https:\/\/likemetkovic.hr\/?s={search_term_string}\"},\"query-input\":{\"@type\":\"PropertyValueSpecification\",\"valueRequired\":true,\"valueName\":\"search_term_string\"}}],\"inLanguage\":\"hr\"},{\"@type\":\"Person\",\"@id\":\"https:\/\/likemetkovic.hr\/#\/schema\/person\/a42711f3385a0e2be6f7e0443bfb28f0\",\"name\":\"LIKEmetkovic.hr\",\"sameAs\":[\"http:\/\/likemetkovic.hr\"],\"url\":\"https:\/\/likemetkovic.hr\/portal\/author\/likemetkovic-hr\/\"}]}<\/script>\n<!-- \/ Yoast SEO plugin. -->","yoast_head_json":{"title":"Na dana\u0161nji dan 887. godine poginuo mleta\u010dki du\u017ed u poku\u0161aju da pokori Neretvane - likemetkovic.hr","robots":{"index":"index","follow":"follow","max-snippet":"max-snippet:-1","max-image-preview":"max-image-preview:large","max-video-preview":"max-video-preview:-1"},"canonical":"https:\/\/likemetkovic.hr\/danasnji-dan-887-godine-poginuo-mletacki-duzd-pokusaju-da-pokori-neretvane\/","og_locale":"hr_HR","og_type":"article","og_title":"Na dana\u0161nji dan 887. godine poginuo mleta\u010dki du\u017ed u poku\u0161aju da pokori Neretvane - likemetkovic.hr","og_description":"Pietro I. Candiano (Petar I. Kandijan, 842. &#8211; Makarska, 18. rujna 887.) \u0161esnaesti je du\u017ed Mleta\u010dke republike. Njegovo du\u017edevski mandat trajajo je samo pet mjeseci. Na mjesto du\u017eda izabran je 17. travnja 887. nakon \u0161to je njegov prethodnik Giovanni II. Partecipazio bio prisiljen dati ostavku zbog lo\u0161eg zdravlja. Novoizabrani mleta\u010dki du\u017ed za prvi zadatak uzeo [&hellip;]","og_url":"https:\/\/likemetkovic.hr\/danasnji-dan-887-godine-poginuo-mletacki-duzd-pokusaju-da-pokori-neretvane\/","og_site_name":"likemetkovic.hr","article_publisher":"https:\/\/www.facebook.com\/likemetkovic.hr\/","article_published_time":"2016-09-18T08:13:08+00:00","article_modified_time":"2016-09-18T08:15:35+00:00","og_image":[{"width":900,"height":611,"url":"https:\/\/likemetkovic.hr\/wp-content\/uploads\/2016\/09\/candiano-II-pietro.jpg","type":"image\/jpeg"}],"author":"LIKEmetkovic.hr","twitter_card":"summary_large_image","twitter_misc":{"Napisao\/la":"LIKEmetkovic.hr","Procijenjeno vrijeme \u010ditanja":"1 minuta"},"schema":{"@context":"https:\/\/schema.org","@graph":[{"@type":"WebPage","@id":"https:\/\/likemetkovic.hr\/danasnji-dan-887-godine-poginuo-mletacki-duzd-pokusaju-da-pokori-neretvane\/","url":"https:\/\/likemetkovic.hr\/danasnji-dan-887-godine-poginuo-mletacki-duzd-pokusaju-da-pokori-neretvane\/","name":"Na dana\u0161nji dan 887. godine poginuo mleta\u010dki du\u017ed u poku\u0161aju da pokori Neretvane - likemetkovic.hr","isPartOf":{"@id":"https:\/\/likemetkovic.hr\/#website"},"primaryImageOfPage":{"@id":"https:\/\/likemetkovic.hr\/danasnji-dan-887-godine-poginuo-mletacki-duzd-pokusaju-da-pokori-neretvane\/#primaryimage"},"image":{"@id":"https:\/\/likemetkovic.hr\/danasnji-dan-887-godine-poginuo-mletacki-duzd-pokusaju-da-pokori-neretvane\/#primaryimage"},"thumbnailUrl":"https:\/\/likemetkovic.hr\/portal\/wp-content\/uploads\/2016\/09\/candiano-II-pietro.jpg","datePublished":"2016-09-18T08:13:08+00:00","dateModified":"2016-09-18T08:15:35+00:00","author":{"@id":"https:\/\/likemetkovic.hr\/#\/schema\/person\/a42711f3385a0e2be6f7e0443bfb28f0"},"breadcrumb":{"@id":"https:\/\/likemetkovic.hr\/danasnji-dan-887-godine-poginuo-mletacki-duzd-pokusaju-da-pokori-neretvane\/#breadcrumb"},"inLanguage":"hr","potentialAction":[{"@type":"ReadAction","target":["https:\/\/likemetkovic.hr\/danasnji-dan-887-godine-poginuo-mletacki-duzd-pokusaju-da-pokori-neretvane\/"]}]},{"@type":"ImageObject","inLanguage":"hr","@id":"https:\/\/likemetkovic.hr\/danasnji-dan-887-godine-poginuo-mletacki-duzd-pokusaju-da-pokori-neretvane\/#primaryimage","url":"https:\/\/likemetkovic.hr\/portal\/wp-content\/uploads\/2016\/09\/candiano-II-pietro.jpg","contentUrl":"https:\/\/likemetkovic.hr\/portal\/wp-content\/uploads\/2016\/09\/candiano-II-pietro.jpg","width":900,"height":611},{"@type":"BreadcrumbList","@id":"https:\/\/likemetkovic.hr\/danasnji-dan-887-godine-poginuo-mletacki-duzd-pokusaju-da-pokori-neretvane\/#breadcrumb","itemListElement":[{"@type":"ListItem","position":1,"name":"Po\u010detna stranica","item":"https:\/\/likemetkovic.hr\/portal\/"},{"@type":"ListItem","position":2,"name":"Na dana\u0161nji dan 887. godine poginuo mleta\u010dki du\u017ed u poku\u0161aju da pokori Neretvane"}]},{"@type":"WebSite","@id":"https:\/\/likemetkovic.hr\/#website","url":"https:\/\/likemetkovic.hr\/","name":"likemetkovic.hr","description":"Misli pozitivno... \u010ditaj LIKE","potentialAction":[{"@type":"SearchAction","target":{"@type":"EntryPoint","urlTemplate":"https:\/\/likemetkovic.hr\/?s={search_term_string}"},"query-input":{"@type":"PropertyValueSpecification","valueRequired":true,"valueName":"search_term_string"}}],"inLanguage":"hr"},{"@type":"Person","@id":"https:\/\/likemetkovic.hr\/#\/schema\/person\/a42711f3385a0e2be6f7e0443bfb28f0","name":"LIKEmetkovic.hr","sameAs":["http:\/\/likemetkovic.hr"],"url":"https:\/\/likemetkovic.hr\/portal\/author\/likemetkovic-hr\/"}]}},"_links":{"self":[{"href":"https:\/\/likemetkovic.hr\/portal\/wp-json\/wp\/v2\/posts\/27096","targetHints":{"allow":["GET"]}}],"collection":[{"href":"https:\/\/likemetkovic.hr\/portal\/wp-json\/wp\/v2\/posts"}],"about":[{"href":"https:\/\/likemetkovic.hr\/portal\/wp-json\/wp\/v2\/types\/post"}],"author":[{"embeddable":true,"href":"https:\/\/likemetkovic.hr\/portal\/wp-json\/wp\/v2\/users\/7"}],"replies":[{"embeddable":true,"href":"https:\/\/likemetkovic.hr\/portal\/wp-json\/wp\/v2\/comments?post=27096"}],"version-history":[{"count":0,"href":"https:\/\/likemetkovic.hr\/portal\/wp-json\/wp\/v2\/posts\/27096\/revisions"}],"wp:featuredmedia":[{"embeddable":true,"href":"https:\/\/likemetkovic.hr\/portal\/wp-json\/wp\/v2\/media\/27097"}],"wp:attachment":[{"href":"https:\/\/likemetkovic.hr\/portal\/wp-json\/wp\/v2\/media?parent=27096"}],"wp:term":[{"taxonomy":"category","embeddable":true,"href":"https:\/\/likemetkovic.hr\/portal\/wp-json\/wp\/v2\/categories?post=27096"},{"taxonomy":"post_tag","embeddable":true,"href":"https:\/\/likemetkovic.hr\/portal\/wp-json\/wp\/v2\/tags?post=27096"}],"curies":[{"name":"wp","href":"https:\/\/api.w.org\/{rel}","templated":true}]}}