{"id":27359,"date":"2016-09-23T10:24:39","date_gmt":"2016-09-23T08:24:39","guid":{"rendered":"http:\/\/likemetkovic.hr\/?p=27359"},"modified":"2018-06-04T17:11:21","modified_gmt":"2018-06-04T15:11:21","slug":"svecano-otvorena-nova-zgrade-pravosudnih-tijela-metkovicu","status":"publish","type":"post","link":"https:\/\/likemetkovic.hr\/portal\/svecano-otvorena-nova-zgrade-pravosudnih-tijela-metkovicu\/","title":{"rendered":"Sve\u010dano otvorena nova zgrada pravosudnih tijela u Metkovi\u0107u vrijedna 28 milijuna kuna"},"content":{"rendered":"<p>Danas je sve\u010dano\u00a0otvorena\u00a0nova\u00a0zgrada pravosudnih tijela u Metkovi\u0107u. Zgrada je rekonstruirana za potrebe smje\u0161taja Op\u0107inskog suda u Dubrovniku, Stalne slu\u017ebe u Metkovi\u0107u, Prekr\u0161ajnog suda u Dubrovniku, Stalne slu\u017ebe u Metkovi\u0107u te Op\u0107inskog dr\u017eavnog odvjetni\u0161tva u Dubrovniku, Stalne slu\u017ebe u Metkovi\u0107u.<\/p>\n<p>Sve\u010danosti su osim ministra pravosu\u0111a <strong>Ante \u0160prlje<\/strong>\u00a0prisustvovali i Glavni dr\u017eavni odvjetnik Republike Hrvatske <strong>Dinko Cvitan<\/strong>, predsjednik Visokog prekr\u0161ajnog suda, predsjednici Op\u0107inskog i Prek\u0161ajnog suda u Dubrovniku, predsjednici Stalnih slu\u017ebi Op\u0107inskog i Prekr\u0161ajnog suda u Metkovi\u0107u, zamjenica gradona\u010delnika koja obna\u0161a du\u017enost gradona\u010delnika Grada Metkovi\u0107a <strong>Katarina Ujdur<\/strong>, zamjenik <strong>Nikola Grmoja<\/strong> te na\u010delnik Policijske postaje Metkovi\u0107<strong> Dragan Sr\u0161en<\/strong>.<\/p>\n<p>Na sve\u010danosti otvorenja ministar <strong>Ante \u0160prlje<\/strong> je istakao: &#8220;<em>Zgrada koju danas otvaramo bila je jedna tipi\u010dna hrvatska pri\u010da.\u00a0Ovo je bila\u00a0upravna zgrada poduze\u0107a &#8220;Razvitak&#8221;, poduze\u0107a koje je zapo\u0161ljavalo preko 1000\u00a0ljudi i ono je bilo nositelj razvoja ovog podru\u010dja. A onda su do\u0161le devedesete i dvijetisu\u0107ite godine kada ona postaje tipi\u010dna hrvatska pri\u010da uni\u0161tavanja, plja\u010dke i lo\u0161eg gospodarenja. Ono \u0161to je tada obilje\u017eilo ovu zgradu je op\u0107i kaos, nered i kriminal. Me\u0111utim, danas stojimo u zgradi koja \u0107e biti zgrada pravosu\u0111a i pravde i koja \u0107e poslati poruku da ono \u0161to se ovdje de\u0161avalo vi\u0161e nikada ne\u0107e biti dopu\u0161teno te\u00a0da \u0107emo se kao dr\u017eava pobrinuti da vi\u0161e nikada ne budemo robovi lo\u0161ih ljudi, lo\u0161ih praksa i lo\u0161eg upravljanja. Vrijednost ove investicije je 28 milijuna kuna od \u010dega je ne\u0161to vi\u0161e od 13 milijuna kuna ko\u0161tala sama gra\u0111evina i zemlji\u0161te, a ne\u0161to vi\u0161e od 14 milijuna iznosi vrijednost radova. U zgradi \u0107e biti zaposleno ne\u0161to vi\u0161e od 70 ljudi. Ne\u0107e biti novih zapo\u0161ljavanja, jer racionaliziramo poslovanje tako da sva tijela budu na jednom mjestu. Uporabnu dozvolu za zgradu smo dobili 25. kolovoza i nismo je \u017eeljeli otvarati prije izbora, da se ne bi krivo shvatilo i da ne bismo stvarali politi\u010dki &#8220;cirkus&#8221; od svega ovoga. \u017delimo da se zna da pravosu\u0111e ne\u0107e biti u nikakvim politi\u010dkim aktivnostima i da \u0107e raditi samo onaj posao zbog kojeg je tre\u0107a grana vlasti.<\/em>&#8221;<\/p>\n<p>\u0160to se ti\u010de stare zgrade suda ministar je izjavio da se trenutno razgovara da li je preina\u010diti za potrebe Doma zdravlja ili da se da na kori\u0161tenje Prometnoj policiji, ali da su bli\u017ee tome da u staru zgradu suda u\u0111e Dom zdravlja.<\/p>\n<p>Glavni dr\u017eavni odvjetnik Republike Hrvatske <strong>Dinko Cvitan <\/strong>je pak rekao: <em>&#8220;Dr\u017eavno odvjetni\u0161tvo je u\u010dinkovito, a sa ovom zgradom \u0107e zaposlenici imati bolje uvjete rada i vjerujem da \u0107e ih to dodatno stimulirati da daju jo\u0161 bolje rezultate.&#8221;<\/em><\/p>\n<p>Dogradona\u010delnica <strong>Katarina Ujdur <\/strong>zadovoljno je izjavila: &#8220;<em>Nakon osam godina planiranja i radova Grad Metkovi\u0107 je napokon dobio zgradu suda. Iz jednog neadekvatnog prostora Metkovi\u0107 je dobio jednu &#8220;pompoznu&#8221; zgradu u ulici koja je nekada bila sredi\u0161te i koja je vrvila \u017eivotom. Danas su zavr\u0161eni radovi u ulici Andrije Hebranga i dobili smo ovu novu zgradu suda u kojoj \u0107e se nadam se raditi u skladu sa svojim imenom, pravedno.&#8221;<\/em><\/p>\n<p>Nakon \u0161to je Vlada Republike Hrvatske 19. prosinca 2008.\u00a0 godine donijela je Odluku o kupnji nekretnine za potrebe smje\u0161taja pravosudnih tijela u Metkovi\u0107u, poslovno-stambena zgrada neto povr\u0161ine 2.704,00 m2 rekonstruirana je i prenamijenjena u poslovnu zgradu. Rekonstrukcijom i dogradnjom zgrade obuhva\u0107ena je dogradnja arhiva, sanacija konstrukcije, izvedba novog krovi\u0161ta s pokrovom, toplinska fasada i staklena fasada prizemlja, novi aluminijski prozori, unutarnja drvena stolarija, a od instalacija: vodovod i kanalizacija, priprema tople vode, standardne elektroinstalacije za poslovne zgrade, vatrodojava, videonadzor i sustav grijanja i hla\u0111enje putem dizalice topline.<\/p>\n<p>S izvo\u0111enjem radova zapo\u010delo se 23. rujna 2011. godine, a uporabna dozvola isho\u0111ena je 25. kolovoza 2016. godine.<\/p>\n<p>Energetski certifikat zgrade je C, a ukupan broj slu\u017ebenika koji \u0107e biti smje\u0161ten u zgradi je 64. Dio zgrade koristit \u0107e i Dr\u017eavna geodetska uprava (otprilike 370 m2).<\/p>\n<p>Zgrada bruto povr\u0161ine 3.158,00 m2, povr\u0161ine zemlji\u0161ta 2.848,00 m2 te neto povr\u0161ine 2.704,00 m2 kupljena je od prodavatelja \u201eO\u0160TROVICE\u201c d.o.o., Mlini\u0161te, Bijeli Vir 13, kupoprodajne vrijednosti 13.388.000 kuna, s uklju\u010denom projektnom dokumentacijom te isho\u0111enom Gra\u0111evinskom dozvolom.<\/p>\n<p>Ministarstvo pravosu\u0111a zatra\u017eilo je 8. sije\u010dnja 2015. godine izmjenu projektne dokumentacije od projektanta radi uskla\u0111ivanja projekta s protupo\u017earnim propisima u ukupnom iznosu 50.000 kuna.<\/p>\n<p>Predvi\u0111eni zavr\u0161etak trebao je biti 600 dana od uvo\u0111enja u posao, me\u0111utim, zavr\u0161etak je kasnio zbog nedostataka projektne dokumentacije te vrlo lo\u0161eg stanja gra\u0111evine.<br \/>\nProjektna dokumentacija u nekim elementima nije izra\u0111ena u skladu sa zakonskim propisima te je Ministarstvo pravosu\u0111a moralo u nekim dijelovima intervenirati, primjerice u arhivi su bili predvi\u0111eni podovi od parketa. Protupo\u017earne propise projektirana zgrada nije mogla zadovoljiti, me\u0111utim prema uputi nadle\u017enog inspektora Ministarstva unutarnjih poslova u Dubrovniku prona\u0111ena su alternativna rje\u0161enja koja zadovoljavaju protupo\u017earne propise<br \/>\nBudu\u0107i kako su stropovi i pregrade od gipsa izvedeni prije vi\u0161e od dvije godine radi vlage i promjena temperature dolazilo je od u\u010destale pojave pukotina iako su zidovi obojani.<br \/>\nNakon zavr\u0161etka radova zgrada je opremljena uredskim namje\u0161tajem u vrijednosti od 237.694 kuna, najve\u0107im djelom novim uredskim namje\u0161tajem, a iskoristit \u0107e se i postoje\u0107i namje\u0161taj.<\/p>\n<p>Ukupna vrijednost investicije je<strong>\u00a028 000 000 kuna.<\/strong><\/p>\n\r\n                <style type=\"text\/css\">\r\n                    \r\n                    #tdi_1  .td-doubleSlider-2 .td-item1 {\r\n                        background: url(https:\/\/likemetkovic.hr\/portal\/wp-content\/uploads\/2016\/09\/nova-zgrada-suda_2-80x60.jpg) 0 0 no-repeat;\r\n                    }\r\n                    #tdi_1  .td-doubleSlider-2 .td-item2 {\r\n                        background: url(https:\/\/likemetkovic.hr\/portal\/wp-content\/uploads\/2016\/09\/nova-zgrada-suda_3-80x60.jpg) 0 0 no-repeat;\r\n                    }\r\n                    #tdi_1  .td-doubleSlider-2 .td-item3 {\r\n                        background: url(https:\/\/likemetkovic.hr\/portal\/wp-content\/uploads\/2016\/09\/nova-zgrada-suda_5-80x60.jpg) 0 0 no-repeat;\r\n                    }\r\n                    #tdi_1  .td-doubleSlider-2 .td-item4 {\r\n                        background: url(https:\/\/likemetkovic.hr\/portal\/wp-content\/uploads\/2016\/09\/nova-zgrada-suda_8-80x60.jpg) 0 0 no-repeat;\r\n                    }\r\n                <\/style>\r\n\r\n                <div id=\"tdi_1\" class=\"td-gallery td-slide-on-2-columns\">\r\n                    <div class=\"post_td_gallery\">\r\n                        <div class=\"td-gallery-slide-top\">\r\n                           <div class=\"td-gallery-title\"><\/div>\r\n\r\n                            <div class=\"td-gallery-controls-wrapper\">\r\n                                <div class=\"td-gallery-slide-count\"><span class=\"td-gallery-slide-item-focus\">1<\/span> of 4<\/div>\r\n                                <div class=\"td-gallery-slide-prev-next-but\">\r\n                                    <i class = \"td-icon-left doubleSliderPrevButton\"><\/i>\r\n                                    <i class = \"td-icon-right doubleSliderNextButton\"><\/i>\r\n                                <\/div>\r\n                            <\/div>\r\n                        <\/div>\r\n\r\n                        <div class = \"td-doubleSlider-1 \">\r\n                            <div class = \"td-slider\">\r\n                                \r\n                    <div class = \"td-slide-item td-item1\">\r\n                        <figure class=\"td-slide-galery-figure td-slide-popup-gallery\">\r\n                            <a class=\"slide-gallery-image-link\" href=\"https:\/\/likemetkovic.hr\/portal\/wp-content\/uploads\/2016\/09\/nova-zgrada-suda_2.jpg\" title=\"nova-zgrada-suda_2\"  data-caption=\"\"  data-description=\"\">\r\n                                <img decoding=\"async\" src=\"https:\/\/likemetkovic.hr\/portal\/wp-content\/uploads\/2016\/09\/nova-zgrada-suda_2-560x420.jpg\" srcset=\"https:\/\/likemetkovic.hr\/portal\/wp-content\/uploads\/2016\/09\/nova-zgrada-suda_2-560x420.jpg 560w, https:\/\/likemetkovic.hr\/portal\/wp-content\/uploads\/2016\/09\/nova-zgrada-suda_2-300x225.jpg 300w, https:\/\/likemetkovic.hr\/portal\/wp-content\/uploads\/2016\/09\/nova-zgrada-suda_2-768x576.jpg 768w, https:\/\/likemetkovic.hr\/portal\/wp-content\/uploads\/2016\/09\/nova-zgrada-suda_2-640x480.jpg 640w, https:\/\/likemetkovic.hr\/portal\/wp-content\/uploads\/2016\/09\/nova-zgrada-suda_2-80x60.jpg 80w, https:\/\/likemetkovic.hr\/portal\/wp-content\/uploads\/2016\/09\/nova-zgrada-suda_2-265x198.jpg 265w, https:\/\/likemetkovic.hr\/portal\/wp-content\/uploads\/2016\/09\/nova-zgrada-suda_2-696x522.jpg 696w, https:\/\/likemetkovic.hr\/portal\/wp-content\/uploads\/2016\/09\/nova-zgrada-suda_2.jpg 800w\" sizes=\"(max-width: 560px) 100vw, 560px\" alt=\"\">\r\n                            <\/a>\r\n                            \r\n                        <\/figure>\r\n                    <\/div>\r\n                    <div class = \"td-slide-item td-item2\">\r\n                        <figure class=\"td-slide-galery-figure td-slide-popup-gallery\">\r\n                            <a class=\"slide-gallery-image-link\" href=\"https:\/\/likemetkovic.hr\/portal\/wp-content\/uploads\/2016\/09\/nova-zgrada-suda_3.jpg\" title=\"nova-zgrada-suda_3\"  data-caption=\"\"  data-description=\"\">\r\n                                <img decoding=\"async\" src=\"https:\/\/likemetkovic.hr\/portal\/wp-content\/uploads\/2016\/09\/nova-zgrada-suda_3-560x420.jpg\" srcset=\"https:\/\/likemetkovic.hr\/portal\/wp-content\/uploads\/2016\/09\/nova-zgrada-suda_3-560x420.jpg 560w, https:\/\/likemetkovic.hr\/portal\/wp-content\/uploads\/2016\/09\/nova-zgrada-suda_3-300x225.jpg 300w, https:\/\/likemetkovic.hr\/portal\/wp-content\/uploads\/2016\/09\/nova-zgrada-suda_3-768x576.jpg 768w, https:\/\/likemetkovic.hr\/portal\/wp-content\/uploads\/2016\/09\/nova-zgrada-suda_3-640x480.jpg 640w, https:\/\/likemetkovic.hr\/portal\/wp-content\/uploads\/2016\/09\/nova-zgrada-suda_3-80x60.jpg 80w, https:\/\/likemetkovic.hr\/portal\/wp-content\/uploads\/2016\/09\/nova-zgrada-suda_3-265x198.jpg 265w, https:\/\/likemetkovic.hr\/portal\/wp-content\/uploads\/2016\/09\/nova-zgrada-suda_3-696x522.jpg 696w, https:\/\/likemetkovic.hr\/portal\/wp-content\/uploads\/2016\/09\/nova-zgrada-suda_3.jpg 800w\" sizes=\"(max-width: 560px) 100vw, 560px\" alt=\"\">\r\n                            <\/a>\r\n                            \r\n                        <\/figure>\r\n                    <\/div>\r\n                    <div class = \"td-slide-item td-item3\">\r\n                        <figure class=\"td-slide-galery-figure td-slide-popup-gallery\">\r\n                            <a class=\"slide-gallery-image-link\" href=\"https:\/\/likemetkovic.hr\/portal\/wp-content\/uploads\/2016\/09\/nova-zgrada-suda_5.jpg\" title=\"nova-zgrada-suda_5\"  data-caption=\"\"  data-description=\"\">\r\n                                <img decoding=\"async\" src=\"https:\/\/likemetkovic.hr\/portal\/wp-content\/uploads\/2016\/09\/nova-zgrada-suda_5-560x420.jpg\" srcset=\"https:\/\/likemetkovic.hr\/portal\/wp-content\/uploads\/2016\/09\/nova-zgrada-suda_5-560x420.jpg 560w, https:\/\/likemetkovic.hr\/portal\/wp-content\/uploads\/2016\/09\/nova-zgrada-suda_5-300x225.jpg 300w, https:\/\/likemetkovic.hr\/portal\/wp-content\/uploads\/2016\/09\/nova-zgrada-suda_5-768x576.jpg 768w, https:\/\/likemetkovic.hr\/portal\/wp-content\/uploads\/2016\/09\/nova-zgrada-suda_5-640x480.jpg 640w, https:\/\/likemetkovic.hr\/portal\/wp-content\/uploads\/2016\/09\/nova-zgrada-suda_5-80x60.jpg 80w, https:\/\/likemetkovic.hr\/portal\/wp-content\/uploads\/2016\/09\/nova-zgrada-suda_5-265x198.jpg 265w, https:\/\/likemetkovic.hr\/portal\/wp-content\/uploads\/2016\/09\/nova-zgrada-suda_5-696x522.jpg 696w, https:\/\/likemetkovic.hr\/portal\/wp-content\/uploads\/2016\/09\/nova-zgrada-suda_5.jpg 800w\" sizes=\"(max-width: 560px) 100vw, 560px\" alt=\"\">\r\n                            <\/a>\r\n                            \r\n                        <\/figure>\r\n                    <\/div>\r\n                    <div class = \"td-slide-item td-item4\">\r\n                        <figure class=\"td-slide-galery-figure td-slide-popup-gallery\">\r\n                            <a class=\"slide-gallery-image-link\" href=\"https:\/\/likemetkovic.hr\/portal\/wp-content\/uploads\/2016\/09\/nova-zgrada-suda_8.jpg\" title=\"nova-zgrada-suda_8\"  data-caption=\"\"  data-description=\"\">\r\n                                <img decoding=\"async\" src=\"https:\/\/likemetkovic.hr\/portal\/wp-content\/uploads\/2016\/09\/nova-zgrada-suda_8-560x420.jpg\" srcset=\"https:\/\/likemetkovic.hr\/portal\/wp-content\/uploads\/2016\/09\/nova-zgrada-suda_8-560x420.jpg 560w, https:\/\/likemetkovic.hr\/portal\/wp-content\/uploads\/2016\/09\/nova-zgrada-suda_8-300x225.jpg 300w, https:\/\/likemetkovic.hr\/portal\/wp-content\/uploads\/2016\/09\/nova-zgrada-suda_8-768x576.jpg 768w, https:\/\/likemetkovic.hr\/portal\/wp-content\/uploads\/2016\/09\/nova-zgrada-suda_8-640x480.jpg 640w, https:\/\/likemetkovic.hr\/portal\/wp-content\/uploads\/2016\/09\/nova-zgrada-suda_8-80x60.jpg 80w, https:\/\/likemetkovic.hr\/portal\/wp-content\/uploads\/2016\/09\/nova-zgrada-suda_8-265x198.jpg 265w, https:\/\/likemetkovic.hr\/portal\/wp-content\/uploads\/2016\/09\/nova-zgrada-suda_8-696x522.jpg 696w, https:\/\/likemetkovic.hr\/portal\/wp-content\/uploads\/2016\/09\/nova-zgrada-suda_8.jpg 800w\" sizes=\"(max-width: 560px) 100vw, 560px\" alt=\"\">\r\n                            <\/a>\r\n                            \r\n                        <\/figure>\r\n                    <\/div>\r\n                            <\/div>\r\n                        <\/div>\r\n\r\n                        <div class = \"td-doubleSlider-2\">\r\n                            <div class = \"td-slider\">\r\n                                \r\n                    <div class = \"td-button td-item1\">\r\n                        <div class = \"td-border\"><\/div>\r\n                    <\/div>\r\n                    <div class = \"td-button td-item2\">\r\n                        <div class = \"td-border\"><\/div>\r\n                    <\/div>\r\n                    <div class = \"td-button td-item3\">\r\n                        <div class = \"td-border\"><\/div>\r\n                    <\/div>\r\n                    <div class = \"td-button td-item4\">\r\n                        <div class = \"td-border\"><\/div>\r\n                    <\/div>\r\n                            <\/div>\r\n                        <\/div>\r\n\r\n                    <\/div>\r\n\r\n                <\/div>\r\n                \n","protected":false},"excerpt":{"rendered":"<p>Danas je sve\u010dano\u00a0otvorena\u00a0nova\u00a0zgrada pravosudnih tijela u Metkovi\u0107u. Zgrada je rekonstruirana za potrebe smje\u0161taja Op\u0107inskog suda u Dubrovniku, Stalne slu\u017ebe u Metkovi\u0107u, Prekr\u0161ajnog suda u Dubrovniku, Stalne slu\u017ebe u Metkovi\u0107u te Op\u0107inskog dr\u017eavnog odvjetni\u0161tva u Dubrovniku, Stalne slu\u017ebe u Metkovi\u0107u. Sve\u010danosti su osim ministra pravosu\u0111a Ante \u0160prlje\u00a0prisustvovali i Glavni dr\u017eavni odvjetnik Republike Hrvatske Dinko Cvitan, predsjednik [&hellip;]<\/p>\n","protected":false},"author":7,"featured_media":27366,"comment_status":"open","ping_status":"open","sticky":false,"template":"","format":"standard","meta":{"footnotes":""},"categories":[283,11],"tags":[],"class_list":{"0":"post-27359","1":"post","2":"type-post","3":"status-publish","4":"format-standard","5":"has-post-thumbnail","7":"category-a","8":"category-metkovic-dolina"},"yoast_head":"<!-- This site is optimized with the Yoast SEO plugin v25.2 - https:\/\/yoast.com\/wordpress\/plugins\/seo\/ -->\n<title>Sve\u010dano otvorena nova zgrada pravosudnih tijela u Metkovi\u0107u vrijedna 28 milijuna kuna - likemetkovic.hr<\/title>\n<meta name=\"robots\" content=\"index, follow, max-snippet:-1, max-image-preview:large, max-video-preview:-1\" \/>\n<link rel=\"canonical\" href=\"https:\/\/likemetkovic.hr\/svecano-otvorena-nova-zgrade-pravosudnih-tijela-metkovicu\/\" \/>\n<meta property=\"og:locale\" content=\"hr_HR\" \/>\n<meta property=\"og:type\" content=\"article\" \/>\n<meta property=\"og:title\" content=\"Sve\u010dano otvorena nova zgrada pravosudnih tijela u Metkovi\u0107u vrijedna 28 milijuna kuna - likemetkovic.hr\" \/>\n<meta property=\"og:description\" content=\"Danas je sve\u010dano\u00a0otvorena\u00a0nova\u00a0zgrada pravosudnih tijela u Metkovi\u0107u. Zgrada je rekonstruirana za potrebe smje\u0161taja Op\u0107inskog suda u Dubrovniku, Stalne slu\u017ebe u Metkovi\u0107u, Prekr\u0161ajnog suda u Dubrovniku, Stalne slu\u017ebe u Metkovi\u0107u te Op\u0107inskog dr\u017eavnog odvjetni\u0161tva u Dubrovniku, Stalne slu\u017ebe u Metkovi\u0107u. Sve\u010danosti su osim ministra pravosu\u0111a Ante \u0160prlje\u00a0prisustvovali i Glavni dr\u017eavni odvjetnik Republike Hrvatske Dinko Cvitan, predsjednik [&hellip;]\" \/>\n<meta property=\"og:url\" content=\"https:\/\/likemetkovic.hr\/svecano-otvorena-nova-zgrade-pravosudnih-tijela-metkovicu\/\" \/>\n<meta property=\"og:site_name\" content=\"likemetkovic.hr\" \/>\n<meta property=\"article:publisher\" content=\"https:\/\/www.facebook.com\/likemetkovic.hr\/\" \/>\n<meta property=\"article:published_time\" content=\"2016-09-23T08:24:39+00:00\" \/>\n<meta property=\"article:modified_time\" content=\"2018-06-04T15:11:21+00:00\" \/>\n<meta property=\"og:image\" content=\"https:\/\/likemetkovic.hr\/wp-content\/uploads\/2016\/09\/nova-zgrada-suda_5.jpg\" \/>\n\t<meta property=\"og:image:width\" content=\"800\" \/>\n\t<meta property=\"og:image:height\" content=\"600\" \/>\n\t<meta property=\"og:image:type\" content=\"image\/jpeg\" \/>\n<meta name=\"author\" content=\"LIKEmetkovic.hr\" \/>\n<meta name=\"twitter:card\" content=\"summary_large_image\" \/>\n<meta name=\"twitter:label1\" content=\"Napisao\/la\" \/>\n\t<meta name=\"twitter:data1\" content=\"LIKEmetkovic.hr\" \/>\n\t<meta name=\"twitter:label2\" content=\"Procijenjeno vrijeme \u010ditanja\" \/>\n\t<meta name=\"twitter:data2\" content=\"5 minuta\" \/>\n<script type=\"application\/ld+json\" class=\"yoast-schema-graph\">{\"@context\":\"https:\/\/schema.org\",\"@graph\":[{\"@type\":\"WebPage\",\"@id\":\"https:\/\/likemetkovic.hr\/svecano-otvorena-nova-zgrade-pravosudnih-tijela-metkovicu\/\",\"url\":\"https:\/\/likemetkovic.hr\/svecano-otvorena-nova-zgrade-pravosudnih-tijela-metkovicu\/\",\"name\":\"Sve\u010dano otvorena nova zgrada pravosudnih tijela u Metkovi\u0107u vrijedna 28 milijuna kuna - likemetkovic.hr\",\"isPartOf\":{\"@id\":\"https:\/\/likemetkovic.hr\/#website\"},\"primaryImageOfPage\":{\"@id\":\"https:\/\/likemetkovic.hr\/svecano-otvorena-nova-zgrade-pravosudnih-tijela-metkovicu\/#primaryimage\"},\"image\":{\"@id\":\"https:\/\/likemetkovic.hr\/svecano-otvorena-nova-zgrade-pravosudnih-tijela-metkovicu\/#primaryimage\"},\"thumbnailUrl\":\"https:\/\/likemetkovic.hr\/portal\/wp-content\/uploads\/2016\/09\/nova-zgrada-suda_5.jpg\",\"datePublished\":\"2016-09-23T08:24:39+00:00\",\"dateModified\":\"2018-06-04T15:11:21+00:00\",\"author\":{\"@id\":\"https:\/\/likemetkovic.hr\/#\/schema\/person\/a42711f3385a0e2be6f7e0443bfb28f0\"},\"breadcrumb\":{\"@id\":\"https:\/\/likemetkovic.hr\/svecano-otvorena-nova-zgrade-pravosudnih-tijela-metkovicu\/#breadcrumb\"},\"inLanguage\":\"hr\",\"potentialAction\":[{\"@type\":\"ReadAction\",\"target\":[\"https:\/\/likemetkovic.hr\/svecano-otvorena-nova-zgrade-pravosudnih-tijela-metkovicu\/\"]}]},{\"@type\":\"ImageObject\",\"inLanguage\":\"hr\",\"@id\":\"https:\/\/likemetkovic.hr\/svecano-otvorena-nova-zgrade-pravosudnih-tijela-metkovicu\/#primaryimage\",\"url\":\"https:\/\/likemetkovic.hr\/portal\/wp-content\/uploads\/2016\/09\/nova-zgrada-suda_5.jpg\",\"contentUrl\":\"https:\/\/likemetkovic.hr\/portal\/wp-content\/uploads\/2016\/09\/nova-zgrada-suda_5.jpg\",\"width\":800,\"height\":600},{\"@type\":\"BreadcrumbList\",\"@id\":\"https:\/\/likemetkovic.hr\/svecano-otvorena-nova-zgrade-pravosudnih-tijela-metkovicu\/#breadcrumb\",\"itemListElement\":[{\"@type\":\"ListItem\",\"position\":1,\"name\":\"Po\u010detna stranica\",\"item\":\"https:\/\/likemetkovic.hr\/portal\/\"},{\"@type\":\"ListItem\",\"position\":2,\"name\":\"Sve\u010dano otvorena nova zgrada pravosudnih tijela u Metkovi\u0107u vrijedna 28 milijuna kuna\"}]},{\"@type\":\"WebSite\",\"@id\":\"https:\/\/likemetkovic.hr\/#website\",\"url\":\"https:\/\/likemetkovic.hr\/\",\"name\":\"likemetkovic.hr\",\"description\":\"Misli pozitivno... \u010ditaj LIKE\",\"potentialAction\":[{\"@type\":\"SearchAction\",\"target\":{\"@type\":\"EntryPoint\",\"urlTemplate\":\"https:\/\/likemetkovic.hr\/?s={search_term_string}\"},\"query-input\":{\"@type\":\"PropertyValueSpecification\",\"valueRequired\":true,\"valueName\":\"search_term_string\"}}],\"inLanguage\":\"hr\"},{\"@type\":\"Person\",\"@id\":\"https:\/\/likemetkovic.hr\/#\/schema\/person\/a42711f3385a0e2be6f7e0443bfb28f0\",\"name\":\"LIKEmetkovic.hr\",\"sameAs\":[\"http:\/\/likemetkovic.hr\"],\"url\":\"https:\/\/likemetkovic.hr\/portal\/author\/likemetkovic-hr\/\"}]}<\/script>\n<!-- \/ Yoast SEO plugin. -->","yoast_head_json":{"title":"Sve\u010dano otvorena nova zgrada pravosudnih tijela u Metkovi\u0107u vrijedna 28 milijuna kuna - likemetkovic.hr","robots":{"index":"index","follow":"follow","max-snippet":"max-snippet:-1","max-image-preview":"max-image-preview:large","max-video-preview":"max-video-preview:-1"},"canonical":"https:\/\/likemetkovic.hr\/svecano-otvorena-nova-zgrade-pravosudnih-tijela-metkovicu\/","og_locale":"hr_HR","og_type":"article","og_title":"Sve\u010dano otvorena nova zgrada pravosudnih tijela u Metkovi\u0107u vrijedna 28 milijuna kuna - likemetkovic.hr","og_description":"Danas je sve\u010dano\u00a0otvorena\u00a0nova\u00a0zgrada pravosudnih tijela u Metkovi\u0107u. Zgrada je rekonstruirana za potrebe smje\u0161taja Op\u0107inskog suda u Dubrovniku, Stalne slu\u017ebe u Metkovi\u0107u, Prekr\u0161ajnog suda u Dubrovniku, Stalne slu\u017ebe u Metkovi\u0107u te Op\u0107inskog dr\u017eavnog odvjetni\u0161tva u Dubrovniku, Stalne slu\u017ebe u Metkovi\u0107u. Sve\u010danosti su osim ministra pravosu\u0111a Ante \u0160prlje\u00a0prisustvovali i Glavni dr\u017eavni odvjetnik Republike Hrvatske Dinko Cvitan, predsjednik [&hellip;]","og_url":"https:\/\/likemetkovic.hr\/svecano-otvorena-nova-zgrade-pravosudnih-tijela-metkovicu\/","og_site_name":"likemetkovic.hr","article_publisher":"https:\/\/www.facebook.com\/likemetkovic.hr\/","article_published_time":"2016-09-23T08:24:39+00:00","article_modified_time":"2018-06-04T15:11:21+00:00","og_image":[{"width":800,"height":600,"url":"https:\/\/likemetkovic.hr\/wp-content\/uploads\/2016\/09\/nova-zgrada-suda_5.jpg","type":"image\/jpeg"}],"author":"LIKEmetkovic.hr","twitter_card":"summary_large_image","twitter_misc":{"Napisao\/la":"LIKEmetkovic.hr","Procijenjeno vrijeme \u010ditanja":"5 minuta"},"schema":{"@context":"https:\/\/schema.org","@graph":[{"@type":"WebPage","@id":"https:\/\/likemetkovic.hr\/svecano-otvorena-nova-zgrade-pravosudnih-tijela-metkovicu\/","url":"https:\/\/likemetkovic.hr\/svecano-otvorena-nova-zgrade-pravosudnih-tijela-metkovicu\/","name":"Sve\u010dano otvorena nova zgrada pravosudnih tijela u Metkovi\u0107u vrijedna 28 milijuna kuna - likemetkovic.hr","isPartOf":{"@id":"https:\/\/likemetkovic.hr\/#website"},"primaryImageOfPage":{"@id":"https:\/\/likemetkovic.hr\/svecano-otvorena-nova-zgrade-pravosudnih-tijela-metkovicu\/#primaryimage"},"image":{"@id":"https:\/\/likemetkovic.hr\/svecano-otvorena-nova-zgrade-pravosudnih-tijela-metkovicu\/#primaryimage"},"thumbnailUrl":"https:\/\/likemetkovic.hr\/portal\/wp-content\/uploads\/2016\/09\/nova-zgrada-suda_5.jpg","datePublished":"2016-09-23T08:24:39+00:00","dateModified":"2018-06-04T15:11:21+00:00","author":{"@id":"https:\/\/likemetkovic.hr\/#\/schema\/person\/a42711f3385a0e2be6f7e0443bfb28f0"},"breadcrumb":{"@id":"https:\/\/likemetkovic.hr\/svecano-otvorena-nova-zgrade-pravosudnih-tijela-metkovicu\/#breadcrumb"},"inLanguage":"hr","potentialAction":[{"@type":"ReadAction","target":["https:\/\/likemetkovic.hr\/svecano-otvorena-nova-zgrade-pravosudnih-tijela-metkovicu\/"]}]},{"@type":"ImageObject","inLanguage":"hr","@id":"https:\/\/likemetkovic.hr\/svecano-otvorena-nova-zgrade-pravosudnih-tijela-metkovicu\/#primaryimage","url":"https:\/\/likemetkovic.hr\/portal\/wp-content\/uploads\/2016\/09\/nova-zgrada-suda_5.jpg","contentUrl":"https:\/\/likemetkovic.hr\/portal\/wp-content\/uploads\/2016\/09\/nova-zgrada-suda_5.jpg","width":800,"height":600},{"@type":"BreadcrumbList","@id":"https:\/\/likemetkovic.hr\/svecano-otvorena-nova-zgrade-pravosudnih-tijela-metkovicu\/#breadcrumb","itemListElement":[{"@type":"ListItem","position":1,"name":"Po\u010detna stranica","item":"https:\/\/likemetkovic.hr\/portal\/"},{"@type":"ListItem","position":2,"name":"Sve\u010dano otvorena nova zgrada pravosudnih tijela u Metkovi\u0107u vrijedna 28 milijuna kuna"}]},{"@type":"WebSite","@id":"https:\/\/likemetkovic.hr\/#website","url":"https:\/\/likemetkovic.hr\/","name":"likemetkovic.hr","description":"Misli pozitivno... \u010ditaj LIKE","potentialAction":[{"@type":"SearchAction","target":{"@type":"EntryPoint","urlTemplate":"https:\/\/likemetkovic.hr\/?s={search_term_string}"},"query-input":{"@type":"PropertyValueSpecification","valueRequired":true,"valueName":"search_term_string"}}],"inLanguage":"hr"},{"@type":"Person","@id":"https:\/\/likemetkovic.hr\/#\/schema\/person\/a42711f3385a0e2be6f7e0443bfb28f0","name":"LIKEmetkovic.hr","sameAs":["http:\/\/likemetkovic.hr"],"url":"https:\/\/likemetkovic.hr\/portal\/author\/likemetkovic-hr\/"}]}},"_links":{"self":[{"href":"https:\/\/likemetkovic.hr\/portal\/wp-json\/wp\/v2\/posts\/27359","targetHints":{"allow":["GET"]}}],"collection":[{"href":"https:\/\/likemetkovic.hr\/portal\/wp-json\/wp\/v2\/posts"}],"about":[{"href":"https:\/\/likemetkovic.hr\/portal\/wp-json\/wp\/v2\/types\/post"}],"author":[{"embeddable":true,"href":"https:\/\/likemetkovic.hr\/portal\/wp-json\/wp\/v2\/users\/7"}],"replies":[{"embeddable":true,"href":"https:\/\/likemetkovic.hr\/portal\/wp-json\/wp\/v2\/comments?post=27359"}],"version-history":[{"count":0,"href":"https:\/\/likemetkovic.hr\/portal\/wp-json\/wp\/v2\/posts\/27359\/revisions"}],"wp:featuredmedia":[{"embeddable":true,"href":"https:\/\/likemetkovic.hr\/portal\/wp-json\/wp\/v2\/media\/27366"}],"wp:attachment":[{"href":"https:\/\/likemetkovic.hr\/portal\/wp-json\/wp\/v2\/media?parent=27359"}],"wp:term":[{"taxonomy":"category","embeddable":true,"href":"https:\/\/likemetkovic.hr\/portal\/wp-json\/wp\/v2\/categories?post=27359"},{"taxonomy":"post_tag","embeddable":true,"href":"https:\/\/likemetkovic.hr\/portal\/wp-json\/wp\/v2\/tags?post=27359"}],"curies":[{"name":"wp","href":"https:\/\/api.w.org\/{rel}","templated":true}]}}