{"id":27547,"date":"2016-09-26T06:26:42","date_gmt":"2016-09-26T04:26:42","guid":{"rendered":"http:\/\/likemetkovic.hr\/?p=27547"},"modified":"2018-06-04T17:08:09","modified_gmt":"2018-06-04T15:08:09","slug":"veterani-4-gbr-dnz-turnirom-bucama-obiljezili-25-obljetnicu-akcije-zelena-tabla-mala-bara","status":"publish","type":"post","link":"https:\/\/likemetkovic.hr\/portal\/veterani-4-gbr-dnz-turnirom-bucama-obiljezili-25-obljetnicu-akcije-zelena-tabla-mala-bara\/","title":{"rendered":"VETERANI 4. GBR DN\u017d Turnirom u bu\u0107ama obilje\u017eili 25. obljetnicu akcije \u201eZelena tabla-Mala bara\u201c"},"content":{"rendered":"<p><span style=\"font-weight: 400;\">Nedavnom obilje\u017eavanju 25.obljetnice akcije \u201eZelena tabla-Mala bara\u201c odr\u017eanoj 14.rujna u Plo\u010dama priklju\u010dila se i udruga veterana 4.gardijske brigade DN\u017d organizacijom prigodnog turnira u \u010dast ove lijepe obljetnice. Tom prilikom u Borovcima su se okupili veterani 4.gardijske brigade iz Splita, Vrgorca i Metkovi\u0107a sa prijateljima na turniru u bu\u0107ama. \u00a0U ugodnoj i sportskoj atmosferi \u00a0kao najbolji bo\u0107ari pokazali su se <strong>Marinko \u0106erlek, Zvonko i Tadija Bari\u0161i\u0107<\/strong>. Drugo mjesto osvojila je ekipa iz Vrgorca u sastavu <strong>Mili Radalj, Slobodan Beus i Marinko Roso<\/strong> a tre\u0107e mjesto postigli su <strong>Goran Ere\u0161, Stanko i Ivan Krsti\u010devi\u0107<\/strong>. Svim trima najboljim ekipama uru\u010dene \u00a0su prigodne medalje.<\/span><\/p>\n\r\n                <style type=\"text\/css\">\r\n                    \r\n                    #tdi_1  .td-doubleSlider-2 .td-item1 {\r\n                        background: url(https:\/\/likemetkovic.hr\/portal\/wp-content\/uploads\/2016\/09\/DSC_2557-80x60.jpg) 0 0 no-repeat;\r\n                    }\r\n                    #tdi_1  .td-doubleSlider-2 .td-item2 {\r\n                        background: url(https:\/\/likemetkovic.hr\/portal\/wp-content\/uploads\/2016\/09\/DSC_2620-80x60.jpg) 0 0 no-repeat;\r\n                    }\r\n                    #tdi_1  .td-doubleSlider-2 .td-item3 {\r\n                        background: url(https:\/\/likemetkovic.hr\/portal\/wp-content\/uploads\/2016\/09\/DSC_2637-80x60.jpg) 0 0 no-repeat;\r\n                    }\r\n                <\/style>\r\n\r\n                <div id=\"tdi_1\" class=\"td-gallery td-slide-on-2-columns\">\r\n                    <div class=\"post_td_gallery\">\r\n                        <div class=\"td-gallery-slide-top\">\r\n                           <div class=\"td-gallery-title\"><\/div>\r\n\r\n                            <div class=\"td-gallery-controls-wrapper\">\r\n                                <div class=\"td-gallery-slide-count\"><span class=\"td-gallery-slide-item-focus\">1<\/span> of 3<\/div>\r\n                                <div class=\"td-gallery-slide-prev-next-but\">\r\n                                    <i class = \"td-icon-left doubleSliderPrevButton\"><\/i>\r\n                                    <i class = \"td-icon-right doubleSliderNextButton\"><\/i>\r\n                                <\/div>\r\n                            <\/div>\r\n                        <\/div>\r\n\r\n                        <div class = \"td-doubleSlider-1 \">\r\n                            <div class = \"td-slider\">\r\n                                \r\n                    <div class = \"td-slide-item td-item1\">\r\n                        <figure class=\"td-slide-galery-figure td-slide-popup-gallery\">\r\n                            <a class=\"slide-gallery-image-link\" href=\"https:\/\/likemetkovic.hr\/portal\/wp-content\/uploads\/2016\/09\/DSC_2557.jpg\" title=\"4. gbr\"  data-caption=\"\"  data-description=\"\">\r\n                                <img decoding=\"async\" src=\"https:\/\/likemetkovic.hr\/portal\/wp-content\/uploads\/2016\/09\/DSC_2557-632x420.jpg\" srcset=\"https:\/\/likemetkovic.hr\/portal\/wp-content\/uploads\/2016\/09\/DSC_2557-632x420.jpg 632w, https:\/\/likemetkovic.hr\/portal\/wp-content\/uploads\/2016\/09\/DSC_2557-300x199.jpg 300w, https:\/\/likemetkovic.hr\/portal\/wp-content\/uploads\/2016\/09\/DSC_2557-768x510.jpg 768w, https:\/\/likemetkovic.hr\/portal\/wp-content\/uploads\/2016\/09\/DSC_2557-640x425.jpg 640w, https:\/\/likemetkovic.hr\/portal\/wp-content\/uploads\/2016\/09\/DSC_2557-696x462.jpg 696w, https:\/\/likemetkovic.hr\/portal\/wp-content\/uploads\/2016\/09\/DSC_2557.jpg 900w\" sizes=\"(max-width: 632px) 100vw, 632px\" alt=\"\">\r\n                            <\/a>\r\n                            \r\n                        <\/figure>\r\n                    <\/div>\r\n                    <div class = \"td-slide-item td-item2\">\r\n                        <figure class=\"td-slide-galery-figure td-slide-popup-gallery\">\r\n                            <a class=\"slide-gallery-image-link\" href=\"https:\/\/likemetkovic.hr\/portal\/wp-content\/uploads\/2016\/09\/DSC_2620.jpg\" title=\"4. gbr\"  data-caption=\"\"  data-description=\"\">\r\n                                <img decoding=\"async\" src=\"https:\/\/likemetkovic.hr\/portal\/wp-content\/uploads\/2016\/09\/DSC_2620-632x420.jpg\" srcset=\"https:\/\/likemetkovic.hr\/portal\/wp-content\/uploads\/2016\/09\/DSC_2620-632x420.jpg 632w, https:\/\/likemetkovic.hr\/portal\/wp-content\/uploads\/2016\/09\/DSC_2620-300x199.jpg 300w, https:\/\/likemetkovic.hr\/portal\/wp-content\/uploads\/2016\/09\/DSC_2620-768x510.jpg 768w, https:\/\/likemetkovic.hr\/portal\/wp-content\/uploads\/2016\/09\/DSC_2620-640x425.jpg 640w, https:\/\/likemetkovic.hr\/portal\/wp-content\/uploads\/2016\/09\/DSC_2620-696x462.jpg 696w, https:\/\/likemetkovic.hr\/portal\/wp-content\/uploads\/2016\/09\/DSC_2620.jpg 900w\" sizes=\"(max-width: 632px) 100vw, 632px\" alt=\"\">\r\n                            <\/a>\r\n                            \r\n                        <\/figure>\r\n                    <\/div>\r\n                    <div class = \"td-slide-item td-item3\">\r\n                        <figure class=\"td-slide-galery-figure td-slide-popup-gallery\">\r\n                            <a class=\"slide-gallery-image-link\" href=\"https:\/\/likemetkovic.hr\/portal\/wp-content\/uploads\/2016\/09\/DSC_2637.jpg\" title=\"4. gbr\"  data-caption=\"\"  data-description=\"\">\r\n                                <img decoding=\"async\" src=\"https:\/\/likemetkovic.hr\/portal\/wp-content\/uploads\/2016\/09\/DSC_2637-632x420.jpg\" srcset=\"https:\/\/likemetkovic.hr\/portal\/wp-content\/uploads\/2016\/09\/DSC_2637-632x420.jpg 632w, https:\/\/likemetkovic.hr\/portal\/wp-content\/uploads\/2016\/09\/DSC_2637-300x199.jpg 300w, https:\/\/likemetkovic.hr\/portal\/wp-content\/uploads\/2016\/09\/DSC_2637-768x510.jpg 768w, https:\/\/likemetkovic.hr\/portal\/wp-content\/uploads\/2016\/09\/DSC_2637-640x425.jpg 640w, https:\/\/likemetkovic.hr\/portal\/wp-content\/uploads\/2016\/09\/DSC_2637-696x462.jpg 696w, https:\/\/likemetkovic.hr\/portal\/wp-content\/uploads\/2016\/09\/DSC_2637.jpg 900w\" sizes=\"(max-width: 632px) 100vw, 632px\" alt=\"\">\r\n                            <\/a>\r\n                            \r\n                        <\/figure>\r\n                    <\/div>\r\n                            <\/div>\r\n                        <\/div>\r\n\r\n                        <div class = \"td-doubleSlider-2\">\r\n                            <div class = \"td-slider\">\r\n                                \r\n                    <div class = \"td-button td-item1\">\r\n                        <div class = \"td-border\"><\/div>\r\n                    <\/div>\r\n                    <div class = \"td-button td-item2\">\r\n                        <div class = \"td-border\"><\/div>\r\n                    <\/div>\r\n                    <div class = \"td-button td-item3\">\r\n                        <div class = \"td-border\"><\/div>\r\n                    <\/div>\r\n                            <\/div>\r\n                        <\/div>\r\n\r\n                    <\/div>\r\n\r\n                <\/div>\r\n                \n","protected":false},"excerpt":{"rendered":"<p>Nedavnom obilje\u017eavanju 25.obljetnice akcije \u201eZelena tabla-Mala bara\u201c odr\u017eanoj 14.rujna u Plo\u010dama priklju\u010dila se i udruga veterana 4.gardijske brigade DN\u017d organizacijom prigodnog turnira u \u010dast ove lijepe obljetnice. Tom prilikom u Borovcima su se okupili veterani 4.gardijske brigade iz Splita, Vrgorca i Metkovi\u0107a sa prijateljima na turniru u bu\u0107ama. \u00a0U ugodnoj i sportskoj atmosferi \u00a0kao najbolji [&hellip;]<\/p>\n","protected":false},"author":7,"featured_media":27551,"comment_status":"open","ping_status":"open","sticky":false,"template":"","format":"standard","meta":{"footnotes":""},"categories":[283,11],"tags":[],"class_list":{"0":"post-27547","1":"post","2":"type-post","3":"status-publish","4":"format-standard","5":"has-post-thumbnail","7":"category-a","8":"category-metkovic-dolina"},"yoast_head":"<!-- This site is optimized with the Yoast SEO plugin v25.2 - https:\/\/yoast.com\/wordpress\/plugins\/seo\/ -->\n<title>VETERANI 4. GBR DN\u017d Turnirom u bu\u0107ama obilje\u017eili 25. obljetnicu akcije \u201eZelena tabla-Mala bara\u201c - likemetkovic.hr<\/title>\n<meta name=\"robots\" content=\"index, follow, max-snippet:-1, max-image-preview:large, max-video-preview:-1\" \/>\n<link rel=\"canonical\" href=\"https:\/\/likemetkovic.hr\/veterani-4-gbr-dnz-turnirom-bucama-obiljezili-25-obljetnicu-akcije-zelena-tabla-mala-bara\/\" \/>\n<meta property=\"og:locale\" content=\"hr_HR\" \/>\n<meta property=\"og:type\" content=\"article\" \/>\n<meta property=\"og:title\" content=\"VETERANI 4. GBR DN\u017d Turnirom u bu\u0107ama obilje\u017eili 25. obljetnicu akcije \u201eZelena tabla-Mala bara\u201c - likemetkovic.hr\" \/>\n<meta property=\"og:description\" content=\"Nedavnom obilje\u017eavanju 25.obljetnice akcije \u201eZelena tabla-Mala bara\u201c odr\u017eanoj 14.rujna u Plo\u010dama priklju\u010dila se i udruga veterana 4.gardijske brigade DN\u017d organizacijom prigodnog turnira u \u010dast ove lijepe obljetnice. Tom prilikom u Borovcima su se okupili veterani 4.gardijske brigade iz Splita, Vrgorca i Metkovi\u0107a sa prijateljima na turniru u bu\u0107ama. \u00a0U ugodnoj i sportskoj atmosferi \u00a0kao najbolji [&hellip;]\" \/>\n<meta property=\"og:url\" content=\"https:\/\/likemetkovic.hr\/veterani-4-gbr-dnz-turnirom-bucama-obiljezili-25-obljetnicu-akcije-zelena-tabla-mala-bara\/\" \/>\n<meta property=\"og:site_name\" content=\"likemetkovic.hr\" \/>\n<meta property=\"article:publisher\" content=\"https:\/\/www.facebook.com\/likemetkovic.hr\/\" \/>\n<meta property=\"article:published_time\" content=\"2016-09-26T04:26:42+00:00\" \/>\n<meta property=\"article:modified_time\" content=\"2018-06-04T15:08:09+00:00\" \/>\n<meta property=\"og:image\" content=\"https:\/\/likemetkovic.hr\/wp-content\/uploads\/2016\/09\/DSC_2620.jpg\" \/>\n\t<meta property=\"og:image:width\" content=\"900\" \/>\n\t<meta property=\"og:image:height\" content=\"598\" \/>\n\t<meta property=\"og:image:type\" content=\"image\/jpeg\" \/>\n<meta name=\"author\" content=\"LIKEmetkovic.hr\" \/>\n<meta name=\"twitter:card\" content=\"summary_large_image\" \/>\n<meta name=\"twitter:label1\" content=\"Napisao\/la\" \/>\n\t<meta name=\"twitter:data1\" content=\"LIKEmetkovic.hr\" \/>\n\t<meta name=\"twitter:label2\" content=\"Procijenjeno vrijeme \u010ditanja\" \/>\n\t<meta name=\"twitter:data2\" content=\"1 minuta\" \/>\n<script type=\"application\/ld+json\" class=\"yoast-schema-graph\">{\"@context\":\"https:\/\/schema.org\",\"@graph\":[{\"@type\":\"WebPage\",\"@id\":\"https:\/\/likemetkovic.hr\/veterani-4-gbr-dnz-turnirom-bucama-obiljezili-25-obljetnicu-akcije-zelena-tabla-mala-bara\/\",\"url\":\"https:\/\/likemetkovic.hr\/veterani-4-gbr-dnz-turnirom-bucama-obiljezili-25-obljetnicu-akcije-zelena-tabla-mala-bara\/\",\"name\":\"VETERANI 4. GBR DN\u017d Turnirom u bu\u0107ama obilje\u017eili 25. obljetnicu akcije \u201eZelena tabla-Mala bara\u201c - likemetkovic.hr\",\"isPartOf\":{\"@id\":\"https:\/\/likemetkovic.hr\/#website\"},\"primaryImageOfPage\":{\"@id\":\"https:\/\/likemetkovic.hr\/veterani-4-gbr-dnz-turnirom-bucama-obiljezili-25-obljetnicu-akcije-zelena-tabla-mala-bara\/#primaryimage\"},\"image\":{\"@id\":\"https:\/\/likemetkovic.hr\/veterani-4-gbr-dnz-turnirom-bucama-obiljezili-25-obljetnicu-akcije-zelena-tabla-mala-bara\/#primaryimage\"},\"thumbnailUrl\":\"https:\/\/likemetkovic.hr\/portal\/wp-content\/uploads\/2016\/09\/DSC_2620.jpg\",\"datePublished\":\"2016-09-26T04:26:42+00:00\",\"dateModified\":\"2018-06-04T15:08:09+00:00\",\"author\":{\"@id\":\"https:\/\/likemetkovic.hr\/#\/schema\/person\/a42711f3385a0e2be6f7e0443bfb28f0\"},\"breadcrumb\":{\"@id\":\"https:\/\/likemetkovic.hr\/veterani-4-gbr-dnz-turnirom-bucama-obiljezili-25-obljetnicu-akcije-zelena-tabla-mala-bara\/#breadcrumb\"},\"inLanguage\":\"hr\",\"potentialAction\":[{\"@type\":\"ReadAction\",\"target\":[\"https:\/\/likemetkovic.hr\/veterani-4-gbr-dnz-turnirom-bucama-obiljezili-25-obljetnicu-akcije-zelena-tabla-mala-bara\/\"]}]},{\"@type\":\"ImageObject\",\"inLanguage\":\"hr\",\"@id\":\"https:\/\/likemetkovic.hr\/veterani-4-gbr-dnz-turnirom-bucama-obiljezili-25-obljetnicu-akcije-zelena-tabla-mala-bara\/#primaryimage\",\"url\":\"https:\/\/likemetkovic.hr\/portal\/wp-content\/uploads\/2016\/09\/DSC_2620.jpg\",\"contentUrl\":\"https:\/\/likemetkovic.hr\/portal\/wp-content\/uploads\/2016\/09\/DSC_2620.jpg\",\"width\":900,\"height\":598},{\"@type\":\"BreadcrumbList\",\"@id\":\"https:\/\/likemetkovic.hr\/veterani-4-gbr-dnz-turnirom-bucama-obiljezili-25-obljetnicu-akcije-zelena-tabla-mala-bara\/#breadcrumb\",\"itemListElement\":[{\"@type\":\"ListItem\",\"position\":1,\"name\":\"Po\u010detna stranica\",\"item\":\"https:\/\/likemetkovic.hr\/portal\/\"},{\"@type\":\"ListItem\",\"position\":2,\"name\":\"VETERANI 4. GBR DN\u017d Turnirom u bu\u0107ama obilje\u017eili 25. obljetnicu akcije \u201eZelena tabla-Mala bara\u201c\"}]},{\"@type\":\"WebSite\",\"@id\":\"https:\/\/likemetkovic.hr\/#website\",\"url\":\"https:\/\/likemetkovic.hr\/\",\"name\":\"likemetkovic.hr\",\"description\":\"Misli pozitivno... \u010ditaj LIKE\",\"potentialAction\":[{\"@type\":\"SearchAction\",\"target\":{\"@type\":\"EntryPoint\",\"urlTemplate\":\"https:\/\/likemetkovic.hr\/?s={search_term_string}\"},\"query-input\":{\"@type\":\"PropertyValueSpecification\",\"valueRequired\":true,\"valueName\":\"search_term_string\"}}],\"inLanguage\":\"hr\"},{\"@type\":\"Person\",\"@id\":\"https:\/\/likemetkovic.hr\/#\/schema\/person\/a42711f3385a0e2be6f7e0443bfb28f0\",\"name\":\"LIKEmetkovic.hr\",\"sameAs\":[\"http:\/\/likemetkovic.hr\"],\"url\":\"https:\/\/likemetkovic.hr\/portal\/author\/likemetkovic-hr\/\"}]}<\/script>\n<!-- \/ Yoast SEO plugin. -->","yoast_head_json":{"title":"VETERANI 4. GBR DN\u017d Turnirom u bu\u0107ama obilje\u017eili 25. obljetnicu akcije \u201eZelena tabla-Mala bara\u201c - likemetkovic.hr","robots":{"index":"index","follow":"follow","max-snippet":"max-snippet:-1","max-image-preview":"max-image-preview:large","max-video-preview":"max-video-preview:-1"},"canonical":"https:\/\/likemetkovic.hr\/veterani-4-gbr-dnz-turnirom-bucama-obiljezili-25-obljetnicu-akcije-zelena-tabla-mala-bara\/","og_locale":"hr_HR","og_type":"article","og_title":"VETERANI 4. GBR DN\u017d Turnirom u bu\u0107ama obilje\u017eili 25. obljetnicu akcije \u201eZelena tabla-Mala bara\u201c - likemetkovic.hr","og_description":"Nedavnom obilje\u017eavanju 25.obljetnice akcije \u201eZelena tabla-Mala bara\u201c odr\u017eanoj 14.rujna u Plo\u010dama priklju\u010dila se i udruga veterana 4.gardijske brigade DN\u017d organizacijom prigodnog turnira u \u010dast ove lijepe obljetnice. Tom prilikom u Borovcima su se okupili veterani 4.gardijske brigade iz Splita, Vrgorca i Metkovi\u0107a sa prijateljima na turniru u bu\u0107ama. \u00a0U ugodnoj i sportskoj atmosferi \u00a0kao najbolji [&hellip;]","og_url":"https:\/\/likemetkovic.hr\/veterani-4-gbr-dnz-turnirom-bucama-obiljezili-25-obljetnicu-akcije-zelena-tabla-mala-bara\/","og_site_name":"likemetkovic.hr","article_publisher":"https:\/\/www.facebook.com\/likemetkovic.hr\/","article_published_time":"2016-09-26T04:26:42+00:00","article_modified_time":"2018-06-04T15:08:09+00:00","og_image":[{"width":900,"height":598,"url":"https:\/\/likemetkovic.hr\/wp-content\/uploads\/2016\/09\/DSC_2620.jpg","type":"image\/jpeg"}],"author":"LIKEmetkovic.hr","twitter_card":"summary_large_image","twitter_misc":{"Napisao\/la":"LIKEmetkovic.hr","Procijenjeno vrijeme \u010ditanja":"1 minuta"},"schema":{"@context":"https:\/\/schema.org","@graph":[{"@type":"WebPage","@id":"https:\/\/likemetkovic.hr\/veterani-4-gbr-dnz-turnirom-bucama-obiljezili-25-obljetnicu-akcije-zelena-tabla-mala-bara\/","url":"https:\/\/likemetkovic.hr\/veterani-4-gbr-dnz-turnirom-bucama-obiljezili-25-obljetnicu-akcije-zelena-tabla-mala-bara\/","name":"VETERANI 4. GBR DN\u017d Turnirom u bu\u0107ama obilje\u017eili 25. obljetnicu akcije \u201eZelena tabla-Mala bara\u201c - likemetkovic.hr","isPartOf":{"@id":"https:\/\/likemetkovic.hr\/#website"},"primaryImageOfPage":{"@id":"https:\/\/likemetkovic.hr\/veterani-4-gbr-dnz-turnirom-bucama-obiljezili-25-obljetnicu-akcije-zelena-tabla-mala-bara\/#primaryimage"},"image":{"@id":"https:\/\/likemetkovic.hr\/veterani-4-gbr-dnz-turnirom-bucama-obiljezili-25-obljetnicu-akcije-zelena-tabla-mala-bara\/#primaryimage"},"thumbnailUrl":"https:\/\/likemetkovic.hr\/portal\/wp-content\/uploads\/2016\/09\/DSC_2620.jpg","datePublished":"2016-09-26T04:26:42+00:00","dateModified":"2018-06-04T15:08:09+00:00","author":{"@id":"https:\/\/likemetkovic.hr\/#\/schema\/person\/a42711f3385a0e2be6f7e0443bfb28f0"},"breadcrumb":{"@id":"https:\/\/likemetkovic.hr\/veterani-4-gbr-dnz-turnirom-bucama-obiljezili-25-obljetnicu-akcije-zelena-tabla-mala-bara\/#breadcrumb"},"inLanguage":"hr","potentialAction":[{"@type":"ReadAction","target":["https:\/\/likemetkovic.hr\/veterani-4-gbr-dnz-turnirom-bucama-obiljezili-25-obljetnicu-akcije-zelena-tabla-mala-bara\/"]}]},{"@type":"ImageObject","inLanguage":"hr","@id":"https:\/\/likemetkovic.hr\/veterani-4-gbr-dnz-turnirom-bucama-obiljezili-25-obljetnicu-akcije-zelena-tabla-mala-bara\/#primaryimage","url":"https:\/\/likemetkovic.hr\/portal\/wp-content\/uploads\/2016\/09\/DSC_2620.jpg","contentUrl":"https:\/\/likemetkovic.hr\/portal\/wp-content\/uploads\/2016\/09\/DSC_2620.jpg","width":900,"height":598},{"@type":"BreadcrumbList","@id":"https:\/\/likemetkovic.hr\/veterani-4-gbr-dnz-turnirom-bucama-obiljezili-25-obljetnicu-akcije-zelena-tabla-mala-bara\/#breadcrumb","itemListElement":[{"@type":"ListItem","position":1,"name":"Po\u010detna stranica","item":"https:\/\/likemetkovic.hr\/portal\/"},{"@type":"ListItem","position":2,"name":"VETERANI 4. GBR DN\u017d Turnirom u bu\u0107ama obilje\u017eili 25. obljetnicu akcije \u201eZelena tabla-Mala bara\u201c"}]},{"@type":"WebSite","@id":"https:\/\/likemetkovic.hr\/#website","url":"https:\/\/likemetkovic.hr\/","name":"likemetkovic.hr","description":"Misli pozitivno... \u010ditaj LIKE","potentialAction":[{"@type":"SearchAction","target":{"@type":"EntryPoint","urlTemplate":"https:\/\/likemetkovic.hr\/?s={search_term_string}"},"query-input":{"@type":"PropertyValueSpecification","valueRequired":true,"valueName":"search_term_string"}}],"inLanguage":"hr"},{"@type":"Person","@id":"https:\/\/likemetkovic.hr\/#\/schema\/person\/a42711f3385a0e2be6f7e0443bfb28f0","name":"LIKEmetkovic.hr","sameAs":["http:\/\/likemetkovic.hr"],"url":"https:\/\/likemetkovic.hr\/portal\/author\/likemetkovic-hr\/"}]}},"_links":{"self":[{"href":"https:\/\/likemetkovic.hr\/portal\/wp-json\/wp\/v2\/posts\/27547","targetHints":{"allow":["GET"]}}],"collection":[{"href":"https:\/\/likemetkovic.hr\/portal\/wp-json\/wp\/v2\/posts"}],"about":[{"href":"https:\/\/likemetkovic.hr\/portal\/wp-json\/wp\/v2\/types\/post"}],"author":[{"embeddable":true,"href":"https:\/\/likemetkovic.hr\/portal\/wp-json\/wp\/v2\/users\/7"}],"replies":[{"embeddable":true,"href":"https:\/\/likemetkovic.hr\/portal\/wp-json\/wp\/v2\/comments?post=27547"}],"version-history":[{"count":0,"href":"https:\/\/likemetkovic.hr\/portal\/wp-json\/wp\/v2\/posts\/27547\/revisions"}],"wp:featuredmedia":[{"embeddable":true,"href":"https:\/\/likemetkovic.hr\/portal\/wp-json\/wp\/v2\/media\/27551"}],"wp:attachment":[{"href":"https:\/\/likemetkovic.hr\/portal\/wp-json\/wp\/v2\/media?parent=27547"}],"wp:term":[{"taxonomy":"category","embeddable":true,"href":"https:\/\/likemetkovic.hr\/portal\/wp-json\/wp\/v2\/categories?post=27547"},{"taxonomy":"post_tag","embeddable":true,"href":"https:\/\/likemetkovic.hr\/portal\/wp-json\/wp\/v2\/tags?post=27547"}],"curies":[{"name":"wp","href":"https:\/\/api.w.org\/{rel}","templated":true}]}}