{"id":27867,"date":"2016-10-02T08:53:45","date_gmt":"2016-10-02T06:53:45","guid":{"rendered":"http:\/\/likemetkovic.hr\/?p=27867"},"modified":"2016-10-02T08:53:45","modified_gmt":"2016-10-02T06:53:45","slug":"vuko-sin-drakule-iliti-zazablje-do-tokija","status":"publish","type":"post","link":"https:\/\/likemetkovic.hr\/portal\/vuko-sin-drakule-iliti-zazablje-do-tokija\/","title":{"rendered":"Vuko, sin Drakule iliti Za\u017eablje do Tokija"},"content":{"rendered":"<p><span style=\"font-weight: 400;\">Ljeto koje nikada ne prestaje moje je vi\u0111enje raja jer da sam negdje u tropskim krajevima (danas se \u010desto govori \u201eu tropima\u201c, no u hrvatskome jeziku tropi su stilske figure, a o njima ne\u0107emo iako sam nosim jedan \u201etropski\u201c nadimak \u2013 Hiperbola), ni\u0161ta ne bih radio. Kupio bih sombrero za popodnevno ubijanje oka i stalno visio po pla\u017ei. Na\u017ealost, \u017eivot kulturnoga pregaoca (tako me nazvala jedna predstavlja\u010dica valjda me zamisliv\u0161i kako predajem u prega\u010di) omogu\u0107uje zasad tek tromjese\u010dno kupanje izme\u0111u posala isprekidano stalnim zivkanjima na razli\u010dita zbivanja te molbe da se ne\u0161to <\/span><i><span style=\"font-weight: 400;\">isprdokle\u010di<\/span><\/i><span style=\"font-weight: 400;\"> ili <\/span><i><span style=\"font-weight: 400;\">za\u0161kraba<\/span><\/i><span style=\"font-weight: 400;\"> jerbo \u201e\u0161ta je tebi pogledat ovih 400 strana u tri popodneva i to malo popravit\u201c. Kako uistinu izgleda znanstveno istra\u017eivanje, prikazat \u0107u vam na jo\u0161 jednom primjeru koji spada u poznatu rubriku \u201eSve o mojoj majci\u201c. Moja me mati Bra\u010dka, naime, svako ljeto po\u0161to-poto ho\u0107e povezati s jednom te istom djevojkom koju poznajem od ranoga djetinjstva, ali do dana dana\u0161njega nisam uspio zapamtiti ni kakav joj je glas jer malo govori. (Otac mi je, \u010dovjek od iskustva, koji je ina\u010de za majkom tr\u010dao 11 godina i ka\u017ee da mu je od toga, a ne od vode, kako mu je pri\u0161io <\/span><i><span style=\"font-weight: 400;\">Zama\u0161karani vjesnik<\/span><\/i><span style=\"font-weight: 400;\">, oti\u0161lo koljeno na tu moju primjedbu odvratio kako \u0107u takve osobine jednom, kad odrastem, naravno, po\u010deti cijeniti.) Kad se napokon pru\u017eila zgoda da budem negdje u blizini doti\u010dne, poku\u0161ah joj se u op\u0107oj gu\u017evi javiti hvatanjem za ru\u010dni zglob kako bih je upozorio na vlastitu prisutnost. I tada po\u010dinje opit (da ne re\u010dem eksperiment, a i je, bilo se malo pod gasom, ne pod eurodizelom, nego ekstradjevi\u010danskim plavcem)! Na lagani dodir, maj\u010dino se po-izbor-djevoj\u010de odrazilo barem metar i pol u zrak, \u0161to je iznadprosje\u010dno i za igra\u010da u NBA-u. Da bih se uvjerio kako nije rije\u010d o slu\u010dajnosti (znanstvene se teorije moraju mnogo puta provjeriti), opit ponovih i odraz ostane isti&#8230; I tako nekoliko puta u pravilnim razmacima od po desetak minuta. E, moj Julio, a u nas centri od 210 kad sko\u010de imaju 196&#8230; Mati, dakako, nije bila zadovoljna mojim opitom, a \u0107a\u0107ko se smijao. \u201eMarine, \u0107a\u0107ko, vaki san odraz zadnji put vidio u one tvoje rodice na Brestici prije 20 godina kad bi sko\u010dila s ceste na kamen kad bi pro\u0161lo auto kod Vukova klanca. Samo ova ska\u010de \u010disto u zrak, a rodica je skakala ustranu.\u201c \u201eKo \u0107e te takva?\u201c, majka \u0107e Bra\u010dka. \u201eKako si me odgojila, takva si me i dobila!\u201c, s nokta \u0107u uz blago saginjanje glave jer mati kaciolu baca to\u010dnije nego Sandra Perkovi\u0107 (Stavlja li se i uz njezino prezime Thompson?) disk.<\/span><\/p>\n<p><span style=\"font-weight: 400;\">Nakon navedenoga opita valjalo je meni i predstaviti ishode vlastita i tu\u0111a rada u Opuzenu koji je proslavio 300. obljetnicu od osnutka \u017eupe. Uistinu bijah odu\u0161evljen novoure\u0111enom Vrtletinom i nevjerojatnom posje\u0107eno\u0161\u0107u predstavljanja opuzenske monografije, no kao pravi se Metkovac ipak vratih u rodni dan na pi\u0107e. To\u010dno kad sam nakanio oti\u0107i do stana, zaustavio me je Jurica Popovi\u0107 s mom\u010da\u0111u (Pazi instrumentala, iako je Jurica glazbenik i svestrani umjetnik, ne glazbene izvedbe, nego pade\u017ea!) u Metohiji (sad se vi mislite \u0161to je to). U to mi zazvoni prastara zvonjelica (na njoj ni ne pi\u0161e tko zove, nego samo broj) i prepoznadoh glas jednoga od metkovskih predstavnika krupnog kapitala na privremenome radu u Zagrebu koji svoje sugra\u0111ane i suzaposlenike zlostavlja no\u0161enjem punih <\/span><i><span style=\"font-weight: 400;\">puta <\/span><\/i><span style=\"font-weight: 400;\">(le\u0111nih ko\u0161ara u koje stane po tridesetak kilograma gro\u017e\u0111a) dok on, zaodjenut praznom <\/span><i><span style=\"font-weight: 400;\">putom <\/span><\/i><span style=\"font-weight: 400;\">i pogledom nevinijim od jednoga na\u0161ega maloga obrtnika kad ga iznenadi redarstvo, po gruntu gemi\u0161ta i pozdravlja susjede. \u201eJesi jo\u0161 u Opuzenu?\u201c \u201eOdavno san o\u0161o. Lijepo je tamo, ali treba podizat metkovsko ugostiteljstvo. Prodate tamo i sebe i familiju za dva gemi\u0161ta i jedan koncert umjesto da ko pravi lokal-patrioti odradite \u0161to morate i onda tro\u0161ite u svom gradu. Ti u Opuzen, onaj u \u010capljinu, a na\u0161i propadaju, pa\u0161 mi opet govorit kako se u gradu ni\u0161ta ne doga\u0111a, a ja \u0107u te pitat \u0111e si ti bio. <\/span><i><span style=\"font-weight: 400;\">Metkovi\u0107u moj lipi <\/span><\/i><span style=\"font-weight: 400;\">kuka\u0161 mi po Zagrebu, a onda kad do\u0111e\u0161, prvu ve\u010der u Opuzen!\u201c Dakako da je ovaj vatreni domoljubni govor nagra\u0111en s nekoliko tura pi\u0107a \u0161to je svakako doprinijelo boljim rezultatima metkovskoga ugostiteljstva na po\u010detku tre\u0107ega tromjese\u010dja (kako svaki pu\u010dko\u0161kolac naziva ono \u0161to na\u0161i vrli ekonomisti zovu kvartalom). Da i Metkovci mogu biti premazani svim mastima, uvjerio me je Vale Vasilj zvani Hladovina kojega sam susreo u Makarskoj dok sam \u010dekao trajekt. Toliko se bio premazao razli\u010ditim kremama za sun\u010danje pomije\u0161anim s maslinovim uljem kako bi se za\u0161titio na skuteru da bi mi, da sam ga poslu\u0161ao, na mojoj bijeloj majici ostao trag njegovih le\u0111a. Eh, Hrvati i poduzetni\u0161tvo, mogao sam to predstaviti kao dodatak Turinskome platnu!<\/span><\/p>\n<p><span style=\"font-weight: 400;\">Da me Jadro ne bi ga\u0111ao lopte ili me strpao u ra\u0161u, zavezao mi ruke i na u\u017ee stavio one utege koje je prije stavljao na gle\u017eanj da dodatno oja\u010da ionako izniman odraz jer mu nisam na vrijeme napisao kolumnu, bolje da se okanim \u0107orava (da ne re\u010dem slijepa) posla i latim pravoga ma koliko gromoglasni Toni Repar vikao na te\u010dnome bo\u0161nja\u010dkom: \u201eSvak bi danas piso, treba manje pisat, a uzet lopatu u ruke!\u201c Jo\u0161 da mu je izbiti cigaretu iz ruke, mo\u017eda bi on sam prihvatio vlastiti savjet i \u0161\u010depao kakvo oru\u0111e. Ajme, opet sam se uhvatio zafrkancije, a <\/span><i><span style=\"font-weight: 400;\">triba dilat <\/span><\/i><span style=\"font-weight: 400;\">(da ikaviziramo malo Bandi\u0107evo <\/span><i><span style=\"font-weight: 400;\">treba delat<\/span><\/i><span style=\"font-weight: 400;\"> i spomenemo se nedavna dobra ulova ljekovita bilja u Kutima). Prije nekoliko sam mjeseci, naime, dobio jedan upit iz Orijentalnoga instituta u Sarajevu. Kolegica Fazileta Hafizovi\u0107 ljubazno me zamolila da joj pomognem u odre\u0111ivanju polo\u017eaja nekih naselja u Za\u017eablju i Popovu zapisanih u osmanlijskim defterima iz XVI. stolje\u0107a. U me\u0111uvremenu je ta vrijedna orijentalistica objavila prijevod katastarskoga deftera <\/span><i><span style=\"font-weight: 400;\">Popis sela i zemlje sand\u017eaka Krka, Klis i Hercegovina oslobo\u0111enih od Mleta\u010dke Republike 1701. godine. <\/span><\/i><span style=\"font-weight: 400;\">Kao \u0161to vidite ve\u0107 iz naslova, oslobo\u0111enje je i onda bilo relativan pojam. Hutovski ili ravanjski katolici sigurno nisu bili odu\u0161evljeni \u201eoslobo\u0111enjem\u201c, ali 103 muslimanske ku\u0107e u Imotskome (me\u0111u kojima je bila i ku\u0107a Mustafe Hrvata) i 80 u Ljubu\u0161kome (u oba grada tada nije bilo nijednoga jedinog katolika jer je i ono \u0161to je bilo, izbjeglo) zacijelo nisu bili sretni povratkom na staro. Uostalom, na temelju se i\u0161\u010ditavanja deftera potvr\u0111uju znani podatci o raseljavanju mjesnoga kr\u0161\u0107anskog stanovni\u0161tva iznimnih razmjera. Izbjeglice su se u velikoj mjeri nastanili upravo u oslobo\u0111enoj Neretvanskoj krajini. Tri su va\u017ene stvari koje je mogu\u0107e zaklju\u010diti na temelju podataka iz toga dokumenta. Prvo, iako su Osmanlije uglavnom navodili samo osobna imena mu\u0161kih posjednika, \u201ezalomilo\u201c se i koje prezime, poglavito u krajevima koji su nam bli\u017ee, pa sam nai\u0161ao na nekoliko novih spomena na\u0161ih prezimena. Drugo, na temelju se imenske gra\u0111e potvrdila moja pretpostavka o predmigracijskoj dijalektolo\u0161koj slici na ovome podru\u010dju, a i potvrdile su mi se neke teze o promjenama u fondu osobnih imena koje su barem na lijevoj obali Neretve pokrenute tek nakon \u0161to je to podru\u010dje izdvojeno iz Trebinjsko-mrkanske biskupije i pripojeno Makarskoj. Tre\u0107e, kona\u010dno sam sa sigurno\u0161\u0107u utvrdio dokle se tijekom osmanlijske vladavine prostiralo Za\u017eablje.<\/span><\/p>\n<p><span style=\"font-weight: 400;\">Iako vas vjerojatno vi\u0161e zanimaju pojedina prezimena, krenimo mi od kraja, tj. od toga \u00a0dokle je sezalo Za\u017eablje. U popisu je, naime, predosmanlijskoga za\u017eapskoga plemstva, me\u0111u ostalim, Euzebije Fermend\u017ein naveo obitelj Kutlovi\u0107 iz Za\u017eablja, a kako se Kutlovi\u0107ima danas naziva brdsko podru\u010dje u jugozapadnome Popovu od Trebimlje do Bratogo\u0161ca, postavilo se pitanje za\u0161to se Kutlovi\u0107i smatraju za\u017eapskom vlastelom kad su navedena naselja danas u Popovu. Iz izvatka deftera iz XVI. stolje\u0107a, koji mi je dr. sc. Fazileta Hafizovi\u0107 bila poslala na uvid, bilo je jasno da se granica Za\u017eablja i Popova nalazila negdje u Veljoj Me\u0111i (vjerojatno je zbog toga \u0161to je smje\u0161teno na granici osmanlijskih nahija, koje su sljednice srednjovjekovnih humskih \u017eupa, selo i prozvano Veljom Me\u0111om, tj. velikom granicom) koja je popisana u objema nahijama. Defter pak iz 1701. pokazuje da je hercegova\u010dki dio Za\u017eablja obuhva\u0107alo \u010ditavo grada\u010dko, hutovsko i hra\u0161anjsko podru\u010dje, Boljune, \u010cari\u0107e te \u010ditavu dana\u0161nju \u017eupu Trebinja (selo se slu\u017ebeno zove Trebimlja, a \u017eupa Trebinja, pa se sna\u0111i, dru\u017ee) od Dobroga Dola i Du\u017eice do Velje Me\u0111e i Rupnoga Dola. Ukratko, ono \u0161to se danas naziva Za\u017eabljem nije ni petina izvornoga podru\u010dja povijesne \u017eupe \u017daba (jo\u0161 je davno iz te \u017eupe izdvojen zapadni dio Dubrova\u010dkoga primorja, tako da je i \u0160trbe povijesni Za\u017eabac, \u0161to mo\u017eda obja\u0161njava njegovu neobi\u010dnu ljubav prema salati) sli\u010dno kao \u0161to se Neretvanima danas zovemo samo mi u donjemu toku Neretvanske krajine dok bi se Konji\u010dani ili Mostarci, kojima Neretva doslovno prolazi pod glavom, jama\u010dno uvrijedili (a i mi ih ne bismo rado prigrlili) da ih tkogod tako nazove. Posljedice su zaborava izvornih imena mo\u017eda imale manje posljedice na na\u0161oj mjesnoj za\u017eapskoj i neretvanskoj razini jer su stanovnici tih podru\u010dja, iako razdvojena dr\u017eavnom granicom, i dalje itekako svjesni svoje narodnosne pripradnosti, no imamo li na umu dana\u0161nje muke po Bunjevcima ili stoljetno odnaro\u0111ivanje hrvatskoga puka u primorskome dijelu Crne Gore (ne samo u Boki kotorskoj u kojoj je gotovo dvostruko vi\u0161e katolika nego Hrvata, nego i u Budvi, Spi\u010du i Baru u kojima je omjer znatno nepovoljniji), koje se neko\u0107 nazivalo Crvenom Hrvatskom, mo\u017eda shvatimo da imena nisu samo slu\u010dajni znakovi pored puta, nego nam itekako rasvjetljuju povijest koja je slavnija od podani\u010dkoga mentaliteta koji gajimo u posljednjih nekoliko desetlje\u0107a iako smo i u njima slavili neke va\u017ene pobjede. Njih, na\u017ealost, zaboravljamo. Prvi je korak u odnaro\u0111ivanju, naime, zaborav mjesnoga ili skupnoga imena jer time gubimo zavi\u010daj, a ako su oni koji su u zavi\u010daju ostali promijenili vjeru, nastojali su \u0161to bolje prikriti (po\u010desto i zatrti) vlastite korijene da bi se dodvorili osvaja\u010dima. Ve\u0107 vi\u0111eno tisu\u0107u puta, a uvijek se ponavlja!<\/span><\/p>\n<p><span style=\"font-weight: 400;\">Na temelju toponima i antroponima potvr\u0111uje se moja pretpostavku kako je jo\u0161 koncem XVIII. stolje\u0107a podru\u010dje od Neretve prema Trebinju bilo barem djelomi\u010dno ikavsko. Naime, ikavsko ime Cvitko bilje\u017eimo u Popovu (potvr\u0111eno je u \u010cav\u0161u i Grmljanima), ali i dalje u okolici Nik\u0161i\u0107a (Macavare), Gacka (Domrke) i Trebinja (Gomiljani, Gornja Tale\u017ea i Gra\u010danica). U Bile\u0107i je pak potvr\u0111eno prezime Cvitkovi\u0107. Ikavski je lik Stipan potvr\u0111en u Dubravama (Bjelojevi\u0107i i Kru\u0161evo te Bitunja i Loznica), Za\u017eablju (Bro\u0107anac, Dobrovo, Dubravica, Du\u017eica, Hotanj i Vranjevo Selo) i Popovu (Trn\u010dina i Velja Me\u0111a \u2013 kako rekoh, ta su se sela tada dr\u017eala dijelom Za\u017eablja), a u Hutovu prezime Stipanovi\u0107. \u0160tovi\u0161e, potvr\u0111eni su i ikavski toponimni likovi, i to na trebinjskome podru\u010dju (zabilje\u017eeni su ojkonimi Necvitje, dana\u0161nje Necvije\u0107e, i Podsutiska, danas toponim nije poznat, kod Trebinja). Treba napomenuti i kako su ina\u010dice osobnoga imena Juraj (koje je isklju\u010divo katoli\u010dko) potvr\u0111ene 1701. u Muharevoj Ljuti, mjestu iz kojega potje\u010du svi \u0160e\u0161elji (od Voje do \u0160\u0107epe i Denisa), te u selu \u017dugljaj izme\u0111u Trebinja i Nik\u0161i\u0107a. Kako su ina\u010dice kr\u0161\u0107anskoga imena Juraj i u XV. stolje\u0107u bile potvr\u0111ene na nik\u0161i\u0107kome podru\u010dju, o\u010dito je da se ondje odre\u0111en broj katolika odr\u017eao ili prikrio i tijekom osmanlijske vladavine. U Bijogradu kod Trebinja potvr\u0111en je pak i lik Mihovil, ina\u010dica kr\u0161\u0107anskoga imena Mihael koje nose isklju\u010divo Hrvati (znatno je potvr\u0111eniji lik Mihajlo, koji danas uglavnom nose pravoslavci, ali koji je, kao i lik Jovan koji u defteru na\u0111oh \u00a0\u010dak i u zapadnoj Hercegovini i u mnogim selima na Bliskome istoku koja bijahu isklju\u010divo katoli\u010dka, tijekom ranijih povijesnih razdoblja bio znatno potvr\u0111eniji, a i danas ga ponetko nosi). Ukratko, na temelju je antroponimije i toponimije razvidno da su ikavski (a ikavica je bilje\u017eito hrvatska i bo\u0161nja\u010dka) i katoli\u010dki (tu Bo\u0161njaci ispadaju) tragovi jo\u0161 po\u010detkom XVIII. stolje\u0107a itekako vidljivi u Staroj Hercegovini (kako se skupno naziva podru\u010dje Gornje Hercegovine i zapadne Crne Gore). Nije nu\u017eno da su nositelji imena Cvitko, Stipan i Jurica bili Hrvatima i katolicima, ali su osobna imena nedvojbeno ponijeli na temelju hrvatske imenske ba\u0161tine. Da je i onda bilo \u201eveselih\u201c imena, potvr\u0111uje upis <\/span><i><span style=\"font-weight: 400;\">Vuko, sin Drakule. <\/span><\/i><span style=\"font-weight: 400;\">Eto male prigode za pobolj\u0161anje turisti\u010dke ponude.<\/span><\/p>\n<p><span style=\"font-weight: 400;\">Na koncu spomenimo i nekoliko na\u0161ih prezimena zapisanih u defteru. U Zagvozdu se 1701. spominju \u0160vego\u0161e (najvjerojatnije Svagu\u0161e), Jel\u010di\u0107i se spominju u Stiljima kod Vrgorca i Zviri\u0107ima, Selaci (ovo samo radi poreznika Dinke) u \u0160ipova\u010di i Dobrome Selu kod Mostara, Juri\u0107i u Vojni\u0107ima, Jelavi\u0107i u Hardomilju, Nikoli\u0107i, Filipovi\u0107i (\u010cali\u0107i), Vidovi\u0107i (Pao\u010da; od njih potje\u010du Vidovi\u0107i koji danas \u017eive u Vidu i Prudu) i Vu\u010di\u0107i (Blatnica) u Brotnju, Vlatkovi\u0107i u \u010capljini, Mati\u0107i u Svitavi i na Hotnju, Maru\u0161i\u0107i u Bjelojevi\u0107ima, Lojpuri na Kolojanju, Repe\u0161e (dio je ve\u0107 islamiziran jer nosi ime Abdulah) u Cerevu, Ili\u0107i, Jurkovi\u0107i, Raji\u010di, Lazarevi\u0107i i Vido(je)vi\u0107i (oni iz Vidonja) u Hutovu, Medi\u0107i i Pa\u017eini u Glumini, Kre\u0161i\u0107i u Gornjemu Hrasnu, Kne\u017ei\u0107i i \u017darkovi\u0107i u Donjemu Hrasnu (\u017darkovi\u0107i se spominju i na Du\u017eici te Turkovi\u0107ima), Ob\u0161iva\u010di na Ki\u0161evu, Galovi na Oskru\u0161nici, \u0160umani u Dobrovu, Senti\u0107i u Gradcu, Bokani i Putice na Prapratnici, \u0160e\u0161elji u Kotezima te Vu\u010dkovi\u0107i u Bobanima. U Zviri\u0107ima je pak navedeno prezime D\u017eivelek, jedino sli\u010dno za\u017eapskomu prezimenu D\u017euvelek\/\u017duvelek. Fazileta Hafizovi\u0107 navodi da se turskom rije\u010dju <\/span><i><span style=\"font-weight: 400;\">civelek <\/span><\/i><span style=\"font-weight: 400;\">ozna\u010divalo \u017eivahno dijete ili mladun\u010de, ali i janji\u010dara po\u010detnika koji je imao ulogu sli\u010dnu malome od palube. Na\u0161i su D\u017euveleci\/\u017duveleci po predaji iz Dubrova\u010dkoga primorja u kojemu tako\u0111er ima prezime turskoga postanja, pa nije nemogu\u0107e da smo barem korak bli\u017ee odgonetanju toga neobi\u010dnog prezimena. Ipak, trebat \u0107e pri\u010dekati da se objave rodoslovna istra\u017eivanja za Dubrova\u010dko primorje da budemo pametniji.<\/span><\/p>\n<p><span style=\"font-weight: 400;\">Eto, na sva\u0161ta naletjesmo, pa i na podatak da su Vidovi\u0107i u Hutovu bili prije nositelja prezimena koji su me ga\u0111ali bajamima dok sam se pe\u010dalio u <\/span><i><span style=\"font-weight: 400;\">Glasu Hutova<\/span><\/i><span style=\"font-weight: 400;\">. Valjda je to osveta za to \u0161to su radili da bismo se mi hladili tijekom osmanlijskoga razdoblja. Mom\u010dadi pak iz kafi\u0107a <\/span><i><span style=\"font-weight: 400;\">Vazdazelen<\/span><\/i><span style=\"font-weight: 400;\"> (da ne re\u010dem <\/span><i><span style=\"font-weight: 400;\">Evergreen<\/span><\/i><span style=\"font-weight: 400;\">), koja mi je obja\u0161njavala kako Metkovci s desne obale Neretve sebe nazivaju Metkov\u010danima, srda\u010dan pozdrav uz napomenu kako \u0107e jednoga od onih koji im je potvr\u0111ivao, Julija, morati upitati za\u0161to je u netom objavljenome <\/span><i><span style=\"font-weight: 400;\">Hrvatskom mjesnom rje\u010dniku <\/span><\/i><span style=\"font-weight: 400;\">Leksikografskoga zavoda \u201eMiroslav Krle\u017ea\u201c<\/span> <span style=\"font-weight: 400;\">naveo samo lik <\/span><i><span style=\"font-weight: 400;\">Metkovac<\/span><\/i><span style=\"font-weight: 400;\">. Morat \u0107e, bojim se, potegnuti dobre veze da se <\/span><i><span style=\"font-weight: 400;\">Metkov\u010danin <\/span><\/i><span style=\"font-weight: 400;\">ubaci barem kao mjesni lik za stanovnika \u201eone strane\u201c jer, koliko sam imao prigodu vidjeti, Julio je ondje me\u0111u suradnicima zapisan malo ni\u017ee od Ive Bre\u0161ana. Dakle, nije do mene, sad znate tko je glavni jezikoslovac. \u0160alu nastranu, reko\u0161e mi kako je u njih obi\u010dno <\/span><i><span style=\"font-weight: 400;\">Metkov\u010danin<\/span><\/i><span style=\"font-weight: 400;\">, ali usto <\/span><i><span style=\"font-weight: 400;\">Metkovka<\/span><\/i><span style=\"font-weight: 400;\">, pa je lik <\/span><i><span style=\"font-weight: 400;\">Metkovac<\/span><\/i><span style=\"font-weight: 400;\"> onda u svakome slu\u010daju sustavniji osim \u0161to je i potvr\u0111eniji.<\/span><\/p>\n<p><span style=\"font-weight: 400;\">Na koncu jo\u0161 jedna ljetna pri\u010dica. Navodno je prije nekoliko desetlje\u0107a jedan <\/span><i><span style=\"font-weight: 400;\">d\u017eivelek <\/span><\/i><span style=\"font-weight: 400;\">me\u0111u elektri\u010darima dobio posao u nekome pogonu, \u010diji je poslovo\u0111a bio njegov tetak. Upita\u0161e tetka ho\u0107e li ga onda staviti da radi sa strujom, a on \u0107e im: \u201e\u0160ta je vama? Njega bi i \u0161terika ubila!\u201c Koliko mi je poznato, jo\u0161 je \u017eiv.<\/span><\/p>\n<p><span style=\"font-weight: 400;\">Domagoj Vidovi\u0107, <\/span><i><span style=\"font-weight: 400;\">likemetkovic.hr<\/span><\/i><span style=\"font-weight: 400;\">, listopad 2016.<\/span><\/p>\n","protected":false},"excerpt":{"rendered":"<p>Ljeto koje nikada ne prestaje moje je vi\u0111enje raja jer da sam negdje u tropskim krajevima (danas se \u010desto govori \u201eu tropima\u201c, no u hrvatskome jeziku tropi su stilske figure, a o njima ne\u0107emo iako sam nosim jedan \u201etropski\u201c nadimak \u2013 Hiperbola), ni\u0161ta ne bih radio. Kupio bih sombrero za popodnevno ubijanje oka i stalno [&hellip;]<\/p>\n","protected":false},"author":7,"featured_media":17161,"comment_status":"open","ping_status":"open","sticky":false,"template":"","format":"standard","meta":{"footnotes":""},"categories":[283,5],"tags":[],"class_list":{"0":"post-27867","1":"post","2":"type-post","3":"status-publish","4":"format-standard","5":"has-post-thumbnail","7":"category-a","8":"category-kolumne"},"yoast_head":"<!-- This site is optimized with the Yoast SEO plugin v25.2 - https:\/\/yoast.com\/wordpress\/plugins\/seo\/ -->\n<title>Vuko, sin Drakule iliti Za\u017eablje do Tokija - likemetkovic.hr<\/title>\n<meta name=\"robots\" content=\"index, follow, max-snippet:-1, max-image-preview:large, max-video-preview:-1\" \/>\n<link rel=\"canonical\" href=\"https:\/\/likemetkovic.hr\/vuko-sin-drakule-iliti-zazablje-do-tokija\/\" \/>\n<meta property=\"og:locale\" content=\"hr_HR\" \/>\n<meta property=\"og:type\" content=\"article\" \/>\n<meta property=\"og:title\" content=\"Vuko, sin Drakule iliti Za\u017eablje do Tokija - likemetkovic.hr\" \/>\n<meta property=\"og:description\" content=\"Ljeto koje nikada ne prestaje moje je vi\u0111enje raja jer da sam negdje u tropskim krajevima (danas se \u010desto govori \u201eu tropima\u201c, no u hrvatskome jeziku tropi su stilske figure, a o njima ne\u0107emo iako sam nosim jedan \u201etropski\u201c nadimak \u2013 Hiperbola), ni\u0161ta ne bih radio. Kupio bih sombrero za popodnevno ubijanje oka i stalno [&hellip;]\" \/>\n<meta property=\"og:url\" content=\"https:\/\/likemetkovic.hr\/vuko-sin-drakule-iliti-zazablje-do-tokija\/\" \/>\n<meta property=\"og:site_name\" content=\"likemetkovic.hr\" \/>\n<meta property=\"article:publisher\" content=\"https:\/\/www.facebook.com\/likemetkovic.hr\/\" \/>\n<meta property=\"article:published_time\" content=\"2016-10-02T06:53:45+00:00\" \/>\n<meta property=\"og:image\" content=\"https:\/\/likemetkovic.hr\/wp-content\/uploads\/2016\/03\/domagoj_vidovi\u0107.jpg\" \/>\n\t<meta property=\"og:image:width\" content=\"848\" \/>\n\t<meta property=\"og:image:height\" content=\"600\" \/>\n\t<meta property=\"og:image:type\" content=\"image\/jpeg\" \/>\n<meta name=\"author\" content=\"LIKEmetkovic.hr\" \/>\n<meta name=\"twitter:card\" content=\"summary_large_image\" \/>\n<meta name=\"twitter:label1\" content=\"Napisao\/la\" \/>\n\t<meta name=\"twitter:data1\" content=\"LIKEmetkovic.hr\" \/>\n\t<meta name=\"twitter:label2\" content=\"Procijenjeno vrijeme \u010ditanja\" \/>\n\t<meta name=\"twitter:data2\" content=\"14 minuta\" \/>\n<script type=\"application\/ld+json\" class=\"yoast-schema-graph\">{\"@context\":\"https:\/\/schema.org\",\"@graph\":[{\"@type\":\"WebPage\",\"@id\":\"https:\/\/likemetkovic.hr\/vuko-sin-drakule-iliti-zazablje-do-tokija\/\",\"url\":\"https:\/\/likemetkovic.hr\/vuko-sin-drakule-iliti-zazablje-do-tokija\/\",\"name\":\"Vuko, sin Drakule iliti Za\u017eablje do Tokija - likemetkovic.hr\",\"isPartOf\":{\"@id\":\"https:\/\/likemetkovic.hr\/#website\"},\"primaryImageOfPage\":{\"@id\":\"https:\/\/likemetkovic.hr\/vuko-sin-drakule-iliti-zazablje-do-tokija\/#primaryimage\"},\"image\":{\"@id\":\"https:\/\/likemetkovic.hr\/vuko-sin-drakule-iliti-zazablje-do-tokija\/#primaryimage\"},\"thumbnailUrl\":\"https:\/\/likemetkovic.hr\/portal\/wp-content\/uploads\/2016\/03\/domagoj_vidovi\u0107.jpg\",\"datePublished\":\"2016-10-02T06:53:45+00:00\",\"author\":{\"@id\":\"https:\/\/likemetkovic.hr\/#\/schema\/person\/a42711f3385a0e2be6f7e0443bfb28f0\"},\"breadcrumb\":{\"@id\":\"https:\/\/likemetkovic.hr\/vuko-sin-drakule-iliti-zazablje-do-tokija\/#breadcrumb\"},\"inLanguage\":\"hr\",\"potentialAction\":[{\"@type\":\"ReadAction\",\"target\":[\"https:\/\/likemetkovic.hr\/vuko-sin-drakule-iliti-zazablje-do-tokija\/\"]}]},{\"@type\":\"ImageObject\",\"inLanguage\":\"hr\",\"@id\":\"https:\/\/likemetkovic.hr\/vuko-sin-drakule-iliti-zazablje-do-tokija\/#primaryimage\",\"url\":\"https:\/\/likemetkovic.hr\/portal\/wp-content\/uploads\/2016\/03\/domagoj_vidovi\u0107.jpg\",\"contentUrl\":\"https:\/\/likemetkovic.hr\/portal\/wp-content\/uploads\/2016\/03\/domagoj_vidovi\u0107.jpg\",\"width\":848,\"height\":600},{\"@type\":\"BreadcrumbList\",\"@id\":\"https:\/\/likemetkovic.hr\/vuko-sin-drakule-iliti-zazablje-do-tokija\/#breadcrumb\",\"itemListElement\":[{\"@type\":\"ListItem\",\"position\":1,\"name\":\"Po\u010detna stranica\",\"item\":\"https:\/\/likemetkovic.hr\/portal\/\"},{\"@type\":\"ListItem\",\"position\":2,\"name\":\"Vuko, sin Drakule iliti Za\u017eablje do Tokija\"}]},{\"@type\":\"WebSite\",\"@id\":\"https:\/\/likemetkovic.hr\/#website\",\"url\":\"https:\/\/likemetkovic.hr\/\",\"name\":\"likemetkovic.hr\",\"description\":\"Misli pozitivno... \u010ditaj LIKE\",\"potentialAction\":[{\"@type\":\"SearchAction\",\"target\":{\"@type\":\"EntryPoint\",\"urlTemplate\":\"https:\/\/likemetkovic.hr\/?s={search_term_string}\"},\"query-input\":{\"@type\":\"PropertyValueSpecification\",\"valueRequired\":true,\"valueName\":\"search_term_string\"}}],\"inLanguage\":\"hr\"},{\"@type\":\"Person\",\"@id\":\"https:\/\/likemetkovic.hr\/#\/schema\/person\/a42711f3385a0e2be6f7e0443bfb28f0\",\"name\":\"LIKEmetkovic.hr\",\"sameAs\":[\"http:\/\/likemetkovic.hr\"],\"url\":\"https:\/\/likemetkovic.hr\/portal\/author\/likemetkovic-hr\/\"}]}<\/script>\n<!-- \/ Yoast SEO plugin. -->","yoast_head_json":{"title":"Vuko, sin Drakule iliti Za\u017eablje do Tokija - likemetkovic.hr","robots":{"index":"index","follow":"follow","max-snippet":"max-snippet:-1","max-image-preview":"max-image-preview:large","max-video-preview":"max-video-preview:-1"},"canonical":"https:\/\/likemetkovic.hr\/vuko-sin-drakule-iliti-zazablje-do-tokija\/","og_locale":"hr_HR","og_type":"article","og_title":"Vuko, sin Drakule iliti Za\u017eablje do Tokija - likemetkovic.hr","og_description":"Ljeto koje nikada ne prestaje moje je vi\u0111enje raja jer da sam negdje u tropskim krajevima (danas se \u010desto govori \u201eu tropima\u201c, no u hrvatskome jeziku tropi su stilske figure, a o njima ne\u0107emo iako sam nosim jedan \u201etropski\u201c nadimak \u2013 Hiperbola), ni\u0161ta ne bih radio. Kupio bih sombrero za popodnevno ubijanje oka i stalno [&hellip;]","og_url":"https:\/\/likemetkovic.hr\/vuko-sin-drakule-iliti-zazablje-do-tokija\/","og_site_name":"likemetkovic.hr","article_publisher":"https:\/\/www.facebook.com\/likemetkovic.hr\/","article_published_time":"2016-10-02T06:53:45+00:00","og_image":[{"width":848,"height":600,"url":"https:\/\/likemetkovic.hr\/wp-content\/uploads\/2016\/03\/domagoj_vidovi\u0107.jpg","type":"image\/jpeg"}],"author":"LIKEmetkovic.hr","twitter_card":"summary_large_image","twitter_misc":{"Napisao\/la":"LIKEmetkovic.hr","Procijenjeno vrijeme \u010ditanja":"14 minuta"},"schema":{"@context":"https:\/\/schema.org","@graph":[{"@type":"WebPage","@id":"https:\/\/likemetkovic.hr\/vuko-sin-drakule-iliti-zazablje-do-tokija\/","url":"https:\/\/likemetkovic.hr\/vuko-sin-drakule-iliti-zazablje-do-tokija\/","name":"Vuko, sin Drakule iliti Za\u017eablje do Tokija - likemetkovic.hr","isPartOf":{"@id":"https:\/\/likemetkovic.hr\/#website"},"primaryImageOfPage":{"@id":"https:\/\/likemetkovic.hr\/vuko-sin-drakule-iliti-zazablje-do-tokija\/#primaryimage"},"image":{"@id":"https:\/\/likemetkovic.hr\/vuko-sin-drakule-iliti-zazablje-do-tokija\/#primaryimage"},"thumbnailUrl":"https:\/\/likemetkovic.hr\/portal\/wp-content\/uploads\/2016\/03\/domagoj_vidovi\u0107.jpg","datePublished":"2016-10-02T06:53:45+00:00","author":{"@id":"https:\/\/likemetkovic.hr\/#\/schema\/person\/a42711f3385a0e2be6f7e0443bfb28f0"},"breadcrumb":{"@id":"https:\/\/likemetkovic.hr\/vuko-sin-drakule-iliti-zazablje-do-tokija\/#breadcrumb"},"inLanguage":"hr","potentialAction":[{"@type":"ReadAction","target":["https:\/\/likemetkovic.hr\/vuko-sin-drakule-iliti-zazablje-do-tokija\/"]}]},{"@type":"ImageObject","inLanguage":"hr","@id":"https:\/\/likemetkovic.hr\/vuko-sin-drakule-iliti-zazablje-do-tokija\/#primaryimage","url":"https:\/\/likemetkovic.hr\/portal\/wp-content\/uploads\/2016\/03\/domagoj_vidovi\u0107.jpg","contentUrl":"https:\/\/likemetkovic.hr\/portal\/wp-content\/uploads\/2016\/03\/domagoj_vidovi\u0107.jpg","width":848,"height":600},{"@type":"BreadcrumbList","@id":"https:\/\/likemetkovic.hr\/vuko-sin-drakule-iliti-zazablje-do-tokija\/#breadcrumb","itemListElement":[{"@type":"ListItem","position":1,"name":"Po\u010detna stranica","item":"https:\/\/likemetkovic.hr\/portal\/"},{"@type":"ListItem","position":2,"name":"Vuko, sin Drakule iliti Za\u017eablje do Tokija"}]},{"@type":"WebSite","@id":"https:\/\/likemetkovic.hr\/#website","url":"https:\/\/likemetkovic.hr\/","name":"likemetkovic.hr","description":"Misli pozitivno... \u010ditaj LIKE","potentialAction":[{"@type":"SearchAction","target":{"@type":"EntryPoint","urlTemplate":"https:\/\/likemetkovic.hr\/?s={search_term_string}"},"query-input":{"@type":"PropertyValueSpecification","valueRequired":true,"valueName":"search_term_string"}}],"inLanguage":"hr"},{"@type":"Person","@id":"https:\/\/likemetkovic.hr\/#\/schema\/person\/a42711f3385a0e2be6f7e0443bfb28f0","name":"LIKEmetkovic.hr","sameAs":["http:\/\/likemetkovic.hr"],"url":"https:\/\/likemetkovic.hr\/portal\/author\/likemetkovic-hr\/"}]}},"_links":{"self":[{"href":"https:\/\/likemetkovic.hr\/portal\/wp-json\/wp\/v2\/posts\/27867","targetHints":{"allow":["GET"]}}],"collection":[{"href":"https:\/\/likemetkovic.hr\/portal\/wp-json\/wp\/v2\/posts"}],"about":[{"href":"https:\/\/likemetkovic.hr\/portal\/wp-json\/wp\/v2\/types\/post"}],"author":[{"embeddable":true,"href":"https:\/\/likemetkovic.hr\/portal\/wp-json\/wp\/v2\/users\/7"}],"replies":[{"embeddable":true,"href":"https:\/\/likemetkovic.hr\/portal\/wp-json\/wp\/v2\/comments?post=27867"}],"version-history":[{"count":0,"href":"https:\/\/likemetkovic.hr\/portal\/wp-json\/wp\/v2\/posts\/27867\/revisions"}],"wp:featuredmedia":[{"embeddable":true,"href":"https:\/\/likemetkovic.hr\/portal\/wp-json\/wp\/v2\/media\/17161"}],"wp:attachment":[{"href":"https:\/\/likemetkovic.hr\/portal\/wp-json\/wp\/v2\/media?parent=27867"}],"wp:term":[{"taxonomy":"category","embeddable":true,"href":"https:\/\/likemetkovic.hr\/portal\/wp-json\/wp\/v2\/categories?post=27867"},{"taxonomy":"post_tag","embeddable":true,"href":"https:\/\/likemetkovic.hr\/portal\/wp-json\/wp\/v2\/tags?post=27867"}],"curies":[{"name":"wp","href":"https:\/\/api.w.org\/{rel}","templated":true}]}}