{"id":27928,"date":"2016-10-03T08:34:19","date_gmt":"2016-10-03T06:34:19","guid":{"rendered":"http:\/\/likemetkovic.hr\/?p=27928"},"modified":"2018-06-05T06:27:44","modified_gmt":"2018-06-05T04:27:44","slug":"franjevacki-samostan-makarskoj-metkovci-fra-ivo-rastocic-fra-martin-romic-obnovili-privremene-zavjete","status":"publish","type":"post","link":"https:\/\/likemetkovic.hr\/portal\/franjevacki-samostan-makarskoj-metkovci-fra-ivo-rastocic-fra-martin-romic-obnovili-privremene-zavjete\/","title":{"rendered":"Metkovci fra Ivo Rasto\u010di\u0107 i fra Martin Romi\u0107 obnovili jednostavne redovni\u010dke zavjete"},"content":{"rendered":"<p>U franjeva\u010dkom samostanu Uznesenja BDM u Makarskoj od 24. do 28. rujna 2016. franjeva\u010dki bogoslovi imali su duhovne vje\u017ebe prigodom obnove privremenih zavjeta. Voditelj duhovnih vje\u017ebi bio je fra Danijel Nikoli\u0107, magistar franjeva\u010dkih bogoslova Bosne Srebrene. Na duhovnim vje\u017ebama sudjelovalo je 16 bogoslova: fra Tino \u010catlak, fra Slaven \u010ceko, fra Filip \u010cogelja, fra Dani \u010culo, fra Nikola Dominis, fra Marko \u0110erek, fra Matej Peri\u0107, <strong>fra Ivo Rasto\u010di\u0107, fra Martin Romi\u0107<\/strong>, fra Darijo Sinkovi\u0107, fra Milan Sladoja, fra Darijo Stankovi\u0107, fra \u017deljko \u0160trbac, fra Dra\u017ean Tadi\u0107, fra Stipan Vugdelija, fra Nikola \u017dulj.<\/p>\n<p>Za vrijeme duhovnih vje\u017ebi bogoslovi su, uz zajedni\u010dka razmatranja, imali priliku posvetiti se molitvi, provesti vrijeme u ti\u0161ini ili \u0161etnji u ljepoti prirode i grada te igranju balota.<\/p>\n<p>Na zavr\u0161etku duhovnih vje\u017ebi u srijedu, 28. rujna 2016. u 10:30 sati, o. Provincijal predslavio je misno slavlje na kojem su bogoslovi obnovili jednostavne redovni\u010dke zavjete. U koncelebraciji su bili voditelj duhovnih vje\u017ebi fra Danijel Nikoli\u0107, fra Ivica Juri\u0107, magistar bogoslova,<strong> fra Domagoj Volarevi\u0107<\/strong>, domagistar bogoslova, i fra Ante \u010covo, gvardijan. Posebno istaknut trenutak misnog slavlja bilo je prvo redovni\u010dko zavjetovanje fra \u017deljka Bara\u0107a.<\/p>\n<p>Na kraju slavlja magistar fra Ivica zahvalio je o. Provincijalu koji predslavio svetu misu i obnovio zavjete, voditelju duhovnih vje\u017ebi fra Danijelu Nikoli\u0107u i gvardijanu fra Anti \u010covi te \u010dlanovima samostana na gostoprimstvu.<\/p>\n\r\n                <style type=\"text\/css\">\r\n                    \r\n                    #tdi_1  .td-doubleSlider-2 .td-item1 {\r\n                        background: url(https:\/\/likemetkovic.hr\/portal\/wp-content\/uploads\/2016\/10\/DSC_3335-80x60.jpg) 0 0 no-repeat;\r\n                    }\r\n                    #tdi_1  .td-doubleSlider-2 .td-item2 {\r\n                        background: url(https:\/\/likemetkovic.hr\/portal\/wp-content\/uploads\/2016\/10\/DSC_3346-80x60.jpg) 0 0 no-repeat;\r\n                    }\r\n                    #tdi_1  .td-doubleSlider-2 .td-item3 {\r\n                        background: url(https:\/\/likemetkovic.hr\/portal\/wp-content\/uploads\/2016\/10\/DSC_3475-1-80x60.jpg) 0 0 no-repeat;\r\n                    }\r\n                <\/style>\r\n\r\n                <div id=\"tdi_1\" class=\"td-gallery td-slide-on-2-columns\">\r\n                    <div class=\"post_td_gallery\">\r\n                        <div class=\"td-gallery-slide-top\">\r\n                           <div class=\"td-gallery-title\"><\/div>\r\n\r\n                            <div class=\"td-gallery-controls-wrapper\">\r\n                                <div class=\"td-gallery-slide-count\"><span class=\"td-gallery-slide-item-focus\">1<\/span> of 3<\/div>\r\n                                <div class=\"td-gallery-slide-prev-next-but\">\r\n                                    <i class = \"td-icon-left doubleSliderPrevButton\"><\/i>\r\n                                    <i class = \"td-icon-right doubleSliderNextButton\"><\/i>\r\n                                <\/div>\r\n                            <\/div>\r\n                        <\/div>\r\n\r\n                        <div class = \"td-doubleSlider-1 \">\r\n                            <div class = \"td-slider\">\r\n                                \r\n                    <div class = \"td-slide-item td-item1\">\r\n                        <figure class=\"td-slide-galery-figure td-slide-popup-gallery\">\r\n                            <a class=\"slide-gallery-image-link\" href=\"https:\/\/likemetkovic.hr\/portal\/wp-content\/uploads\/2016\/10\/DSC_3335.jpg\" title=\"dsc_3335\"  data-caption=\"\"  data-description=\"\">\r\n                                <img decoding=\"async\" src=\"https:\/\/likemetkovic.hr\/portal\/wp-content\/uploads\/2016\/10\/DSC_3335-629x420.jpg\" srcset=\"https:\/\/likemetkovic.hr\/portal\/wp-content\/uploads\/2016\/10\/DSC_3335-629x420.jpg 629w, https:\/\/likemetkovic.hr\/portal\/wp-content\/uploads\/2016\/10\/DSC_3335-300x200.jpg 300w, https:\/\/likemetkovic.hr\/portal\/wp-content\/uploads\/2016\/10\/DSC_3335-768x513.jpg 768w, https:\/\/likemetkovic.hr\/portal\/wp-content\/uploads\/2016\/10\/DSC_3335-640x428.jpg 640w, https:\/\/likemetkovic.hr\/portal\/wp-content\/uploads\/2016\/10\/DSC_3335-696x465.jpg 696w, https:\/\/likemetkovic.hr\/portal\/wp-content\/uploads\/2016\/10\/DSC_3335.jpg 958w\" sizes=\"(max-width: 629px) 100vw, 629px\" alt=\"\">\r\n                            <\/a>\r\n                            \r\n                        <\/figure>\r\n                    <\/div>\r\n                    <div class = \"td-slide-item td-item2\">\r\n                        <figure class=\"td-slide-galery-figure td-slide-popup-gallery\">\r\n                            <a class=\"slide-gallery-image-link\" href=\"https:\/\/likemetkovic.hr\/portal\/wp-content\/uploads\/2016\/10\/DSC_3346.jpg\" title=\"dsc_3346\"  data-caption=\"\"  data-description=\"\">\r\n                                <img decoding=\"async\" src=\"https:\/\/likemetkovic.hr\/portal\/wp-content\/uploads\/2016\/10\/DSC_3346-629x420.jpg\" srcset=\"https:\/\/likemetkovic.hr\/portal\/wp-content\/uploads\/2016\/10\/DSC_3346-629x420.jpg 629w, https:\/\/likemetkovic.hr\/portal\/wp-content\/uploads\/2016\/10\/DSC_3346-300x200.jpg 300w, https:\/\/likemetkovic.hr\/portal\/wp-content\/uploads\/2016\/10\/DSC_3346-768x513.jpg 768w, https:\/\/likemetkovic.hr\/portal\/wp-content\/uploads\/2016\/10\/DSC_3346-640x428.jpg 640w, https:\/\/likemetkovic.hr\/portal\/wp-content\/uploads\/2016\/10\/DSC_3346-696x465.jpg 696w, https:\/\/likemetkovic.hr\/portal\/wp-content\/uploads\/2016\/10\/DSC_3346.jpg 958w\" sizes=\"(max-width: 629px) 100vw, 629px\" alt=\"\">\r\n                            <\/a>\r\n                            \r\n                        <\/figure>\r\n                    <\/div>\r\n                    <div class = \"td-slide-item td-item3\">\r\n                        <figure class=\"td-slide-galery-figure td-slide-popup-gallery\">\r\n                            <a class=\"slide-gallery-image-link\" href=\"https:\/\/likemetkovic.hr\/portal\/wp-content\/uploads\/2016\/10\/DSC_3475-1.jpg\" title=\"dsc_3475\"  data-caption=\"\"  data-description=\"\">\r\n                                <img decoding=\"async\" src=\"https:\/\/likemetkovic.hr\/portal\/wp-content\/uploads\/2016\/10\/DSC_3475-1-582x420.jpg\" srcset=\"https:\/\/likemetkovic.hr\/portal\/wp-content\/uploads\/2016\/10\/DSC_3475-1-582x420.jpg 582w, https:\/\/likemetkovic.hr\/portal\/wp-content\/uploads\/2016\/10\/DSC_3475-1-300x217.jpg 300w, https:\/\/likemetkovic.hr\/portal\/wp-content\/uploads\/2016\/10\/DSC_3475-1-768x555.jpg 768w, https:\/\/likemetkovic.hr\/portal\/wp-content\/uploads\/2016\/10\/DSC_3475-1-640x462.jpg 640w, https:\/\/likemetkovic.hr\/portal\/wp-content\/uploads\/2016\/10\/DSC_3475-1-324x235.jpg 324w, https:\/\/likemetkovic.hr\/portal\/wp-content\/uploads\/2016\/10\/DSC_3475-1-696x503.jpg 696w, https:\/\/likemetkovic.hr\/portal\/wp-content\/uploads\/2016\/10\/DSC_3475-1.jpg 831w\" sizes=\"(max-width: 582px) 100vw, 582px\" alt=\"\">\r\n                            <\/a>\r\n                            \r\n                        <\/figure>\r\n                    <\/div>\r\n                            <\/div>\r\n                        <\/div>\r\n\r\n                        <div class = \"td-doubleSlider-2\">\r\n                            <div class = \"td-slider\">\r\n                                \r\n                    <div class = \"td-button td-item1\">\r\n                        <div class = \"td-border\"><\/div>\r\n                    <\/div>\r\n                    <div class = \"td-button td-item2\">\r\n                        <div class = \"td-border\"><\/div>\r\n                    <\/div>\r\n                    <div class = \"td-button td-item3\">\r\n                        <div class = \"td-border\"><\/div>\r\n                    <\/div>\r\n                            <\/div>\r\n                        <\/div>\r\n\r\n                    <\/div>\r\n\r\n                <\/div>\r\n                \n","protected":false},"excerpt":{"rendered":"<p>U franjeva\u010dkom samostanu Uznesenja BDM u Makarskoj od 24. do 28. rujna 2016. franjeva\u010dki bogoslovi imali su duhovne vje\u017ebe prigodom obnove privremenih zavjeta. Voditelj duhovnih vje\u017ebi bio je fra Danijel Nikoli\u0107, magistar franjeva\u010dkih bogoslova Bosne Srebrene. Na duhovnim vje\u017ebama sudjelovalo je 16 bogoslova: fra Tino \u010catlak, fra Slaven \u010ceko, fra Filip \u010cogelja, fra Dani \u010culo, [&hellip;]<\/p>\n","protected":false},"author":7,"featured_media":27937,"comment_status":"open","ping_status":"open","sticky":false,"template":"","format":"standard","meta":{"footnotes":""},"categories":[283],"tags":[],"class_list":{"0":"post-27928","1":"post","2":"type-post","3":"status-publish","4":"format-standard","5":"has-post-thumbnail","7":"category-a"},"yoast_head":"<!-- This site is optimized with the Yoast SEO plugin v25.2 - https:\/\/yoast.com\/wordpress\/plugins\/seo\/ -->\n<title>Metkovci fra Ivo Rasto\u010di\u0107 i fra Martin Romi\u0107 obnovili jednostavne redovni\u010dke zavjete - likemetkovic.hr<\/title>\n<meta name=\"robots\" content=\"index, follow, max-snippet:-1, max-image-preview:large, max-video-preview:-1\" \/>\n<link rel=\"canonical\" href=\"https:\/\/likemetkovic.hr\/franjevacki-samostan-makarskoj-metkovci-fra-ivo-rastocic-fra-martin-romic-obnovili-privremene-zavjete\/\" \/>\n<meta property=\"og:locale\" content=\"hr_HR\" \/>\n<meta property=\"og:type\" content=\"article\" \/>\n<meta property=\"og:title\" content=\"Metkovci fra Ivo Rasto\u010di\u0107 i fra Martin Romi\u0107 obnovili jednostavne redovni\u010dke zavjete - likemetkovic.hr\" \/>\n<meta property=\"og:description\" content=\"U franjeva\u010dkom samostanu Uznesenja BDM u Makarskoj od 24. do 28. rujna 2016. franjeva\u010dki bogoslovi imali su duhovne vje\u017ebe prigodom obnove privremenih zavjeta. Voditelj duhovnih vje\u017ebi bio je fra Danijel Nikoli\u0107, magistar franjeva\u010dkih bogoslova Bosne Srebrene. Na duhovnim vje\u017ebama sudjelovalo je 16 bogoslova: fra Tino \u010catlak, fra Slaven \u010ceko, fra Filip \u010cogelja, fra Dani \u010culo, [&hellip;]\" \/>\n<meta property=\"og:url\" content=\"https:\/\/likemetkovic.hr\/franjevacki-samostan-makarskoj-metkovci-fra-ivo-rastocic-fra-martin-romic-obnovili-privremene-zavjete\/\" \/>\n<meta property=\"og:site_name\" content=\"likemetkovic.hr\" \/>\n<meta property=\"article:publisher\" content=\"https:\/\/www.facebook.com\/likemetkovic.hr\/\" \/>\n<meta property=\"article:published_time\" content=\"2016-10-03T06:34:19+00:00\" \/>\n<meta property=\"article:modified_time\" content=\"2018-06-05T04:27:44+00:00\" \/>\n<meta property=\"og:image\" content=\"https:\/\/likemetkovic.hr\/wp-content\/uploads\/2016\/10\/DSC_3475-1.jpg\" \/>\n\t<meta property=\"og:image:width\" content=\"831\" \/>\n\t<meta property=\"og:image:height\" content=\"600\" \/>\n\t<meta property=\"og:image:type\" content=\"image\/jpeg\" \/>\n<meta name=\"author\" content=\"LIKEmetkovic.hr\" \/>\n<meta name=\"twitter:card\" content=\"summary_large_image\" \/>\n<meta name=\"twitter:label1\" content=\"Napisao\/la\" \/>\n\t<meta name=\"twitter:data1\" content=\"LIKEmetkovic.hr\" \/>\n\t<meta name=\"twitter:label2\" content=\"Procijenjeno vrijeme \u010ditanja\" \/>\n\t<meta name=\"twitter:data2\" content=\"1 minuta\" \/>\n<script type=\"application\/ld+json\" class=\"yoast-schema-graph\">{\"@context\":\"https:\/\/schema.org\",\"@graph\":[{\"@type\":\"WebPage\",\"@id\":\"https:\/\/likemetkovic.hr\/franjevacki-samostan-makarskoj-metkovci-fra-ivo-rastocic-fra-martin-romic-obnovili-privremene-zavjete\/\",\"url\":\"https:\/\/likemetkovic.hr\/franjevacki-samostan-makarskoj-metkovci-fra-ivo-rastocic-fra-martin-romic-obnovili-privremene-zavjete\/\",\"name\":\"Metkovci fra Ivo Rasto\u010di\u0107 i fra Martin Romi\u0107 obnovili jednostavne redovni\u010dke zavjete - likemetkovic.hr\",\"isPartOf\":{\"@id\":\"https:\/\/likemetkovic.hr\/#website\"},\"primaryImageOfPage\":{\"@id\":\"https:\/\/likemetkovic.hr\/franjevacki-samostan-makarskoj-metkovci-fra-ivo-rastocic-fra-martin-romic-obnovili-privremene-zavjete\/#primaryimage\"},\"image\":{\"@id\":\"https:\/\/likemetkovic.hr\/franjevacki-samostan-makarskoj-metkovci-fra-ivo-rastocic-fra-martin-romic-obnovili-privremene-zavjete\/#primaryimage\"},\"thumbnailUrl\":\"https:\/\/likemetkovic.hr\/portal\/wp-content\/uploads\/2016\/10\/DSC_3475-1.jpg\",\"datePublished\":\"2016-10-03T06:34:19+00:00\",\"dateModified\":\"2018-06-05T04:27:44+00:00\",\"author\":{\"@id\":\"https:\/\/likemetkovic.hr\/#\/schema\/person\/a42711f3385a0e2be6f7e0443bfb28f0\"},\"breadcrumb\":{\"@id\":\"https:\/\/likemetkovic.hr\/franjevacki-samostan-makarskoj-metkovci-fra-ivo-rastocic-fra-martin-romic-obnovili-privremene-zavjete\/#breadcrumb\"},\"inLanguage\":\"hr\",\"potentialAction\":[{\"@type\":\"ReadAction\",\"target\":[\"https:\/\/likemetkovic.hr\/franjevacki-samostan-makarskoj-metkovci-fra-ivo-rastocic-fra-martin-romic-obnovili-privremene-zavjete\/\"]}]},{\"@type\":\"ImageObject\",\"inLanguage\":\"hr\",\"@id\":\"https:\/\/likemetkovic.hr\/franjevacki-samostan-makarskoj-metkovci-fra-ivo-rastocic-fra-martin-romic-obnovili-privremene-zavjete\/#primaryimage\",\"url\":\"https:\/\/likemetkovic.hr\/portal\/wp-content\/uploads\/2016\/10\/DSC_3475-1.jpg\",\"contentUrl\":\"https:\/\/likemetkovic.hr\/portal\/wp-content\/uploads\/2016\/10\/DSC_3475-1.jpg\",\"width\":831,\"height\":600},{\"@type\":\"BreadcrumbList\",\"@id\":\"https:\/\/likemetkovic.hr\/franjevacki-samostan-makarskoj-metkovci-fra-ivo-rastocic-fra-martin-romic-obnovili-privremene-zavjete\/#breadcrumb\",\"itemListElement\":[{\"@type\":\"ListItem\",\"position\":1,\"name\":\"Po\u010detna stranica\",\"item\":\"https:\/\/likemetkovic.hr\/portal\/\"},{\"@type\":\"ListItem\",\"position\":2,\"name\":\"Metkovci fra Ivo Rasto\u010di\u0107 i fra Martin Romi\u0107 obnovili jednostavne redovni\u010dke zavjete\"}]},{\"@type\":\"WebSite\",\"@id\":\"https:\/\/likemetkovic.hr\/#website\",\"url\":\"https:\/\/likemetkovic.hr\/\",\"name\":\"likemetkovic.hr\",\"description\":\"Misli pozitivno... \u010ditaj LIKE\",\"potentialAction\":[{\"@type\":\"SearchAction\",\"target\":{\"@type\":\"EntryPoint\",\"urlTemplate\":\"https:\/\/likemetkovic.hr\/?s={search_term_string}\"},\"query-input\":{\"@type\":\"PropertyValueSpecification\",\"valueRequired\":true,\"valueName\":\"search_term_string\"}}],\"inLanguage\":\"hr\"},{\"@type\":\"Person\",\"@id\":\"https:\/\/likemetkovic.hr\/#\/schema\/person\/a42711f3385a0e2be6f7e0443bfb28f0\",\"name\":\"LIKEmetkovic.hr\",\"sameAs\":[\"http:\/\/likemetkovic.hr\"],\"url\":\"https:\/\/likemetkovic.hr\/portal\/author\/likemetkovic-hr\/\"}]}<\/script>\n<!-- \/ Yoast SEO plugin. -->","yoast_head_json":{"title":"Metkovci fra Ivo Rasto\u010di\u0107 i fra Martin Romi\u0107 obnovili jednostavne redovni\u010dke zavjete - likemetkovic.hr","robots":{"index":"index","follow":"follow","max-snippet":"max-snippet:-1","max-image-preview":"max-image-preview:large","max-video-preview":"max-video-preview:-1"},"canonical":"https:\/\/likemetkovic.hr\/franjevacki-samostan-makarskoj-metkovci-fra-ivo-rastocic-fra-martin-romic-obnovili-privremene-zavjete\/","og_locale":"hr_HR","og_type":"article","og_title":"Metkovci fra Ivo Rasto\u010di\u0107 i fra Martin Romi\u0107 obnovili jednostavne redovni\u010dke zavjete - likemetkovic.hr","og_description":"U franjeva\u010dkom samostanu Uznesenja BDM u Makarskoj od 24. do 28. rujna 2016. franjeva\u010dki bogoslovi imali su duhovne vje\u017ebe prigodom obnove privremenih zavjeta. Voditelj duhovnih vje\u017ebi bio je fra Danijel Nikoli\u0107, magistar franjeva\u010dkih bogoslova Bosne Srebrene. Na duhovnim vje\u017ebama sudjelovalo je 16 bogoslova: fra Tino \u010catlak, fra Slaven \u010ceko, fra Filip \u010cogelja, fra Dani \u010culo, [&hellip;]","og_url":"https:\/\/likemetkovic.hr\/franjevacki-samostan-makarskoj-metkovci-fra-ivo-rastocic-fra-martin-romic-obnovili-privremene-zavjete\/","og_site_name":"likemetkovic.hr","article_publisher":"https:\/\/www.facebook.com\/likemetkovic.hr\/","article_published_time":"2016-10-03T06:34:19+00:00","article_modified_time":"2018-06-05T04:27:44+00:00","og_image":[{"width":831,"height":600,"url":"https:\/\/likemetkovic.hr\/wp-content\/uploads\/2016\/10\/DSC_3475-1.jpg","type":"image\/jpeg"}],"author":"LIKEmetkovic.hr","twitter_card":"summary_large_image","twitter_misc":{"Napisao\/la":"LIKEmetkovic.hr","Procijenjeno vrijeme \u010ditanja":"1 minuta"},"schema":{"@context":"https:\/\/schema.org","@graph":[{"@type":"WebPage","@id":"https:\/\/likemetkovic.hr\/franjevacki-samostan-makarskoj-metkovci-fra-ivo-rastocic-fra-martin-romic-obnovili-privremene-zavjete\/","url":"https:\/\/likemetkovic.hr\/franjevacki-samostan-makarskoj-metkovci-fra-ivo-rastocic-fra-martin-romic-obnovili-privremene-zavjete\/","name":"Metkovci fra Ivo Rasto\u010di\u0107 i fra Martin Romi\u0107 obnovili jednostavne redovni\u010dke zavjete - likemetkovic.hr","isPartOf":{"@id":"https:\/\/likemetkovic.hr\/#website"},"primaryImageOfPage":{"@id":"https:\/\/likemetkovic.hr\/franjevacki-samostan-makarskoj-metkovci-fra-ivo-rastocic-fra-martin-romic-obnovili-privremene-zavjete\/#primaryimage"},"image":{"@id":"https:\/\/likemetkovic.hr\/franjevacki-samostan-makarskoj-metkovci-fra-ivo-rastocic-fra-martin-romic-obnovili-privremene-zavjete\/#primaryimage"},"thumbnailUrl":"https:\/\/likemetkovic.hr\/portal\/wp-content\/uploads\/2016\/10\/DSC_3475-1.jpg","datePublished":"2016-10-03T06:34:19+00:00","dateModified":"2018-06-05T04:27:44+00:00","author":{"@id":"https:\/\/likemetkovic.hr\/#\/schema\/person\/a42711f3385a0e2be6f7e0443bfb28f0"},"breadcrumb":{"@id":"https:\/\/likemetkovic.hr\/franjevacki-samostan-makarskoj-metkovci-fra-ivo-rastocic-fra-martin-romic-obnovili-privremene-zavjete\/#breadcrumb"},"inLanguage":"hr","potentialAction":[{"@type":"ReadAction","target":["https:\/\/likemetkovic.hr\/franjevacki-samostan-makarskoj-metkovci-fra-ivo-rastocic-fra-martin-romic-obnovili-privremene-zavjete\/"]}]},{"@type":"ImageObject","inLanguage":"hr","@id":"https:\/\/likemetkovic.hr\/franjevacki-samostan-makarskoj-metkovci-fra-ivo-rastocic-fra-martin-romic-obnovili-privremene-zavjete\/#primaryimage","url":"https:\/\/likemetkovic.hr\/portal\/wp-content\/uploads\/2016\/10\/DSC_3475-1.jpg","contentUrl":"https:\/\/likemetkovic.hr\/portal\/wp-content\/uploads\/2016\/10\/DSC_3475-1.jpg","width":831,"height":600},{"@type":"BreadcrumbList","@id":"https:\/\/likemetkovic.hr\/franjevacki-samostan-makarskoj-metkovci-fra-ivo-rastocic-fra-martin-romic-obnovili-privremene-zavjete\/#breadcrumb","itemListElement":[{"@type":"ListItem","position":1,"name":"Po\u010detna stranica","item":"https:\/\/likemetkovic.hr\/portal\/"},{"@type":"ListItem","position":2,"name":"Metkovci fra Ivo Rasto\u010di\u0107 i fra Martin Romi\u0107 obnovili jednostavne redovni\u010dke zavjete"}]},{"@type":"WebSite","@id":"https:\/\/likemetkovic.hr\/#website","url":"https:\/\/likemetkovic.hr\/","name":"likemetkovic.hr","description":"Misli pozitivno... \u010ditaj LIKE","potentialAction":[{"@type":"SearchAction","target":{"@type":"EntryPoint","urlTemplate":"https:\/\/likemetkovic.hr\/?s={search_term_string}"},"query-input":{"@type":"PropertyValueSpecification","valueRequired":true,"valueName":"search_term_string"}}],"inLanguage":"hr"},{"@type":"Person","@id":"https:\/\/likemetkovic.hr\/#\/schema\/person\/a42711f3385a0e2be6f7e0443bfb28f0","name":"LIKEmetkovic.hr","sameAs":["http:\/\/likemetkovic.hr"],"url":"https:\/\/likemetkovic.hr\/portal\/author\/likemetkovic-hr\/"}]}},"_links":{"self":[{"href":"https:\/\/likemetkovic.hr\/portal\/wp-json\/wp\/v2\/posts\/27928","targetHints":{"allow":["GET"]}}],"collection":[{"href":"https:\/\/likemetkovic.hr\/portal\/wp-json\/wp\/v2\/posts"}],"about":[{"href":"https:\/\/likemetkovic.hr\/portal\/wp-json\/wp\/v2\/types\/post"}],"author":[{"embeddable":true,"href":"https:\/\/likemetkovic.hr\/portal\/wp-json\/wp\/v2\/users\/7"}],"replies":[{"embeddable":true,"href":"https:\/\/likemetkovic.hr\/portal\/wp-json\/wp\/v2\/comments?post=27928"}],"version-history":[{"count":0,"href":"https:\/\/likemetkovic.hr\/portal\/wp-json\/wp\/v2\/posts\/27928\/revisions"}],"wp:featuredmedia":[{"embeddable":true,"href":"https:\/\/likemetkovic.hr\/portal\/wp-json\/wp\/v2\/media\/27937"}],"wp:attachment":[{"href":"https:\/\/likemetkovic.hr\/portal\/wp-json\/wp\/v2\/media?parent=27928"}],"wp:term":[{"taxonomy":"category","embeddable":true,"href":"https:\/\/likemetkovic.hr\/portal\/wp-json\/wp\/v2\/categories?post=27928"},{"taxonomy":"post_tag","embeddable":true,"href":"https:\/\/likemetkovic.hr\/portal\/wp-json\/wp\/v2\/tags?post=27928"}],"curies":[{"name":"wp","href":"https:\/\/api.w.org\/{rel}","templated":true}]}}