{"id":29821,"date":"2016-10-31T14:03:24","date_gmt":"2016-10-31T12:03:24","guid":{"rendered":"http:\/\/likemetkovic.hr\/?p=29821"},"modified":"2016-10-31T14:03:24","modified_gmt":"2016-10-31T12:03:24","slug":"dr-sc-domagoj-vidovic-povratak-sendvic","status":"publish","type":"post","link":"https:\/\/likemetkovic.hr\/portal\/dr-sc-domagoj-vidovic-povratak-sendvic\/","title":{"rendered":"Dr. sc. Domagoj Vidovi\u0107 &#8211; Povratak na sendvi\u010d"},"content":{"rendered":"<p>Jesen je uvijek nosila boje, mirise i boli otvorenih rana, stoga smo se uvijek bojali ti\u0161ine u kojoj se bude crne slutnje. Sa svakim su se sutonom (a to su dani kad se sve br\u017ee smrkava) o\u017eivljavala mra\u010dna sje\u0107anja jerbo bi nas iza sure hridi ili ogoljela rta vrebale utvare od kojih se branismo sardskim cerekom o\u010dekuju\u0107i da nas sablasti ne\u0107e do\u010dekati kad jednom duga mra\u010dna no\u0107 napokon mine i kad nakon nje napokon otklopimo o\u010di. <em>Smiluj se nama, Gospodine! Smiluj se nama. <\/em>Ujesen bismo se nakon branja maslina uvijek penjali na visove kako bismo ugrijali zglobove skvr\u010dene poput debala stoljetnih stabala, a plamen bi u\u017eganoga tan\u010dika tek na trenutak razgonio tmore koje bi se tanjile tek nakon vi\u0161e kutala vina. Plamen bi rasvjetljivao kmicu tek toliko da ne spuznemo i ne razbijemo se, no kao \u0161to studeno more nije vidalo otvorene rane, nego ih je samo rastvaralo, kao \u0161to nas pu\u0161tanje krvi iz njih nije lije\u010dilo, nego nam oduzimalo snagu i dah, tako bi nas i vino tek pridiglo, dovoljno da nam novi dodir s tlom samo bude jo\u0161 bolniji jer preduge su te jesenske no\u0107i u kojima su boje prejarke da bi se s mirom usnulo. <em>Smiluj se nama, Gospodine! Smiluj se nama. <\/em>Katkad se pitamo je li nam bolje u maglama, u krajevima u kojima se svaka mast preobrazi u sivilo jer se onda i ne nadamo danu, jer onda ni ne znamo \u017eivimo li ili tek nemirno snijemo, jer onda zaboravimo kako smo neko\u0107 \u017eivjeli i \u0161to smo snovali, a u \u0161to smo se na koncu prometnuli. Ujesen stoga ni ne bi bilo te\u0161ko zauvijek oti\u0107i jer smo i tako nakon ro\u0111enja mali i nesvjesni bili uronjeni u vodu, a sad kad nam Sunce tek rijetko i slaba\u0161no otpozdravi i kad nas more te\u0161ko prihva\u0107a, najlak\u0161e bi bilo uroniti u beskrajno plavetnilo i natjerati staroga grintavog prijatelja da otare svaku suzu s na\u0161ih o\u010diju. <em>Smiluj se nama, Gospodine! Smiluj se nama<\/em>.<\/p>\n<p>Negdje pretkraj prvoga odlaska s Otoka prijatelj mi re\u010de kako bi trebalo dokinuti svibanj i listopad jer su to mjeseci koji nas zavaravaju: svibanjski nas topli dani dra\u017ee da pomislimo kako je ljeto na vratima, a onda nas neverini, bure i najednom ispra\u017enjeni porti i pla\u017ee uvjere da nije tako, a listopad nas bonacama za\u010dara, pa pomislimo da ljetu nije kraj sve dok nam pomicanje u najbli\u017ei hlad ne utjera studenicu u kosti, a no\u0107i nas duge ne uvjere da smo zapravo sve zamislili te ne pobude sumnju da su ru\u0161evine ljeta jednako nestvarne kao ljeto samo. Mogu li <em>mirne, plave na\u0161e vale<\/em> tje\u0161iti svoje ljude?<\/p>\n<p>Kraj ljeta (iako je davno kalendarski pro\u0161lo, za mene ono zavr\u0161ava tek nakon posljednjega <em>banja<\/em>, a jo\u0161 se nadam barem jednomu) obi\u010dno na povr\u0161inu vra\u0107a i zakopane ratne sjekire u hrvatskome jezikoslovlju u kojemu se teme vje\u010dito ponavljaju. \u010citao sam nedavno tako kolumnu Branimira Pofuka koji je zgro\u017een naglascima Bo\u017ee Pe<strong>tro<\/strong>va (podebljani su nagla\u0161eni slogovi kako biste odgonetnuli mjesto naglaska koje nije uvijek u skladu s o\u010dekivanjima, ne bio ja dugogodi\u0161njim suradnikom \u0160\u0107epe \u0160e<strong>\u0161e<\/strong>lja). Novinar dr\u017ei kako je pravilan izgovor sva\u010dijega osobnoga imena i prezimena odrazom gra\u0111anske ulju\u0111enosti i u tome je potpuno u pravu, navodi \u010dak i neke zgodne primjere (uklju\u010duju\u0107i i osobne) te zamjera predsjedniku Hrvatskoga sabora \u0161to osobno ime koje bi on (novinar) i svaki urbani Hrvat, dakako po njegovu mi\u0161ljenju, izgovorio <strong>To<\/strong>mislav, a drugi on (Bo\u017eo Petrov) izgovara mjesno To<strong>mi<\/strong>slav. Meni uvijek ta ocjena <em>urbano<\/em> ide na jetra jer bi, primjerice, i mnogi Dubrov\u010danin ili Mostarac (a ako Dubrovnik nije grad, onda ne znam \u0161to grad jest) navedeno osobno ime izgovorio poput Bo\u017ee Pe<strong>tro<\/strong>va iako se mogu slo\u017eiti da bi Zagrep\u010danin Tomislav Saucha te\u0161ko svoje ime izgovorio poput mojega sugra\u0111anina Bo\u017ee. \u010cak se i na\u010delno mogu slo\u017eiti s ocjenom da bi se predsjednik Hrvatskoga sabora trebao propitati kod svojih kolega kako svatko od njih svoje osobno ime izgovara, no ne bih se slo\u017eio s ocjenom da bi svako od osobnih imena i prezimena trebalo izgovarati onako kako se izvorno izgovara jer bi onda, primjerice, i Branimir Pofuk morao nau\u010diti da se kor\u010dulansko prezime Ba\u010di\u0107 ne izgovara sa \u0161tokavskim <em>\u0107<\/em>, nego sa znatno umek\u0161anijim \u010dakavskim, a pitanje je mo\u017ee li ga proizvesti. Osim toga, ve\u0107 sam se vi\u0161e puta uvjerio da su na\u0161i novinari osjetljivi na <em>provincijski <\/em>izgovor te da pravilo koje sami postavljaju (dakle, da prezimena treba izgovarati prema mjesnome liku) ne primjenjuju (dodu\u0161e, uglavnom zato \u0161to ne znaju ili se grade da ne znaju) ni na \u0161tokavska prezimena, po\u010desto \u010dak i kad je rije\u010d o prezimenima iz krajeva iz kojih sami potje\u010du. Tako, recimo, jedan \u0161portski izvjestitelj ro\u0111en u Usori susjedu iz bosanskoga dijela Posavine <strong>Ko<\/strong>zini prezime uporno izgovara Ko<strong>zi<\/strong>na kao da je s Dugoga otoka, a rijetko da bi se koji novinar iz kulture (a takav je i Branimir Pofuk) usudio izgovoriti Ce<strong>les<\/strong>tin Me<strong>do<\/strong>vi\u0107, kako imensku formulu glasovitoga umjetnika izgovaraju njegovi Kunovljani. Zahtijevati od na\u0161ih novinara da prezimena na\u0161ih rukometnih izbornika izgovaraju pravilno, tj. <em>Gol\u00fa\u017ea <\/em>i <em>B\u00e1bi\u0107<\/em>, prezime nobelovca Ive Andri\u0107a poput Travni\u010dana <em>\u00c0ndr\u012b\u0107<\/em> te da nau\u010de kako se pravilno izgovara <em>J\u00e0rak<\/em> (\u0161tovi\u0161e genitiv je <em>J\u00e0raka<\/em>), bilo bi vjerojatno previ\u0161e, no prigovara se obi\u010dno samo <em>provinciji <\/em>jer se ona uglavnom ni ne buni, jednim dijelom i stoga \u0161to se sama srami vlastita govora (zasad se ipak metkovski zastupnici u Hrvatskome saboru dobro dr\u017ee, \u0161to javno pohvaljujem). Uostalom, mnogi na\u0161i politi\u010dari iz \u0161tokavskih krajeva poput Slavonije i Makarskoga primorja \u010dim zasjednu na polo\u017eaj, po\u010dnu govoriti poku<strong>\u0161a<\/strong>va, repli<strong>ci<\/strong>ra, pro<strong>gram<\/strong> i sl., \u0161to Branimir Pofuk pravilno uo\u010dava i s pravom kritizira. <em>Provincija <\/em>je na tapetu i stoga \u0161to nema pristup priop\u0107ivalima (zato je meni kao lokal-patriotu drago kad se \u010duju neki mjesni likovi od kojih se hrvatskim snobovima di\u017ee kosa na glavi poput metkovskoga izgovora To<strong>mi<\/strong>slav ili blajskoga naglasnog sustava primijenjenoga na rije\u010di iz hrvatskoga standardnog jezika u re\u017eiji Branka Ba\u010di\u0107a), a ono \u0161to ne \u010duju u medijima, i mnogi kroatisti dr\u017ee nepostoje\u0107im \u010dak i kad je pravilno. Ukratko, tema je koju je otvorio Branimir Pofuk zanimljiva i uistinu bismo se barem unutar u\u017eega kruga mogli informirati o pravilnome izgovoru pojedinih prezimena (primjerice, vjerujem kako sam novinar nije svjestan kako se prezime Petrov izvorno izgovara u kosim pade\u017eima te bi tako sam sebi mogao sko\u010diti u usta) s tim da u javnoj uporabi biramo likove koji su u skladu s fonolo\u0161kim i naglasnim sustavom hrvatskoga standardnog jezika kako se ne bismo doveli u stanje da se gotovo i ne razumijemo (da mi je vidjeti toga genijalca u medijskome prostoru koji je u stanju pravilno izgovoriti mjesni lik kakva bednjanskoga ili pa\u0161koga osobnoga imena i prezimena). Ako postoji vi\u0161e likova koji su u skladu s pravilima hrvatskoga standardnog jezika, mo\u017eemo odabrati lik kojim se nositelj osobnoga imena slu\u017ei (primjerice, glumac je Marti\u0107 To<strong>mis<\/strong>lav, a novinar je Baran <strong>To<\/strong>mislav) ili koje nam je, ako doti\u010dnoga ne poznajemo (jer te\u0161ko da poznajemo svakoga od 39 105 nositelja osobnoga imena <strong>To<\/strong>mislav ili To<strong>mi<\/strong>slav, koliko ih je pobrojeno tijekom popisa 2011. godine), bli\u017ee. Bo\u017eo Petrov je odabrao ono \u0161to je bli\u017ee njegovu mjesnomu govoru izgovoru te nije prekr\u0161io ni jedno od pravila standardnojezi\u010dnoga nagla\u0161ivanja (\u0161to Pofukovi kolege \u010desto \u010dine, pa \u010dak i kad ih nogometa\u0161 <strong>\u010ca<\/strong>val upozori da nije \u010ca<strong>val<\/strong>, kad im rukometa\u0161 <strong>Goj<\/strong>un uka\u017ee da nije Go<strong>jun<\/strong>, i dalje drve po svojemu; da ne ponavljam primjere iz vremenske prognoze po kojoj \u0107e vrijeme <em>u\u00a0 Sla<strong>vo<\/strong>niji i Dal<strong>ma<\/strong>ciji u <strong>\u010de<\/strong>tvrtak biti <strong>pro<\/strong>mjenjivo zbog ciklone iznad I<strong>ta<\/strong>lije<\/em> radi \u010dega bi prognosti\u010dare trebalo poslati na jezi\u010dne vje\u017ebe), a ako mu tkogod od zastupnika natukne da mu osobno ime ne izgovara \u201emetkovski\u201c, vjerujem da \u0107e to prihvatiti. Uostalom, njemu je lak\u0161e jer u Hrvatskome saboru mora nau\u010diti pravilno izgovarati tek stotinjak osobnih imena i prezimena dok, primjerice, novinarima svakodnevno preko usta prelaze stotine osobnih imena, a kako vidimo, \u010dak im ni naj\u010de\u0161\u0107e ne polazi uvijek za rukom to\u010dno izgovoriti iako su osjetljivi na tu\u0111e pogre\u0161ke. Ocjene pak \u201eurbano\u201c i \u201eruralno\u201c dio su dviju du\u017eih pri\u010da, jedne o hrvatskome ladi\u010darenju te druge o malogra\u0111an\u0161tini.<\/p>\n<p>Na koncu tek jedna fra\u0161kica iz Kleka u kojemu je jedno\u0107 nesu\u0111eni ribar na mrtvo ime i uz \u010du\u0111enje izletni\u010dadi (kojoj je mjesni ugostitelj objasnio kako je rije\u010d o <em>performansu<\/em>) i vlastite k\u0107eri (<em>Julio, \u0161ta je tebi, kakav performans, tebi je samo do zafrkancije, daj mi kavu da se malo smirim!<\/em>), prvo na moru, a onda na kraju, veslom izmlatio <em>pentu <\/em>koja nije htjela upaliti ni nakon \u0161to joj je priprijetio da \u0107e je baciti na dno oceana. \u201eNije ti more magistrala\u201c, vi\u0161e je za sebe (iako dovoljno glasno da i drugi \u010duju) manirom rutinera procijedio \u0161jor Mile namje\u0161taju\u0107i usput kapelin. Pa da treba ukinuti listopad, Ivane Prijevi\u0107u!<\/p>\n<p>Domagoj Vidovi\u0107, <em>Rodom o jeziku<\/em>, listopad, br. 2<\/p>\n","protected":false},"excerpt":{"rendered":"<p>Jesen je uvijek nosila boje, mirise i boli otvorenih rana, stoga smo se uvijek bojali ti\u0161ine u kojoj se bude crne slutnje. Sa svakim su se sutonom (a to su dani kad se sve br\u017ee smrkava) o\u017eivljavala mra\u010dna sje\u0107anja jerbo bi nas iza sure hridi ili ogoljela rta vrebale utvare od kojih se branismo sardskim [&hellip;]<\/p>\n","protected":false},"author":7,"featured_media":28572,"comment_status":"open","ping_status":"open","sticky":false,"template":"","format":"standard","meta":{"footnotes":""},"categories":[283,71],"tags":[],"class_list":{"0":"post-29821","1":"post","2":"type-post","3":"status-publish","4":"format-standard","5":"has-post-thumbnail","7":"category-a","8":"category-svega-po-malo"},"yoast_head":"<!-- This site is optimized with the Yoast SEO plugin v25.2 - https:\/\/yoast.com\/wordpress\/plugins\/seo\/ -->\n<title>Dr. sc. Domagoj Vidovi\u0107 - Povratak na sendvi\u010d - likemetkovic.hr<\/title>\n<meta name=\"robots\" content=\"index, follow, max-snippet:-1, max-image-preview:large, max-video-preview:-1\" \/>\n<link rel=\"canonical\" href=\"https:\/\/likemetkovic.hr\/dr-sc-domagoj-vidovic-povratak-sendvic\/\" \/>\n<meta property=\"og:locale\" content=\"hr_HR\" \/>\n<meta property=\"og:type\" content=\"article\" \/>\n<meta property=\"og:title\" content=\"Dr. sc. Domagoj Vidovi\u0107 - Povratak na sendvi\u010d - likemetkovic.hr\" \/>\n<meta property=\"og:description\" content=\"Jesen je uvijek nosila boje, mirise i boli otvorenih rana, stoga smo se uvijek bojali ti\u0161ine u kojoj se bude crne slutnje. Sa svakim su se sutonom (a to su dani kad se sve br\u017ee smrkava) o\u017eivljavala mra\u010dna sje\u0107anja jerbo bi nas iza sure hridi ili ogoljela rta vrebale utvare od kojih se branismo sardskim [&hellip;]\" \/>\n<meta property=\"og:url\" content=\"https:\/\/likemetkovic.hr\/dr-sc-domagoj-vidovic-povratak-sendvic\/\" \/>\n<meta property=\"og:site_name\" content=\"likemetkovic.hr\" \/>\n<meta property=\"article:publisher\" content=\"https:\/\/www.facebook.com\/likemetkovic.hr\/\" \/>\n<meta property=\"article:published_time\" content=\"2016-10-31T12:03:24+00:00\" \/>\n<meta property=\"og:image\" content=\"https:\/\/likemetkovic.hr\/wp-content\/uploads\/2016\/10\/petrov_sabor.jpg\" \/>\n\t<meta property=\"og:image:width\" content=\"1067\" \/>\n\t<meta property=\"og:image:height\" content=\"600\" \/>\n\t<meta property=\"og:image:type\" content=\"image\/jpeg\" \/>\n<meta name=\"author\" content=\"LIKEmetkovic.hr\" \/>\n<meta name=\"twitter:card\" content=\"summary_large_image\" \/>\n<meta name=\"twitter:label1\" content=\"Napisao\/la\" \/>\n\t<meta name=\"twitter:data1\" content=\"LIKEmetkovic.hr\" \/>\n\t<meta name=\"twitter:label2\" content=\"Procijenjeno vrijeme \u010ditanja\" \/>\n\t<meta name=\"twitter:data2\" content=\"8 minuta\" \/>\n<script type=\"application\/ld+json\" class=\"yoast-schema-graph\">{\"@context\":\"https:\/\/schema.org\",\"@graph\":[{\"@type\":\"WebPage\",\"@id\":\"https:\/\/likemetkovic.hr\/dr-sc-domagoj-vidovic-povratak-sendvic\/\",\"url\":\"https:\/\/likemetkovic.hr\/dr-sc-domagoj-vidovic-povratak-sendvic\/\",\"name\":\"Dr. sc. Domagoj Vidovi\u0107 - Povratak na sendvi\u010d - likemetkovic.hr\",\"isPartOf\":{\"@id\":\"https:\/\/likemetkovic.hr\/#website\"},\"primaryImageOfPage\":{\"@id\":\"https:\/\/likemetkovic.hr\/dr-sc-domagoj-vidovic-povratak-sendvic\/#primaryimage\"},\"image\":{\"@id\":\"https:\/\/likemetkovic.hr\/dr-sc-domagoj-vidovic-povratak-sendvic\/#primaryimage\"},\"thumbnailUrl\":\"https:\/\/likemetkovic.hr\/portal\/wp-content\/uploads\/2016\/10\/petrov_sabor.jpg\",\"datePublished\":\"2016-10-31T12:03:24+00:00\",\"author\":{\"@id\":\"https:\/\/likemetkovic.hr\/#\/schema\/person\/a42711f3385a0e2be6f7e0443bfb28f0\"},\"breadcrumb\":{\"@id\":\"https:\/\/likemetkovic.hr\/dr-sc-domagoj-vidovic-povratak-sendvic\/#breadcrumb\"},\"inLanguage\":\"hr\",\"potentialAction\":[{\"@type\":\"ReadAction\",\"target\":[\"https:\/\/likemetkovic.hr\/dr-sc-domagoj-vidovic-povratak-sendvic\/\"]}]},{\"@type\":\"ImageObject\",\"inLanguage\":\"hr\",\"@id\":\"https:\/\/likemetkovic.hr\/dr-sc-domagoj-vidovic-povratak-sendvic\/#primaryimage\",\"url\":\"https:\/\/likemetkovic.hr\/portal\/wp-content\/uploads\/2016\/10\/petrov_sabor.jpg\",\"contentUrl\":\"https:\/\/likemetkovic.hr\/portal\/wp-content\/uploads\/2016\/10\/petrov_sabor.jpg\",\"width\":1067,\"height\":600,\"caption\":\"foto: Youtube screenshot\"},{\"@type\":\"BreadcrumbList\",\"@id\":\"https:\/\/likemetkovic.hr\/dr-sc-domagoj-vidovic-povratak-sendvic\/#breadcrumb\",\"itemListElement\":[{\"@type\":\"ListItem\",\"position\":1,\"name\":\"Po\u010detna stranica\",\"item\":\"https:\/\/likemetkovic.hr\/portal\/\"},{\"@type\":\"ListItem\",\"position\":2,\"name\":\"Dr. sc. Domagoj Vidovi\u0107 &#8211; Povratak na sendvi\u010d\"}]},{\"@type\":\"WebSite\",\"@id\":\"https:\/\/likemetkovic.hr\/#website\",\"url\":\"https:\/\/likemetkovic.hr\/\",\"name\":\"likemetkovic.hr\",\"description\":\"Misli pozitivno... \u010ditaj LIKE\",\"potentialAction\":[{\"@type\":\"SearchAction\",\"target\":{\"@type\":\"EntryPoint\",\"urlTemplate\":\"https:\/\/likemetkovic.hr\/?s={search_term_string}\"},\"query-input\":{\"@type\":\"PropertyValueSpecification\",\"valueRequired\":true,\"valueName\":\"search_term_string\"}}],\"inLanguage\":\"hr\"},{\"@type\":\"Person\",\"@id\":\"https:\/\/likemetkovic.hr\/#\/schema\/person\/a42711f3385a0e2be6f7e0443bfb28f0\",\"name\":\"LIKEmetkovic.hr\",\"sameAs\":[\"http:\/\/likemetkovic.hr\"],\"url\":\"https:\/\/likemetkovic.hr\/portal\/author\/likemetkovic-hr\/\"}]}<\/script>\n<!-- \/ Yoast SEO plugin. -->","yoast_head_json":{"title":"Dr. sc. Domagoj Vidovi\u0107 - Povratak na sendvi\u010d - likemetkovic.hr","robots":{"index":"index","follow":"follow","max-snippet":"max-snippet:-1","max-image-preview":"max-image-preview:large","max-video-preview":"max-video-preview:-1"},"canonical":"https:\/\/likemetkovic.hr\/dr-sc-domagoj-vidovic-povratak-sendvic\/","og_locale":"hr_HR","og_type":"article","og_title":"Dr. sc. Domagoj Vidovi\u0107 - Povratak na sendvi\u010d - likemetkovic.hr","og_description":"Jesen je uvijek nosila boje, mirise i boli otvorenih rana, stoga smo se uvijek bojali ti\u0161ine u kojoj se bude crne slutnje. Sa svakim su se sutonom (a to su dani kad se sve br\u017ee smrkava) o\u017eivljavala mra\u010dna sje\u0107anja jerbo bi nas iza sure hridi ili ogoljela rta vrebale utvare od kojih se branismo sardskim [&hellip;]","og_url":"https:\/\/likemetkovic.hr\/dr-sc-domagoj-vidovic-povratak-sendvic\/","og_site_name":"likemetkovic.hr","article_publisher":"https:\/\/www.facebook.com\/likemetkovic.hr\/","article_published_time":"2016-10-31T12:03:24+00:00","og_image":[{"width":1067,"height":600,"url":"https:\/\/likemetkovic.hr\/wp-content\/uploads\/2016\/10\/petrov_sabor.jpg","type":"image\/jpeg"}],"author":"LIKEmetkovic.hr","twitter_card":"summary_large_image","twitter_misc":{"Napisao\/la":"LIKEmetkovic.hr","Procijenjeno vrijeme \u010ditanja":"8 minuta"},"schema":{"@context":"https:\/\/schema.org","@graph":[{"@type":"WebPage","@id":"https:\/\/likemetkovic.hr\/dr-sc-domagoj-vidovic-povratak-sendvic\/","url":"https:\/\/likemetkovic.hr\/dr-sc-domagoj-vidovic-povratak-sendvic\/","name":"Dr. sc. Domagoj Vidovi\u0107 - Povratak na sendvi\u010d - likemetkovic.hr","isPartOf":{"@id":"https:\/\/likemetkovic.hr\/#website"},"primaryImageOfPage":{"@id":"https:\/\/likemetkovic.hr\/dr-sc-domagoj-vidovic-povratak-sendvic\/#primaryimage"},"image":{"@id":"https:\/\/likemetkovic.hr\/dr-sc-domagoj-vidovic-povratak-sendvic\/#primaryimage"},"thumbnailUrl":"https:\/\/likemetkovic.hr\/portal\/wp-content\/uploads\/2016\/10\/petrov_sabor.jpg","datePublished":"2016-10-31T12:03:24+00:00","author":{"@id":"https:\/\/likemetkovic.hr\/#\/schema\/person\/a42711f3385a0e2be6f7e0443bfb28f0"},"breadcrumb":{"@id":"https:\/\/likemetkovic.hr\/dr-sc-domagoj-vidovic-povratak-sendvic\/#breadcrumb"},"inLanguage":"hr","potentialAction":[{"@type":"ReadAction","target":["https:\/\/likemetkovic.hr\/dr-sc-domagoj-vidovic-povratak-sendvic\/"]}]},{"@type":"ImageObject","inLanguage":"hr","@id":"https:\/\/likemetkovic.hr\/dr-sc-domagoj-vidovic-povratak-sendvic\/#primaryimage","url":"https:\/\/likemetkovic.hr\/portal\/wp-content\/uploads\/2016\/10\/petrov_sabor.jpg","contentUrl":"https:\/\/likemetkovic.hr\/portal\/wp-content\/uploads\/2016\/10\/petrov_sabor.jpg","width":1067,"height":600,"caption":"foto: Youtube screenshot"},{"@type":"BreadcrumbList","@id":"https:\/\/likemetkovic.hr\/dr-sc-domagoj-vidovic-povratak-sendvic\/#breadcrumb","itemListElement":[{"@type":"ListItem","position":1,"name":"Po\u010detna stranica","item":"https:\/\/likemetkovic.hr\/portal\/"},{"@type":"ListItem","position":2,"name":"Dr. sc. Domagoj Vidovi\u0107 &#8211; Povratak na sendvi\u010d"}]},{"@type":"WebSite","@id":"https:\/\/likemetkovic.hr\/#website","url":"https:\/\/likemetkovic.hr\/","name":"likemetkovic.hr","description":"Misli pozitivno... \u010ditaj LIKE","potentialAction":[{"@type":"SearchAction","target":{"@type":"EntryPoint","urlTemplate":"https:\/\/likemetkovic.hr\/?s={search_term_string}"},"query-input":{"@type":"PropertyValueSpecification","valueRequired":true,"valueName":"search_term_string"}}],"inLanguage":"hr"},{"@type":"Person","@id":"https:\/\/likemetkovic.hr\/#\/schema\/person\/a42711f3385a0e2be6f7e0443bfb28f0","name":"LIKEmetkovic.hr","sameAs":["http:\/\/likemetkovic.hr"],"url":"https:\/\/likemetkovic.hr\/portal\/author\/likemetkovic-hr\/"}]}},"_links":{"self":[{"href":"https:\/\/likemetkovic.hr\/portal\/wp-json\/wp\/v2\/posts\/29821","targetHints":{"allow":["GET"]}}],"collection":[{"href":"https:\/\/likemetkovic.hr\/portal\/wp-json\/wp\/v2\/posts"}],"about":[{"href":"https:\/\/likemetkovic.hr\/portal\/wp-json\/wp\/v2\/types\/post"}],"author":[{"embeddable":true,"href":"https:\/\/likemetkovic.hr\/portal\/wp-json\/wp\/v2\/users\/7"}],"replies":[{"embeddable":true,"href":"https:\/\/likemetkovic.hr\/portal\/wp-json\/wp\/v2\/comments?post=29821"}],"version-history":[{"count":0,"href":"https:\/\/likemetkovic.hr\/portal\/wp-json\/wp\/v2\/posts\/29821\/revisions"}],"wp:featuredmedia":[{"embeddable":true,"href":"https:\/\/likemetkovic.hr\/portal\/wp-json\/wp\/v2\/media\/28572"}],"wp:attachment":[{"href":"https:\/\/likemetkovic.hr\/portal\/wp-json\/wp\/v2\/media?parent=29821"}],"wp:term":[{"taxonomy":"category","embeddable":true,"href":"https:\/\/likemetkovic.hr\/portal\/wp-json\/wp\/v2\/categories?post=29821"},{"taxonomy":"post_tag","embeddable":true,"href":"https:\/\/likemetkovic.hr\/portal\/wp-json\/wp\/v2\/tags?post=29821"}],"curies":[{"name":"wp","href":"https:\/\/api.w.org\/{rel}","templated":true}]}}