{"id":29857,"date":"2016-10-31T22:25:48","date_gmt":"2016-10-31T20:25:48","guid":{"rendered":"http:\/\/likemetkovic.hr\/?p=29857"},"modified":"2018-06-05T06:04:54","modified_gmt":"2018-06-05T04:04:54","slug":"obiljezen-dan-spomena-poginule-hrvatske-branitelje-domovinskom-ratu-iz-grada-metkovica","status":"publish","type":"post","link":"https:\/\/likemetkovic.hr\/portal\/obiljezen-dan-spomena-poginule-hrvatske-branitelje-domovinskom-ratu-iz-grada-metkovica\/","title":{"rendered":"Obilje\u017een Dan spomena na poginule hrvatske branitelje u Domovinskom ratu iz Grada Metkovi\u0107a"},"content":{"rendered":"<p><strong>Grad Metkovi\u0107<\/strong> blagdan Svih svetih, <strong>1. studenoga<\/strong>, obilje\u017eava kao <strong>Dan spomena na poginule hrvatske branitelje u Domovinskom ratu iz Grada Metkovi\u0107a<\/strong>.<\/p>\n<p>Tom prigodom\u00a0ve\u010deras je u Galeriji GKS-a izveden prigodan program u znak sje\u0107anja na\u00a0sve poginule hrvatske branitelje u Domovinskom ratu iz Grada Metkovi\u0107a.<\/p>\n<p>Nakon uvodnog pozdrava i himne okupljenima se obratila gradona\u010delnica\u00a0<strong>Katarina Ujdur.<\/strong><br \/>\nZatim je minutom \u0161utnje odana po\u010dast preminulim braniteljima.<\/p>\n<p>Program je nastavio\u00a0<strong>Zbor \u017dupe Svetog Ilije<\/strong> koji je izveo pjesmu\u00a0<em>Jer Ti si milosrdan<\/em>.<strong> Mateo Karan<\/strong> izveo je <em>Pismo gradu,<\/em> Sini\u0161e Glava\u0161evi\u0107a, nakon kojega je nastupio<strong> Zbor \u017dupe Svetog Nikole Biskupa <\/strong>sa pjesmom<em> Bo\u017ee, \u010duvaj Hrvatsku<\/em>.<br \/>\nU nastavku programa izmjenjivali su se\u00a0\u010dlanovi dramske skupine<em> Srednje \u0161kole Metkovi\u0107 <\/em>sljede\u0107im izvedbama:<\/p>\n<ul>\n<li>Vladimir Pavlovi\u0107, <em>Requiem za uzaludne mrtvace<\/em>, u izvedbi\u00a0<strong>Matea Karana.<\/strong><\/li>\n<li>Petar Preradovi\u0107, <em>Pozdrav domovini<\/em>, u izvedbi\u00a0<strong>Nevene Ke\u017ei\u0107.<\/strong><\/li>\n<li>Fran Ma\u017eurani\u0107, <em>Oni<\/em>, u izvedbi<strong>\u00a0Anamarije Primorac i Marije Markote.<\/strong><\/li>\n<li><strong>To je tvoja zemlja<\/strong>, otpjevala je\u00a0<strong>Ton\u0107a \u0160iljeg<\/strong> uz glasovirsku pratnju <strong>Luke Bre\u010di\u0107a.<\/strong><\/li>\n<li>Silvije Strahimir Kranj\u010devi\u0107, <em>Pred knjigom povijesti roda moga<\/em>,\u00a0izrecitirali su \u010dlanovi dramske skupine<em> Srednje \u0161kole Metkovi\u0107<\/em>: <strong>Duje Doko, Dora Gali\u0107, Mateo Karan, Marija Markota, Jelena Perleta, Anamarija Primorac i Rafaela Vidovi\u0107<\/strong>, pod vodstvom\u00a0<strong>prof. Danijele Ba\u0107ilo.<\/strong><\/li>\n<li>Stojan Vu\u010di\u0107evi\u0107, <em>Ponornica<\/em>,izveli su <strong>Jelena Perleta i Rafaela Vidovi\u0107, <\/strong>da bi na kraju<em>\u00a0Himnu slobodi iz Dubravke<\/em>, Ivana Gunduli\u0107a, izveo\u00a0<strong>Marijan Ora\u010d.<\/strong><\/li>\n<\/ul>\n<p>Voditelji programa bili su<strong> Neven Ke\u017ei\u0107 i Rafaela Vidovi\u0107.<\/strong><\/p>\n\r\n                <style type=\"text\/css\">\r\n                    \r\n                    #tdi_1  .td-doubleSlider-2 .td-item1 {\r\n                        background: url(https:\/\/likemetkovic.hr\/portal\/wp-content\/uploads\/2016\/10\/DSC_0296-2-80x60.jpg) 0 0 no-repeat;\r\n                    }\r\n                    #tdi_1  .td-doubleSlider-2 .td-item2 {\r\n                        background: url(https:\/\/likemetkovic.hr\/portal\/wp-content\/uploads\/2016\/10\/DSC_0298-80x60.jpg) 0 0 no-repeat;\r\n                    }\r\n                    #tdi_1  .td-doubleSlider-2 .td-item3 {\r\n                        background: url(https:\/\/likemetkovic.hr\/portal\/wp-content\/uploads\/2016\/10\/DSC_0301-1-80x60.jpg) 0 0 no-repeat;\r\n                    }\r\n                    #tdi_1  .td-doubleSlider-2 .td-item4 {\r\n                        background: url(https:\/\/likemetkovic.hr\/portal\/wp-content\/uploads\/2016\/10\/DSC_0313-1-80x60.jpg) 0 0 no-repeat;\r\n                    }\r\n                    #tdi_1  .td-doubleSlider-2 .td-item5 {\r\n                        background: url(https:\/\/likemetkovic.hr\/portal\/wp-content\/uploads\/2016\/10\/DSC_0316-3-80x60.jpg) 0 0 no-repeat;\r\n                    }\r\n                    #tdi_1  .td-doubleSlider-2 .td-item6 {\r\n                        background: url(https:\/\/likemetkovic.hr\/portal\/wp-content\/uploads\/2016\/10\/DSC_0333-1-80x60.jpg) 0 0 no-repeat;\r\n                    }\r\n                <\/style>\r\n\r\n                <div id=\"tdi_1\" class=\"td-gallery td-slide-on-2-columns\">\r\n                    <div class=\"post_td_gallery\">\r\n                        <div class=\"td-gallery-slide-top\">\r\n                           <div class=\"td-gallery-title\"><\/div>\r\n\r\n                            <div class=\"td-gallery-controls-wrapper\">\r\n                                <div class=\"td-gallery-slide-count\"><span class=\"td-gallery-slide-item-focus\">1<\/span> of 6<\/div>\r\n                                <div class=\"td-gallery-slide-prev-next-but\">\r\n                                    <i class = \"td-icon-left doubleSliderPrevButton\"><\/i>\r\n                                    <i class = \"td-icon-right doubleSliderNextButton\"><\/i>\r\n                                <\/div>\r\n                            <\/div>\r\n                        <\/div>\r\n\r\n                        <div class = \"td-doubleSlider-1 \">\r\n                            <div class = \"td-slider\">\r\n                                \r\n                    <div class = \"td-slide-item td-item1\">\r\n                        <figure class=\"td-slide-galery-figure td-slide-popup-gallery\">\r\n                            <a class=\"slide-gallery-image-link\" href=\"https:\/\/likemetkovic.hr\/portal\/wp-content\/uploads\/2016\/10\/DSC_0296-2.jpg\" title=\"dsc_0296\"  data-caption=\"\"  data-description=\"\">\r\n                                <img decoding=\"async\" src=\"https:\/\/likemetkovic.hr\/portal\/wp-content\/uploads\/2016\/10\/DSC_0296-2-630x420.jpg\" srcset=\"https:\/\/likemetkovic.hr\/portal\/wp-content\/uploads\/2016\/10\/DSC_0296-2-630x420.jpg 630w, https:\/\/likemetkovic.hr\/portal\/wp-content\/uploads\/2016\/10\/DSC_0296-2-800x534.jpg 800w, https:\/\/likemetkovic.hr\/portal\/wp-content\/uploads\/2016\/10\/DSC_0296-2-768x512.jpg 768w, https:\/\/likemetkovic.hr\/portal\/wp-content\/uploads\/2016\/10\/DSC_0296-2-1200x800.jpg 1200w, https:\/\/likemetkovic.hr\/portal\/wp-content\/uploads\/2016\/10\/DSC_0296-2-696x464.jpg 696w, https:\/\/likemetkovic.hr\/portal\/wp-content\/uploads\/2016\/10\/DSC_0296-2-1068x712.jpg 1068w, https:\/\/likemetkovic.hr\/portal\/wp-content\/uploads\/2016\/10\/DSC_0296-2.jpg 1366w\" sizes=\"(max-width: 630px) 100vw, 630px\" alt=\"\">\r\n                            <\/a>\r\n                            \r\n                        <\/figure>\r\n                    <\/div>\r\n                    <div class = \"td-slide-item td-item2\">\r\n                        <figure class=\"td-slide-galery-figure td-slide-popup-gallery\">\r\n                            <a class=\"slide-gallery-image-link\" href=\"https:\/\/likemetkovic.hr\/portal\/wp-content\/uploads\/2016\/10\/DSC_0298.jpg\" title=\"dsc_0298\"  data-caption=\"\"  data-description=\"\">\r\n                                <img decoding=\"async\" src=\"https:\/\/likemetkovic.hr\/portal\/wp-content\/uploads\/2016\/10\/DSC_0298-630x420.jpg\" srcset=\"https:\/\/likemetkovic.hr\/portal\/wp-content\/uploads\/2016\/10\/DSC_0298-630x420.jpg 630w, https:\/\/likemetkovic.hr\/portal\/wp-content\/uploads\/2016\/10\/DSC_0298-800x534.jpg 800w, https:\/\/likemetkovic.hr\/portal\/wp-content\/uploads\/2016\/10\/DSC_0298-768x512.jpg 768w, https:\/\/likemetkovic.hr\/portal\/wp-content\/uploads\/2016\/10\/DSC_0298-1200x800.jpg 1200w, https:\/\/likemetkovic.hr\/portal\/wp-content\/uploads\/2016\/10\/DSC_0298-696x464.jpg 696w, https:\/\/likemetkovic.hr\/portal\/wp-content\/uploads\/2016\/10\/DSC_0298-1068x712.jpg 1068w, https:\/\/likemetkovic.hr\/portal\/wp-content\/uploads\/2016\/10\/DSC_0298.jpg 1366w\" sizes=\"(max-width: 630px) 100vw, 630px\" alt=\"\">\r\n                            <\/a>\r\n                            \r\n                        <\/figure>\r\n                    <\/div>\r\n                    <div class = \"td-slide-item td-item3\">\r\n                        <figure class=\"td-slide-galery-figure td-slide-popup-gallery\">\r\n                            <a class=\"slide-gallery-image-link\" href=\"https:\/\/likemetkovic.hr\/portal\/wp-content\/uploads\/2016\/10\/DSC_0301-1.jpg\" title=\"dsc_0301\"  data-caption=\"\"  data-description=\"\">\r\n                                <img decoding=\"async\" src=\"https:\/\/likemetkovic.hr\/portal\/wp-content\/uploads\/2016\/10\/DSC_0301-1-630x420.jpg\" srcset=\"https:\/\/likemetkovic.hr\/portal\/wp-content\/uploads\/2016\/10\/DSC_0301-1-630x420.jpg 630w, https:\/\/likemetkovic.hr\/portal\/wp-content\/uploads\/2016\/10\/DSC_0301-1-800x534.jpg 800w, https:\/\/likemetkovic.hr\/portal\/wp-content\/uploads\/2016\/10\/DSC_0301-1-768x512.jpg 768w, https:\/\/likemetkovic.hr\/portal\/wp-content\/uploads\/2016\/10\/DSC_0301-1-1200x800.jpg 1200w, https:\/\/likemetkovic.hr\/portal\/wp-content\/uploads\/2016\/10\/DSC_0301-1-696x464.jpg 696w, https:\/\/likemetkovic.hr\/portal\/wp-content\/uploads\/2016\/10\/DSC_0301-1-1068x712.jpg 1068w, https:\/\/likemetkovic.hr\/portal\/wp-content\/uploads\/2016\/10\/DSC_0301-1.jpg 1366w\" sizes=\"(max-width: 630px) 100vw, 630px\" alt=\"\">\r\n                            <\/a>\r\n                            \r\n                        <\/figure>\r\n                    <\/div>\r\n                    <div class = \"td-slide-item td-item4\">\r\n                        <figure class=\"td-slide-galery-figure td-slide-popup-gallery\">\r\n                            <a class=\"slide-gallery-image-link\" href=\"https:\/\/likemetkovic.hr\/portal\/wp-content\/uploads\/2016\/10\/DSC_0313-1.jpg\" title=\"dsc_0313\"  data-caption=\"\"  data-description=\"\">\r\n                                <img decoding=\"async\" src=\"https:\/\/likemetkovic.hr\/portal\/wp-content\/uploads\/2016\/10\/DSC_0313-1-630x420.jpg\" srcset=\"https:\/\/likemetkovic.hr\/portal\/wp-content\/uploads\/2016\/10\/DSC_0313-1-630x420.jpg 630w, https:\/\/likemetkovic.hr\/portal\/wp-content\/uploads\/2016\/10\/DSC_0313-1-800x534.jpg 800w, https:\/\/likemetkovic.hr\/portal\/wp-content\/uploads\/2016\/10\/DSC_0313-1-768x512.jpg 768w, https:\/\/likemetkovic.hr\/portal\/wp-content\/uploads\/2016\/10\/DSC_0313-1-1200x800.jpg 1200w, https:\/\/likemetkovic.hr\/portal\/wp-content\/uploads\/2016\/10\/DSC_0313-1-696x464.jpg 696w, https:\/\/likemetkovic.hr\/portal\/wp-content\/uploads\/2016\/10\/DSC_0313-1-1068x712.jpg 1068w, https:\/\/likemetkovic.hr\/portal\/wp-content\/uploads\/2016\/10\/DSC_0313-1.jpg 1366w\" sizes=\"(max-width: 630px) 100vw, 630px\" alt=\"\">\r\n                            <\/a>\r\n                            \r\n                        <\/figure>\r\n                    <\/div>\r\n                    <div class = \"td-slide-item td-item5\">\r\n                        <figure class=\"td-slide-galery-figure td-slide-popup-gallery\">\r\n                            <a class=\"slide-gallery-image-link\" href=\"https:\/\/likemetkovic.hr\/portal\/wp-content\/uploads\/2016\/10\/DSC_0316-3.jpg\" title=\"dsc_0316\"  data-caption=\"\"  data-description=\"\">\r\n                                <img decoding=\"async\" src=\"https:\/\/likemetkovic.hr\/portal\/wp-content\/uploads\/2016\/10\/DSC_0316-3-630x420.jpg\" srcset=\"https:\/\/likemetkovic.hr\/portal\/wp-content\/uploads\/2016\/10\/DSC_0316-3-630x420.jpg 630w, https:\/\/likemetkovic.hr\/portal\/wp-content\/uploads\/2016\/10\/DSC_0316-3-800x534.jpg 800w, https:\/\/likemetkovic.hr\/portal\/wp-content\/uploads\/2016\/10\/DSC_0316-3-768x512.jpg 768w, https:\/\/likemetkovic.hr\/portal\/wp-content\/uploads\/2016\/10\/DSC_0316-3-1200x800.jpg 1200w, https:\/\/likemetkovic.hr\/portal\/wp-content\/uploads\/2016\/10\/DSC_0316-3-696x464.jpg 696w, https:\/\/likemetkovic.hr\/portal\/wp-content\/uploads\/2016\/10\/DSC_0316-3-1068x712.jpg 1068w, https:\/\/likemetkovic.hr\/portal\/wp-content\/uploads\/2016\/10\/DSC_0316-3.jpg 1366w\" sizes=\"(max-width: 630px) 100vw, 630px\" alt=\"\">\r\n                            <\/a>\r\n                            \r\n                        <\/figure>\r\n                    <\/div>\r\n                    <div class = \"td-slide-item td-item6\">\r\n                        <figure class=\"td-slide-galery-figure td-slide-popup-gallery\">\r\n                            <a class=\"slide-gallery-image-link\" href=\"https:\/\/likemetkovic.hr\/portal\/wp-content\/uploads\/2016\/10\/DSC_0333-1.jpg\" title=\"dsc_0333\"  data-caption=\"\"  data-description=\"\">\r\n                                <img decoding=\"async\" src=\"https:\/\/likemetkovic.hr\/portal\/wp-content\/uploads\/2016\/10\/DSC_0333-1-626x420.jpg\" srcset=\"https:\/\/likemetkovic.hr\/portal\/wp-content\/uploads\/2016\/10\/DSC_0333-1-626x420.jpg 626w, https:\/\/likemetkovic.hr\/portal\/wp-content\/uploads\/2016\/10\/DSC_0333-1-800x536.jpg 800w, https:\/\/likemetkovic.hr\/portal\/wp-content\/uploads\/2016\/10\/DSC_0333-1-768x515.jpg 768w, https:\/\/likemetkovic.hr\/portal\/wp-content\/uploads\/2016\/10\/DSC_0333-1-1200x805.jpg 1200w, https:\/\/likemetkovic.hr\/portal\/wp-content\/uploads\/2016\/10\/DSC_0333-1-696x467.jpg 696w, https:\/\/likemetkovic.hr\/portal\/wp-content\/uploads\/2016\/10\/DSC_0333-1-1068x716.jpg 1068w, https:\/\/likemetkovic.hr\/portal\/wp-content\/uploads\/2016\/10\/DSC_0333-1.jpg 1366w\" sizes=\"(max-width: 626px) 100vw, 626px\" alt=\"\">\r\n                            <\/a>\r\n                            \r\n                        <\/figure>\r\n                    <\/div>\r\n                            <\/div>\r\n                        <\/div>\r\n\r\n                        <div class = \"td-doubleSlider-2\">\r\n                            <div class = \"td-slider\">\r\n                                \r\n                    <div class = \"td-button td-item1\">\r\n                        <div class = \"td-border\"><\/div>\r\n                    <\/div>\r\n                    <div class = \"td-button td-item2\">\r\n                        <div class = \"td-border\"><\/div>\r\n                    <\/div>\r\n                    <div class = \"td-button td-item3\">\r\n                        <div class = \"td-border\"><\/div>\r\n                    <\/div>\r\n                    <div class = \"td-button td-item4\">\r\n                        <div class = \"td-border\"><\/div>\r\n                    <\/div>\r\n                    <div class = \"td-button td-item5\">\r\n                        <div class = \"td-border\"><\/div>\r\n                    <\/div>\r\n                    <div class = \"td-button td-item6\">\r\n                        <div class = \"td-border\"><\/div>\r\n                    <\/div>\r\n                            <\/div>\r\n                        <\/div>\r\n\r\n                    <\/div>\r\n\r\n                <\/div>\r\n                \n","protected":false},"excerpt":{"rendered":"<p>Grad Metkovi\u0107 blagdan Svih svetih, 1. studenoga, obilje\u017eava kao Dan spomena na poginule hrvatske branitelje u Domovinskom ratu iz Grada Metkovi\u0107a. Tom prigodom\u00a0ve\u010deras je u Galeriji GKS-a izveden prigodan program u znak sje\u0107anja na\u00a0sve poginule hrvatske branitelje u Domovinskom ratu iz Grada Metkovi\u0107a. Nakon uvodnog pozdrava i himne okupljenima se obratila gradona\u010delnica\u00a0Katarina Ujdur. Zatim je [&hellip;]<\/p>\n","protected":false},"author":7,"featured_media":0,"comment_status":"open","ping_status":"open","sticky":false,"template":"","format":"standard","meta":{"footnotes":""},"categories":[283,11],"tags":[],"class_list":{"0":"post-29857","1":"post","2":"type-post","3":"status-publish","4":"format-standard","6":"category-a","7":"category-metkovic-dolina"},"yoast_head":"<!-- This site is optimized with the Yoast SEO plugin v25.2 - https:\/\/yoast.com\/wordpress\/plugins\/seo\/ -->\n<title>Obilje\u017een Dan spomena na poginule hrvatske branitelje u Domovinskom ratu iz Grada Metkovi\u0107a - likemetkovic.hr<\/title>\n<meta name=\"robots\" content=\"index, follow, max-snippet:-1, max-image-preview:large, max-video-preview:-1\" \/>\n<link rel=\"canonical\" href=\"https:\/\/likemetkovic.hr\/obiljezen-dan-spomena-poginule-hrvatske-branitelje-domovinskom-ratu-iz-grada-metkovica\/\" \/>\n<meta property=\"og:locale\" content=\"hr_HR\" \/>\n<meta property=\"og:type\" content=\"article\" \/>\n<meta property=\"og:title\" content=\"Obilje\u017een Dan spomena na poginule hrvatske branitelje u Domovinskom ratu iz Grada Metkovi\u0107a - likemetkovic.hr\" \/>\n<meta property=\"og:description\" content=\"Grad Metkovi\u0107 blagdan Svih svetih, 1. studenoga, obilje\u017eava kao Dan spomena na poginule hrvatske branitelje u Domovinskom ratu iz Grada Metkovi\u0107a. Tom prigodom\u00a0ve\u010deras je u Galeriji GKS-a izveden prigodan program u znak sje\u0107anja na\u00a0sve poginule hrvatske branitelje u Domovinskom ratu iz Grada Metkovi\u0107a. Nakon uvodnog pozdrava i himne okupljenima se obratila gradona\u010delnica\u00a0Katarina Ujdur. Zatim je [&hellip;]\" \/>\n<meta property=\"og:url\" content=\"https:\/\/likemetkovic.hr\/obiljezen-dan-spomena-poginule-hrvatske-branitelje-domovinskom-ratu-iz-grada-metkovica\/\" \/>\n<meta property=\"og:site_name\" content=\"likemetkovic.hr\" \/>\n<meta property=\"article:publisher\" content=\"https:\/\/www.facebook.com\/likemetkovic.hr\/\" \/>\n<meta property=\"article:published_time\" content=\"2016-10-31T20:25:48+00:00\" \/>\n<meta property=\"article:modified_time\" content=\"2018-06-05T04:04:54+00:00\" \/>\n<meta property=\"og:image\" content=\"https:\/\/likemetkovic.hr\/wp-content\/uploads\/2016\/10\/DSC_0296-2-630x420.jpg\" \/>\n<meta name=\"author\" content=\"LIKEmetkovic.hr\" \/>\n<meta name=\"twitter:card\" content=\"summary_large_image\" \/>\n<meta name=\"twitter:label1\" content=\"Napisao\/la\" \/>\n\t<meta name=\"twitter:data1\" content=\"LIKEmetkovic.hr\" \/>\n\t<meta name=\"twitter:label2\" content=\"Procijenjeno vrijeme \u010ditanja\" \/>\n\t<meta name=\"twitter:data2\" content=\"1 minuta\" \/>\n<script type=\"application\/ld+json\" class=\"yoast-schema-graph\">{\"@context\":\"https:\/\/schema.org\",\"@graph\":[{\"@type\":\"WebPage\",\"@id\":\"https:\/\/likemetkovic.hr\/obiljezen-dan-spomena-poginule-hrvatske-branitelje-domovinskom-ratu-iz-grada-metkovica\/\",\"url\":\"https:\/\/likemetkovic.hr\/obiljezen-dan-spomena-poginule-hrvatske-branitelje-domovinskom-ratu-iz-grada-metkovica\/\",\"name\":\"Obilje\u017een Dan spomena na poginule hrvatske branitelje u Domovinskom ratu iz Grada Metkovi\u0107a - likemetkovic.hr\",\"isPartOf\":{\"@id\":\"https:\/\/likemetkovic.hr\/#website\"},\"datePublished\":\"2016-10-31T20:25:48+00:00\",\"dateModified\":\"2018-06-05T04:04:54+00:00\",\"author\":{\"@id\":\"https:\/\/likemetkovic.hr\/#\/schema\/person\/a42711f3385a0e2be6f7e0443bfb28f0\"},\"breadcrumb\":{\"@id\":\"https:\/\/likemetkovic.hr\/obiljezen-dan-spomena-poginule-hrvatske-branitelje-domovinskom-ratu-iz-grada-metkovica\/#breadcrumb\"},\"inLanguage\":\"hr\",\"potentialAction\":[{\"@type\":\"ReadAction\",\"target\":[\"https:\/\/likemetkovic.hr\/obiljezen-dan-spomena-poginule-hrvatske-branitelje-domovinskom-ratu-iz-grada-metkovica\/\"]}]},{\"@type\":\"BreadcrumbList\",\"@id\":\"https:\/\/likemetkovic.hr\/obiljezen-dan-spomena-poginule-hrvatske-branitelje-domovinskom-ratu-iz-grada-metkovica\/#breadcrumb\",\"itemListElement\":[{\"@type\":\"ListItem\",\"position\":1,\"name\":\"Po\u010detna stranica\",\"item\":\"https:\/\/likemetkovic.hr\/portal\/\"},{\"@type\":\"ListItem\",\"position\":2,\"name\":\"Obilje\u017een Dan spomena na poginule hrvatske branitelje u Domovinskom ratu iz Grada Metkovi\u0107a\"}]},{\"@type\":\"WebSite\",\"@id\":\"https:\/\/likemetkovic.hr\/#website\",\"url\":\"https:\/\/likemetkovic.hr\/\",\"name\":\"likemetkovic.hr\",\"description\":\"Misli pozitivno... \u010ditaj LIKE\",\"potentialAction\":[{\"@type\":\"SearchAction\",\"target\":{\"@type\":\"EntryPoint\",\"urlTemplate\":\"https:\/\/likemetkovic.hr\/?s={search_term_string}\"},\"query-input\":{\"@type\":\"PropertyValueSpecification\",\"valueRequired\":true,\"valueName\":\"search_term_string\"}}],\"inLanguage\":\"hr\"},{\"@type\":\"Person\",\"@id\":\"https:\/\/likemetkovic.hr\/#\/schema\/person\/a42711f3385a0e2be6f7e0443bfb28f0\",\"name\":\"LIKEmetkovic.hr\",\"sameAs\":[\"http:\/\/likemetkovic.hr\"],\"url\":\"https:\/\/likemetkovic.hr\/portal\/author\/likemetkovic-hr\/\"}]}<\/script>\n<!-- \/ Yoast SEO plugin. -->","yoast_head_json":{"title":"Obilje\u017een Dan spomena na poginule hrvatske branitelje u Domovinskom ratu iz Grada Metkovi\u0107a - likemetkovic.hr","robots":{"index":"index","follow":"follow","max-snippet":"max-snippet:-1","max-image-preview":"max-image-preview:large","max-video-preview":"max-video-preview:-1"},"canonical":"https:\/\/likemetkovic.hr\/obiljezen-dan-spomena-poginule-hrvatske-branitelje-domovinskom-ratu-iz-grada-metkovica\/","og_locale":"hr_HR","og_type":"article","og_title":"Obilje\u017een Dan spomena na poginule hrvatske branitelje u Domovinskom ratu iz Grada Metkovi\u0107a - likemetkovic.hr","og_description":"Grad Metkovi\u0107 blagdan Svih svetih, 1. studenoga, obilje\u017eava kao Dan spomena na poginule hrvatske branitelje u Domovinskom ratu iz Grada Metkovi\u0107a. Tom prigodom\u00a0ve\u010deras je u Galeriji GKS-a izveden prigodan program u znak sje\u0107anja na\u00a0sve poginule hrvatske branitelje u Domovinskom ratu iz Grada Metkovi\u0107a. Nakon uvodnog pozdrava i himne okupljenima se obratila gradona\u010delnica\u00a0Katarina Ujdur. Zatim je [&hellip;]","og_url":"https:\/\/likemetkovic.hr\/obiljezen-dan-spomena-poginule-hrvatske-branitelje-domovinskom-ratu-iz-grada-metkovica\/","og_site_name":"likemetkovic.hr","article_publisher":"https:\/\/www.facebook.com\/likemetkovic.hr\/","article_published_time":"2016-10-31T20:25:48+00:00","article_modified_time":"2018-06-05T04:04:54+00:00","og_image":[{"url":"https:\/\/likemetkovic.hr\/wp-content\/uploads\/2016\/10\/DSC_0296-2-630x420.jpg","type":"","width":"","height":""}],"author":"LIKEmetkovic.hr","twitter_card":"summary_large_image","twitter_misc":{"Napisao\/la":"LIKEmetkovic.hr","Procijenjeno vrijeme \u010ditanja":"1 minuta"},"schema":{"@context":"https:\/\/schema.org","@graph":[{"@type":"WebPage","@id":"https:\/\/likemetkovic.hr\/obiljezen-dan-spomena-poginule-hrvatske-branitelje-domovinskom-ratu-iz-grada-metkovica\/","url":"https:\/\/likemetkovic.hr\/obiljezen-dan-spomena-poginule-hrvatske-branitelje-domovinskom-ratu-iz-grada-metkovica\/","name":"Obilje\u017een Dan spomena na poginule hrvatske branitelje u Domovinskom ratu iz Grada Metkovi\u0107a - likemetkovic.hr","isPartOf":{"@id":"https:\/\/likemetkovic.hr\/#website"},"datePublished":"2016-10-31T20:25:48+00:00","dateModified":"2018-06-05T04:04:54+00:00","author":{"@id":"https:\/\/likemetkovic.hr\/#\/schema\/person\/a42711f3385a0e2be6f7e0443bfb28f0"},"breadcrumb":{"@id":"https:\/\/likemetkovic.hr\/obiljezen-dan-spomena-poginule-hrvatske-branitelje-domovinskom-ratu-iz-grada-metkovica\/#breadcrumb"},"inLanguage":"hr","potentialAction":[{"@type":"ReadAction","target":["https:\/\/likemetkovic.hr\/obiljezen-dan-spomena-poginule-hrvatske-branitelje-domovinskom-ratu-iz-grada-metkovica\/"]}]},{"@type":"BreadcrumbList","@id":"https:\/\/likemetkovic.hr\/obiljezen-dan-spomena-poginule-hrvatske-branitelje-domovinskom-ratu-iz-grada-metkovica\/#breadcrumb","itemListElement":[{"@type":"ListItem","position":1,"name":"Po\u010detna stranica","item":"https:\/\/likemetkovic.hr\/portal\/"},{"@type":"ListItem","position":2,"name":"Obilje\u017een Dan spomena na poginule hrvatske branitelje u Domovinskom ratu iz Grada Metkovi\u0107a"}]},{"@type":"WebSite","@id":"https:\/\/likemetkovic.hr\/#website","url":"https:\/\/likemetkovic.hr\/","name":"likemetkovic.hr","description":"Misli pozitivno... \u010ditaj LIKE","potentialAction":[{"@type":"SearchAction","target":{"@type":"EntryPoint","urlTemplate":"https:\/\/likemetkovic.hr\/?s={search_term_string}"},"query-input":{"@type":"PropertyValueSpecification","valueRequired":true,"valueName":"search_term_string"}}],"inLanguage":"hr"},{"@type":"Person","@id":"https:\/\/likemetkovic.hr\/#\/schema\/person\/a42711f3385a0e2be6f7e0443bfb28f0","name":"LIKEmetkovic.hr","sameAs":["http:\/\/likemetkovic.hr"],"url":"https:\/\/likemetkovic.hr\/portal\/author\/likemetkovic-hr\/"}]}},"_links":{"self":[{"href":"https:\/\/likemetkovic.hr\/portal\/wp-json\/wp\/v2\/posts\/29857","targetHints":{"allow":["GET"]}}],"collection":[{"href":"https:\/\/likemetkovic.hr\/portal\/wp-json\/wp\/v2\/posts"}],"about":[{"href":"https:\/\/likemetkovic.hr\/portal\/wp-json\/wp\/v2\/types\/post"}],"author":[{"embeddable":true,"href":"https:\/\/likemetkovic.hr\/portal\/wp-json\/wp\/v2\/users\/7"}],"replies":[{"embeddable":true,"href":"https:\/\/likemetkovic.hr\/portal\/wp-json\/wp\/v2\/comments?post=29857"}],"version-history":[{"count":0,"href":"https:\/\/likemetkovic.hr\/portal\/wp-json\/wp\/v2\/posts\/29857\/revisions"}],"wp:attachment":[{"href":"https:\/\/likemetkovic.hr\/portal\/wp-json\/wp\/v2\/media?parent=29857"}],"wp:term":[{"taxonomy":"category","embeddable":true,"href":"https:\/\/likemetkovic.hr\/portal\/wp-json\/wp\/v2\/categories?post=29857"},{"taxonomy":"post_tag","embeddable":true,"href":"https:\/\/likemetkovic.hr\/portal\/wp-json\/wp\/v2\/tags?post=29857"}],"curies":[{"name":"wp","href":"https:\/\/api.w.org\/{rel}","templated":true}]}}