{"id":30646,"date":"2016-11-17T07:24:10","date_gmt":"2016-11-17T05:24:10","guid":{"rendered":"http:\/\/likemetkovic.hr\/?p=30646"},"modified":"2016-11-17T10:30:06","modified_gmt":"2016-11-17T08:30:06","slug":"molitva-domovinu-pise-fra-ivo-rastocic","status":"publish","type":"post","link":"https:\/\/likemetkovic.hr\/portal\/molitva-domovinu-pise-fra-ivo-rastocic\/","title":{"rendered":"Molitva za domovinu! &#8211; pi\u0161e: fra Ivo Rasto\u010di\u0107"},"content":{"rendered":"<div class=\"_2cuy _3dgx _2vxa\">( Povodom obljetnice oslobo\u0111enja na\u0161ih generala i povodom sje\u0107anja na \u017ertvu Vukovara i \u0160kabrnje 18.11.1991.)<\/div>\n<div class=\"_2cuy _3dgx _2vxa\"><span class=\"_4yxp\">Posve\u0107ujem ovo na\u0161im Hrvatima u Herceg-Bosni i na\u0161oj Posavini te svim zato\u010denim bojovnicima roda i ponosa Hrvatskoga.<\/span><\/div>\n<div class=\"_2cuy _3dgx _2vxa\"><span class=\"_4yxo _7xn\">\u201cIz krvi i bola niknut \u0107e cvije\u0107e!\u201d<\/span><\/div>\n<div class=\"_2cuy _3dgx _2vxa\">Ovih dana kada se sje\u0107amo slobode na\u0161ih generala ali i tu\u017enih obljetnica pogledajmo prema nebu, pogledajmo prema Kri\u017eu, sklopimo ruke i po\u010dnimo tiho molitvu za na\u0161u Hrvatsku, za na\u0161e domovinsko i iseljeni\u010dko zajedni\u0161tvo. Jer upravo zajedni\u0161tvo nas je krasilo tih \u201eranih devedesetih\u201c.<\/div>\n<div class=\"_2cuy _3dgx _2vxa\">Tuga se tada mije\u0161ala s ponosom, molitva je tada pobijedila ,a danas nam je tako potrebno izmoliti Mir! Utecimo se onome \u010dije je ime utkano u na\u0161u zastavu, u na\u0161e domove, utecimo se Gospodinu:<\/div>\n<div class=\"_2cuy _3dgx _2vxa\">Gospodine, stolje\u0107ima smo stajali u obranu za \u201ekrst \u010dasni i slobodu dragu\u201c. Stajali i pobje\u0111ivali smo. Pobje\u0111ivali smo molitvom na koljenima isamo se tako mo\u017ee pobjediti! Molim te ponajprije Gospodine za sve one hrabre ljude koji su polo\u017eili \u017eivot na oltar domovine. Od Krbave, do Kri\u017enih puteva, Hudih jama, \u0160irokog Brijega, Kra\u0161i\u0107a, Kijeva, Vukovara, \u0160kabrnje i drugih strati\u0161ta na\u0161ega naroda. Molim te i za one branitelje koji su po\u010dinili samoubojstvo, milostiv im budi na sudu, molimo Te i za sve umrle branitelje i braniteljice.<\/div>\n<div class=\"_2cuy _3dgx _2vxa\">Nadalje Gospodine molim te za Hrvatski narod, obrati ga i vrati na putove Kri\u017ea i slobode. Iskorijeni psovku iz na\u0161ega naroda, daj nam da uvijek budemo na strani \u017eivota. Gospodine posebno se spominjem onih mladih koji su oti\u0161li iz Domovine, daj im hrabrosti da se uvijek vrate ovdje gdje su nikli. Molim te i za na\u0161a studente i studentice da svoje znanje i imanje ula\u017eu u razvoj na\u0161e Domovine.<\/div>\n<div class=\"_2cuy _3dgx _2vxa\">Podaj Gospodine, Duha razboritosti, da vlastodr\u0161ci rade za op\u0107e dobro, da o\u010duvaju prirodna bogatstva i da se otvore perspektive za ostanak mladih u Hrvatskoj. Molim te i za na\u0161e obitelji da se odblokiraju nepravedno blokirani, da nam se djeca odgajaju u obitelji \u010diji su temelj Mama i Tata. Gospodine ti koji si gospodar \u017eivota i koji si pobijedio smrt, daj da u na\u0161em narodu bude vi\u0161e kolijevki, a sve manje grobnih humaca.<\/div>\n<div class=\"_2cuy _3dgx _2vxa\">Gospodine, jednostavno re\u010deno ne mo\u017ee \u010dovjek odoljeti izazovu i odre\u0107i pravo du\u0161i svojoj da i ona u ovakvim osobitim trenucima koje su utkane u memoriju, krvavu memoriju moga naroda, progovori jezikom glasnim, jezikom iskrenim, jezikom posebnim, jezikom rodoljubnim, jezikom onim najljep\u0161im \u0161to ga od majke svoje nau\u010dih uz stol, pri\u010danja svakodnevna i obiteljsku molitvu. Kao da se sve to, ovdje danas pomije\u0161alo i sje\u0107anja tolika, i molitva, i vjera, i osje\u0107aji, i rodoljublje na\u0161e, do te mjere da nas neki ponos sobom obuzima \u0161to ovdje u ovoj Hrvatskoj pi\u0161emo, molimo, govorimo. Stoga ti se Gospodine utje\u010dem danas, u \u010dudnom vremenu ovom u kojem \u017eivim za pomo\u0107, da i danas u\u010dini\u0161 djela velika, da otvori\u0161 nebeske brane sve i izlije\u0161 na na\u0161 Hrvatski narod obilje svoga blagoslova. Hrvatski narod je, kada mu je bilo najte\u017ee, molio i pobijedio Silom Odozgor. Molitva je tako duboko utkana u na\u0161u duhovnost, u na\u0161u vjeru, u na\u0161a srca, u sva stolje\u0107a na\u0161e povijesti da se bez nje kao narod niti zamisliti ne mo\u017eemo. Gospodine daj da oprostimo, da opet budemo zajedno i daj nam Mir! Sve ovo Tebe molim po zagovoru bl. Alojzija Stepinca i svih mu\u010denika, svetaca i bla\u017eenica i bla\u017eenika roda Hrvatskoga.<\/div>\n<div class=\"_2cuy _3dgx _2vxa\"><span class=\"_4yxo\">Amen! <\/span><\/div>\n","protected":false},"excerpt":{"rendered":"<p>( Povodom obljetnice oslobo\u0111enja na\u0161ih generala i povodom sje\u0107anja na \u017ertvu Vukovara i \u0160kabrnje 18.11.1991.) Posve\u0107ujem ovo na\u0161im Hrvatima u Herceg-Bosni i na\u0161oj Posavini te svim zato\u010denim bojovnicima roda i ponosa Hrvatskoga. \u201cIz krvi i bola niknut \u0107e cvije\u0107e!\u201d Ovih dana kada se sje\u0107amo slobode na\u0161ih generala ali i tu\u017enih obljetnica pogledajmo prema nebu, pogledajmo [&hellip;]<\/p>\n","protected":false},"author":7,"featured_media":30647,"comment_status":"open","ping_status":"open","sticky":false,"template":"","format":"standard","meta":{"footnotes":""},"categories":[283,71],"tags":[],"class_list":{"0":"post-30646","1":"post","2":"type-post","3":"status-publish","4":"format-standard","5":"has-post-thumbnail","7":"category-a","8":"category-svega-po-malo"},"yoast_head":"<!-- This site is optimized with the Yoast SEO plugin v25.2 - https:\/\/yoast.com\/wordpress\/plugins\/seo\/ -->\n<title>Molitva za domovinu! - pi\u0161e: fra Ivo Rasto\u010di\u0107 - likemetkovic.hr<\/title>\n<meta name=\"robots\" content=\"index, follow, max-snippet:-1, max-image-preview:large, max-video-preview:-1\" \/>\n<link rel=\"canonical\" href=\"https:\/\/likemetkovic.hr\/molitva-domovinu-pise-fra-ivo-rastocic\/\" \/>\n<meta property=\"og:locale\" content=\"hr_HR\" \/>\n<meta property=\"og:type\" content=\"article\" \/>\n<meta property=\"og:title\" content=\"Molitva za domovinu! - pi\u0161e: fra Ivo Rasto\u010di\u0107 - likemetkovic.hr\" \/>\n<meta property=\"og:description\" content=\"( Povodom obljetnice oslobo\u0111enja na\u0161ih generala i povodom sje\u0107anja na \u017ertvu Vukovara i \u0160kabrnje 18.11.1991.) Posve\u0107ujem ovo na\u0161im Hrvatima u Herceg-Bosni i na\u0161oj Posavini te svim zato\u010denim bojovnicima roda i ponosa Hrvatskoga. \u201cIz krvi i bola niknut \u0107e cvije\u0107e!\u201d Ovih dana kada se sje\u0107amo slobode na\u0161ih generala ali i tu\u017enih obljetnica pogledajmo prema nebu, pogledajmo [&hellip;]\" \/>\n<meta property=\"og:url\" content=\"https:\/\/likemetkovic.hr\/molitva-domovinu-pise-fra-ivo-rastocic\/\" \/>\n<meta property=\"og:site_name\" content=\"likemetkovic.hr\" \/>\n<meta property=\"article:publisher\" content=\"https:\/\/www.facebook.com\/likemetkovic.hr\/\" \/>\n<meta property=\"article:published_time\" content=\"2016-11-17T05:24:10+00:00\" \/>\n<meta property=\"article:modified_time\" content=\"2016-11-17T08:30:06+00:00\" \/>\n<meta property=\"og:image\" content=\"https:\/\/likemetkovic.hr\/wp-content\/uploads\/2016\/11\/molitvaVukovar.jpg\" \/>\n\t<meta property=\"og:image:width\" content=\"1072\" \/>\n\t<meta property=\"og:image:height\" content=\"600\" \/>\n\t<meta property=\"og:image:type\" content=\"image\/jpeg\" \/>\n<meta name=\"author\" content=\"LIKEmetkovic.hr\" \/>\n<meta name=\"twitter:card\" content=\"summary_large_image\" \/>\n<meta name=\"twitter:label1\" content=\"Napisao\/la\" \/>\n\t<meta name=\"twitter:data1\" content=\"LIKEmetkovic.hr\" \/>\n\t<meta name=\"twitter:label2\" content=\"Procijenjeno vrijeme \u010ditanja\" \/>\n\t<meta name=\"twitter:data2\" content=\"3 minute\" \/>\n<script type=\"application\/ld+json\" class=\"yoast-schema-graph\">{\"@context\":\"https:\/\/schema.org\",\"@graph\":[{\"@type\":\"WebPage\",\"@id\":\"https:\/\/likemetkovic.hr\/molitva-domovinu-pise-fra-ivo-rastocic\/\",\"url\":\"https:\/\/likemetkovic.hr\/molitva-domovinu-pise-fra-ivo-rastocic\/\",\"name\":\"Molitva za domovinu! - pi\u0161e: fra Ivo Rasto\u010di\u0107 - likemetkovic.hr\",\"isPartOf\":{\"@id\":\"https:\/\/likemetkovic.hr\/#website\"},\"primaryImageOfPage\":{\"@id\":\"https:\/\/likemetkovic.hr\/molitva-domovinu-pise-fra-ivo-rastocic\/#primaryimage\"},\"image\":{\"@id\":\"https:\/\/likemetkovic.hr\/molitva-domovinu-pise-fra-ivo-rastocic\/#primaryimage\"},\"thumbnailUrl\":\"https:\/\/likemetkovic.hr\/portal\/wp-content\/uploads\/2016\/11\/molitvaVukovar.jpg\",\"datePublished\":\"2016-11-17T05:24:10+00:00\",\"dateModified\":\"2016-11-17T08:30:06+00:00\",\"author\":{\"@id\":\"https:\/\/likemetkovic.hr\/#\/schema\/person\/a42711f3385a0e2be6f7e0443bfb28f0\"},\"breadcrumb\":{\"@id\":\"https:\/\/likemetkovic.hr\/molitva-domovinu-pise-fra-ivo-rastocic\/#breadcrumb\"},\"inLanguage\":\"hr\",\"potentialAction\":[{\"@type\":\"ReadAction\",\"target\":[\"https:\/\/likemetkovic.hr\/molitva-domovinu-pise-fra-ivo-rastocic\/\"]}]},{\"@type\":\"ImageObject\",\"inLanguage\":\"hr\",\"@id\":\"https:\/\/likemetkovic.hr\/molitva-domovinu-pise-fra-ivo-rastocic\/#primaryimage\",\"url\":\"https:\/\/likemetkovic.hr\/portal\/wp-content\/uploads\/2016\/11\/molitvaVukovar.jpg\",\"contentUrl\":\"https:\/\/likemetkovic.hr\/portal\/wp-content\/uploads\/2016\/11\/molitvaVukovar.jpg\",\"width\":1072,\"height\":600},{\"@type\":\"BreadcrumbList\",\"@id\":\"https:\/\/likemetkovic.hr\/molitva-domovinu-pise-fra-ivo-rastocic\/#breadcrumb\",\"itemListElement\":[{\"@type\":\"ListItem\",\"position\":1,\"name\":\"Po\u010detna stranica\",\"item\":\"https:\/\/likemetkovic.hr\/portal\/\"},{\"@type\":\"ListItem\",\"position\":2,\"name\":\"Molitva za domovinu! &#8211; pi\u0161e: fra Ivo Rasto\u010di\u0107\"}]},{\"@type\":\"WebSite\",\"@id\":\"https:\/\/likemetkovic.hr\/#website\",\"url\":\"https:\/\/likemetkovic.hr\/\",\"name\":\"likemetkovic.hr\",\"description\":\"Misli pozitivno... \u010ditaj LIKE\",\"potentialAction\":[{\"@type\":\"SearchAction\",\"target\":{\"@type\":\"EntryPoint\",\"urlTemplate\":\"https:\/\/likemetkovic.hr\/?s={search_term_string}\"},\"query-input\":{\"@type\":\"PropertyValueSpecification\",\"valueRequired\":true,\"valueName\":\"search_term_string\"}}],\"inLanguage\":\"hr\"},{\"@type\":\"Person\",\"@id\":\"https:\/\/likemetkovic.hr\/#\/schema\/person\/a42711f3385a0e2be6f7e0443bfb28f0\",\"name\":\"LIKEmetkovic.hr\",\"sameAs\":[\"http:\/\/likemetkovic.hr\"],\"url\":\"https:\/\/likemetkovic.hr\/portal\/author\/likemetkovic-hr\/\"}]}<\/script>\n<!-- \/ Yoast SEO plugin. -->","yoast_head_json":{"title":"Molitva za domovinu! - pi\u0161e: fra Ivo Rasto\u010di\u0107 - likemetkovic.hr","robots":{"index":"index","follow":"follow","max-snippet":"max-snippet:-1","max-image-preview":"max-image-preview:large","max-video-preview":"max-video-preview:-1"},"canonical":"https:\/\/likemetkovic.hr\/molitva-domovinu-pise-fra-ivo-rastocic\/","og_locale":"hr_HR","og_type":"article","og_title":"Molitva za domovinu! - pi\u0161e: fra Ivo Rasto\u010di\u0107 - likemetkovic.hr","og_description":"( Povodom obljetnice oslobo\u0111enja na\u0161ih generala i povodom sje\u0107anja na \u017ertvu Vukovara i \u0160kabrnje 18.11.1991.) Posve\u0107ujem ovo na\u0161im Hrvatima u Herceg-Bosni i na\u0161oj Posavini te svim zato\u010denim bojovnicima roda i ponosa Hrvatskoga. \u201cIz krvi i bola niknut \u0107e cvije\u0107e!\u201d Ovih dana kada se sje\u0107amo slobode na\u0161ih generala ali i tu\u017enih obljetnica pogledajmo prema nebu, pogledajmo [&hellip;]","og_url":"https:\/\/likemetkovic.hr\/molitva-domovinu-pise-fra-ivo-rastocic\/","og_site_name":"likemetkovic.hr","article_publisher":"https:\/\/www.facebook.com\/likemetkovic.hr\/","article_published_time":"2016-11-17T05:24:10+00:00","article_modified_time":"2016-11-17T08:30:06+00:00","og_image":[{"width":1072,"height":600,"url":"https:\/\/likemetkovic.hr\/wp-content\/uploads\/2016\/11\/molitvaVukovar.jpg","type":"image\/jpeg"}],"author":"LIKEmetkovic.hr","twitter_card":"summary_large_image","twitter_misc":{"Napisao\/la":"LIKEmetkovic.hr","Procijenjeno vrijeme \u010ditanja":"3 minute"},"schema":{"@context":"https:\/\/schema.org","@graph":[{"@type":"WebPage","@id":"https:\/\/likemetkovic.hr\/molitva-domovinu-pise-fra-ivo-rastocic\/","url":"https:\/\/likemetkovic.hr\/molitva-domovinu-pise-fra-ivo-rastocic\/","name":"Molitva za domovinu! - pi\u0161e: fra Ivo Rasto\u010di\u0107 - likemetkovic.hr","isPartOf":{"@id":"https:\/\/likemetkovic.hr\/#website"},"primaryImageOfPage":{"@id":"https:\/\/likemetkovic.hr\/molitva-domovinu-pise-fra-ivo-rastocic\/#primaryimage"},"image":{"@id":"https:\/\/likemetkovic.hr\/molitva-domovinu-pise-fra-ivo-rastocic\/#primaryimage"},"thumbnailUrl":"https:\/\/likemetkovic.hr\/portal\/wp-content\/uploads\/2016\/11\/molitvaVukovar.jpg","datePublished":"2016-11-17T05:24:10+00:00","dateModified":"2016-11-17T08:30:06+00:00","author":{"@id":"https:\/\/likemetkovic.hr\/#\/schema\/person\/a42711f3385a0e2be6f7e0443bfb28f0"},"breadcrumb":{"@id":"https:\/\/likemetkovic.hr\/molitva-domovinu-pise-fra-ivo-rastocic\/#breadcrumb"},"inLanguage":"hr","potentialAction":[{"@type":"ReadAction","target":["https:\/\/likemetkovic.hr\/molitva-domovinu-pise-fra-ivo-rastocic\/"]}]},{"@type":"ImageObject","inLanguage":"hr","@id":"https:\/\/likemetkovic.hr\/molitva-domovinu-pise-fra-ivo-rastocic\/#primaryimage","url":"https:\/\/likemetkovic.hr\/portal\/wp-content\/uploads\/2016\/11\/molitvaVukovar.jpg","contentUrl":"https:\/\/likemetkovic.hr\/portal\/wp-content\/uploads\/2016\/11\/molitvaVukovar.jpg","width":1072,"height":600},{"@type":"BreadcrumbList","@id":"https:\/\/likemetkovic.hr\/molitva-domovinu-pise-fra-ivo-rastocic\/#breadcrumb","itemListElement":[{"@type":"ListItem","position":1,"name":"Po\u010detna stranica","item":"https:\/\/likemetkovic.hr\/portal\/"},{"@type":"ListItem","position":2,"name":"Molitva za domovinu! &#8211; pi\u0161e: fra Ivo Rasto\u010di\u0107"}]},{"@type":"WebSite","@id":"https:\/\/likemetkovic.hr\/#website","url":"https:\/\/likemetkovic.hr\/","name":"likemetkovic.hr","description":"Misli pozitivno... \u010ditaj LIKE","potentialAction":[{"@type":"SearchAction","target":{"@type":"EntryPoint","urlTemplate":"https:\/\/likemetkovic.hr\/?s={search_term_string}"},"query-input":{"@type":"PropertyValueSpecification","valueRequired":true,"valueName":"search_term_string"}}],"inLanguage":"hr"},{"@type":"Person","@id":"https:\/\/likemetkovic.hr\/#\/schema\/person\/a42711f3385a0e2be6f7e0443bfb28f0","name":"LIKEmetkovic.hr","sameAs":["http:\/\/likemetkovic.hr"],"url":"https:\/\/likemetkovic.hr\/portal\/author\/likemetkovic-hr\/"}]}},"_links":{"self":[{"href":"https:\/\/likemetkovic.hr\/portal\/wp-json\/wp\/v2\/posts\/30646","targetHints":{"allow":["GET"]}}],"collection":[{"href":"https:\/\/likemetkovic.hr\/portal\/wp-json\/wp\/v2\/posts"}],"about":[{"href":"https:\/\/likemetkovic.hr\/portal\/wp-json\/wp\/v2\/types\/post"}],"author":[{"embeddable":true,"href":"https:\/\/likemetkovic.hr\/portal\/wp-json\/wp\/v2\/users\/7"}],"replies":[{"embeddable":true,"href":"https:\/\/likemetkovic.hr\/portal\/wp-json\/wp\/v2\/comments?post=30646"}],"version-history":[{"count":0,"href":"https:\/\/likemetkovic.hr\/portal\/wp-json\/wp\/v2\/posts\/30646\/revisions"}],"wp:featuredmedia":[{"embeddable":true,"href":"https:\/\/likemetkovic.hr\/portal\/wp-json\/wp\/v2\/media\/30647"}],"wp:attachment":[{"href":"https:\/\/likemetkovic.hr\/portal\/wp-json\/wp\/v2\/media?parent=30646"}],"wp:term":[{"taxonomy":"category","embeddable":true,"href":"https:\/\/likemetkovic.hr\/portal\/wp-json\/wp\/v2\/categories?post=30646"},{"taxonomy":"post_tag","embeddable":true,"href":"https:\/\/likemetkovic.hr\/portal\/wp-json\/wp\/v2\/tags?post=30646"}],"curies":[{"name":"wp","href":"https:\/\/api.w.org\/{rel}","templated":true}]}}