{"id":30674,"date":"2016-11-17T21:06:03","date_gmt":"2016-11-17T19:06:03","guid":{"rendered":"http:\/\/likemetkovic.hr\/?p=30674"},"modified":"2016-11-17T21:06:57","modified_gmt":"2016-11-17T19:06:57","slug":"torcida-metkovic-paljenjem-svijeca-sportskoj-ulici-obiljezili-obljetnicu-pada-vukovara","status":"publish","type":"post","link":"https:\/\/likemetkovic.hr\/portal\/torcida-metkovic-paljenjem-svijeca-sportskoj-ulici-obiljezili-obljetnicu-pada-vukovara\/","title":{"rendered":"Torcida Metkovi\u0107 paljenjem svije\u0107a u Sportskoj ulici odali po\u010dast \u017ertvi Vukovara"},"content":{"rendered":"<p>Ba\u0161 kao i posljednjih nekoliko godina navija\u010di Hajduka i pripadnici Torcide Metkovi\u0107 na dostojan n<span class=\"text_exposed_show\">a\u010din su\u00a0obilje\u017eili obljetnicu pada Vukovara.\u00a0<\/span><\/p>\n<p><span class=\"text_exposed_show\">Ve\u010deras u\u00a019 sati od\u00a0kluba navija\u010da Torcida Metkovi\u0107 u mimohodu su krenuli do grafita u Sportskoj ulici, gdje je i izvje\u0161en transparent podr\u0161ke uhi\u0107enim braniteljima iz Ora\u0161ja.<\/span><\/p>\n<p>A preko svoje facebook stranice su poru\u010dili:<\/p>\n<div class=\"text_exposed_show\">\n<p>&#8220;Vukovar \u017eivi u na\u0161im srcima, na dana\u0161nji dan, ali i ostala 364 dana u godini, jer hrvatski grad Vukovar kao simbol hrvatskih ratnih stradanja i kao grad heroj ne smije nikada biti zaboravljen! &#8221;<\/p>\n\r\n                <style type=\"text\/css\">\r\n                    \r\n                    #tdi_1  .td-doubleSlider-2 .td-item1 {\r\n                        background: url(https:\/\/likemetkovic.hr\/portal\/wp-content\/uploads\/2016\/11\/DSC_0412-80x60.jpg) 0 0 no-repeat;\r\n                    }\r\n                    #tdi_1  .td-doubleSlider-2 .td-item2 {\r\n                        background: url(https:\/\/likemetkovic.hr\/portal\/wp-content\/uploads\/2016\/11\/DSC_0414-80x60.jpg) 0 0 no-repeat;\r\n                    }\r\n                    #tdi_1  .td-doubleSlider-2 .td-item3 {\r\n                        background: url(https:\/\/likemetkovic.hr\/portal\/wp-content\/uploads\/2016\/11\/DSC_0417-80x60.jpg) 0 0 no-repeat;\r\n                    }\r\n                    #tdi_1  .td-doubleSlider-2 .td-item4 {\r\n                        background: url(https:\/\/likemetkovic.hr\/portal\/wp-content\/uploads\/2016\/11\/DSC_0418-80x60.jpg) 0 0 no-repeat;\r\n                    }\r\n                <\/style>\r\n\r\n                <div id=\"tdi_1\" class=\"td-gallery td-slide-on-2-columns\">\r\n                    <div class=\"post_td_gallery\">\r\n                        <div class=\"td-gallery-slide-top\">\r\n                           <div class=\"td-gallery-title\"><\/div>\r\n\r\n                            <div class=\"td-gallery-controls-wrapper\">\r\n                                <div class=\"td-gallery-slide-count\"><span class=\"td-gallery-slide-item-focus\">1<\/span> of 4<\/div>\r\n                                <div class=\"td-gallery-slide-prev-next-but\">\r\n                                    <i class = \"td-icon-left doubleSliderPrevButton\"><\/i>\r\n                                    <i class = \"td-icon-right doubleSliderNextButton\"><\/i>\r\n                                <\/div>\r\n                            <\/div>\r\n                        <\/div>\r\n\r\n                        <div class = \"td-doubleSlider-1 \">\r\n                            <div class = \"td-slider\">\r\n                                \r\n                    <div class = \"td-slide-item td-item1\">\r\n                        <figure class=\"td-slide-galery-figure td-slide-popup-gallery\">\r\n                            <a class=\"slide-gallery-image-link\" href=\"https:\/\/likemetkovic.hr\/portal\/wp-content\/uploads\/2016\/11\/DSC_0412.jpg\" title=\"vukovar torcida\"  data-caption=\"\"  data-description=\"\">\r\n                                <img decoding=\"async\" src=\"https:\/\/likemetkovic.hr\/portal\/wp-content\/uploads\/2016\/11\/DSC_0412-630x420.jpg\" srcset=\"https:\/\/likemetkovic.hr\/portal\/wp-content\/uploads\/2016\/11\/DSC_0412-630x420.jpg 630w, https:\/\/likemetkovic.hr\/portal\/wp-content\/uploads\/2016\/11\/DSC_0412-800x534.jpg 800w, https:\/\/likemetkovic.hr\/portal\/wp-content\/uploads\/2016\/11\/DSC_0412-768x512.jpg 768w, https:\/\/likemetkovic.hr\/portal\/wp-content\/uploads\/2016\/11\/DSC_0412-1200x800.jpg 1200w, https:\/\/likemetkovic.hr\/portal\/wp-content\/uploads\/2016\/11\/DSC_0412-696x464.jpg 696w, https:\/\/likemetkovic.hr\/portal\/wp-content\/uploads\/2016\/11\/DSC_0412-1068x712.jpg 1068w, https:\/\/likemetkovic.hr\/portal\/wp-content\/uploads\/2016\/11\/DSC_0412.jpg 1366w\" sizes=\"(max-width: 630px) 100vw, 630px\" alt=\"\">\r\n                            <\/a>\r\n                            \r\n                        <\/figure>\r\n                    <\/div>\r\n                    <div class = \"td-slide-item td-item2\">\r\n                        <figure class=\"td-slide-galery-figure td-slide-popup-gallery\">\r\n                            <a class=\"slide-gallery-image-link\" href=\"https:\/\/likemetkovic.hr\/portal\/wp-content\/uploads\/2016\/11\/DSC_0414.jpg\" title=\"vukovar torcida\"  data-caption=\"\"  data-description=\"\">\r\n                                <img decoding=\"async\" src=\"https:\/\/likemetkovic.hr\/portal\/wp-content\/uploads\/2016\/11\/DSC_0414-630x420.jpg\" srcset=\"https:\/\/likemetkovic.hr\/portal\/wp-content\/uploads\/2016\/11\/DSC_0414-630x420.jpg 630w, https:\/\/likemetkovic.hr\/portal\/wp-content\/uploads\/2016\/11\/DSC_0414-800x534.jpg 800w, https:\/\/likemetkovic.hr\/portal\/wp-content\/uploads\/2016\/11\/DSC_0414-768x512.jpg 768w, https:\/\/likemetkovic.hr\/portal\/wp-content\/uploads\/2016\/11\/DSC_0414-1200x800.jpg 1200w, https:\/\/likemetkovic.hr\/portal\/wp-content\/uploads\/2016\/11\/DSC_0414-696x464.jpg 696w, https:\/\/likemetkovic.hr\/portal\/wp-content\/uploads\/2016\/11\/DSC_0414-1068x712.jpg 1068w, https:\/\/likemetkovic.hr\/portal\/wp-content\/uploads\/2016\/11\/DSC_0414.jpg 1366w\" sizes=\"(max-width: 630px) 100vw, 630px\" alt=\"\">\r\n                            <\/a>\r\n                            \r\n                        <\/figure>\r\n                    <\/div>\r\n                    <div class = \"td-slide-item td-item3\">\r\n                        <figure class=\"td-slide-galery-figure td-slide-popup-gallery\">\r\n                            <a class=\"slide-gallery-image-link\" href=\"https:\/\/likemetkovic.hr\/portal\/wp-content\/uploads\/2016\/11\/DSC_0417.jpg\" title=\"vukoivar torcida\"  data-caption=\"\"  data-description=\"\">\r\n                                <img decoding=\"async\" src=\"https:\/\/likemetkovic.hr\/portal\/wp-content\/uploads\/2016\/11\/DSC_0417-630x420.jpg\" srcset=\"https:\/\/likemetkovic.hr\/portal\/wp-content\/uploads\/2016\/11\/DSC_0417-630x420.jpg 630w, https:\/\/likemetkovic.hr\/portal\/wp-content\/uploads\/2016\/11\/DSC_0417-800x534.jpg 800w, https:\/\/likemetkovic.hr\/portal\/wp-content\/uploads\/2016\/11\/DSC_0417-768x512.jpg 768w, https:\/\/likemetkovic.hr\/portal\/wp-content\/uploads\/2016\/11\/DSC_0417-1200x800.jpg 1200w, https:\/\/likemetkovic.hr\/portal\/wp-content\/uploads\/2016\/11\/DSC_0417-696x464.jpg 696w, https:\/\/likemetkovic.hr\/portal\/wp-content\/uploads\/2016\/11\/DSC_0417-1068x712.jpg 1068w, https:\/\/likemetkovic.hr\/portal\/wp-content\/uploads\/2016\/11\/DSC_0417.jpg 1366w\" sizes=\"(max-width: 630px) 100vw, 630px\" alt=\"\">\r\n                            <\/a>\r\n                            \r\n                        <\/figure>\r\n                    <\/div>\r\n                    <div class = \"td-slide-item td-item4\">\r\n                        <figure class=\"td-slide-galery-figure td-slide-popup-gallery\">\r\n                            <a class=\"slide-gallery-image-link\" href=\"https:\/\/likemetkovic.hr\/portal\/wp-content\/uploads\/2016\/11\/DSC_0418.jpg\" title=\"vukovar torcida\"  data-caption=\"\"  data-description=\"\">\r\n                                <img decoding=\"async\" src=\"https:\/\/likemetkovic.hr\/portal\/wp-content\/uploads\/2016\/11\/DSC_0418-630x420.jpg\" srcset=\"https:\/\/likemetkovic.hr\/portal\/wp-content\/uploads\/2016\/11\/DSC_0418-630x420.jpg 630w, https:\/\/likemetkovic.hr\/portal\/wp-content\/uploads\/2016\/11\/DSC_0418-800x534.jpg 800w, https:\/\/likemetkovic.hr\/portal\/wp-content\/uploads\/2016\/11\/DSC_0418-768x512.jpg 768w, https:\/\/likemetkovic.hr\/portal\/wp-content\/uploads\/2016\/11\/DSC_0418-1200x800.jpg 1200w, https:\/\/likemetkovic.hr\/portal\/wp-content\/uploads\/2016\/11\/DSC_0418-696x464.jpg 696w, https:\/\/likemetkovic.hr\/portal\/wp-content\/uploads\/2016\/11\/DSC_0418-1068x712.jpg 1068w, https:\/\/likemetkovic.hr\/portal\/wp-content\/uploads\/2016\/11\/DSC_0418.jpg 1366w\" sizes=\"(max-width: 630px) 100vw, 630px\" alt=\"\">\r\n                            <\/a>\r\n                            \r\n                        <\/figure>\r\n                    <\/div>\r\n                            <\/div>\r\n                        <\/div>\r\n\r\n                        <div class = \"td-doubleSlider-2\">\r\n                            <div class = \"td-slider\">\r\n                                \r\n                    <div class = \"td-button td-item1\">\r\n                        <div class = \"td-border\"><\/div>\r\n                    <\/div>\r\n                    <div class = \"td-button td-item2\">\r\n                        <div class = \"td-border\"><\/div>\r\n                    <\/div>\r\n                    <div class = \"td-button td-item3\">\r\n                        <div class = \"td-border\"><\/div>\r\n                    <\/div>\r\n                    <div class = \"td-button td-item4\">\r\n                        <div class = \"td-border\"><\/div>\r\n                    <\/div>\r\n                            <\/div>\r\n                        <\/div>\r\n\r\n                    <\/div>\r\n\r\n                <\/div>\r\n                \n<\/div>\n","protected":false},"excerpt":{"rendered":"<p>Ba\u0161 kao i posljednjih nekoliko godina navija\u010di Hajduka i pripadnici Torcide Metkovi\u0107 na dostojan na\u010din su\u00a0obilje\u017eili obljetnicu pada Vukovara.\u00a0 Ve\u010deras u\u00a019 sati od\u00a0kluba navija\u010da Torcida Metkovi\u0107 u mimohodu su krenuli do grafita u Sportskoj ulici, gdje je i izvje\u0161en transparent podr\u0161ke uhi\u0107enim braniteljima iz Ora\u0161ja. A preko svoje facebook stranice su poru\u010dili: &#8220;Vukovar \u017eivi u [&hellip;]<\/p>\n","protected":false},"author":7,"featured_media":30678,"comment_status":"open","ping_status":"open","sticky":false,"template":"","format":"standard","meta":{"footnotes":""},"categories":[283,11],"tags":[],"class_list":{"0":"post-30674","1":"post","2":"type-post","3":"status-publish","4":"format-standard","5":"has-post-thumbnail","7":"category-a","8":"category-metkovic-dolina"},"yoast_head":"<!-- This site is optimized with the Yoast SEO plugin v25.2 - https:\/\/yoast.com\/wordpress\/plugins\/seo\/ -->\n<title>Torcida Metkovi\u0107 paljenjem svije\u0107a u Sportskoj ulici odali po\u010dast \u017ertvi Vukovara - likemetkovic.hr<\/title>\n<meta name=\"robots\" content=\"index, follow, max-snippet:-1, max-image-preview:large, max-video-preview:-1\" \/>\n<link rel=\"canonical\" href=\"https:\/\/likemetkovic.hr\/torcida-metkovic-paljenjem-svijeca-sportskoj-ulici-obiljezili-obljetnicu-pada-vukovara\/\" \/>\n<meta property=\"og:locale\" content=\"hr_HR\" \/>\n<meta property=\"og:type\" content=\"article\" \/>\n<meta property=\"og:title\" content=\"Torcida Metkovi\u0107 paljenjem svije\u0107a u Sportskoj ulici odali po\u010dast \u017ertvi Vukovara - likemetkovic.hr\" \/>\n<meta property=\"og:description\" content=\"Ba\u0161 kao i posljednjih nekoliko godina navija\u010di Hajduka i pripadnici Torcide Metkovi\u0107 na dostojan na\u010din su\u00a0obilje\u017eili obljetnicu pada Vukovara.\u00a0 Ve\u010deras u\u00a019 sati od\u00a0kluba navija\u010da Torcida Metkovi\u0107 u mimohodu su krenuli do grafita u Sportskoj ulici, gdje je i izvje\u0161en transparent podr\u0161ke uhi\u0107enim braniteljima iz Ora\u0161ja. A preko svoje facebook stranice su poru\u010dili: &#8220;Vukovar \u017eivi u [&hellip;]\" \/>\n<meta property=\"og:url\" content=\"https:\/\/likemetkovic.hr\/torcida-metkovic-paljenjem-svijeca-sportskoj-ulici-obiljezili-obljetnicu-pada-vukovara\/\" \/>\n<meta property=\"og:site_name\" content=\"likemetkovic.hr\" \/>\n<meta property=\"article:publisher\" content=\"https:\/\/www.facebook.com\/likemetkovic.hr\/\" \/>\n<meta property=\"article:published_time\" content=\"2016-11-17T19:06:03+00:00\" \/>\n<meta property=\"article:modified_time\" content=\"2016-11-17T19:06:57+00:00\" \/>\n<meta property=\"og:image\" content=\"https:\/\/likemetkovic.hr\/wp-content\/uploads\/2016\/11\/DSC_0414.jpg\" \/>\n\t<meta property=\"og:image:width\" content=\"1366\" \/>\n\t<meta property=\"og:image:height\" content=\"911\" \/>\n\t<meta property=\"og:image:type\" content=\"image\/jpeg\" \/>\n<meta name=\"author\" content=\"LIKEmetkovic.hr\" \/>\n<meta name=\"twitter:card\" content=\"summary_large_image\" \/>\n<meta name=\"twitter:label1\" content=\"Napisao\/la\" \/>\n\t<meta name=\"twitter:data1\" content=\"LIKEmetkovic.hr\" \/>\n\t<meta name=\"twitter:label2\" content=\"Procijenjeno vrijeme \u010ditanja\" \/>\n\t<meta name=\"twitter:data2\" content=\"1 minuta\" \/>\n<script type=\"application\/ld+json\" class=\"yoast-schema-graph\">{\"@context\":\"https:\/\/schema.org\",\"@graph\":[{\"@type\":\"WebPage\",\"@id\":\"https:\/\/likemetkovic.hr\/torcida-metkovic-paljenjem-svijeca-sportskoj-ulici-obiljezili-obljetnicu-pada-vukovara\/\",\"url\":\"https:\/\/likemetkovic.hr\/torcida-metkovic-paljenjem-svijeca-sportskoj-ulici-obiljezili-obljetnicu-pada-vukovara\/\",\"name\":\"Torcida Metkovi\u0107 paljenjem svije\u0107a u Sportskoj ulici odali po\u010dast \u017ertvi Vukovara - likemetkovic.hr\",\"isPartOf\":{\"@id\":\"https:\/\/likemetkovic.hr\/#website\"},\"primaryImageOfPage\":{\"@id\":\"https:\/\/likemetkovic.hr\/torcida-metkovic-paljenjem-svijeca-sportskoj-ulici-obiljezili-obljetnicu-pada-vukovara\/#primaryimage\"},\"image\":{\"@id\":\"https:\/\/likemetkovic.hr\/torcida-metkovic-paljenjem-svijeca-sportskoj-ulici-obiljezili-obljetnicu-pada-vukovara\/#primaryimage\"},\"thumbnailUrl\":\"https:\/\/likemetkovic.hr\/portal\/wp-content\/uploads\/2016\/11\/DSC_0414.jpg\",\"datePublished\":\"2016-11-17T19:06:03+00:00\",\"dateModified\":\"2016-11-17T19:06:57+00:00\",\"author\":{\"@id\":\"https:\/\/likemetkovic.hr\/#\/schema\/person\/a42711f3385a0e2be6f7e0443bfb28f0\"},\"breadcrumb\":{\"@id\":\"https:\/\/likemetkovic.hr\/torcida-metkovic-paljenjem-svijeca-sportskoj-ulici-obiljezili-obljetnicu-pada-vukovara\/#breadcrumb\"},\"inLanguage\":\"hr\",\"potentialAction\":[{\"@type\":\"ReadAction\",\"target\":[\"https:\/\/likemetkovic.hr\/torcida-metkovic-paljenjem-svijeca-sportskoj-ulici-obiljezili-obljetnicu-pada-vukovara\/\"]}]},{\"@type\":\"ImageObject\",\"inLanguage\":\"hr\",\"@id\":\"https:\/\/likemetkovic.hr\/torcida-metkovic-paljenjem-svijeca-sportskoj-ulici-obiljezili-obljetnicu-pada-vukovara\/#primaryimage\",\"url\":\"https:\/\/likemetkovic.hr\/portal\/wp-content\/uploads\/2016\/11\/DSC_0414.jpg\",\"contentUrl\":\"https:\/\/likemetkovic.hr\/portal\/wp-content\/uploads\/2016\/11\/DSC_0414.jpg\",\"width\":1366,\"height\":911},{\"@type\":\"BreadcrumbList\",\"@id\":\"https:\/\/likemetkovic.hr\/torcida-metkovic-paljenjem-svijeca-sportskoj-ulici-obiljezili-obljetnicu-pada-vukovara\/#breadcrumb\",\"itemListElement\":[{\"@type\":\"ListItem\",\"position\":1,\"name\":\"Po\u010detna stranica\",\"item\":\"https:\/\/likemetkovic.hr\/portal\/\"},{\"@type\":\"ListItem\",\"position\":2,\"name\":\"Torcida Metkovi\u0107 paljenjem svije\u0107a u Sportskoj ulici odali po\u010dast \u017ertvi Vukovara\"}]},{\"@type\":\"WebSite\",\"@id\":\"https:\/\/likemetkovic.hr\/#website\",\"url\":\"https:\/\/likemetkovic.hr\/\",\"name\":\"likemetkovic.hr\",\"description\":\"Misli pozitivno... \u010ditaj LIKE\",\"potentialAction\":[{\"@type\":\"SearchAction\",\"target\":{\"@type\":\"EntryPoint\",\"urlTemplate\":\"https:\/\/likemetkovic.hr\/?s={search_term_string}\"},\"query-input\":{\"@type\":\"PropertyValueSpecification\",\"valueRequired\":true,\"valueName\":\"search_term_string\"}}],\"inLanguage\":\"hr\"},{\"@type\":\"Person\",\"@id\":\"https:\/\/likemetkovic.hr\/#\/schema\/person\/a42711f3385a0e2be6f7e0443bfb28f0\",\"name\":\"LIKEmetkovic.hr\",\"sameAs\":[\"http:\/\/likemetkovic.hr\"],\"url\":\"https:\/\/likemetkovic.hr\/portal\/author\/likemetkovic-hr\/\"}]}<\/script>\n<!-- \/ Yoast SEO plugin. -->","yoast_head_json":{"title":"Torcida Metkovi\u0107 paljenjem svije\u0107a u Sportskoj ulici odali po\u010dast \u017ertvi Vukovara - likemetkovic.hr","robots":{"index":"index","follow":"follow","max-snippet":"max-snippet:-1","max-image-preview":"max-image-preview:large","max-video-preview":"max-video-preview:-1"},"canonical":"https:\/\/likemetkovic.hr\/torcida-metkovic-paljenjem-svijeca-sportskoj-ulici-obiljezili-obljetnicu-pada-vukovara\/","og_locale":"hr_HR","og_type":"article","og_title":"Torcida Metkovi\u0107 paljenjem svije\u0107a u Sportskoj ulici odali po\u010dast \u017ertvi Vukovara - likemetkovic.hr","og_description":"Ba\u0161 kao i posljednjih nekoliko godina navija\u010di Hajduka i pripadnici Torcide Metkovi\u0107 na dostojan na\u010din su\u00a0obilje\u017eili obljetnicu pada Vukovara.\u00a0 Ve\u010deras u\u00a019 sati od\u00a0kluba navija\u010da Torcida Metkovi\u0107 u mimohodu su krenuli do grafita u Sportskoj ulici, gdje je i izvje\u0161en transparent podr\u0161ke uhi\u0107enim braniteljima iz Ora\u0161ja. A preko svoje facebook stranice su poru\u010dili: &#8220;Vukovar \u017eivi u [&hellip;]","og_url":"https:\/\/likemetkovic.hr\/torcida-metkovic-paljenjem-svijeca-sportskoj-ulici-obiljezili-obljetnicu-pada-vukovara\/","og_site_name":"likemetkovic.hr","article_publisher":"https:\/\/www.facebook.com\/likemetkovic.hr\/","article_published_time":"2016-11-17T19:06:03+00:00","article_modified_time":"2016-11-17T19:06:57+00:00","og_image":[{"width":1366,"height":911,"url":"https:\/\/likemetkovic.hr\/wp-content\/uploads\/2016\/11\/DSC_0414.jpg","type":"image\/jpeg"}],"author":"LIKEmetkovic.hr","twitter_card":"summary_large_image","twitter_misc":{"Napisao\/la":"LIKEmetkovic.hr","Procijenjeno vrijeme \u010ditanja":"1 minuta"},"schema":{"@context":"https:\/\/schema.org","@graph":[{"@type":"WebPage","@id":"https:\/\/likemetkovic.hr\/torcida-metkovic-paljenjem-svijeca-sportskoj-ulici-obiljezili-obljetnicu-pada-vukovara\/","url":"https:\/\/likemetkovic.hr\/torcida-metkovic-paljenjem-svijeca-sportskoj-ulici-obiljezili-obljetnicu-pada-vukovara\/","name":"Torcida Metkovi\u0107 paljenjem svije\u0107a u Sportskoj ulici odali po\u010dast \u017ertvi Vukovara - likemetkovic.hr","isPartOf":{"@id":"https:\/\/likemetkovic.hr\/#website"},"primaryImageOfPage":{"@id":"https:\/\/likemetkovic.hr\/torcida-metkovic-paljenjem-svijeca-sportskoj-ulici-obiljezili-obljetnicu-pada-vukovara\/#primaryimage"},"image":{"@id":"https:\/\/likemetkovic.hr\/torcida-metkovic-paljenjem-svijeca-sportskoj-ulici-obiljezili-obljetnicu-pada-vukovara\/#primaryimage"},"thumbnailUrl":"https:\/\/likemetkovic.hr\/portal\/wp-content\/uploads\/2016\/11\/DSC_0414.jpg","datePublished":"2016-11-17T19:06:03+00:00","dateModified":"2016-11-17T19:06:57+00:00","author":{"@id":"https:\/\/likemetkovic.hr\/#\/schema\/person\/a42711f3385a0e2be6f7e0443bfb28f0"},"breadcrumb":{"@id":"https:\/\/likemetkovic.hr\/torcida-metkovic-paljenjem-svijeca-sportskoj-ulici-obiljezili-obljetnicu-pada-vukovara\/#breadcrumb"},"inLanguage":"hr","potentialAction":[{"@type":"ReadAction","target":["https:\/\/likemetkovic.hr\/torcida-metkovic-paljenjem-svijeca-sportskoj-ulici-obiljezili-obljetnicu-pada-vukovara\/"]}]},{"@type":"ImageObject","inLanguage":"hr","@id":"https:\/\/likemetkovic.hr\/torcida-metkovic-paljenjem-svijeca-sportskoj-ulici-obiljezili-obljetnicu-pada-vukovara\/#primaryimage","url":"https:\/\/likemetkovic.hr\/portal\/wp-content\/uploads\/2016\/11\/DSC_0414.jpg","contentUrl":"https:\/\/likemetkovic.hr\/portal\/wp-content\/uploads\/2016\/11\/DSC_0414.jpg","width":1366,"height":911},{"@type":"BreadcrumbList","@id":"https:\/\/likemetkovic.hr\/torcida-metkovic-paljenjem-svijeca-sportskoj-ulici-obiljezili-obljetnicu-pada-vukovara\/#breadcrumb","itemListElement":[{"@type":"ListItem","position":1,"name":"Po\u010detna stranica","item":"https:\/\/likemetkovic.hr\/portal\/"},{"@type":"ListItem","position":2,"name":"Torcida Metkovi\u0107 paljenjem svije\u0107a u Sportskoj ulici odali po\u010dast \u017ertvi Vukovara"}]},{"@type":"WebSite","@id":"https:\/\/likemetkovic.hr\/#website","url":"https:\/\/likemetkovic.hr\/","name":"likemetkovic.hr","description":"Misli pozitivno... \u010ditaj LIKE","potentialAction":[{"@type":"SearchAction","target":{"@type":"EntryPoint","urlTemplate":"https:\/\/likemetkovic.hr\/?s={search_term_string}"},"query-input":{"@type":"PropertyValueSpecification","valueRequired":true,"valueName":"search_term_string"}}],"inLanguage":"hr"},{"@type":"Person","@id":"https:\/\/likemetkovic.hr\/#\/schema\/person\/a42711f3385a0e2be6f7e0443bfb28f0","name":"LIKEmetkovic.hr","sameAs":["http:\/\/likemetkovic.hr"],"url":"https:\/\/likemetkovic.hr\/portal\/author\/likemetkovic-hr\/"}]}},"_links":{"self":[{"href":"https:\/\/likemetkovic.hr\/portal\/wp-json\/wp\/v2\/posts\/30674","targetHints":{"allow":["GET"]}}],"collection":[{"href":"https:\/\/likemetkovic.hr\/portal\/wp-json\/wp\/v2\/posts"}],"about":[{"href":"https:\/\/likemetkovic.hr\/portal\/wp-json\/wp\/v2\/types\/post"}],"author":[{"embeddable":true,"href":"https:\/\/likemetkovic.hr\/portal\/wp-json\/wp\/v2\/users\/7"}],"replies":[{"embeddable":true,"href":"https:\/\/likemetkovic.hr\/portal\/wp-json\/wp\/v2\/comments?post=30674"}],"version-history":[{"count":0,"href":"https:\/\/likemetkovic.hr\/portal\/wp-json\/wp\/v2\/posts\/30674\/revisions"}],"wp:featuredmedia":[{"embeddable":true,"href":"https:\/\/likemetkovic.hr\/portal\/wp-json\/wp\/v2\/media\/30678"}],"wp:attachment":[{"href":"https:\/\/likemetkovic.hr\/portal\/wp-json\/wp\/v2\/media?parent=30674"}],"wp:term":[{"taxonomy":"category","embeddable":true,"href":"https:\/\/likemetkovic.hr\/portal\/wp-json\/wp\/v2\/categories?post=30674"},{"taxonomy":"post_tag","embeddable":true,"href":"https:\/\/likemetkovic.hr\/portal\/wp-json\/wp\/v2\/tags?post=30674"}],"curies":[{"name":"wp","href":"https:\/\/api.w.org\/{rel}","templated":true}]}}