{"id":30983,"date":"2016-11-23T16:00:42","date_gmt":"2016-11-23T14:00:42","guid":{"rendered":"http:\/\/likemetkovic.hr\/?p=30983"},"modified":"2016-11-23T17:08:08","modified_gmt":"2016-11-23T15:08:08","slug":"zadarskoj-puckoj-kuhinji-donacija-braniteljskih-mandarina","status":"publish","type":"post","link":"https:\/\/likemetkovic.hr\/portal\/zadarskoj-puckoj-kuhinji-donacija-braniteljskih-mandarina\/","title":{"rendered":"I zadarskoj pu\u010dkoj kuhinji donacija braniteljskih mandarina"},"content":{"rendered":"<p><strong>Danas je u zadarskoj Pu\u010dkoj kuhinji Sv. Vinko Paulski odr\u017eano predstavljanje Fonda europske pomo\u0107i za najpotrebitije, pri \u010demu je Pu\u010dka kuhinja primila donaciju od 800 kg mandarina.<\/strong><\/p>\n<p>Na predstavljanju su sudjelovali\u00a0<strong>Katarina Ivankovi\u0107 Kne\u017eevi\u0107<\/strong>, dr\u017eavna tajnica u Ministarstvu rada i mirovinskoga sustava i <strong>Mario Bebi\u0107<\/strong>, pomo\u0107nik ministra rada i mirovinskoga sustava.<\/p>\n<p>Naime, Ministarstvo rada i mirovinskoga sustava kao Upravlja\u010dko tijelo nadle\u017eno je za provedbu Operativnog programa za hranu i\/ili osnovnu materijalnu pomo\u0107 2014.-2020., financiranog sredstvima Fonda europske pomo\u0107i za najpotrebitije za razdoblje 2014. &#8211; 2020. godine (FEAD). Cilj FEAD-a je promicanje socijalne kohezije i socijalne uklju\u010denosti pridonose\u0107i smanjenju siroma\u0161tva, posebice te\u0161kih oblika siroma\u0161tva poput dje\u010djeg siroma\u0161tva, besku\u0107ni\u0161tva i nedostatka hrane, stoji u najavi.<\/p>\n<p>U okviru promocije FEAD-a Ministarstvo rada i mirovinskoga sustava podijelit \u0107e 40 tona neretvanskih mandarina, izvornog hrvatskog proizvoda kojemu je Europska unija dodijelila za\u0161ti\u0107enu oznaku izvornosti. Mandarine su proizveli proizvo\u0111a\u010di \u010dlanova braniteljske zadruge Modro zelena iz Metkovi\u0107a. Sredstvima FEAD-a osigurano je 30 tona mandarina, dok \u0107e 10 tona mandarina podijeliti Modro zelena zadruga.<\/p>\n<p>Mandarine \u0107e biti podijeljene ukupno 31 ustanovi (pu\u010dke kuhinje, preno\u0107i\u0161ta i prihvatili\u0161ta za besku\u0107nike, Gradska dru\u0161tva Crvenog kri\u017ea) u 14 \u017eupanija Republike Hrvatske, koje su odabrane temeljem iskaza interesa Hrvatskog crvenog kri\u017ea i Hrvatskog Caritasa.<\/p>\n","protected":false},"excerpt":{"rendered":"<p>Danas je u zadarskoj Pu\u010dkoj kuhinji Sv. Vinko Paulski odr\u017eano predstavljanje Fonda europske pomo\u0107i za najpotrebitije, pri \u010demu je Pu\u010dka kuhinja primila donaciju od 800 kg mandarina. Na predstavljanju su sudjelovali\u00a0Katarina Ivankovi\u0107 Kne\u017eevi\u0107, dr\u017eavna tajnica u Ministarstvu rada i mirovinskoga sustava i Mario Bebi\u0107, pomo\u0107nik ministra rada i mirovinskoga sustava. Naime, Ministarstvo rada i mirovinskoga [&hellip;]<\/p>\n","protected":false},"author":7,"featured_media":30989,"comment_status":"open","ping_status":"open","sticky":false,"template":"","format":"standard","meta":{"footnotes":""},"categories":[283,71],"tags":[],"class_list":{"0":"post-30983","1":"post","2":"type-post","3":"status-publish","4":"format-standard","5":"has-post-thumbnail","7":"category-a","8":"category-svega-po-malo"},"yoast_head":"<!-- This site is optimized with the Yoast SEO plugin v25.2 - https:\/\/yoast.com\/wordpress\/plugins\/seo\/ -->\n<title>I zadarskoj pu\u010dkoj kuhinji donacija braniteljskih mandarina - likemetkovic.hr<\/title>\n<meta name=\"robots\" content=\"index, follow, max-snippet:-1, max-image-preview:large, max-video-preview:-1\" \/>\n<link rel=\"canonical\" href=\"https:\/\/likemetkovic.hr\/zadarskoj-puckoj-kuhinji-donacija-braniteljskih-mandarina\/\" \/>\n<meta property=\"og:locale\" content=\"hr_HR\" \/>\n<meta property=\"og:type\" content=\"article\" \/>\n<meta property=\"og:title\" content=\"I zadarskoj pu\u010dkoj kuhinji donacija braniteljskih mandarina - likemetkovic.hr\" \/>\n<meta property=\"og:description\" content=\"Danas je u zadarskoj Pu\u010dkoj kuhinji Sv. Vinko Paulski odr\u017eano predstavljanje Fonda europske pomo\u0107i za najpotrebitije, pri \u010demu je Pu\u010dka kuhinja primila donaciju od 800 kg mandarina. Na predstavljanju su sudjelovali\u00a0Katarina Ivankovi\u0107 Kne\u017eevi\u0107, dr\u017eavna tajnica u Ministarstvu rada i mirovinskoga sustava i Mario Bebi\u0107, pomo\u0107nik ministra rada i mirovinskoga sustava. Naime, Ministarstvo rada i mirovinskoga [&hellip;]\" \/>\n<meta property=\"og:url\" content=\"https:\/\/likemetkovic.hr\/zadarskoj-puckoj-kuhinji-donacija-braniteljskih-mandarina\/\" \/>\n<meta property=\"og:site_name\" content=\"likemetkovic.hr\" \/>\n<meta property=\"article:publisher\" content=\"https:\/\/www.facebook.com\/likemetkovic.hr\/\" \/>\n<meta property=\"article:published_time\" content=\"2016-11-23T14:00:42+00:00\" \/>\n<meta property=\"article:modified_time\" content=\"2016-11-23T15:08:08+00:00\" \/>\n<meta property=\"og:image\" content=\"https:\/\/likemetkovic.hr\/wp-content\/uploads\/2016\/11\/mandarine-zadar.jpg\" \/>\n\t<meta property=\"og:image:width\" content=\"1200\" \/>\n\t<meta property=\"og:image:height\" content=\"600\" \/>\n\t<meta property=\"og:image:type\" content=\"image\/jpeg\" \/>\n<meta name=\"author\" content=\"LIKEmetkovic.hr\" \/>\n<meta name=\"twitter:card\" content=\"summary_large_image\" \/>\n<meta name=\"twitter:label1\" content=\"Napisao\/la\" \/>\n\t<meta name=\"twitter:data1\" content=\"LIKEmetkovic.hr\" \/>\n\t<meta name=\"twitter:label2\" content=\"Procijenjeno vrijeme \u010ditanja\" \/>\n\t<meta name=\"twitter:data2\" content=\"1 minuta\" \/>\n<script type=\"application\/ld+json\" class=\"yoast-schema-graph\">{\"@context\":\"https:\/\/schema.org\",\"@graph\":[{\"@type\":\"WebPage\",\"@id\":\"https:\/\/likemetkovic.hr\/zadarskoj-puckoj-kuhinji-donacija-braniteljskih-mandarina\/\",\"url\":\"https:\/\/likemetkovic.hr\/zadarskoj-puckoj-kuhinji-donacija-braniteljskih-mandarina\/\",\"name\":\"I zadarskoj pu\u010dkoj kuhinji donacija braniteljskih mandarina - likemetkovic.hr\",\"isPartOf\":{\"@id\":\"https:\/\/likemetkovic.hr\/#website\"},\"primaryImageOfPage\":{\"@id\":\"https:\/\/likemetkovic.hr\/zadarskoj-puckoj-kuhinji-donacija-braniteljskih-mandarina\/#primaryimage\"},\"image\":{\"@id\":\"https:\/\/likemetkovic.hr\/zadarskoj-puckoj-kuhinji-donacija-braniteljskih-mandarina\/#primaryimage\"},\"thumbnailUrl\":\"https:\/\/likemetkovic.hr\/portal\/wp-content\/uploads\/2016\/11\/mandarine-zadar.jpg\",\"datePublished\":\"2016-11-23T14:00:42+00:00\",\"dateModified\":\"2016-11-23T15:08:08+00:00\",\"author\":{\"@id\":\"https:\/\/likemetkovic.hr\/#\/schema\/person\/a42711f3385a0e2be6f7e0443bfb28f0\"},\"breadcrumb\":{\"@id\":\"https:\/\/likemetkovic.hr\/zadarskoj-puckoj-kuhinji-donacija-braniteljskih-mandarina\/#breadcrumb\"},\"inLanguage\":\"hr\",\"potentialAction\":[{\"@type\":\"ReadAction\",\"target\":[\"https:\/\/likemetkovic.hr\/zadarskoj-puckoj-kuhinji-donacija-braniteljskih-mandarina\/\"]}]},{\"@type\":\"ImageObject\",\"inLanguage\":\"hr\",\"@id\":\"https:\/\/likemetkovic.hr\/zadarskoj-puckoj-kuhinji-donacija-braniteljskih-mandarina\/#primaryimage\",\"url\":\"https:\/\/likemetkovic.hr\/portal\/wp-content\/uploads\/2016\/11\/mandarine-zadar.jpg\",\"contentUrl\":\"https:\/\/likemetkovic.hr\/portal\/wp-content\/uploads\/2016\/11\/mandarine-zadar.jpg\",\"width\":1200,\"height\":600},{\"@type\":\"BreadcrumbList\",\"@id\":\"https:\/\/likemetkovic.hr\/zadarskoj-puckoj-kuhinji-donacija-braniteljskih-mandarina\/#breadcrumb\",\"itemListElement\":[{\"@type\":\"ListItem\",\"position\":1,\"name\":\"Po\u010detna stranica\",\"item\":\"https:\/\/likemetkovic.hr\/portal\/\"},{\"@type\":\"ListItem\",\"position\":2,\"name\":\"I zadarskoj pu\u010dkoj kuhinji donacija braniteljskih mandarina\"}]},{\"@type\":\"WebSite\",\"@id\":\"https:\/\/likemetkovic.hr\/#website\",\"url\":\"https:\/\/likemetkovic.hr\/\",\"name\":\"likemetkovic.hr\",\"description\":\"Misli pozitivno... \u010ditaj LIKE\",\"potentialAction\":[{\"@type\":\"SearchAction\",\"target\":{\"@type\":\"EntryPoint\",\"urlTemplate\":\"https:\/\/likemetkovic.hr\/?s={search_term_string}\"},\"query-input\":{\"@type\":\"PropertyValueSpecification\",\"valueRequired\":true,\"valueName\":\"search_term_string\"}}],\"inLanguage\":\"hr\"},{\"@type\":\"Person\",\"@id\":\"https:\/\/likemetkovic.hr\/#\/schema\/person\/a42711f3385a0e2be6f7e0443bfb28f0\",\"name\":\"LIKEmetkovic.hr\",\"sameAs\":[\"http:\/\/likemetkovic.hr\"],\"url\":\"https:\/\/likemetkovic.hr\/portal\/author\/likemetkovic-hr\/\"}]}<\/script>\n<!-- \/ Yoast SEO plugin. -->","yoast_head_json":{"title":"I zadarskoj pu\u010dkoj kuhinji donacija braniteljskih mandarina - likemetkovic.hr","robots":{"index":"index","follow":"follow","max-snippet":"max-snippet:-1","max-image-preview":"max-image-preview:large","max-video-preview":"max-video-preview:-1"},"canonical":"https:\/\/likemetkovic.hr\/zadarskoj-puckoj-kuhinji-donacija-braniteljskih-mandarina\/","og_locale":"hr_HR","og_type":"article","og_title":"I zadarskoj pu\u010dkoj kuhinji donacija braniteljskih mandarina - likemetkovic.hr","og_description":"Danas je u zadarskoj Pu\u010dkoj kuhinji Sv. Vinko Paulski odr\u017eano predstavljanje Fonda europske pomo\u0107i za najpotrebitije, pri \u010demu je Pu\u010dka kuhinja primila donaciju od 800 kg mandarina. Na predstavljanju su sudjelovali\u00a0Katarina Ivankovi\u0107 Kne\u017eevi\u0107, dr\u017eavna tajnica u Ministarstvu rada i mirovinskoga sustava i Mario Bebi\u0107, pomo\u0107nik ministra rada i mirovinskoga sustava. Naime, Ministarstvo rada i mirovinskoga [&hellip;]","og_url":"https:\/\/likemetkovic.hr\/zadarskoj-puckoj-kuhinji-donacija-braniteljskih-mandarina\/","og_site_name":"likemetkovic.hr","article_publisher":"https:\/\/www.facebook.com\/likemetkovic.hr\/","article_published_time":"2016-11-23T14:00:42+00:00","article_modified_time":"2016-11-23T15:08:08+00:00","og_image":[{"width":1200,"height":600,"url":"https:\/\/likemetkovic.hr\/wp-content\/uploads\/2016\/11\/mandarine-zadar.jpg","type":"image\/jpeg"}],"author":"LIKEmetkovic.hr","twitter_card":"summary_large_image","twitter_misc":{"Napisao\/la":"LIKEmetkovic.hr","Procijenjeno vrijeme \u010ditanja":"1 minuta"},"schema":{"@context":"https:\/\/schema.org","@graph":[{"@type":"WebPage","@id":"https:\/\/likemetkovic.hr\/zadarskoj-puckoj-kuhinji-donacija-braniteljskih-mandarina\/","url":"https:\/\/likemetkovic.hr\/zadarskoj-puckoj-kuhinji-donacija-braniteljskih-mandarina\/","name":"I zadarskoj pu\u010dkoj kuhinji donacija braniteljskih mandarina - likemetkovic.hr","isPartOf":{"@id":"https:\/\/likemetkovic.hr\/#website"},"primaryImageOfPage":{"@id":"https:\/\/likemetkovic.hr\/zadarskoj-puckoj-kuhinji-donacija-braniteljskih-mandarina\/#primaryimage"},"image":{"@id":"https:\/\/likemetkovic.hr\/zadarskoj-puckoj-kuhinji-donacija-braniteljskih-mandarina\/#primaryimage"},"thumbnailUrl":"https:\/\/likemetkovic.hr\/portal\/wp-content\/uploads\/2016\/11\/mandarine-zadar.jpg","datePublished":"2016-11-23T14:00:42+00:00","dateModified":"2016-11-23T15:08:08+00:00","author":{"@id":"https:\/\/likemetkovic.hr\/#\/schema\/person\/a42711f3385a0e2be6f7e0443bfb28f0"},"breadcrumb":{"@id":"https:\/\/likemetkovic.hr\/zadarskoj-puckoj-kuhinji-donacija-braniteljskih-mandarina\/#breadcrumb"},"inLanguage":"hr","potentialAction":[{"@type":"ReadAction","target":["https:\/\/likemetkovic.hr\/zadarskoj-puckoj-kuhinji-donacija-braniteljskih-mandarina\/"]}]},{"@type":"ImageObject","inLanguage":"hr","@id":"https:\/\/likemetkovic.hr\/zadarskoj-puckoj-kuhinji-donacija-braniteljskih-mandarina\/#primaryimage","url":"https:\/\/likemetkovic.hr\/portal\/wp-content\/uploads\/2016\/11\/mandarine-zadar.jpg","contentUrl":"https:\/\/likemetkovic.hr\/portal\/wp-content\/uploads\/2016\/11\/mandarine-zadar.jpg","width":1200,"height":600},{"@type":"BreadcrumbList","@id":"https:\/\/likemetkovic.hr\/zadarskoj-puckoj-kuhinji-donacija-braniteljskih-mandarina\/#breadcrumb","itemListElement":[{"@type":"ListItem","position":1,"name":"Po\u010detna stranica","item":"https:\/\/likemetkovic.hr\/portal\/"},{"@type":"ListItem","position":2,"name":"I zadarskoj pu\u010dkoj kuhinji donacija braniteljskih mandarina"}]},{"@type":"WebSite","@id":"https:\/\/likemetkovic.hr\/#website","url":"https:\/\/likemetkovic.hr\/","name":"likemetkovic.hr","description":"Misli pozitivno... \u010ditaj LIKE","potentialAction":[{"@type":"SearchAction","target":{"@type":"EntryPoint","urlTemplate":"https:\/\/likemetkovic.hr\/?s={search_term_string}"},"query-input":{"@type":"PropertyValueSpecification","valueRequired":true,"valueName":"search_term_string"}}],"inLanguage":"hr"},{"@type":"Person","@id":"https:\/\/likemetkovic.hr\/#\/schema\/person\/a42711f3385a0e2be6f7e0443bfb28f0","name":"LIKEmetkovic.hr","sameAs":["http:\/\/likemetkovic.hr"],"url":"https:\/\/likemetkovic.hr\/portal\/author\/likemetkovic-hr\/"}]}},"_links":{"self":[{"href":"https:\/\/likemetkovic.hr\/portal\/wp-json\/wp\/v2\/posts\/30983","targetHints":{"allow":["GET"]}}],"collection":[{"href":"https:\/\/likemetkovic.hr\/portal\/wp-json\/wp\/v2\/posts"}],"about":[{"href":"https:\/\/likemetkovic.hr\/portal\/wp-json\/wp\/v2\/types\/post"}],"author":[{"embeddable":true,"href":"https:\/\/likemetkovic.hr\/portal\/wp-json\/wp\/v2\/users\/7"}],"replies":[{"embeddable":true,"href":"https:\/\/likemetkovic.hr\/portal\/wp-json\/wp\/v2\/comments?post=30983"}],"version-history":[{"count":0,"href":"https:\/\/likemetkovic.hr\/portal\/wp-json\/wp\/v2\/posts\/30983\/revisions"}],"wp:featuredmedia":[{"embeddable":true,"href":"https:\/\/likemetkovic.hr\/portal\/wp-json\/wp\/v2\/media\/30989"}],"wp:attachment":[{"href":"https:\/\/likemetkovic.hr\/portal\/wp-json\/wp\/v2\/media?parent=30983"}],"wp:term":[{"taxonomy":"category","embeddable":true,"href":"https:\/\/likemetkovic.hr\/portal\/wp-json\/wp\/v2\/categories?post=30983"},{"taxonomy":"post_tag","embeddable":true,"href":"https:\/\/likemetkovic.hr\/portal\/wp-json\/wp\/v2\/tags?post=30983"}],"curies":[{"name":"wp","href":"https:\/\/api.w.org\/{rel}","templated":true}]}}