{"id":31126,"date":"2016-11-25T20:21:02","date_gmt":"2016-11-25T18:21:02","guid":{"rendered":"http:\/\/likemetkovic.hr\/?p=31126"},"modified":"2016-11-25T20:41:39","modified_gmt":"2016-11-25T18:41:39","slug":"gabela-polju-dignut-zrak-bmw-x6","status":"publish","type":"post","link":"https:\/\/likemetkovic.hr\/portal\/gabela-polju-dignut-zrak-bmw-x6\/","title":{"rendered":"U Gabela Polju dignut u zrak \u201dBMW X6\u201d"},"content":{"rendered":"<p>U naselju Gabela Polje no\u0107as je odjeknula sna\u017ena eksplozija koja\u00a0je uznemirila stanovnike ovog \u010dapljinskog naselja kao i susjednog Metkovi\u0107a. Naime, eksplozivnom napravom dignut je u zrak automobil marke BMW X6 koji se nalazio parkiran ispred obiteljske ku\u0107e.<\/p>\n<p>Na svu sre\u0107u nema ozlije\u0111enih, a automobil je u potpunosti uni\u0161ten. Kako je za Prvi.tv rekao Ljudevit Mari\u0107, glasnogovornik MUP-a HN\u017d-a ekpslozija se dogodila pola sata nakon pono\u0107i.<\/p>\n<p>\u2013 Eksplozivno sredstvo postavljeno je pod automobil marke BMW X6 vlasnika inicijala P. D., dr\u017eavljanina BiH. O\u010devid sino\u0107 nije mogao biti izvr\u0161en pa je zapo\u010det rano jutros, kazao je Mari\u0107 dodav\u0161i kako \u0107e vi\u0161e informacija biti poznato nakon \u0161to policijski pripadnici izvr\u0161e o\u010devid.<\/p>\n","protected":false},"excerpt":{"rendered":"<p>U naselju Gabela Polje no\u0107as je odjeknula sna\u017ena eksplozija koja\u00a0je uznemirila stanovnike ovog \u010dapljinskog naselja kao i susjednog Metkovi\u0107a. Naime, eksplozivnom napravom dignut je u zrak automobil marke BMW X6 koji se nalazio parkiran ispred obiteljske ku\u0107e. Na svu sre\u0107u nema ozlije\u0111enih, a automobil je u potpunosti uni\u0161ten. Kako je za Prvi.tv rekao Ljudevit Mari\u0107, [&hellip;]<\/p>\n","protected":false},"author":7,"featured_media":0,"comment_status":"open","ping_status":"open","sticky":false,"template":"","format":"standard","meta":{"footnotes":""},"categories":[283,71],"tags":[],"class_list":{"0":"post-31126","1":"post","2":"type-post","3":"status-publish","4":"format-standard","6":"category-a","7":"category-svega-po-malo"},"yoast_head":"<!-- This site is optimized with the Yoast SEO plugin v25.2 - https:\/\/yoast.com\/wordpress\/plugins\/seo\/ -->\n<title>U Gabela Polju dignut u zrak \u201dBMW X6\u201d - likemetkovic.hr<\/title>\n<meta name=\"robots\" content=\"index, follow, max-snippet:-1, max-image-preview:large, max-video-preview:-1\" \/>\n<link rel=\"canonical\" href=\"https:\/\/likemetkovic.hr\/gabela-polju-dignut-zrak-bmw-x6\/\" \/>\n<meta property=\"og:locale\" content=\"hr_HR\" \/>\n<meta property=\"og:type\" content=\"article\" \/>\n<meta property=\"og:title\" content=\"U Gabela Polju dignut u zrak \u201dBMW X6\u201d - likemetkovic.hr\" \/>\n<meta property=\"og:description\" content=\"U naselju Gabela Polje no\u0107as je odjeknula sna\u017ena eksplozija koja\u00a0je uznemirila stanovnike ovog \u010dapljinskog naselja kao i susjednog Metkovi\u0107a. Naime, eksplozivnom napravom dignut je u zrak automobil marke BMW X6 koji se nalazio parkiran ispred obiteljske ku\u0107e. Na svu sre\u0107u nema ozlije\u0111enih, a automobil je u potpunosti uni\u0161ten. Kako je za Prvi.tv rekao Ljudevit Mari\u0107, [&hellip;]\" \/>\n<meta property=\"og:url\" content=\"https:\/\/likemetkovic.hr\/gabela-polju-dignut-zrak-bmw-x6\/\" \/>\n<meta property=\"og:site_name\" content=\"likemetkovic.hr\" \/>\n<meta property=\"article:publisher\" content=\"https:\/\/www.facebook.com\/likemetkovic.hr\/\" \/>\n<meta property=\"article:published_time\" content=\"2016-11-25T18:21:02+00:00\" \/>\n<meta property=\"article:modified_time\" content=\"2016-11-25T18:41:39+00:00\" \/>\n<meta name=\"author\" content=\"LIKEmetkovic.hr\" \/>\n<meta name=\"twitter:card\" content=\"summary_large_image\" \/>\n<meta name=\"twitter:label1\" content=\"Napisao\/la\" \/>\n\t<meta name=\"twitter:data1\" content=\"LIKEmetkovic.hr\" \/>\n\t<meta name=\"twitter:label2\" content=\"Procijenjeno vrijeme \u010ditanja\" \/>\n\t<meta name=\"twitter:data2\" content=\"1 minuta\" \/>\n<script type=\"application\/ld+json\" class=\"yoast-schema-graph\">{\"@context\":\"https:\/\/schema.org\",\"@graph\":[{\"@type\":\"WebPage\",\"@id\":\"https:\/\/likemetkovic.hr\/gabela-polju-dignut-zrak-bmw-x6\/\",\"url\":\"https:\/\/likemetkovic.hr\/gabela-polju-dignut-zrak-bmw-x6\/\",\"name\":\"U Gabela Polju dignut u zrak \u201dBMW X6\u201d - likemetkovic.hr\",\"isPartOf\":{\"@id\":\"https:\/\/likemetkovic.hr\/#website\"},\"datePublished\":\"2016-11-25T18:21:02+00:00\",\"dateModified\":\"2016-11-25T18:41:39+00:00\",\"author\":{\"@id\":\"https:\/\/likemetkovic.hr\/#\/schema\/person\/a42711f3385a0e2be6f7e0443bfb28f0\"},\"breadcrumb\":{\"@id\":\"https:\/\/likemetkovic.hr\/gabela-polju-dignut-zrak-bmw-x6\/#breadcrumb\"},\"inLanguage\":\"hr\",\"potentialAction\":[{\"@type\":\"ReadAction\",\"target\":[\"https:\/\/likemetkovic.hr\/gabela-polju-dignut-zrak-bmw-x6\/\"]}]},{\"@type\":\"BreadcrumbList\",\"@id\":\"https:\/\/likemetkovic.hr\/gabela-polju-dignut-zrak-bmw-x6\/#breadcrumb\",\"itemListElement\":[{\"@type\":\"ListItem\",\"position\":1,\"name\":\"Po\u010detna stranica\",\"item\":\"https:\/\/likemetkovic.hr\/portal\/\"},{\"@type\":\"ListItem\",\"position\":2,\"name\":\"U Gabela Polju dignut u zrak \u201dBMW X6\u201d\"}]},{\"@type\":\"WebSite\",\"@id\":\"https:\/\/likemetkovic.hr\/#website\",\"url\":\"https:\/\/likemetkovic.hr\/\",\"name\":\"likemetkovic.hr\",\"description\":\"Misli pozitivno... \u010ditaj LIKE\",\"potentialAction\":[{\"@type\":\"SearchAction\",\"target\":{\"@type\":\"EntryPoint\",\"urlTemplate\":\"https:\/\/likemetkovic.hr\/?s={search_term_string}\"},\"query-input\":{\"@type\":\"PropertyValueSpecification\",\"valueRequired\":true,\"valueName\":\"search_term_string\"}}],\"inLanguage\":\"hr\"},{\"@type\":\"Person\",\"@id\":\"https:\/\/likemetkovic.hr\/#\/schema\/person\/a42711f3385a0e2be6f7e0443bfb28f0\",\"name\":\"LIKEmetkovic.hr\",\"sameAs\":[\"http:\/\/likemetkovic.hr\"],\"url\":\"https:\/\/likemetkovic.hr\/portal\/author\/likemetkovic-hr\/\"}]}<\/script>\n<!-- \/ Yoast SEO plugin. -->","yoast_head_json":{"title":"U Gabela Polju dignut u zrak \u201dBMW X6\u201d - likemetkovic.hr","robots":{"index":"index","follow":"follow","max-snippet":"max-snippet:-1","max-image-preview":"max-image-preview:large","max-video-preview":"max-video-preview:-1"},"canonical":"https:\/\/likemetkovic.hr\/gabela-polju-dignut-zrak-bmw-x6\/","og_locale":"hr_HR","og_type":"article","og_title":"U Gabela Polju dignut u zrak \u201dBMW X6\u201d - likemetkovic.hr","og_description":"U naselju Gabela Polje no\u0107as je odjeknula sna\u017ena eksplozija koja\u00a0je uznemirila stanovnike ovog \u010dapljinskog naselja kao i susjednog Metkovi\u0107a. Naime, eksplozivnom napravom dignut je u zrak automobil marke BMW X6 koji se nalazio parkiran ispred obiteljske ku\u0107e. Na svu sre\u0107u nema ozlije\u0111enih, a automobil je u potpunosti uni\u0161ten. Kako je za Prvi.tv rekao Ljudevit Mari\u0107, [&hellip;]","og_url":"https:\/\/likemetkovic.hr\/gabela-polju-dignut-zrak-bmw-x6\/","og_site_name":"likemetkovic.hr","article_publisher":"https:\/\/www.facebook.com\/likemetkovic.hr\/","article_published_time":"2016-11-25T18:21:02+00:00","article_modified_time":"2016-11-25T18:41:39+00:00","author":"LIKEmetkovic.hr","twitter_card":"summary_large_image","twitter_misc":{"Napisao\/la":"LIKEmetkovic.hr","Procijenjeno vrijeme \u010ditanja":"1 minuta"},"schema":{"@context":"https:\/\/schema.org","@graph":[{"@type":"WebPage","@id":"https:\/\/likemetkovic.hr\/gabela-polju-dignut-zrak-bmw-x6\/","url":"https:\/\/likemetkovic.hr\/gabela-polju-dignut-zrak-bmw-x6\/","name":"U Gabela Polju dignut u zrak \u201dBMW X6\u201d - likemetkovic.hr","isPartOf":{"@id":"https:\/\/likemetkovic.hr\/#website"},"datePublished":"2016-11-25T18:21:02+00:00","dateModified":"2016-11-25T18:41:39+00:00","author":{"@id":"https:\/\/likemetkovic.hr\/#\/schema\/person\/a42711f3385a0e2be6f7e0443bfb28f0"},"breadcrumb":{"@id":"https:\/\/likemetkovic.hr\/gabela-polju-dignut-zrak-bmw-x6\/#breadcrumb"},"inLanguage":"hr","potentialAction":[{"@type":"ReadAction","target":["https:\/\/likemetkovic.hr\/gabela-polju-dignut-zrak-bmw-x6\/"]}]},{"@type":"BreadcrumbList","@id":"https:\/\/likemetkovic.hr\/gabela-polju-dignut-zrak-bmw-x6\/#breadcrumb","itemListElement":[{"@type":"ListItem","position":1,"name":"Po\u010detna stranica","item":"https:\/\/likemetkovic.hr\/portal\/"},{"@type":"ListItem","position":2,"name":"U Gabela Polju dignut u zrak \u201dBMW X6\u201d"}]},{"@type":"WebSite","@id":"https:\/\/likemetkovic.hr\/#website","url":"https:\/\/likemetkovic.hr\/","name":"likemetkovic.hr","description":"Misli pozitivno... \u010ditaj LIKE","potentialAction":[{"@type":"SearchAction","target":{"@type":"EntryPoint","urlTemplate":"https:\/\/likemetkovic.hr\/?s={search_term_string}"},"query-input":{"@type":"PropertyValueSpecification","valueRequired":true,"valueName":"search_term_string"}}],"inLanguage":"hr"},{"@type":"Person","@id":"https:\/\/likemetkovic.hr\/#\/schema\/person\/a42711f3385a0e2be6f7e0443bfb28f0","name":"LIKEmetkovic.hr","sameAs":["http:\/\/likemetkovic.hr"],"url":"https:\/\/likemetkovic.hr\/portal\/author\/likemetkovic-hr\/"}]}},"_links":{"self":[{"href":"https:\/\/likemetkovic.hr\/portal\/wp-json\/wp\/v2\/posts\/31126","targetHints":{"allow":["GET"]}}],"collection":[{"href":"https:\/\/likemetkovic.hr\/portal\/wp-json\/wp\/v2\/posts"}],"about":[{"href":"https:\/\/likemetkovic.hr\/portal\/wp-json\/wp\/v2\/types\/post"}],"author":[{"embeddable":true,"href":"https:\/\/likemetkovic.hr\/portal\/wp-json\/wp\/v2\/users\/7"}],"replies":[{"embeddable":true,"href":"https:\/\/likemetkovic.hr\/portal\/wp-json\/wp\/v2\/comments?post=31126"}],"version-history":[{"count":0,"href":"https:\/\/likemetkovic.hr\/portal\/wp-json\/wp\/v2\/posts\/31126\/revisions"}],"wp:attachment":[{"href":"https:\/\/likemetkovic.hr\/portal\/wp-json\/wp\/v2\/media?parent=31126"}],"wp:term":[{"taxonomy":"category","embeddable":true,"href":"https:\/\/likemetkovic.hr\/portal\/wp-json\/wp\/v2\/categories?post=31126"},{"taxonomy":"post_tag","embeddable":true,"href":"https:\/\/likemetkovic.hr\/portal\/wp-json\/wp\/v2\/tags?post=31126"}],"curies":[{"name":"wp","href":"https:\/\/api.w.org\/{rel}","templated":true}]}}