{"id":31389,"date":"2016-11-30T09:05:26","date_gmt":"2016-11-30T07:05:26","guid":{"rendered":"http:\/\/likemetkovic.hr\/?p=31389"},"modified":"2016-11-30T09:05:26","modified_gmt":"2016-11-30T07:05:26","slug":"xxix-sjednica-gradskog-vijeca-rekonstrukcija-nekategorizirane-prometne-mreze-prudu-izgradnja-telekomunikacijske-kanalizacije","status":"publish","type":"post","link":"https:\/\/likemetkovic.hr\/portal\/xxix-sjednica-gradskog-vijeca-rekonstrukcija-nekategorizirane-prometne-mreze-prudu-izgradnja-telekomunikacijske-kanalizacije\/","title":{"rendered":"XXIX. SJEDNICA GRADSKOG VIJE\u0106A Rekonstrukcija nekategorizirane prometne mre\u017ee u Prudu i izgradnja telekomunikacijske kanalizacije"},"content":{"rendered":"<p align=\"justify\"><span style=\"font-family: Verdana;\">U Zgradi politi\u010dkih stranaka jutros je odr\u017eana XXIX. sjednica Gradskog vije\u0107a Grada Metkovi\u0107a pod predsjedavanjem <strong>Ankice Jaki\u0107<\/strong>. Nakon utvr\u0111ivanja nazo\u010dnosti vije\u0107nika pristupilo se izglasavanju Dnevnog reda i Zapisnika s pro\u0161le sjednice.<\/span><\/p>\n<p class=\"vijest2\">Prva to\u010dka Dnevnoga reda odnosila se na Polugodi\u0161nje izvje\u0161\u0107e o radu Gradona\u010delnika od 1. sije\u010dnja do 30. lipnja 2016. godine. <strong>Gradona\u010delnica Katarina Ujdur<\/strong> izvijestila je vije\u0107nike o prora\u010dunskim, ra\u010dunovodstvenim i financijskim poslovanjima. Prihodi i primici prora\u010duna Grada Metkovi\u0107a za polugodi\u0161nje razdoblje iznosili su 13.069.477,00 kn, a ukupni rashodi i izdaci iznosili su 11.964.092,00 kn, \u0161to je rezultiralo vi\u0161kom prihoda u iznosu od 1.105.385,00 kn. Iz Odsjeka za komunalne poslove, prostorno planiranje, gospodarstvo i fondove EU ukratko je obja\u0161njena aktivnost komunalnih redara koji su u prvoj polovini godine imali 70 predmeta nadzora i postupaka vezanih uz odr\u017eavanje komunalnoga reda. U prvoj polovini godine izdano je 71 rje\u0161enje za naknadu za nelegalno zadr\u017eavanje zgrada u prostoru. Nakon legalizacije objekata izdano je 137 rje\u0161enja o naplati komunalnoga doprinosa te tri rje\u0161enja za nove gra\u0111evine. Na adrese obveznika poslane su 42 opomene. Gradona\u010delnica je nadalje izvijestila o glavnim gra\u0111evinskim projektima koji su realizirani ili je za njih pripremljena projektna dokumentacija. Iz Odsjeka za upravo-pravne, dru\u0161tvene djelatnosti gradona\u010delnica je istaknula da je Grad financirao Ustanovu za kulturu i sport, Gradsku knji\u017enicu, prijevoz u\u010denika, aktivnosti vezane za pred\u0161kolski odgoj, pomo\u0107 u socijalnoj skrbi te potrebe raznih udruga.<\/p>\n<p class=\"vijest2\">U okviru druge to\u010dke Dnevnog reda pro\u010delnik Jedinstvenog upravnog odjela<strong> Mirko Volarevi\u0107<\/strong> iznio je Prijedlog Odluke o usvajanju Procjene ugro\u017eenosti stanovni\u0161tva, materijalnih i kulturnih dobara i okoli\u0161a Grada Metkovi\u0107a. Elaborat procjene izra\u0111en je od strane tvrtke ALFA TEST d.o.o. iz Splita i dio je Odluke.<\/p>\n<p class=\"vijest2\">Tre\u0107a to\u010dka Dnevnoga reda odnosila se na Prijedlog Odluke o usvajanju Plana za\u0161tite i spa\u0161avanja Grada Metkovi\u0107a i Plana civilne za\u0161tite Grada Metkovi\u0107a. Prijedlog je predstavio Mirko Volarevi\u0107, naglasiv\u0161i da je Grad Metkovi\u0107 u suradnji s ovla\u0161tenikom ALFA TEST d.o.o. iz Splita izradio Plan za\u0161tite i spa\u0161avanja i Plan civilne za\u0161tite koji su dio Odluke.<\/p>\n<p class=\"vijest2\">Vi\u0161i stru\u010dni suradnik za dru\u0161tvena pitanja <strong>Mojimir Vladimir<\/strong>, u okviru \u010detvrte to\u010dke Dnevnoga reda, pojasnio je Prijedlog Odluke o izmjeni Odluke o daru za novoro\u0111eno dijete, koji se odnosi na produljenje roka u kojem se podnosi zahtjev za ostvarivanje prava na dar. U Odluci o daru za novoro\u0111eno dijete mijenja se 4. \u010dlanak koji glasi; &#8220;Zahtjev za ostvarivanje prava na dar za novoro\u0111eno dijete podnosi se Jedinstvenom upravnom odjelu u roku od pet mjeseci od dana ro\u0111enja djeteta za koje se podnosi zahtjev.&#8221;<\/p>\n<p class=\"vijest2\">Peta to\u010dka Dnevnog reda bavila se problematikom stipendiranja studenata. Vladimir je ukratko izlo\u017eio Prijedlog Odluke o stipendiranju studenata istaknuv\u0161i da \u0107e se stipendirati uspje\u0161ni i daroviti studenti, studenti slabijeg socio-ekonomskoga statusa, studenti deficitarnih zanimanja te studenti koji su djeca poginulih hrvatskih branitelja iz Domovinskoga rata. Studenti se mogu prijaviti na natje\u010daj za stipendiju ako udovoljavaju \u010dlanku 4. Odluke. Vije\u0107nica <strong>Danijela Batinovi\u0107<\/strong> iznijela je primjedbu na Odluku jer se ne spominju prava studenata s invaliditetom te mogu\u0107nost njihova stipendiranja. Vladimir se slo\u017eio s primjedbom te rekao istaknuo da se za sljede\u0107u Sjednicu mo\u017ee pripremiti prijedlog koji bi rije\u0161io problem stipendiranja studenata s invaliditetom.<\/p>\n<p class=\"vijest2\">Voditeljica Odsjeka za gospodarstvo Grada Metkovi\u0107a u \u0161estoj je to\u010dki Dnevnoga reda objasnila Prijedlog Dopune Strate\u0161kog plana Grada Metkovi\u0107a za razdoblje 2014. &#8211; 2016. U Strate\u0161kome planu Grada Metkovi\u0107a 2014.-2016. pod to\u010dkom 7. Na\u010din ostvarenja i pokazatelji uspje\u0161nosti, Posebni cilj 1.2 Izgradnja objekata i ure\u0111enje komunalne infrastrukture, 1.2.2. Gra\u0111enje nerazvrstanih cesta, mijenja se i glasi: &#8220;Gra\u0111enje nerazvrstanih cesta podrazumijeva sljede\u0107e: Izgradnja raskri\u017eja A. K. Mio\u0161i\u0107a i Splitske, nastavak izgradnje ulice A. Hebranga, izgradnja nogostupa \u2013 ulica Mobine, otkup zemlji\u0161ta za prometnicu Dubravica, rekonstrukcija nekategorizirane prometne mre\u017ee na podru\u010dju mjesta Prud i izgradnja distribucijsko-telekomunikacijske kanalizacije, asfaltiranje makadamskoga puta nerazvrstane ceste Vid \u2013 Dragovija.<\/p>\n<p class=\"vijest2\">U sedmoj to\u010dki Dnevnoga reda gradona\u010delnica Ujdur predstavila je Prijedlog Odluke o suglasnosti za provedbu ulaganja u projekt &#8220;Rekonstrukcija nekategorizirane prometne mre\u017ee na podru\u010dju mjesta Prud i izgradnja telekomunikacijske kanalizacije&#8221;. Prema Odluci Projekt \u0107e se provesti prijavom na Natje\u010daj za Mjeru 7. &#8220;Temeljne usluge i obnova sela u ruralnim podru\u010djima&#8221;, za podmjeru 7.2 &#8220;Ulaganja u izradu, pobolj\u0161anje ili pro\u0161irenje svih vrsta male infrastrukture uklju\u010duju\u0107i ulaganja u obnovljive izvore energije i u\u0161tedu energije&#8221;, za tip operacije 7.2.2. &#8220;Ulaganje u gra\u0111enje nerazvrstanih cesta&#8221; iz Programa ruralnog razvoja republike Hrvatske za razdoblje 2014. &#8211; 2016.<\/p>\n<p class=\"vijest2\">Osma to\u010dka Dnevnog reda odnosila se na Prijedlog Odluke o produ\u017eenju trajanja Strate\u0161kog plana Grada Metkovi\u0107a 2014. &#8211; 2016 do 31. prosinca 2017. godine.<\/p>\n<p class=\"vijest2\">Tema devete to\u010dke Dnevnoga reda bio je Prijedlog Odluke o obavljanju poslova prijevoza pokojnika koji se financiraju iz Prora\u010duna Grada Metkovi\u0107a. Voditeljica Odsjeka za gospodarstvo objasnila je da stupanjem na snagu Zakona o pogrebni\u010dkoj djelatnosti prestaju vrijediti koncesije za obavljanje poslova prijevoza pokojnika, odnosno prijevoz pokojnika je izbrisan iz popisa komunalnih djelatnosti. Naru\u010ditelji prijevoza umrle osobe ili posmrtnih ostataka za koje nije mogu\u0107e utvrditi uzrok smrti od mjesta smrti do nadle\u017ene patologije ili sudske medicine mogu biti: dr\u017eavni odvjetnik, sudac istrage, te ovla\u0161tena osoba MUP RH. Grad Metkovi\u0107 zaklju\u010dit \u0107e ugovor o povjeravanju poslova prijevoza pokojnika s najpovoljnijim ponuditeljem na temelju provedenog javnog natje\u010daja za obavljanje pogrebnih poslova.<\/p>\n<p class=\"vijest2\">Deseta to\u010dka dnevnog reda bio je prijedlog Odluke o mjerama za\u0161tite od buke na podru\u010dju Grada Metkovi\u0107a. Ovom Odlukom dozvoljava se prekora\u010denja najvi\u0161e dopu\u0161tene razine buke radi potrebe odr\u017eavanja javnih skupova i drugih manifestacija na otvorenom ili zatvorenom prostoru na sljede\u0107im lokacijama; Gradski park, Trg dr. Franje Tu\u0111mana, Trg kralja Tomislava, Ljetno kazali\u0161te, Dvori\u0161te obitelji Barbir (Verajino guvno), Velika riva, Mala riva, Sportska ulica, Naronski trg u Vidu, \u0160etali\u0161te 116. brigade HV-a i terasa Arheolo\u0161kog muzeja Narona u Vidu.<\/p>\n<p class=\"vijest2\">Posljednja to\u010dka Dnevnoga reda odnosila se na Prijedlog Odluke o ugostiteljskoj djelatnosti kojom se propisuje radno vrijeme ugostiteljskih objekata i prostora za uslu\u017eivanje na otvorenome, druk\u010dije radno vrijeme, uvjeti za rad, pru\u017eanje ugostiteljskih usluga, odre\u0111ivanje prostora i vanjskoga izgleda objekata, zabrana uslu\u017eivanja alkoholnih pi\u0107a, odre\u0111ivanje prostora za organizirano kampiranje izvan kampova te vrijeme i uvjeti takvoga kampiranja.<\/p>\n<p class=\"vijest2\">Sve su odluke usvojene jednoglasno.<\/p>\n<p class=\"vijest2\">Na posljetku, <strong>Markica Vuica<\/strong> je postavio dva vije\u0107ni\u010dka pitanja gradona\u010delnici Ujdur. Prvo pitanje odnosilo se na PP Metkovi\u0107 i mogu\u0107em premje\u0161tanju u Plo\u010de. Naime, Vuica smatra kako bi takav akt mogao ugroziti Grad Metkovi\u0107 iz sigurnosne perspektive, ali i ekonomski na\u0161tetiti zbog dokumenata koji bi se dobivali u Plo\u010dama, odnosno pove\u0107ali bi se izdaci za dobivanje dokumenata zbog putovanja u Plo\u010de. Drugo pitanje odnosilo se na problematiku prometnoga nereda u Gradu Metkovi\u0107u, a samim time i na potrebu za novim komunalnim redarom. Vuica je naveo da mu nije jasno za\u0161to komunalni redar mora imati vi\u0161u stru\u010dnu spremu, ako se policajac mo\u017ee postati sa srednjom stru\u010dnom spremom.<\/p>\n<p class=\"vijest2\">Gradona\u010delnica Ujdur nije htjela odgovoriti na prvo pitanje jer se temelji na glasinama te je kazala kako \u0107e vije\u0107niku Vuici uputiti pisani odgovor kada dobije slu\u017ebeno priop\u0107enje od MUP-a. U odgovoru na drugo pitanje gradona\u010delnica je kazala da nije potrebno smanjivati kriterije vezane za obrazovanje pri izboru komunalnog redara te je naglasila da se svi oni koji udovoljavaju uvjetima mogu prijaviti na natje\u010daj.\/F. Bokan, metkovic.hr\/<\/p>\n<p><img decoding=\"async\" class=\"alignnone size-full wp-image-31391\" src=\"http:\/\/likemetkovic.hr\/wp-content\/uploads\/2016\/11\/gv291116-2.jpg\" alt=\"_gv291116-2\" width=\"900\" height=\"600\" \/><\/p>\n","protected":false},"excerpt":{"rendered":"<p>U Zgradi politi\u010dkih stranaka jutros je odr\u017eana XXIX. sjednica Gradskog vije\u0107a Grada Metkovi\u0107a pod predsjedavanjem Ankice Jaki\u0107. Nakon utvr\u0111ivanja nazo\u010dnosti vije\u0107nika pristupilo se izglasavanju Dnevnog reda i Zapisnika s pro\u0161le sjednice. Prva to\u010dka Dnevnoga reda odnosila se na Polugodi\u0161nje izvje\u0161\u0107e o radu Gradona\u010delnika od 1. sije\u010dnja do 30. lipnja 2016. godine. Gradona\u010delnica Katarina Ujdur izvijestila [&hellip;]<\/p>\n","protected":false},"author":7,"featured_media":0,"comment_status":"open","ping_status":"open","sticky":false,"template":"","format":"standard","meta":{"footnotes":""},"categories":[283,11],"tags":[],"class_list":{"0":"post-31389","1":"post","2":"type-post","3":"status-publish","4":"format-standard","6":"category-a","7":"category-metkovic-dolina"},"yoast_head":"<!-- This site is optimized with the Yoast SEO plugin v25.2 - https:\/\/yoast.com\/wordpress\/plugins\/seo\/ -->\n<title>XXIX. SJEDNICA GRADSKOG VIJE\u0106A Rekonstrukcija nekategorizirane prometne mre\u017ee u Prudu i izgradnja telekomunikacijske kanalizacije - likemetkovic.hr<\/title>\n<meta name=\"robots\" content=\"index, follow, max-snippet:-1, max-image-preview:large, max-video-preview:-1\" \/>\n<link rel=\"canonical\" href=\"https:\/\/likemetkovic.hr\/xxix-sjednica-gradskog-vijeca-rekonstrukcija-nekategorizirane-prometne-mreze-prudu-izgradnja-telekomunikacijske-kanalizacije\/\" \/>\n<meta property=\"og:locale\" content=\"hr_HR\" \/>\n<meta property=\"og:type\" content=\"article\" \/>\n<meta property=\"og:title\" content=\"XXIX. SJEDNICA GRADSKOG VIJE\u0106A Rekonstrukcija nekategorizirane prometne mre\u017ee u Prudu i izgradnja telekomunikacijske kanalizacije - likemetkovic.hr\" \/>\n<meta property=\"og:description\" content=\"U Zgradi politi\u010dkih stranaka jutros je odr\u017eana XXIX. sjednica Gradskog vije\u0107a Grada Metkovi\u0107a pod predsjedavanjem Ankice Jaki\u0107. Nakon utvr\u0111ivanja nazo\u010dnosti vije\u0107nika pristupilo se izglasavanju Dnevnog reda i Zapisnika s pro\u0161le sjednice. Prva to\u010dka Dnevnoga reda odnosila se na Polugodi\u0161nje izvje\u0161\u0107e o radu Gradona\u010delnika od 1. sije\u010dnja do 30. lipnja 2016. godine. Gradona\u010delnica Katarina Ujdur izvijestila [&hellip;]\" \/>\n<meta property=\"og:url\" content=\"https:\/\/likemetkovic.hr\/xxix-sjednica-gradskog-vijeca-rekonstrukcija-nekategorizirane-prometne-mreze-prudu-izgradnja-telekomunikacijske-kanalizacije\/\" \/>\n<meta property=\"og:site_name\" content=\"likemetkovic.hr\" \/>\n<meta property=\"article:publisher\" content=\"https:\/\/www.facebook.com\/likemetkovic.hr\/\" \/>\n<meta property=\"article:published_time\" content=\"2016-11-30T07:05:26+00:00\" \/>\n<meta property=\"og:image\" content=\"http:\/\/likemetkovic.hr\/wp-content\/uploads\/2016\/11\/gv291116-2.jpg\" \/>\n<meta name=\"author\" content=\"LIKEmetkovic.hr\" \/>\n<meta name=\"twitter:card\" content=\"summary_large_image\" \/>\n<meta name=\"twitter:label1\" content=\"Napisao\/la\" \/>\n\t<meta name=\"twitter:data1\" content=\"LIKEmetkovic.hr\" \/>\n\t<meta name=\"twitter:label2\" content=\"Procijenjeno vrijeme \u010ditanja\" \/>\n\t<meta name=\"twitter:data2\" content=\"6 minuta\" \/>\n<script type=\"application\/ld+json\" class=\"yoast-schema-graph\">{\"@context\":\"https:\/\/schema.org\",\"@graph\":[{\"@type\":\"WebPage\",\"@id\":\"https:\/\/likemetkovic.hr\/xxix-sjednica-gradskog-vijeca-rekonstrukcija-nekategorizirane-prometne-mreze-prudu-izgradnja-telekomunikacijske-kanalizacije\/\",\"url\":\"https:\/\/likemetkovic.hr\/xxix-sjednica-gradskog-vijeca-rekonstrukcija-nekategorizirane-prometne-mreze-prudu-izgradnja-telekomunikacijske-kanalizacije\/\",\"name\":\"XXIX. SJEDNICA GRADSKOG VIJE\u0106A Rekonstrukcija nekategorizirane prometne mre\u017ee u Prudu i izgradnja telekomunikacijske kanalizacije - likemetkovic.hr\",\"isPartOf\":{\"@id\":\"https:\/\/likemetkovic.hr\/#website\"},\"primaryImageOfPage\":{\"@id\":\"https:\/\/likemetkovic.hr\/xxix-sjednica-gradskog-vijeca-rekonstrukcija-nekategorizirane-prometne-mreze-prudu-izgradnja-telekomunikacijske-kanalizacije\/#primaryimage\"},\"image\":{\"@id\":\"https:\/\/likemetkovic.hr\/xxix-sjednica-gradskog-vijeca-rekonstrukcija-nekategorizirane-prometne-mreze-prudu-izgradnja-telekomunikacijske-kanalizacije\/#primaryimage\"},\"thumbnailUrl\":\"http:\/\/likemetkovic.hr\/wp-content\/uploads\/2016\/11\/gv291116-2.jpg\",\"datePublished\":\"2016-11-30T07:05:26+00:00\",\"author\":{\"@id\":\"https:\/\/likemetkovic.hr\/#\/schema\/person\/a42711f3385a0e2be6f7e0443bfb28f0\"},\"breadcrumb\":{\"@id\":\"https:\/\/likemetkovic.hr\/xxix-sjednica-gradskog-vijeca-rekonstrukcija-nekategorizirane-prometne-mreze-prudu-izgradnja-telekomunikacijske-kanalizacije\/#breadcrumb\"},\"inLanguage\":\"hr\",\"potentialAction\":[{\"@type\":\"ReadAction\",\"target\":[\"https:\/\/likemetkovic.hr\/xxix-sjednica-gradskog-vijeca-rekonstrukcija-nekategorizirane-prometne-mreze-prudu-izgradnja-telekomunikacijske-kanalizacije\/\"]}]},{\"@type\":\"ImageObject\",\"inLanguage\":\"hr\",\"@id\":\"https:\/\/likemetkovic.hr\/xxix-sjednica-gradskog-vijeca-rekonstrukcija-nekategorizirane-prometne-mreze-prudu-izgradnja-telekomunikacijske-kanalizacije\/#primaryimage\",\"url\":\"http:\/\/likemetkovic.hr\/wp-content\/uploads\/2016\/11\/gv291116-2.jpg\",\"contentUrl\":\"http:\/\/likemetkovic.hr\/wp-content\/uploads\/2016\/11\/gv291116-2.jpg\"},{\"@type\":\"BreadcrumbList\",\"@id\":\"https:\/\/likemetkovic.hr\/xxix-sjednica-gradskog-vijeca-rekonstrukcija-nekategorizirane-prometne-mreze-prudu-izgradnja-telekomunikacijske-kanalizacije\/#breadcrumb\",\"itemListElement\":[{\"@type\":\"ListItem\",\"position\":1,\"name\":\"Po\u010detna stranica\",\"item\":\"https:\/\/likemetkovic.hr\/portal\/\"},{\"@type\":\"ListItem\",\"position\":2,\"name\":\"XXIX. SJEDNICA GRADSKOG VIJE\u0106A Rekonstrukcija nekategorizirane prometne mre\u017ee u Prudu i izgradnja telekomunikacijske kanalizacije\"}]},{\"@type\":\"WebSite\",\"@id\":\"https:\/\/likemetkovic.hr\/#website\",\"url\":\"https:\/\/likemetkovic.hr\/\",\"name\":\"likemetkovic.hr\",\"description\":\"Misli pozitivno... \u010ditaj LIKE\",\"potentialAction\":[{\"@type\":\"SearchAction\",\"target\":{\"@type\":\"EntryPoint\",\"urlTemplate\":\"https:\/\/likemetkovic.hr\/?s={search_term_string}\"},\"query-input\":{\"@type\":\"PropertyValueSpecification\",\"valueRequired\":true,\"valueName\":\"search_term_string\"}}],\"inLanguage\":\"hr\"},{\"@type\":\"Person\",\"@id\":\"https:\/\/likemetkovic.hr\/#\/schema\/person\/a42711f3385a0e2be6f7e0443bfb28f0\",\"name\":\"LIKEmetkovic.hr\",\"sameAs\":[\"http:\/\/likemetkovic.hr\"],\"url\":\"https:\/\/likemetkovic.hr\/portal\/author\/likemetkovic-hr\/\"}]}<\/script>\n<!-- \/ Yoast SEO plugin. -->","yoast_head_json":{"title":"XXIX. SJEDNICA GRADSKOG VIJE\u0106A Rekonstrukcija nekategorizirane prometne mre\u017ee u Prudu i izgradnja telekomunikacijske kanalizacije - likemetkovic.hr","robots":{"index":"index","follow":"follow","max-snippet":"max-snippet:-1","max-image-preview":"max-image-preview:large","max-video-preview":"max-video-preview:-1"},"canonical":"https:\/\/likemetkovic.hr\/xxix-sjednica-gradskog-vijeca-rekonstrukcija-nekategorizirane-prometne-mreze-prudu-izgradnja-telekomunikacijske-kanalizacije\/","og_locale":"hr_HR","og_type":"article","og_title":"XXIX. SJEDNICA GRADSKOG VIJE\u0106A Rekonstrukcija nekategorizirane prometne mre\u017ee u Prudu i izgradnja telekomunikacijske kanalizacije - likemetkovic.hr","og_description":"U Zgradi politi\u010dkih stranaka jutros je odr\u017eana XXIX. sjednica Gradskog vije\u0107a Grada Metkovi\u0107a pod predsjedavanjem Ankice Jaki\u0107. Nakon utvr\u0111ivanja nazo\u010dnosti vije\u0107nika pristupilo se izglasavanju Dnevnog reda i Zapisnika s pro\u0161le sjednice. Prva to\u010dka Dnevnoga reda odnosila se na Polugodi\u0161nje izvje\u0161\u0107e o radu Gradona\u010delnika od 1. sije\u010dnja do 30. lipnja 2016. godine. Gradona\u010delnica Katarina Ujdur izvijestila [&hellip;]","og_url":"https:\/\/likemetkovic.hr\/xxix-sjednica-gradskog-vijeca-rekonstrukcija-nekategorizirane-prometne-mreze-prudu-izgradnja-telekomunikacijske-kanalizacije\/","og_site_name":"likemetkovic.hr","article_publisher":"https:\/\/www.facebook.com\/likemetkovic.hr\/","article_published_time":"2016-11-30T07:05:26+00:00","og_image":[{"url":"http:\/\/likemetkovic.hr\/wp-content\/uploads\/2016\/11\/gv291116-2.jpg","type":"","width":"","height":""}],"author":"LIKEmetkovic.hr","twitter_card":"summary_large_image","twitter_misc":{"Napisao\/la":"LIKEmetkovic.hr","Procijenjeno vrijeme \u010ditanja":"6 minuta"},"schema":{"@context":"https:\/\/schema.org","@graph":[{"@type":"WebPage","@id":"https:\/\/likemetkovic.hr\/xxix-sjednica-gradskog-vijeca-rekonstrukcija-nekategorizirane-prometne-mreze-prudu-izgradnja-telekomunikacijske-kanalizacije\/","url":"https:\/\/likemetkovic.hr\/xxix-sjednica-gradskog-vijeca-rekonstrukcija-nekategorizirane-prometne-mreze-prudu-izgradnja-telekomunikacijske-kanalizacije\/","name":"XXIX. SJEDNICA GRADSKOG VIJE\u0106A Rekonstrukcija nekategorizirane prometne mre\u017ee u Prudu i izgradnja telekomunikacijske kanalizacije - likemetkovic.hr","isPartOf":{"@id":"https:\/\/likemetkovic.hr\/#website"},"primaryImageOfPage":{"@id":"https:\/\/likemetkovic.hr\/xxix-sjednica-gradskog-vijeca-rekonstrukcija-nekategorizirane-prometne-mreze-prudu-izgradnja-telekomunikacijske-kanalizacije\/#primaryimage"},"image":{"@id":"https:\/\/likemetkovic.hr\/xxix-sjednica-gradskog-vijeca-rekonstrukcija-nekategorizirane-prometne-mreze-prudu-izgradnja-telekomunikacijske-kanalizacije\/#primaryimage"},"thumbnailUrl":"http:\/\/likemetkovic.hr\/wp-content\/uploads\/2016\/11\/gv291116-2.jpg","datePublished":"2016-11-30T07:05:26+00:00","author":{"@id":"https:\/\/likemetkovic.hr\/#\/schema\/person\/a42711f3385a0e2be6f7e0443bfb28f0"},"breadcrumb":{"@id":"https:\/\/likemetkovic.hr\/xxix-sjednica-gradskog-vijeca-rekonstrukcija-nekategorizirane-prometne-mreze-prudu-izgradnja-telekomunikacijske-kanalizacije\/#breadcrumb"},"inLanguage":"hr","potentialAction":[{"@type":"ReadAction","target":["https:\/\/likemetkovic.hr\/xxix-sjednica-gradskog-vijeca-rekonstrukcija-nekategorizirane-prometne-mreze-prudu-izgradnja-telekomunikacijske-kanalizacije\/"]}]},{"@type":"ImageObject","inLanguage":"hr","@id":"https:\/\/likemetkovic.hr\/xxix-sjednica-gradskog-vijeca-rekonstrukcija-nekategorizirane-prometne-mreze-prudu-izgradnja-telekomunikacijske-kanalizacije\/#primaryimage","url":"http:\/\/likemetkovic.hr\/wp-content\/uploads\/2016\/11\/gv291116-2.jpg","contentUrl":"http:\/\/likemetkovic.hr\/wp-content\/uploads\/2016\/11\/gv291116-2.jpg"},{"@type":"BreadcrumbList","@id":"https:\/\/likemetkovic.hr\/xxix-sjednica-gradskog-vijeca-rekonstrukcija-nekategorizirane-prometne-mreze-prudu-izgradnja-telekomunikacijske-kanalizacije\/#breadcrumb","itemListElement":[{"@type":"ListItem","position":1,"name":"Po\u010detna stranica","item":"https:\/\/likemetkovic.hr\/portal\/"},{"@type":"ListItem","position":2,"name":"XXIX. SJEDNICA GRADSKOG VIJE\u0106A Rekonstrukcija nekategorizirane prometne mre\u017ee u Prudu i izgradnja telekomunikacijske kanalizacije"}]},{"@type":"WebSite","@id":"https:\/\/likemetkovic.hr\/#website","url":"https:\/\/likemetkovic.hr\/","name":"likemetkovic.hr","description":"Misli pozitivno... \u010ditaj LIKE","potentialAction":[{"@type":"SearchAction","target":{"@type":"EntryPoint","urlTemplate":"https:\/\/likemetkovic.hr\/?s={search_term_string}"},"query-input":{"@type":"PropertyValueSpecification","valueRequired":true,"valueName":"search_term_string"}}],"inLanguage":"hr"},{"@type":"Person","@id":"https:\/\/likemetkovic.hr\/#\/schema\/person\/a42711f3385a0e2be6f7e0443bfb28f0","name":"LIKEmetkovic.hr","sameAs":["http:\/\/likemetkovic.hr"],"url":"https:\/\/likemetkovic.hr\/portal\/author\/likemetkovic-hr\/"}]}},"_links":{"self":[{"href":"https:\/\/likemetkovic.hr\/portal\/wp-json\/wp\/v2\/posts\/31389","targetHints":{"allow":["GET"]}}],"collection":[{"href":"https:\/\/likemetkovic.hr\/portal\/wp-json\/wp\/v2\/posts"}],"about":[{"href":"https:\/\/likemetkovic.hr\/portal\/wp-json\/wp\/v2\/types\/post"}],"author":[{"embeddable":true,"href":"https:\/\/likemetkovic.hr\/portal\/wp-json\/wp\/v2\/users\/7"}],"replies":[{"embeddable":true,"href":"https:\/\/likemetkovic.hr\/portal\/wp-json\/wp\/v2\/comments?post=31389"}],"version-history":[{"count":0,"href":"https:\/\/likemetkovic.hr\/portal\/wp-json\/wp\/v2\/posts\/31389\/revisions"}],"wp:attachment":[{"href":"https:\/\/likemetkovic.hr\/portal\/wp-json\/wp\/v2\/media?parent=31389"}],"wp:term":[{"taxonomy":"category","embeddable":true,"href":"https:\/\/likemetkovic.hr\/portal\/wp-json\/wp\/v2\/categories?post=31389"},{"taxonomy":"post_tag","embeddable":true,"href":"https:\/\/likemetkovic.hr\/portal\/wp-json\/wp\/v2\/tags?post=31389"}],"curies":[{"name":"wp","href":"https:\/\/api.w.org\/{rel}","templated":true}]}}