{"id":32401,"date":"2016-12-16T00:35:49","date_gmt":"2016-12-15T23:35:49","guid":{"rendered":"http:\/\/likemetkovic.hr\/?p=32401"},"modified":"2016-12-16T00:35:49","modified_gmt":"2016-12-15T23:35:49","slug":"fotoprosinacke-svecanosti-odrzan-koncert-sretan-bozic-narode-moj","status":"publish","type":"post","link":"https:\/\/likemetkovic.hr\/portal\/fotoprosinacke-svecanosti-odrzan-koncert-sretan-bozic-narode-moj\/","title":{"rendered":"FOTO\/PROSINA\u010cKE SVE\u010cANOSTI Odr\u017ean koncert &#8220;Sretan ti Bo\u017ei\u0107 narode moj&#8221;"},"content":{"rendered":"<p>Ve\u010deras je u Gradskom kulturnom sredi\u0161tu u sklopu Prosina\u010dkih sve\u010danosti odr\u017ean koncert pod nazivom &#8220;Sretan ti Bo\u017ei\u0107 narode moj&#8221;. Na koncertu su nastupili Mandolinski sastav KUD-a Metkovi\u0107 &amp; Puha\u010dki ansambl, Zbor Osnovne \u0161kole don Mihovila Pavlinovi\u0107a, Zbor \u017dupe Svetog Ilije, Nikica Ili\u0107 iz Versa, Zbor mladih \u017dupe Svetog Nikole, Zbor mladih \u017dupe Svetog Ilije, Ton\u0107a \u0160iljeg, Ivan Vu\u010dkovi\u0107 i Nikola Dru\u017eijani\u0107. Program je vodila Romana Gabri\u0107.<\/p>\n\n","protected":false},"excerpt":{"rendered":"<p>Ve\u010deras je u Gradskom kulturnom sredi\u0161tu u sklopu Prosina\u010dkih sve\u010danosti odr\u017ean koncert pod nazivom &#8220;Sretan ti Bo\u017ei\u0107 narode moj&#8221;. Na koncertu su nastupili Mandolinski sastav KUD-a Metkovi\u0107 &amp; Puha\u010dki ansambl, Zbor Osnovne \u0161kole don Mihovila Pavlinovi\u0107a, Zbor \u017dupe Svetog Ilije, Nikica Ili\u0107 iz Versa, Zbor mladih \u017dupe Svetog Nikole, Zbor mladih \u017dupe Svetog Ilije, Ton\u0107a [&hellip;]<\/p>\n","protected":false},"author":7,"featured_media":0,"comment_status":"open","ping_status":"open","sticky":false,"template":"","format":"standard","meta":{"footnotes":""},"categories":[283,11],"tags":[],"class_list":{"0":"post-32401","1":"post","2":"type-post","3":"status-publish","4":"format-standard","6":"category-a","7":"category-metkovic-dolina"},"yoast_head":"<!-- This site is optimized with the Yoast SEO plugin v25.2 - https:\/\/yoast.com\/wordpress\/plugins\/seo\/ -->\n<title>FOTO\/PROSINA\u010cKE SVE\u010cANOSTI Odr\u017ean koncert &quot;Sretan ti Bo\u017ei\u0107 narode moj&quot; - likemetkovic.hr<\/title>\n<meta name=\"robots\" content=\"index, follow, max-snippet:-1, max-image-preview:large, max-video-preview:-1\" \/>\n<link rel=\"canonical\" href=\"https:\/\/likemetkovic.hr\/fotoprosinacke-svecanosti-odrzan-koncert-sretan-bozic-narode-moj\/\" \/>\n<meta property=\"og:locale\" content=\"hr_HR\" \/>\n<meta property=\"og:type\" content=\"article\" \/>\n<meta property=\"og:title\" content=\"FOTO\/PROSINA\u010cKE SVE\u010cANOSTI Odr\u017ean koncert &quot;Sretan ti Bo\u017ei\u0107 narode moj&quot; - likemetkovic.hr\" \/>\n<meta property=\"og:description\" content=\"Ve\u010deras je u Gradskom kulturnom sredi\u0161tu u sklopu Prosina\u010dkih sve\u010danosti odr\u017ean koncert pod nazivom &#8220;Sretan ti Bo\u017ei\u0107 narode moj&#8221;. Na koncertu su nastupili Mandolinski sastav KUD-a Metkovi\u0107 &amp; Puha\u010dki ansambl, Zbor Osnovne \u0161kole don Mihovila Pavlinovi\u0107a, Zbor \u017dupe Svetog Ilije, Nikica Ili\u0107 iz Versa, Zbor mladih \u017dupe Svetog Nikole, Zbor mladih \u017dupe Svetog Ilije, Ton\u0107a [&hellip;]\" \/>\n<meta property=\"og:url\" content=\"https:\/\/likemetkovic.hr\/fotoprosinacke-svecanosti-odrzan-koncert-sretan-bozic-narode-moj\/\" \/>\n<meta property=\"og:site_name\" content=\"likemetkovic.hr\" \/>\n<meta property=\"article:publisher\" content=\"https:\/\/www.facebook.com\/likemetkovic.hr\/\" \/>\n<meta property=\"article:published_time\" content=\"2016-12-15T23:35:49+00:00\" \/>\n<meta name=\"author\" content=\"LIKEmetkovic.hr\" \/>\n<meta name=\"twitter:card\" content=\"summary_large_image\" \/>\n<meta name=\"twitter:label1\" content=\"Napisao\/la\" \/>\n\t<meta name=\"twitter:data1\" content=\"LIKEmetkovic.hr\" \/>\n<script type=\"application\/ld+json\" class=\"yoast-schema-graph\">{\"@context\":\"https:\/\/schema.org\",\"@graph\":[{\"@type\":\"WebPage\",\"@id\":\"https:\/\/likemetkovic.hr\/fotoprosinacke-svecanosti-odrzan-koncert-sretan-bozic-narode-moj\/\",\"url\":\"https:\/\/likemetkovic.hr\/fotoprosinacke-svecanosti-odrzan-koncert-sretan-bozic-narode-moj\/\",\"name\":\"FOTO\/PROSINA\u010cKE SVE\u010cANOSTI Odr\u017ean koncert \\\"Sretan ti Bo\u017ei\u0107 narode moj\\\" - likemetkovic.hr\",\"isPartOf\":{\"@id\":\"https:\/\/likemetkovic.hr\/#website\"},\"datePublished\":\"2016-12-15T23:35:49+00:00\",\"author\":{\"@id\":\"https:\/\/likemetkovic.hr\/#\/schema\/person\/a42711f3385a0e2be6f7e0443bfb28f0\"},\"breadcrumb\":{\"@id\":\"https:\/\/likemetkovic.hr\/fotoprosinacke-svecanosti-odrzan-koncert-sretan-bozic-narode-moj\/#breadcrumb\"},\"inLanguage\":\"hr\",\"potentialAction\":[{\"@type\":\"ReadAction\",\"target\":[\"https:\/\/likemetkovic.hr\/fotoprosinacke-svecanosti-odrzan-koncert-sretan-bozic-narode-moj\/\"]}]},{\"@type\":\"BreadcrumbList\",\"@id\":\"https:\/\/likemetkovic.hr\/fotoprosinacke-svecanosti-odrzan-koncert-sretan-bozic-narode-moj\/#breadcrumb\",\"itemListElement\":[{\"@type\":\"ListItem\",\"position\":1,\"name\":\"Po\u010detna stranica\",\"item\":\"https:\/\/likemetkovic.hr\/portal\/\"},{\"@type\":\"ListItem\",\"position\":2,\"name\":\"FOTO\/PROSINA\u010cKE SVE\u010cANOSTI Odr\u017ean koncert &#8220;Sretan ti Bo\u017ei\u0107 narode moj&#8221;\"}]},{\"@type\":\"WebSite\",\"@id\":\"https:\/\/likemetkovic.hr\/#website\",\"url\":\"https:\/\/likemetkovic.hr\/\",\"name\":\"likemetkovic.hr\",\"description\":\"Misli pozitivno... \u010ditaj LIKE\",\"potentialAction\":[{\"@type\":\"SearchAction\",\"target\":{\"@type\":\"EntryPoint\",\"urlTemplate\":\"https:\/\/likemetkovic.hr\/?s={search_term_string}\"},\"query-input\":{\"@type\":\"PropertyValueSpecification\",\"valueRequired\":true,\"valueName\":\"search_term_string\"}}],\"inLanguage\":\"hr\"},{\"@type\":\"Person\",\"@id\":\"https:\/\/likemetkovic.hr\/#\/schema\/person\/a42711f3385a0e2be6f7e0443bfb28f0\",\"name\":\"LIKEmetkovic.hr\",\"sameAs\":[\"http:\/\/likemetkovic.hr\"],\"url\":\"https:\/\/likemetkovic.hr\/portal\/author\/likemetkovic-hr\/\"}]}<\/script>\n<!-- \/ Yoast SEO plugin. -->","yoast_head_json":{"title":"FOTO\/PROSINA\u010cKE SVE\u010cANOSTI Odr\u017ean koncert \"Sretan ti Bo\u017ei\u0107 narode moj\" - likemetkovic.hr","robots":{"index":"index","follow":"follow","max-snippet":"max-snippet:-1","max-image-preview":"max-image-preview:large","max-video-preview":"max-video-preview:-1"},"canonical":"https:\/\/likemetkovic.hr\/fotoprosinacke-svecanosti-odrzan-koncert-sretan-bozic-narode-moj\/","og_locale":"hr_HR","og_type":"article","og_title":"FOTO\/PROSINA\u010cKE SVE\u010cANOSTI Odr\u017ean koncert \"Sretan ti Bo\u017ei\u0107 narode moj\" - likemetkovic.hr","og_description":"Ve\u010deras je u Gradskom kulturnom sredi\u0161tu u sklopu Prosina\u010dkih sve\u010danosti odr\u017ean koncert pod nazivom &#8220;Sretan ti Bo\u017ei\u0107 narode moj&#8221;. Na koncertu su nastupili Mandolinski sastav KUD-a Metkovi\u0107 &amp; Puha\u010dki ansambl, Zbor Osnovne \u0161kole don Mihovila Pavlinovi\u0107a, Zbor \u017dupe Svetog Ilije, Nikica Ili\u0107 iz Versa, Zbor mladih \u017dupe Svetog Nikole, Zbor mladih \u017dupe Svetog Ilije, Ton\u0107a [&hellip;]","og_url":"https:\/\/likemetkovic.hr\/fotoprosinacke-svecanosti-odrzan-koncert-sretan-bozic-narode-moj\/","og_site_name":"likemetkovic.hr","article_publisher":"https:\/\/www.facebook.com\/likemetkovic.hr\/","article_published_time":"2016-12-15T23:35:49+00:00","author":"LIKEmetkovic.hr","twitter_card":"summary_large_image","twitter_misc":{"Napisao\/la":"LIKEmetkovic.hr"},"schema":{"@context":"https:\/\/schema.org","@graph":[{"@type":"WebPage","@id":"https:\/\/likemetkovic.hr\/fotoprosinacke-svecanosti-odrzan-koncert-sretan-bozic-narode-moj\/","url":"https:\/\/likemetkovic.hr\/fotoprosinacke-svecanosti-odrzan-koncert-sretan-bozic-narode-moj\/","name":"FOTO\/PROSINA\u010cKE SVE\u010cANOSTI Odr\u017ean koncert \"Sretan ti Bo\u017ei\u0107 narode moj\" - likemetkovic.hr","isPartOf":{"@id":"https:\/\/likemetkovic.hr\/#website"},"datePublished":"2016-12-15T23:35:49+00:00","author":{"@id":"https:\/\/likemetkovic.hr\/#\/schema\/person\/a42711f3385a0e2be6f7e0443bfb28f0"},"breadcrumb":{"@id":"https:\/\/likemetkovic.hr\/fotoprosinacke-svecanosti-odrzan-koncert-sretan-bozic-narode-moj\/#breadcrumb"},"inLanguage":"hr","potentialAction":[{"@type":"ReadAction","target":["https:\/\/likemetkovic.hr\/fotoprosinacke-svecanosti-odrzan-koncert-sretan-bozic-narode-moj\/"]}]},{"@type":"BreadcrumbList","@id":"https:\/\/likemetkovic.hr\/fotoprosinacke-svecanosti-odrzan-koncert-sretan-bozic-narode-moj\/#breadcrumb","itemListElement":[{"@type":"ListItem","position":1,"name":"Po\u010detna stranica","item":"https:\/\/likemetkovic.hr\/portal\/"},{"@type":"ListItem","position":2,"name":"FOTO\/PROSINA\u010cKE SVE\u010cANOSTI Odr\u017ean koncert &#8220;Sretan ti Bo\u017ei\u0107 narode moj&#8221;"}]},{"@type":"WebSite","@id":"https:\/\/likemetkovic.hr\/#website","url":"https:\/\/likemetkovic.hr\/","name":"likemetkovic.hr","description":"Misli pozitivno... \u010ditaj LIKE","potentialAction":[{"@type":"SearchAction","target":{"@type":"EntryPoint","urlTemplate":"https:\/\/likemetkovic.hr\/?s={search_term_string}"},"query-input":{"@type":"PropertyValueSpecification","valueRequired":true,"valueName":"search_term_string"}}],"inLanguage":"hr"},{"@type":"Person","@id":"https:\/\/likemetkovic.hr\/#\/schema\/person\/a42711f3385a0e2be6f7e0443bfb28f0","name":"LIKEmetkovic.hr","sameAs":["http:\/\/likemetkovic.hr"],"url":"https:\/\/likemetkovic.hr\/portal\/author\/likemetkovic-hr\/"}]}},"_links":{"self":[{"href":"https:\/\/likemetkovic.hr\/portal\/wp-json\/wp\/v2\/posts\/32401","targetHints":{"allow":["GET"]}}],"collection":[{"href":"https:\/\/likemetkovic.hr\/portal\/wp-json\/wp\/v2\/posts"}],"about":[{"href":"https:\/\/likemetkovic.hr\/portal\/wp-json\/wp\/v2\/types\/post"}],"author":[{"embeddable":true,"href":"https:\/\/likemetkovic.hr\/portal\/wp-json\/wp\/v2\/users\/7"}],"replies":[{"embeddable":true,"href":"https:\/\/likemetkovic.hr\/portal\/wp-json\/wp\/v2\/comments?post=32401"}],"version-history":[{"count":0,"href":"https:\/\/likemetkovic.hr\/portal\/wp-json\/wp\/v2\/posts\/32401\/revisions"}],"wp:attachment":[{"href":"https:\/\/likemetkovic.hr\/portal\/wp-json\/wp\/v2\/media?parent=32401"}],"wp:term":[{"taxonomy":"category","embeddable":true,"href":"https:\/\/likemetkovic.hr\/portal\/wp-json\/wp\/v2\/categories?post=32401"},{"taxonomy":"post_tag","embeddable":true,"href":"https:\/\/likemetkovic.hr\/portal\/wp-json\/wp\/v2\/tags?post=32401"}],"curies":[{"name":"wp","href":"https:\/\/api.w.org\/{rel}","templated":true}]}}