{"id":32596,"date":"2016-12-19T09:33:49","date_gmt":"2016-12-19T08:33:49","guid":{"rendered":"http:\/\/likemetkovic.hr\/?p=32596"},"modified":"2016-12-19T09:43:31","modified_gmt":"2016-12-19T08:43:31","slug":"bacic-potvrdio-da-milan-kandidat-mediji-ponovno-izvlace-aferu-milanovom-zaposljavanju","status":"publish","type":"post","link":"https:\/\/likemetkovic.hr\/portal\/bacic-potvrdio-da-milan-kandidat-mediji-ponovno-izvlace-aferu-milanovom-zaposljavanju\/","title":{"rendered":"Ba\u010di\u0107 potvrdio da je Milan kandidat, mediji ponovno izvla\u010de aferu o Milanovom zapo\u0161ljavanju"},"content":{"rendered":"<div class=\"excerpt\">\n<p>\u010cini se da se polako po\u010dinje zakuhavati kampanja za lokalne izbore, a da ve\u0107ina kandidata jo\u0161 nije niti poznata. Nakon \u0161to smo ju\u010der objavili neslu\u017ebenu informaciju da \u0107e <strong>Dalibor Milan<\/strong> biti vjerojatni HDZ-ov kandidat za gradona\u010delnika Metkovi\u0107a i drugi mediji su se raspisali o HDZ-ovom kandidatu, pa je tako na <a href=\"http:\/\/www.tportal.hr\/vijesti\/hrvatska\/457071\/Metkovic-HDZ-kandidira-pjevaca-koji-se-preko-veze-zaposlio-na-sudu.html\">tportalu<\/a> osvanuo naslov &#8220;Metkovi\u0107: HDZ kandidira pjeva\u010da koji se preko veze zaposlio na sudu&#8221;. Tako\u0111er pi\u0161u o Daliboru kao\u00a0sudskom savjetniku u metkovskoj slu\u017ebi Op\u0107inskog suda Dubrovnik i kao\u00a0pjeva\u010du u skupini Narona koja \u010desto nastupa na svadbama.<\/p>\n<\/div>\n<p>Isti portal pi\u0161e kako im je\u00a0predsjednik dubrova\u010dko-neretvanskog HDZ-a<strong> Branko Ba\u010di\u0107 <\/strong>potvrdio da \u0107e Milan biti kandidat, uz ogradu da \u0107e formalnu odluku o Milanovoj<strong>\u00a0<\/strong>kandidaturi donijeti Gradski odbor HDZ-a Metkovi\u0107.<\/p>\n<p>&#8220;Pobijedili smo u Metkovi\u0107u na posljednjih nekoliko nacionalnih izbora, najja\u010da smo stranka i imamo dobrog kandidata. U samom gradu jedno vrijeme smo povla\u010dili lo\u0161e poteze zbog kojih smo ka\u017enjeni, ali sada smo se stabilizirali&#8221;, kazao je Ba\u010di\u0107 za tportal.<\/p>\n<p>Sam Dalibor Milan odbio je razgovarati s medijima sve dok njegova kandidatura i slu\u017ebeno ne bude potvr\u0111ena kako je i nama rekao.<\/p>\n<p>U cijeloj jednad\u017ebi treba uzeti u obzir i HSS, odnosno <strong>Stipu Gabri\u0107a zvanog Jambo<\/strong>: na nedavnim dr\u017eavnim izborima nalazili su se na SDP-ovoj listi, no u samom Metkovi\u0107u prioritet im je ru\u0161enje Mosta i spekulira se da \u0107e na ovaj ili onaj na\u010din stati iza HDZ-ovog kandidata. <strong>Branko Ba\u010di\u0107<\/strong> ipak tvrdi da predizborna koalicija ne dolazi u obzir.<\/p>\n<p>&#8216;A u drugom krugu, ako do njega uop\u0107e do\u0111e, vidjet \u0107emo. O tom, potom&#8217;, ka\u017ee Ba\u010di\u0107. On sam, ina\u010de, za tportal govori\u00a0i da nije imao pojma o repu kojega za sobom vu\u010de HDZ-ov kandidat za gradona\u010delnika Metkovi\u0107a <strong>Dalibor Milan<\/strong>, jer je prije desetak godina na vrlo neobi\u010dan na\u010din zaposlen u dubrova\u010dkom sudu.<\/p>\n<p>Tada\u0161nja ministrica pravosu\u0111a <strong>Vesna \u0160kare O\u017ebolt<\/strong>, naime, nije uva\u017eila rezultate natje\u010daja za prijem dva vje\u017ebenika &#8211; diplomirana pravnika na ovaj sud, ve\u0107 je prekrojila listu i uz kandidatkinju koja je imala najve\u0107i broj bodova primila upravo <strong>Dalibora Milana<\/strong>, koji je imao najmanje bodova od svih dvanaest prijavljenih.<\/p>\n<p>Vrijedi napomenuti da je u to doba Milan bio \u010dlan u\u017eeg vodstva metkovskog ogranka njene stranke Demokratski centar (DC).\u00a0Istu vijest prenio je i <a href=\"http:\/\/www.dalmacijanews.hr\/clanak\/lxe1-metkovic-hdz-kandidira-pjevaca-koji-se-preko-veze-zaposlio-na-sudu\">dalmacijanews.hr<\/a>.<br \/>\nIzbori u Metkovi\u0107u \u0107e se gledati sa posebnom pa\u017enjom, budu\u0107i da se radi o bazi MOST-a koji je ve\u0107 odlu\u010dio da \u0107e njihov kandidat za Gradona\u010delnika\/cu biti <strong>Katarina Ujdur.<\/strong><\/p>\n","protected":false},"excerpt":{"rendered":"<p>\u010cini se da se polako po\u010dinje zakuhavati kampanja za lokalne izbore, a da ve\u0107ina kandidata jo\u0161 nije niti poznata. Nakon \u0161to smo ju\u010der objavili neslu\u017ebenu informaciju da \u0107e Dalibor Milan biti vjerojatni HDZ-ov kandidat za gradona\u010delnika Metkovi\u0107a i drugi mediji su se raspisali o HDZ-ovom kandidatu, pa je tako na tportalu osvanuo naslov &#8220;Metkovi\u0107: HDZ [&hellip;]<\/p>\n","protected":false},"author":7,"featured_media":0,"comment_status":"open","ping_status":"open","sticky":false,"template":"","format":"standard","meta":{"footnotes":""},"categories":[283,290],"tags":[],"class_list":{"0":"post-32596","1":"post","2":"type-post","3":"status-publish","4":"format-standard","6":"category-a","7":"category-politika"},"yoast_head":"<!-- This site is optimized with the Yoast SEO plugin v25.2 - https:\/\/yoast.com\/wordpress\/plugins\/seo\/ -->\n<title>Ba\u010di\u0107 potvrdio da je Milan kandidat, mediji ponovno izvla\u010de aferu o Milanovom zapo\u0161ljavanju - likemetkovic.hr<\/title>\n<meta name=\"robots\" content=\"index, follow, max-snippet:-1, max-image-preview:large, max-video-preview:-1\" \/>\n<link rel=\"canonical\" href=\"https:\/\/likemetkovic.hr\/bacic-potvrdio-da-milan-kandidat-mediji-ponovno-izvlace-aferu-milanovom-zaposljavanju\/\" \/>\n<meta property=\"og:locale\" content=\"hr_HR\" \/>\n<meta property=\"og:type\" content=\"article\" \/>\n<meta property=\"og:title\" content=\"Ba\u010di\u0107 potvrdio da je Milan kandidat, mediji ponovno izvla\u010de aferu o Milanovom zapo\u0161ljavanju - likemetkovic.hr\" \/>\n<meta property=\"og:description\" content=\"\u010cini se da se polako po\u010dinje zakuhavati kampanja za lokalne izbore, a da ve\u0107ina kandidata jo\u0161 nije niti poznata. Nakon \u0161to smo ju\u010der objavili neslu\u017ebenu informaciju da \u0107e Dalibor Milan biti vjerojatni HDZ-ov kandidat za gradona\u010delnika Metkovi\u0107a i drugi mediji su se raspisali o HDZ-ovom kandidatu, pa je tako na tportalu osvanuo naslov &#8220;Metkovi\u0107: HDZ [&hellip;]\" \/>\n<meta property=\"og:url\" content=\"https:\/\/likemetkovic.hr\/bacic-potvrdio-da-milan-kandidat-mediji-ponovno-izvlace-aferu-milanovom-zaposljavanju\/\" \/>\n<meta property=\"og:site_name\" content=\"likemetkovic.hr\" \/>\n<meta property=\"article:publisher\" content=\"https:\/\/www.facebook.com\/likemetkovic.hr\/\" \/>\n<meta property=\"article:published_time\" content=\"2016-12-19T08:33:49+00:00\" \/>\n<meta property=\"article:modified_time\" content=\"2016-12-19T08:43:31+00:00\" \/>\n<meta name=\"author\" content=\"LIKEmetkovic.hr\" \/>\n<meta name=\"twitter:card\" content=\"summary_large_image\" \/>\n<meta name=\"twitter:label1\" content=\"Napisao\/la\" \/>\n\t<meta name=\"twitter:data1\" content=\"LIKEmetkovic.hr\" \/>\n\t<meta name=\"twitter:label2\" content=\"Procijenjeno vrijeme \u010ditanja\" \/>\n\t<meta name=\"twitter:data2\" content=\"2 minute\" \/>\n<script type=\"application\/ld+json\" class=\"yoast-schema-graph\">{\"@context\":\"https:\/\/schema.org\",\"@graph\":[{\"@type\":\"WebPage\",\"@id\":\"https:\/\/likemetkovic.hr\/bacic-potvrdio-da-milan-kandidat-mediji-ponovno-izvlace-aferu-milanovom-zaposljavanju\/\",\"url\":\"https:\/\/likemetkovic.hr\/bacic-potvrdio-da-milan-kandidat-mediji-ponovno-izvlace-aferu-milanovom-zaposljavanju\/\",\"name\":\"Ba\u010di\u0107 potvrdio da je Milan kandidat, mediji ponovno izvla\u010de aferu o Milanovom zapo\u0161ljavanju - likemetkovic.hr\",\"isPartOf\":{\"@id\":\"https:\/\/likemetkovic.hr\/#website\"},\"datePublished\":\"2016-12-19T08:33:49+00:00\",\"dateModified\":\"2016-12-19T08:43:31+00:00\",\"author\":{\"@id\":\"https:\/\/likemetkovic.hr\/#\/schema\/person\/a42711f3385a0e2be6f7e0443bfb28f0\"},\"breadcrumb\":{\"@id\":\"https:\/\/likemetkovic.hr\/bacic-potvrdio-da-milan-kandidat-mediji-ponovno-izvlace-aferu-milanovom-zaposljavanju\/#breadcrumb\"},\"inLanguage\":\"hr\",\"potentialAction\":[{\"@type\":\"ReadAction\",\"target\":[\"https:\/\/likemetkovic.hr\/bacic-potvrdio-da-milan-kandidat-mediji-ponovno-izvlace-aferu-milanovom-zaposljavanju\/\"]}]},{\"@type\":\"BreadcrumbList\",\"@id\":\"https:\/\/likemetkovic.hr\/bacic-potvrdio-da-milan-kandidat-mediji-ponovno-izvlace-aferu-milanovom-zaposljavanju\/#breadcrumb\",\"itemListElement\":[{\"@type\":\"ListItem\",\"position\":1,\"name\":\"Po\u010detna stranica\",\"item\":\"https:\/\/likemetkovic.hr\/portal\/\"},{\"@type\":\"ListItem\",\"position\":2,\"name\":\"Ba\u010di\u0107 potvrdio da je Milan kandidat, mediji ponovno izvla\u010de aferu o Milanovom zapo\u0161ljavanju\"}]},{\"@type\":\"WebSite\",\"@id\":\"https:\/\/likemetkovic.hr\/#website\",\"url\":\"https:\/\/likemetkovic.hr\/\",\"name\":\"likemetkovic.hr\",\"description\":\"Misli pozitivno... \u010ditaj LIKE\",\"potentialAction\":[{\"@type\":\"SearchAction\",\"target\":{\"@type\":\"EntryPoint\",\"urlTemplate\":\"https:\/\/likemetkovic.hr\/?s={search_term_string}\"},\"query-input\":{\"@type\":\"PropertyValueSpecification\",\"valueRequired\":true,\"valueName\":\"search_term_string\"}}],\"inLanguage\":\"hr\"},{\"@type\":\"Person\",\"@id\":\"https:\/\/likemetkovic.hr\/#\/schema\/person\/a42711f3385a0e2be6f7e0443bfb28f0\",\"name\":\"LIKEmetkovic.hr\",\"sameAs\":[\"http:\/\/likemetkovic.hr\"],\"url\":\"https:\/\/likemetkovic.hr\/portal\/author\/likemetkovic-hr\/\"}]}<\/script>\n<!-- \/ Yoast SEO plugin. -->","yoast_head_json":{"title":"Ba\u010di\u0107 potvrdio da je Milan kandidat, mediji ponovno izvla\u010de aferu o Milanovom zapo\u0161ljavanju - likemetkovic.hr","robots":{"index":"index","follow":"follow","max-snippet":"max-snippet:-1","max-image-preview":"max-image-preview:large","max-video-preview":"max-video-preview:-1"},"canonical":"https:\/\/likemetkovic.hr\/bacic-potvrdio-da-milan-kandidat-mediji-ponovno-izvlace-aferu-milanovom-zaposljavanju\/","og_locale":"hr_HR","og_type":"article","og_title":"Ba\u010di\u0107 potvrdio da je Milan kandidat, mediji ponovno izvla\u010de aferu o Milanovom zapo\u0161ljavanju - likemetkovic.hr","og_description":"\u010cini se da se polako po\u010dinje zakuhavati kampanja za lokalne izbore, a da ve\u0107ina kandidata jo\u0161 nije niti poznata. Nakon \u0161to smo ju\u010der objavili neslu\u017ebenu informaciju da \u0107e Dalibor Milan biti vjerojatni HDZ-ov kandidat za gradona\u010delnika Metkovi\u0107a i drugi mediji su se raspisali o HDZ-ovom kandidatu, pa je tako na tportalu osvanuo naslov &#8220;Metkovi\u0107: HDZ [&hellip;]","og_url":"https:\/\/likemetkovic.hr\/bacic-potvrdio-da-milan-kandidat-mediji-ponovno-izvlace-aferu-milanovom-zaposljavanju\/","og_site_name":"likemetkovic.hr","article_publisher":"https:\/\/www.facebook.com\/likemetkovic.hr\/","article_published_time":"2016-12-19T08:33:49+00:00","article_modified_time":"2016-12-19T08:43:31+00:00","author":"LIKEmetkovic.hr","twitter_card":"summary_large_image","twitter_misc":{"Napisao\/la":"LIKEmetkovic.hr","Procijenjeno vrijeme \u010ditanja":"2 minute"},"schema":{"@context":"https:\/\/schema.org","@graph":[{"@type":"WebPage","@id":"https:\/\/likemetkovic.hr\/bacic-potvrdio-da-milan-kandidat-mediji-ponovno-izvlace-aferu-milanovom-zaposljavanju\/","url":"https:\/\/likemetkovic.hr\/bacic-potvrdio-da-milan-kandidat-mediji-ponovno-izvlace-aferu-milanovom-zaposljavanju\/","name":"Ba\u010di\u0107 potvrdio da je Milan kandidat, mediji ponovno izvla\u010de aferu o Milanovom zapo\u0161ljavanju - likemetkovic.hr","isPartOf":{"@id":"https:\/\/likemetkovic.hr\/#website"},"datePublished":"2016-12-19T08:33:49+00:00","dateModified":"2016-12-19T08:43:31+00:00","author":{"@id":"https:\/\/likemetkovic.hr\/#\/schema\/person\/a42711f3385a0e2be6f7e0443bfb28f0"},"breadcrumb":{"@id":"https:\/\/likemetkovic.hr\/bacic-potvrdio-da-milan-kandidat-mediji-ponovno-izvlace-aferu-milanovom-zaposljavanju\/#breadcrumb"},"inLanguage":"hr","potentialAction":[{"@type":"ReadAction","target":["https:\/\/likemetkovic.hr\/bacic-potvrdio-da-milan-kandidat-mediji-ponovno-izvlace-aferu-milanovom-zaposljavanju\/"]}]},{"@type":"BreadcrumbList","@id":"https:\/\/likemetkovic.hr\/bacic-potvrdio-da-milan-kandidat-mediji-ponovno-izvlace-aferu-milanovom-zaposljavanju\/#breadcrumb","itemListElement":[{"@type":"ListItem","position":1,"name":"Po\u010detna stranica","item":"https:\/\/likemetkovic.hr\/portal\/"},{"@type":"ListItem","position":2,"name":"Ba\u010di\u0107 potvrdio da je Milan kandidat, mediji ponovno izvla\u010de aferu o Milanovom zapo\u0161ljavanju"}]},{"@type":"WebSite","@id":"https:\/\/likemetkovic.hr\/#website","url":"https:\/\/likemetkovic.hr\/","name":"likemetkovic.hr","description":"Misli pozitivno... \u010ditaj LIKE","potentialAction":[{"@type":"SearchAction","target":{"@type":"EntryPoint","urlTemplate":"https:\/\/likemetkovic.hr\/?s={search_term_string}"},"query-input":{"@type":"PropertyValueSpecification","valueRequired":true,"valueName":"search_term_string"}}],"inLanguage":"hr"},{"@type":"Person","@id":"https:\/\/likemetkovic.hr\/#\/schema\/person\/a42711f3385a0e2be6f7e0443bfb28f0","name":"LIKEmetkovic.hr","sameAs":["http:\/\/likemetkovic.hr"],"url":"https:\/\/likemetkovic.hr\/portal\/author\/likemetkovic-hr\/"}]}},"_links":{"self":[{"href":"https:\/\/likemetkovic.hr\/portal\/wp-json\/wp\/v2\/posts\/32596","targetHints":{"allow":["GET"]}}],"collection":[{"href":"https:\/\/likemetkovic.hr\/portal\/wp-json\/wp\/v2\/posts"}],"about":[{"href":"https:\/\/likemetkovic.hr\/portal\/wp-json\/wp\/v2\/types\/post"}],"author":[{"embeddable":true,"href":"https:\/\/likemetkovic.hr\/portal\/wp-json\/wp\/v2\/users\/7"}],"replies":[{"embeddable":true,"href":"https:\/\/likemetkovic.hr\/portal\/wp-json\/wp\/v2\/comments?post=32596"}],"version-history":[{"count":0,"href":"https:\/\/likemetkovic.hr\/portal\/wp-json\/wp\/v2\/posts\/32596\/revisions"}],"wp:attachment":[{"href":"https:\/\/likemetkovic.hr\/portal\/wp-json\/wp\/v2\/media?parent=32596"}],"wp:term":[{"taxonomy":"category","embeddable":true,"href":"https:\/\/likemetkovic.hr\/portal\/wp-json\/wp\/v2\/categories?post=32596"},{"taxonomy":"post_tag","embeddable":true,"href":"https:\/\/likemetkovic.hr\/portal\/wp-json\/wp\/v2\/tags?post=32596"}],"curies":[{"name":"wp","href":"https:\/\/api.w.org\/{rel}","templated":true}]}}