{"id":32608,"date":"2016-12-19T12:44:25","date_gmt":"2016-12-19T11:44:25","guid":{"rendered":"http:\/\/likemetkovic.hr\/?p=32608"},"modified":"2016-12-19T13:41:40","modified_gmt":"2016-12-19T12:41:40","slug":"fotogalerija-trgu-dr-franje-tudmana-odrzan-humanitarni-koncert-potrebe-caritasa-zupe-svetog-ilije","status":"publish","type":"post","link":"https:\/\/likemetkovic.hr\/portal\/fotogalerija-trgu-dr-franje-tudmana-odrzan-humanitarni-koncert-potrebe-caritasa-zupe-svetog-ilije\/","title":{"rendered":"FOTOGALERIJA Na Trgu dr. Franje Tu\u0111mana odr\u017ean humanitarni koncert za potrebe Caritasa \u017dupe svetog Ilije"},"content":{"rendered":"<p align=\"justify\">Caritas \u017dupe Svetog Ilije osnovan je 2004. godine sa svrhom pomo\u0107i socijalno ugro\u017eenih sugra\u0111ana unutar \u017dupe Svetog Ilije. Od tada volonteri u suradnji sa \u017eupom \u010dine sve kako bi pomogli onima kojima je to najpotrebnije. Ovaj koncert samo je jedan u nizu akcija koje je Caritas pokrenuo sa ciljem prikupljanja sredstava za kupnju namirnica koje se potom dijele potrebitima. Prikupljanje pomo\u0107i i dijeljnje korisnicima posebno je nagla\u0161eno uo\u010di najve\u0107ih kr\u0161\u0107anskih blagdana, Bo\u017ei\u0107a i Uskrsa kada se redovito prikupi i podijeli oko pedesetak paketa pomo\u0107i za pedesetak obitelji koje su u potrebi.\u00a0<span style=\"font-family: Verdana;\">Sino\u0107 je tako u organizaciji Caritasa \u017dupe sv. Ilije odr\u017ean jo\u0161 humanitarni koncert za njegove korisnike te uz pokroviteljstvo Grada Metkovi\u0107a i Turisti\u010dke zajednice Grada Metkovi\u0107a.<\/span><\/p>\n<p class=\"vijest2\">Pred Gradskom sportskom dvoranom prvo su nastupila djeca iz skupina P\u010delice i Cipeli\u0107i DV Metkovi\u0107, potom djeca iz DV Leut, Dje\u010dji zbor \u017dupe sv. Ilije, Dje\u010dji zbor KUD-a Metkovi\u0107, Klapa Mindel i Ivan Bebi\u0107 kao DJ Dirka. U jednoj od ku\u0107ica prodavali su se kola\u010di i primali prilozi za potrebe Caritasa, a u akciju su se uklju\u010dili i ugostitelji iz bo\u017ei\u0107nih ku\u0107ica koji su donirali nov\u010dane priloge za Caritas.<\/p>\n<p>\u017dupa i volonteri Caritasa sv. Ilije od srca zahvaljuju svima koji su sudjelovali u ovom humanitarnom doga\u0111aju i na taj na\u010din pomogli najpotrebitijima sugra\u0111anima.<\/p>\n\n","protected":false},"excerpt":{"rendered":"<p>Caritas \u017dupe Svetog Ilije osnovan je 2004. godine sa svrhom pomo\u0107i socijalno ugro\u017eenih sugra\u0111ana unutar \u017dupe Svetog Ilije. Od tada volonteri u suradnji sa \u017eupom \u010dine sve kako bi pomogli onima kojima je to najpotrebnije. Ovaj koncert samo je jedan u nizu akcija koje je Caritas pokrenuo sa ciljem prikupljanja sredstava za kupnju namirnica koje [&hellip;]<\/p>\n","protected":false},"author":7,"featured_media":0,"comment_status":"open","ping_status":"open","sticky":false,"template":"","format":"standard","meta":{"footnotes":""},"categories":[283,11],"tags":[],"class_list":{"0":"post-32608","1":"post","2":"type-post","3":"status-publish","4":"format-standard","6":"category-a","7":"category-metkovic-dolina"},"yoast_head":"<!-- This site is optimized with the Yoast SEO plugin v25.2 - https:\/\/yoast.com\/wordpress\/plugins\/seo\/ -->\n<title>FOTOGALERIJA Na Trgu dr. Franje Tu\u0111mana odr\u017ean humanitarni koncert za potrebe Caritasa \u017dupe svetog Ilije - likemetkovic.hr<\/title>\n<meta name=\"robots\" content=\"index, follow, max-snippet:-1, max-image-preview:large, max-video-preview:-1\" \/>\n<link rel=\"canonical\" href=\"https:\/\/likemetkovic.hr\/fotogalerija-trgu-dr-franje-tudmana-odrzan-humanitarni-koncert-potrebe-caritasa-zupe-svetog-ilije\/\" \/>\n<meta property=\"og:locale\" content=\"hr_HR\" \/>\n<meta property=\"og:type\" content=\"article\" \/>\n<meta property=\"og:title\" content=\"FOTOGALERIJA Na Trgu dr. Franje Tu\u0111mana odr\u017ean humanitarni koncert za potrebe Caritasa \u017dupe svetog Ilije - likemetkovic.hr\" \/>\n<meta property=\"og:description\" content=\"Caritas \u017dupe Svetog Ilije osnovan je 2004. godine sa svrhom pomo\u0107i socijalno ugro\u017eenih sugra\u0111ana unutar \u017dupe Svetog Ilije. Od tada volonteri u suradnji sa \u017eupom \u010dine sve kako bi pomogli onima kojima je to najpotrebnije. Ovaj koncert samo je jedan u nizu akcija koje je Caritas pokrenuo sa ciljem prikupljanja sredstava za kupnju namirnica koje [&hellip;]\" \/>\n<meta property=\"og:url\" content=\"https:\/\/likemetkovic.hr\/fotogalerija-trgu-dr-franje-tudmana-odrzan-humanitarni-koncert-potrebe-caritasa-zupe-svetog-ilije\/\" \/>\n<meta property=\"og:site_name\" content=\"likemetkovic.hr\" \/>\n<meta property=\"article:publisher\" content=\"https:\/\/www.facebook.com\/likemetkovic.hr\/\" \/>\n<meta property=\"article:published_time\" content=\"2016-12-19T11:44:25+00:00\" \/>\n<meta property=\"article:modified_time\" content=\"2016-12-19T12:41:40+00:00\" \/>\n<meta name=\"author\" content=\"LIKEmetkovic.hr\" \/>\n<meta name=\"twitter:card\" content=\"summary_large_image\" \/>\n<meta name=\"twitter:label1\" content=\"Napisao\/la\" \/>\n\t<meta name=\"twitter:data1\" content=\"LIKEmetkovic.hr\" \/>\n\t<meta name=\"twitter:label2\" content=\"Procijenjeno vrijeme \u010ditanja\" \/>\n\t<meta name=\"twitter:data2\" content=\"1 minuta\" \/>\n<script type=\"application\/ld+json\" class=\"yoast-schema-graph\">{\"@context\":\"https:\/\/schema.org\",\"@graph\":[{\"@type\":\"WebPage\",\"@id\":\"https:\/\/likemetkovic.hr\/fotogalerija-trgu-dr-franje-tudmana-odrzan-humanitarni-koncert-potrebe-caritasa-zupe-svetog-ilije\/\",\"url\":\"https:\/\/likemetkovic.hr\/fotogalerija-trgu-dr-franje-tudmana-odrzan-humanitarni-koncert-potrebe-caritasa-zupe-svetog-ilije\/\",\"name\":\"FOTOGALERIJA Na Trgu dr. Franje Tu\u0111mana odr\u017ean humanitarni koncert za potrebe Caritasa \u017dupe svetog Ilije - likemetkovic.hr\",\"isPartOf\":{\"@id\":\"https:\/\/likemetkovic.hr\/#website\"},\"datePublished\":\"2016-12-19T11:44:25+00:00\",\"dateModified\":\"2016-12-19T12:41:40+00:00\",\"author\":{\"@id\":\"https:\/\/likemetkovic.hr\/#\/schema\/person\/a42711f3385a0e2be6f7e0443bfb28f0\"},\"breadcrumb\":{\"@id\":\"https:\/\/likemetkovic.hr\/fotogalerija-trgu-dr-franje-tudmana-odrzan-humanitarni-koncert-potrebe-caritasa-zupe-svetog-ilije\/#breadcrumb\"},\"inLanguage\":\"hr\",\"potentialAction\":[{\"@type\":\"ReadAction\",\"target\":[\"https:\/\/likemetkovic.hr\/fotogalerija-trgu-dr-franje-tudmana-odrzan-humanitarni-koncert-potrebe-caritasa-zupe-svetog-ilije\/\"]}]},{\"@type\":\"BreadcrumbList\",\"@id\":\"https:\/\/likemetkovic.hr\/fotogalerija-trgu-dr-franje-tudmana-odrzan-humanitarni-koncert-potrebe-caritasa-zupe-svetog-ilije\/#breadcrumb\",\"itemListElement\":[{\"@type\":\"ListItem\",\"position\":1,\"name\":\"Po\u010detna stranica\",\"item\":\"https:\/\/likemetkovic.hr\/portal\/\"},{\"@type\":\"ListItem\",\"position\":2,\"name\":\"FOTOGALERIJA Na Trgu dr. Franje Tu\u0111mana odr\u017ean humanitarni koncert za potrebe Caritasa \u017dupe svetog Ilije\"}]},{\"@type\":\"WebSite\",\"@id\":\"https:\/\/likemetkovic.hr\/#website\",\"url\":\"https:\/\/likemetkovic.hr\/\",\"name\":\"likemetkovic.hr\",\"description\":\"Misli pozitivno... \u010ditaj LIKE\",\"potentialAction\":[{\"@type\":\"SearchAction\",\"target\":{\"@type\":\"EntryPoint\",\"urlTemplate\":\"https:\/\/likemetkovic.hr\/?s={search_term_string}\"},\"query-input\":{\"@type\":\"PropertyValueSpecification\",\"valueRequired\":true,\"valueName\":\"search_term_string\"}}],\"inLanguage\":\"hr\"},{\"@type\":\"Person\",\"@id\":\"https:\/\/likemetkovic.hr\/#\/schema\/person\/a42711f3385a0e2be6f7e0443bfb28f0\",\"name\":\"LIKEmetkovic.hr\",\"sameAs\":[\"http:\/\/likemetkovic.hr\"],\"url\":\"https:\/\/likemetkovic.hr\/portal\/author\/likemetkovic-hr\/\"}]}<\/script>\n<!-- \/ Yoast SEO plugin. -->","yoast_head_json":{"title":"FOTOGALERIJA Na Trgu dr. Franje Tu\u0111mana odr\u017ean humanitarni koncert za potrebe Caritasa \u017dupe svetog Ilije - likemetkovic.hr","robots":{"index":"index","follow":"follow","max-snippet":"max-snippet:-1","max-image-preview":"max-image-preview:large","max-video-preview":"max-video-preview:-1"},"canonical":"https:\/\/likemetkovic.hr\/fotogalerija-trgu-dr-franje-tudmana-odrzan-humanitarni-koncert-potrebe-caritasa-zupe-svetog-ilije\/","og_locale":"hr_HR","og_type":"article","og_title":"FOTOGALERIJA Na Trgu dr. Franje Tu\u0111mana odr\u017ean humanitarni koncert za potrebe Caritasa \u017dupe svetog Ilije - likemetkovic.hr","og_description":"Caritas \u017dupe Svetog Ilije osnovan je 2004. godine sa svrhom pomo\u0107i socijalno ugro\u017eenih sugra\u0111ana unutar \u017dupe Svetog Ilije. Od tada volonteri u suradnji sa \u017eupom \u010dine sve kako bi pomogli onima kojima je to najpotrebnije. Ovaj koncert samo je jedan u nizu akcija koje je Caritas pokrenuo sa ciljem prikupljanja sredstava za kupnju namirnica koje [&hellip;]","og_url":"https:\/\/likemetkovic.hr\/fotogalerija-trgu-dr-franje-tudmana-odrzan-humanitarni-koncert-potrebe-caritasa-zupe-svetog-ilije\/","og_site_name":"likemetkovic.hr","article_publisher":"https:\/\/www.facebook.com\/likemetkovic.hr\/","article_published_time":"2016-12-19T11:44:25+00:00","article_modified_time":"2016-12-19T12:41:40+00:00","author":"LIKEmetkovic.hr","twitter_card":"summary_large_image","twitter_misc":{"Napisao\/la":"LIKEmetkovic.hr","Procijenjeno vrijeme \u010ditanja":"1 minuta"},"schema":{"@context":"https:\/\/schema.org","@graph":[{"@type":"WebPage","@id":"https:\/\/likemetkovic.hr\/fotogalerija-trgu-dr-franje-tudmana-odrzan-humanitarni-koncert-potrebe-caritasa-zupe-svetog-ilije\/","url":"https:\/\/likemetkovic.hr\/fotogalerija-trgu-dr-franje-tudmana-odrzan-humanitarni-koncert-potrebe-caritasa-zupe-svetog-ilije\/","name":"FOTOGALERIJA Na Trgu dr. Franje Tu\u0111mana odr\u017ean humanitarni koncert za potrebe Caritasa \u017dupe svetog Ilije - likemetkovic.hr","isPartOf":{"@id":"https:\/\/likemetkovic.hr\/#website"},"datePublished":"2016-12-19T11:44:25+00:00","dateModified":"2016-12-19T12:41:40+00:00","author":{"@id":"https:\/\/likemetkovic.hr\/#\/schema\/person\/a42711f3385a0e2be6f7e0443bfb28f0"},"breadcrumb":{"@id":"https:\/\/likemetkovic.hr\/fotogalerija-trgu-dr-franje-tudmana-odrzan-humanitarni-koncert-potrebe-caritasa-zupe-svetog-ilije\/#breadcrumb"},"inLanguage":"hr","potentialAction":[{"@type":"ReadAction","target":["https:\/\/likemetkovic.hr\/fotogalerija-trgu-dr-franje-tudmana-odrzan-humanitarni-koncert-potrebe-caritasa-zupe-svetog-ilije\/"]}]},{"@type":"BreadcrumbList","@id":"https:\/\/likemetkovic.hr\/fotogalerija-trgu-dr-franje-tudmana-odrzan-humanitarni-koncert-potrebe-caritasa-zupe-svetog-ilije\/#breadcrumb","itemListElement":[{"@type":"ListItem","position":1,"name":"Po\u010detna stranica","item":"https:\/\/likemetkovic.hr\/portal\/"},{"@type":"ListItem","position":2,"name":"FOTOGALERIJA Na Trgu dr. Franje Tu\u0111mana odr\u017ean humanitarni koncert za potrebe Caritasa \u017dupe svetog Ilije"}]},{"@type":"WebSite","@id":"https:\/\/likemetkovic.hr\/#website","url":"https:\/\/likemetkovic.hr\/","name":"likemetkovic.hr","description":"Misli pozitivno... \u010ditaj LIKE","potentialAction":[{"@type":"SearchAction","target":{"@type":"EntryPoint","urlTemplate":"https:\/\/likemetkovic.hr\/?s={search_term_string}"},"query-input":{"@type":"PropertyValueSpecification","valueRequired":true,"valueName":"search_term_string"}}],"inLanguage":"hr"},{"@type":"Person","@id":"https:\/\/likemetkovic.hr\/#\/schema\/person\/a42711f3385a0e2be6f7e0443bfb28f0","name":"LIKEmetkovic.hr","sameAs":["http:\/\/likemetkovic.hr"],"url":"https:\/\/likemetkovic.hr\/portal\/author\/likemetkovic-hr\/"}]}},"_links":{"self":[{"href":"https:\/\/likemetkovic.hr\/portal\/wp-json\/wp\/v2\/posts\/32608","targetHints":{"allow":["GET"]}}],"collection":[{"href":"https:\/\/likemetkovic.hr\/portal\/wp-json\/wp\/v2\/posts"}],"about":[{"href":"https:\/\/likemetkovic.hr\/portal\/wp-json\/wp\/v2\/types\/post"}],"author":[{"embeddable":true,"href":"https:\/\/likemetkovic.hr\/portal\/wp-json\/wp\/v2\/users\/7"}],"replies":[{"embeddable":true,"href":"https:\/\/likemetkovic.hr\/portal\/wp-json\/wp\/v2\/comments?post=32608"}],"version-history":[{"count":0,"href":"https:\/\/likemetkovic.hr\/portal\/wp-json\/wp\/v2\/posts\/32608\/revisions"}],"wp:attachment":[{"href":"https:\/\/likemetkovic.hr\/portal\/wp-json\/wp\/v2\/media?parent=32608"}],"wp:term":[{"taxonomy":"category","embeddable":true,"href":"https:\/\/likemetkovic.hr\/portal\/wp-json\/wp\/v2\/categories?post=32608"},{"taxonomy":"post_tag","embeddable":true,"href":"https:\/\/likemetkovic.hr\/portal\/wp-json\/wp\/v2\/tags?post=32608"}],"curies":[{"name":"wp","href":"https:\/\/api.w.org\/{rel}","templated":true}]}}