{"id":32729,"date":"2016-12-19T21:47:11","date_gmt":"2016-12-19T20:47:11","guid":{"rendered":"http:\/\/likemetkovic.hr\/?p=32729"},"modified":"2016-12-19T21:51:02","modified_gmt":"2016-12-19T20:51:02","slug":"breaking-novi-napad-njemackoj-kamionom-se-zabio-masu-ljudi-bozicnom-sajmu","status":"publish","type":"post","link":"https:\/\/likemetkovic.hr\/portal\/breaking-novi-napad-njemackoj-kamionom-se-zabio-masu-ljudi-bozicnom-sajmu\/","title":{"rendered":"BREAKING Novi napad u Njema\u010dkoj &#8211; kamionom se zabio u masu ljudi na bo\u017ei\u0107nom sajmu u Berlinu"},"content":{"rendered":"<p>Najmanje devet osoba je poginulo, a vi\u0161e od 50 ozlije\u0111eno nakon \u0161to se kamion zabio u\u00a0gomilu kupaca na bo\u017ei\u0107ni sajamu u Berlinu.<br \/>\nNjema\u010dka policija je na mjestu doga\u0111aja i\u00a0vjerojatno se radi o novom\u00a0teroristi\u010dkom napad.<br \/>\nVozilo jurilo kroz gomilu kupaca na bo\u017ei\u0107nom sajmu na Breitscheidplatz trgu u blizini Kurfuerstendamm Avenue u zapadnom Berlinu.<\/p>\n\n","protected":false},"excerpt":{"rendered":"<p>Najmanje devet osoba je poginulo, a vi\u0161e od 50 ozlije\u0111eno nakon \u0161to se kamion zabio u\u00a0gomilu kupaca na bo\u017ei\u0107ni sajamu u Berlinu. Njema\u010dka policija je na mjestu doga\u0111aja i\u00a0vjerojatno se radi o novom\u00a0teroristi\u010dkom napad. Vozilo jurilo kroz gomilu kupaca na bo\u017ei\u0107nom sajmu na Breitscheidplatz trgu u blizini Kurfuerstendamm Avenue u zapadnom Berlinu.<\/p>\n","protected":false},"author":7,"featured_media":0,"comment_status":"open","ping_status":"open","sticky":false,"template":"","format":"standard","meta":{"footnotes":""},"categories":[296,71],"tags":[],"class_list":{"0":"post-32729","1":"post","2":"type-post","3":"status-publish","4":"format-standard","6":"category-ab","7":"category-svega-po-malo"},"yoast_head":"<!-- This site is optimized with the Yoast SEO plugin v25.2 - https:\/\/yoast.com\/wordpress\/plugins\/seo\/ -->\n<title>BREAKING Novi napad u Njema\u010dkoj - kamionom se zabio u masu ljudi na bo\u017ei\u0107nom sajmu u Berlinu - likemetkovic.hr<\/title>\n<meta name=\"robots\" content=\"index, follow, max-snippet:-1, max-image-preview:large, max-video-preview:-1\" \/>\n<link rel=\"canonical\" href=\"https:\/\/likemetkovic.hr\/breaking-novi-napad-njemackoj-kamionom-se-zabio-masu-ljudi-bozicnom-sajmu\/\" \/>\n<meta property=\"og:locale\" content=\"hr_HR\" \/>\n<meta property=\"og:type\" content=\"article\" \/>\n<meta property=\"og:title\" content=\"BREAKING Novi napad u Njema\u010dkoj - kamionom se zabio u masu ljudi na bo\u017ei\u0107nom sajmu u Berlinu - likemetkovic.hr\" \/>\n<meta property=\"og:description\" content=\"Najmanje devet osoba je poginulo, a vi\u0161e od 50 ozlije\u0111eno nakon \u0161to se kamion zabio u\u00a0gomilu kupaca na bo\u017ei\u0107ni sajamu u Berlinu. Njema\u010dka policija je na mjestu doga\u0111aja i\u00a0vjerojatno se radi o novom\u00a0teroristi\u010dkom napad. Vozilo jurilo kroz gomilu kupaca na bo\u017ei\u0107nom sajmu na Breitscheidplatz trgu u blizini Kurfuerstendamm Avenue u zapadnom Berlinu.\" \/>\n<meta property=\"og:url\" content=\"https:\/\/likemetkovic.hr\/breaking-novi-napad-njemackoj-kamionom-se-zabio-masu-ljudi-bozicnom-sajmu\/\" \/>\n<meta property=\"og:site_name\" content=\"likemetkovic.hr\" \/>\n<meta property=\"article:publisher\" content=\"https:\/\/www.facebook.com\/likemetkovic.hr\/\" \/>\n<meta property=\"article:published_time\" content=\"2016-12-19T20:47:11+00:00\" \/>\n<meta property=\"article:modified_time\" content=\"2016-12-19T20:51:02+00:00\" \/>\n<meta name=\"author\" content=\"LIKEmetkovic.hr\" \/>\n<meta name=\"twitter:card\" content=\"summary_large_image\" \/>\n<meta name=\"twitter:label1\" content=\"Napisao\/la\" \/>\n\t<meta name=\"twitter:data1\" content=\"LIKEmetkovic.hr\" \/>\n<script type=\"application\/ld+json\" class=\"yoast-schema-graph\">{\"@context\":\"https:\/\/schema.org\",\"@graph\":[{\"@type\":\"WebPage\",\"@id\":\"https:\/\/likemetkovic.hr\/breaking-novi-napad-njemackoj-kamionom-se-zabio-masu-ljudi-bozicnom-sajmu\/\",\"url\":\"https:\/\/likemetkovic.hr\/breaking-novi-napad-njemackoj-kamionom-se-zabio-masu-ljudi-bozicnom-sajmu\/\",\"name\":\"BREAKING Novi napad u Njema\u010dkoj - kamionom se zabio u masu ljudi na bo\u017ei\u0107nom sajmu u Berlinu - likemetkovic.hr\",\"isPartOf\":{\"@id\":\"https:\/\/likemetkovic.hr\/#website\"},\"datePublished\":\"2016-12-19T20:47:11+00:00\",\"dateModified\":\"2016-12-19T20:51:02+00:00\",\"author\":{\"@id\":\"https:\/\/likemetkovic.hr\/#\/schema\/person\/a42711f3385a0e2be6f7e0443bfb28f0\"},\"breadcrumb\":{\"@id\":\"https:\/\/likemetkovic.hr\/breaking-novi-napad-njemackoj-kamionom-se-zabio-masu-ljudi-bozicnom-sajmu\/#breadcrumb\"},\"inLanguage\":\"hr\",\"potentialAction\":[{\"@type\":\"ReadAction\",\"target\":[\"https:\/\/likemetkovic.hr\/breaking-novi-napad-njemackoj-kamionom-se-zabio-masu-ljudi-bozicnom-sajmu\/\"]}]},{\"@type\":\"BreadcrumbList\",\"@id\":\"https:\/\/likemetkovic.hr\/breaking-novi-napad-njemackoj-kamionom-se-zabio-masu-ljudi-bozicnom-sajmu\/#breadcrumb\",\"itemListElement\":[{\"@type\":\"ListItem\",\"position\":1,\"name\":\"Po\u010detna stranica\",\"item\":\"https:\/\/likemetkovic.hr\/portal\/\"},{\"@type\":\"ListItem\",\"position\":2,\"name\":\"BREAKING Novi napad u Njema\u010dkoj &#8211; kamionom se zabio u masu ljudi na bo\u017ei\u0107nom sajmu u Berlinu\"}]},{\"@type\":\"WebSite\",\"@id\":\"https:\/\/likemetkovic.hr\/#website\",\"url\":\"https:\/\/likemetkovic.hr\/\",\"name\":\"likemetkovic.hr\",\"description\":\"Misli pozitivno... \u010ditaj LIKE\",\"potentialAction\":[{\"@type\":\"SearchAction\",\"target\":{\"@type\":\"EntryPoint\",\"urlTemplate\":\"https:\/\/likemetkovic.hr\/?s={search_term_string}\"},\"query-input\":{\"@type\":\"PropertyValueSpecification\",\"valueRequired\":true,\"valueName\":\"search_term_string\"}}],\"inLanguage\":\"hr\"},{\"@type\":\"Person\",\"@id\":\"https:\/\/likemetkovic.hr\/#\/schema\/person\/a42711f3385a0e2be6f7e0443bfb28f0\",\"name\":\"LIKEmetkovic.hr\",\"sameAs\":[\"http:\/\/likemetkovic.hr\"],\"url\":\"https:\/\/likemetkovic.hr\/portal\/author\/likemetkovic-hr\/\"}]}<\/script>\n<!-- \/ Yoast SEO plugin. -->","yoast_head_json":{"title":"BREAKING Novi napad u Njema\u010dkoj - kamionom se zabio u masu ljudi na bo\u017ei\u0107nom sajmu u Berlinu - likemetkovic.hr","robots":{"index":"index","follow":"follow","max-snippet":"max-snippet:-1","max-image-preview":"max-image-preview:large","max-video-preview":"max-video-preview:-1"},"canonical":"https:\/\/likemetkovic.hr\/breaking-novi-napad-njemackoj-kamionom-se-zabio-masu-ljudi-bozicnom-sajmu\/","og_locale":"hr_HR","og_type":"article","og_title":"BREAKING Novi napad u Njema\u010dkoj - kamionom se zabio u masu ljudi na bo\u017ei\u0107nom sajmu u Berlinu - likemetkovic.hr","og_description":"Najmanje devet osoba je poginulo, a vi\u0161e od 50 ozlije\u0111eno nakon \u0161to se kamion zabio u\u00a0gomilu kupaca na bo\u017ei\u0107ni sajamu u Berlinu. Njema\u010dka policija je na mjestu doga\u0111aja i\u00a0vjerojatno se radi o novom\u00a0teroristi\u010dkom napad. Vozilo jurilo kroz gomilu kupaca na bo\u017ei\u0107nom sajmu na Breitscheidplatz trgu u blizini Kurfuerstendamm Avenue u zapadnom Berlinu.","og_url":"https:\/\/likemetkovic.hr\/breaking-novi-napad-njemackoj-kamionom-se-zabio-masu-ljudi-bozicnom-sajmu\/","og_site_name":"likemetkovic.hr","article_publisher":"https:\/\/www.facebook.com\/likemetkovic.hr\/","article_published_time":"2016-12-19T20:47:11+00:00","article_modified_time":"2016-12-19T20:51:02+00:00","author":"LIKEmetkovic.hr","twitter_card":"summary_large_image","twitter_misc":{"Napisao\/la":"LIKEmetkovic.hr"},"schema":{"@context":"https:\/\/schema.org","@graph":[{"@type":"WebPage","@id":"https:\/\/likemetkovic.hr\/breaking-novi-napad-njemackoj-kamionom-se-zabio-masu-ljudi-bozicnom-sajmu\/","url":"https:\/\/likemetkovic.hr\/breaking-novi-napad-njemackoj-kamionom-se-zabio-masu-ljudi-bozicnom-sajmu\/","name":"BREAKING Novi napad u Njema\u010dkoj - kamionom se zabio u masu ljudi na bo\u017ei\u0107nom sajmu u Berlinu - likemetkovic.hr","isPartOf":{"@id":"https:\/\/likemetkovic.hr\/#website"},"datePublished":"2016-12-19T20:47:11+00:00","dateModified":"2016-12-19T20:51:02+00:00","author":{"@id":"https:\/\/likemetkovic.hr\/#\/schema\/person\/a42711f3385a0e2be6f7e0443bfb28f0"},"breadcrumb":{"@id":"https:\/\/likemetkovic.hr\/breaking-novi-napad-njemackoj-kamionom-se-zabio-masu-ljudi-bozicnom-sajmu\/#breadcrumb"},"inLanguage":"hr","potentialAction":[{"@type":"ReadAction","target":["https:\/\/likemetkovic.hr\/breaking-novi-napad-njemackoj-kamionom-se-zabio-masu-ljudi-bozicnom-sajmu\/"]}]},{"@type":"BreadcrumbList","@id":"https:\/\/likemetkovic.hr\/breaking-novi-napad-njemackoj-kamionom-se-zabio-masu-ljudi-bozicnom-sajmu\/#breadcrumb","itemListElement":[{"@type":"ListItem","position":1,"name":"Po\u010detna stranica","item":"https:\/\/likemetkovic.hr\/portal\/"},{"@type":"ListItem","position":2,"name":"BREAKING Novi napad u Njema\u010dkoj &#8211; kamionom se zabio u masu ljudi na bo\u017ei\u0107nom sajmu u Berlinu"}]},{"@type":"WebSite","@id":"https:\/\/likemetkovic.hr\/#website","url":"https:\/\/likemetkovic.hr\/","name":"likemetkovic.hr","description":"Misli pozitivno... \u010ditaj LIKE","potentialAction":[{"@type":"SearchAction","target":{"@type":"EntryPoint","urlTemplate":"https:\/\/likemetkovic.hr\/?s={search_term_string}"},"query-input":{"@type":"PropertyValueSpecification","valueRequired":true,"valueName":"search_term_string"}}],"inLanguage":"hr"},{"@type":"Person","@id":"https:\/\/likemetkovic.hr\/#\/schema\/person\/a42711f3385a0e2be6f7e0443bfb28f0","name":"LIKEmetkovic.hr","sameAs":["http:\/\/likemetkovic.hr"],"url":"https:\/\/likemetkovic.hr\/portal\/author\/likemetkovic-hr\/"}]}},"_links":{"self":[{"href":"https:\/\/likemetkovic.hr\/portal\/wp-json\/wp\/v2\/posts\/32729","targetHints":{"allow":["GET"]}}],"collection":[{"href":"https:\/\/likemetkovic.hr\/portal\/wp-json\/wp\/v2\/posts"}],"about":[{"href":"https:\/\/likemetkovic.hr\/portal\/wp-json\/wp\/v2\/types\/post"}],"author":[{"embeddable":true,"href":"https:\/\/likemetkovic.hr\/portal\/wp-json\/wp\/v2\/users\/7"}],"replies":[{"embeddable":true,"href":"https:\/\/likemetkovic.hr\/portal\/wp-json\/wp\/v2\/comments?post=32729"}],"version-history":[{"count":0,"href":"https:\/\/likemetkovic.hr\/portal\/wp-json\/wp\/v2\/posts\/32729\/revisions"}],"wp:attachment":[{"href":"https:\/\/likemetkovic.hr\/portal\/wp-json\/wp\/v2\/media?parent=32729"}],"wp:term":[{"taxonomy":"category","embeddable":true,"href":"https:\/\/likemetkovic.hr\/portal\/wp-json\/wp\/v2\/categories?post=32729"},{"taxonomy":"post_tag","embeddable":true,"href":"https:\/\/likemetkovic.hr\/portal\/wp-json\/wp\/v2\/tags?post=32729"}],"curies":[{"name":"wp","href":"https:\/\/api.w.org\/{rel}","templated":true}]}}