{"id":33767,"date":"2017-01-12T21:14:14","date_gmt":"2017-01-12T20:14:14","guid":{"rendered":"http:\/\/likemetkovic.hr\/?p=33767"},"modified":"2017-01-12T21:15:31","modified_gmt":"2017-01-12T20:15:31","slug":"intervju-goranom-kalebom-pobjednikom-ovogodisnje-farme","status":"publish","type":"post","link":"https:\/\/likemetkovic.hr\/portal\/intervju-goranom-kalebom-pobjednikom-ovogodisnje-farme\/","title":{"rendered":"Intervju sa Goranom Kalebom, pobjednikom Farme: Kad legnu pare, podilit \u0107emo na tri dila!"},"content":{"rendered":"<h4>Nakon pobjede u Farmi Goran Kaleb je ispri\u010dao svoja iskustva za <a href=\"http:\/\/www.dalmacijanews.hr\/clanak\/ncg7-pobjednik-farme-goran-kaleb-za-dn-drzim-do-svoje-rijeci-nagradu-cu-podijeliti-s-josipom-i-antom#\/clanak\/ncg7-pobjednik-farme-goran-kaleb-za-dn-drzim-do-svoje-rijeci-nagradu-cu-podijeliti-s-josipom-i-antom\">DalmacijaNews<\/a>, kako se osje\u0107a nakon izlaska i pone\u0161to o privatnom \u017eivotu<\/h4>\n<p>Pro\u0161lo ne\u0161to manje od mjesec dana da je<b> Goran Kaleb <\/b>osvojio reality show Nove TV Farma. Sada nakon \u0161to su se dojmovi slegli i Goran malo odmorio od blje\u0161tavila reflektora te vratio u realni svijet kontaktirali smo ga i porazgovarali o ukupnim dojmovima s Farme. Goran je ro\u0111eni Neretvanin, iz Rogotina, pa mu mnogi zadaci na Farmi nisu bili strani. Prvo smo ga upitali \u0161to ga je nagnalo da se prijavi na show ovoga tipa.<\/p>\n<p>&#8211; <em>Dosta sam razmi\u0161lja o prijavi na Farmu jer to je neko novo iskustvo, a iskreno nisu mi se ba\u0161 ni brale mandarine jedva san \u010deka malo odmorit. S obzirom da sam se i\u0161a odmoriti od rada, umorio sam se totalno psihi\u010dki.<\/em> \u2013 govori Goran kroz smijeh.<\/p>\n<p>Na Farmi je proveo 4 mjeseca u izolaciji koju je proveo stoi\u010dki bez kriza. Ka\u017ee da mu nije trebalo puno za ponovnu prilagodbu na vanjski svijet.<\/p>\n<p>&#8211; <em>Nakon 4 miseca \u0161ta san bia tamo, kad san iza\u0161a s Farme, skinia \u201ebubicu\u201c, isti tren san se prilagodia vanjskome \u017eivotu. Neki su imali kriza, plakali su, ja nisam. Ostavia san to sve iza sebe, zapravo bia san spreman u glavi na sve.<\/em><\/p>\n<p>Za Farmu ka\u017ee da je veliko iskustvo za testiranje vlastitih \u017eivaca. Mnogo su mu zna\u010dili trenuci kada bi dobio pismo od obitelji i prijatelja, a najvi\u0161e mu je zna\u010dilo i kada ga je majka posjetila u samoj zavr\u0161nici showa.<\/p>\n<p>&#8211;<em> \u017divotno iskustvo je to za testiranje vlastitih \u017eivaca. Zna\u010di vanka ne bi reagira nikad da stojin s miron na provokacije kojih nije falilo svaki dan. Tamo san mora bit stalo\u017een jer nisan predstavlja samo sebe ve\u0107\u00a0 svoju familiju i \u010ditavi neretvanski kraj. Prvih par dana mi je bilo \u010dudno da su kamere svugdi, ali te kamere me nisu toliko smetale koliko \u201ebubica\u201c na meni. Nesmi\u0161 ni\u0161ta \u0161apnit, sve se \u010duje, ali na kameru san nekako privika, na \u201ebubicu\u201c malo te\u017ee. \u2013 prepri\u010dava Goran svoja iskustva.<\/em><\/p>\n<p>U najboljim odnosima na Farmi ostao je s Josipom, Antom, Igorom, Senadom, Sarom, Ankicom i Katicom. S Antom i Josipom je pri kraju showa sklopio pakt.<\/p>\n<p>&#8211; <em>Tri tjedna prije finala bia san ugro\u017een i bia san sluga. Ima san izbor birati u dvoboju Antu ili Gordana, jer je Tomislav kojeg san tia izbaciti ima imunitet. Nisan tia riskirati s Gordanom u dvoboju snage, kojeg bi on vjerojatno bira, jer je on te\u017ei od mene 30,40 kila. Da sam ja bira onda bi lako, ali onda sam reka Anti ajmo se mi dogovorit: \u201eJa tebe uzmen, izbacin te, ja san do kraja i onda smo ja i Josipa u finalu. Bolje da smo nas dvoje u finalu, nego da tebe izbace idu\u0107i tjedan i onda Josipa ostane sama.\u201cMi smo onda uspili ono \u0161to smo naumili tako da smo se dogovorili da ja idem do kraja i dilimo pare na tri dila.<\/em> \u2013 isti\u010de Goran.<\/p>\n<p>Nov\u010dana nagrada jo\u0161 uvijek nije upla\u0107ena, a Goran tvdri da \u0107e ispuniti dogovor.<\/p>\n<p>&#8211; <em>Pare jo\u0161 nisu legle na ra\u010dun, ali ja stojim iza svojih ri\u010di. Kad legnu podilit \u0107emo nagradu na tri dila.<\/em> \u2013 odlu\u010dan je Goran.<\/p>\n<p>Ve\u0107ina bi u Goranovoj situaciji nagradu potro\u0161ila na, blago re\u010deno, gluposti, no Goran razmi\u0161lja novac investirati dugoro\u010dno.<\/p>\n<p>&#8211; <em>Taj novac je velika cifra, nema svako doma taj novac niti \u0107e je imati na taj na\u010din. Ja sam isti, isto se pona\u0161am i to me nije prominilo. Novcem od nagrade kupit \u0107u sebi auto, iman ku\u0107u u kojoj \u0107u dovr\u0161iti apartmane. Mislia san otvoriti kafi\u0107, ali eto ipak apartmani mi se u ovom trenu \u010dine isplativiji.<\/em> \u2013 ka\u017ee nam Goran.<\/p>\n<p>Vi\u0161e pro\u010ditajte na<a href=\"http:\/\/www.dalmacijanews.hr\/clanak\/ncg7-pobjednik-farme-goran-kaleb-za-dn-drzim-do-svoje-rijeci-nagradu-cu-podijeliti-s-josipom-i-antom#\/clanak\/ncg7-pobjednik-farme-goran-kaleb-za-dn-drzim-do-svoje-rijeci-nagradu-cu-podijeliti-s-josipom-i-antom\"> DalmacijaNews.hr<\/a>..<\/p>\n","protected":false},"excerpt":{"rendered":"<p>Nakon pobjede u Farmi Goran Kaleb je ispri\u010dao svoja iskustva za DalmacijaNews, kako se osje\u0107a nakon izlaska i pone\u0161to o privatnom \u017eivotu Pro\u0161lo ne\u0161to manje od mjesec dana da je Goran Kaleb osvojio reality show Nove TV Farma. Sada nakon \u0161to su se dojmovi slegli i Goran malo odmorio od blje\u0161tavila reflektora te vratio u [&hellip;]<\/p>\n","protected":false},"author":7,"featured_media":0,"comment_status":"open","ping_status":"open","sticky":false,"template":"","format":"standard","meta":{"footnotes":""},"categories":[296,71],"tags":[],"class_list":{"0":"post-33767","1":"post","2":"type-post","3":"status-publish","4":"format-standard","6":"category-ab","7":"category-svega-po-malo"},"yoast_head":"<!-- This site is optimized with the Yoast SEO plugin v25.2 - https:\/\/yoast.com\/wordpress\/plugins\/seo\/ -->\n<title>Intervju sa Goranom Kalebom, pobjednikom Farme: Kad legnu pare, podilit \u0107emo na tri dila! - likemetkovic.hr<\/title>\n<meta name=\"robots\" content=\"index, follow, max-snippet:-1, max-image-preview:large, max-video-preview:-1\" \/>\n<link rel=\"canonical\" href=\"https:\/\/likemetkovic.hr\/intervju-goranom-kalebom-pobjednikom-ovogodisnje-farme\/\" \/>\n<meta property=\"og:locale\" content=\"hr_HR\" \/>\n<meta property=\"og:type\" content=\"article\" \/>\n<meta property=\"og:title\" content=\"Intervju sa Goranom Kalebom, pobjednikom Farme: Kad legnu pare, podilit \u0107emo na tri dila! - likemetkovic.hr\" \/>\n<meta property=\"og:description\" content=\"Nakon pobjede u Farmi Goran Kaleb je ispri\u010dao svoja iskustva za DalmacijaNews, kako se osje\u0107a nakon izlaska i pone\u0161to o privatnom \u017eivotu Pro\u0161lo ne\u0161to manje od mjesec dana da je Goran Kaleb osvojio reality show Nove TV Farma. Sada nakon \u0161to su se dojmovi slegli i Goran malo odmorio od blje\u0161tavila reflektora te vratio u [&hellip;]\" \/>\n<meta property=\"og:url\" content=\"https:\/\/likemetkovic.hr\/intervju-goranom-kalebom-pobjednikom-ovogodisnje-farme\/\" \/>\n<meta property=\"og:site_name\" content=\"likemetkovic.hr\" \/>\n<meta property=\"article:publisher\" content=\"https:\/\/www.facebook.com\/likemetkovic.hr\/\" \/>\n<meta property=\"article:published_time\" content=\"2017-01-12T20:14:14+00:00\" \/>\n<meta property=\"article:modified_time\" content=\"2017-01-12T20:15:31+00:00\" \/>\n<meta name=\"author\" content=\"LIKEmetkovic.hr\" \/>\n<meta name=\"twitter:card\" content=\"summary_large_image\" \/>\n<meta name=\"twitter:label1\" content=\"Napisao\/la\" \/>\n\t<meta name=\"twitter:data1\" content=\"LIKEmetkovic.hr\" \/>\n\t<meta name=\"twitter:label2\" content=\"Procijenjeno vrijeme \u010ditanja\" \/>\n\t<meta name=\"twitter:data2\" content=\"3 minute\" \/>\n<script type=\"application\/ld+json\" class=\"yoast-schema-graph\">{\"@context\":\"https:\/\/schema.org\",\"@graph\":[{\"@type\":\"WebPage\",\"@id\":\"https:\/\/likemetkovic.hr\/intervju-goranom-kalebom-pobjednikom-ovogodisnje-farme\/\",\"url\":\"https:\/\/likemetkovic.hr\/intervju-goranom-kalebom-pobjednikom-ovogodisnje-farme\/\",\"name\":\"Intervju sa Goranom Kalebom, pobjednikom Farme: Kad legnu pare, podilit \u0107emo na tri dila! - likemetkovic.hr\",\"isPartOf\":{\"@id\":\"https:\/\/likemetkovic.hr\/#website\"},\"datePublished\":\"2017-01-12T20:14:14+00:00\",\"dateModified\":\"2017-01-12T20:15:31+00:00\",\"author\":{\"@id\":\"https:\/\/likemetkovic.hr\/#\/schema\/person\/a42711f3385a0e2be6f7e0443bfb28f0\"},\"breadcrumb\":{\"@id\":\"https:\/\/likemetkovic.hr\/intervju-goranom-kalebom-pobjednikom-ovogodisnje-farme\/#breadcrumb\"},\"inLanguage\":\"hr\",\"potentialAction\":[{\"@type\":\"ReadAction\",\"target\":[\"https:\/\/likemetkovic.hr\/intervju-goranom-kalebom-pobjednikom-ovogodisnje-farme\/\"]}]},{\"@type\":\"BreadcrumbList\",\"@id\":\"https:\/\/likemetkovic.hr\/intervju-goranom-kalebom-pobjednikom-ovogodisnje-farme\/#breadcrumb\",\"itemListElement\":[{\"@type\":\"ListItem\",\"position\":1,\"name\":\"Po\u010detna stranica\",\"item\":\"https:\/\/likemetkovic.hr\/portal\/\"},{\"@type\":\"ListItem\",\"position\":2,\"name\":\"Intervju sa Goranom Kalebom, pobjednikom Farme: Kad legnu pare, podilit \u0107emo na tri dila!\"}]},{\"@type\":\"WebSite\",\"@id\":\"https:\/\/likemetkovic.hr\/#website\",\"url\":\"https:\/\/likemetkovic.hr\/\",\"name\":\"likemetkovic.hr\",\"description\":\"Misli pozitivno... \u010ditaj LIKE\",\"potentialAction\":[{\"@type\":\"SearchAction\",\"target\":{\"@type\":\"EntryPoint\",\"urlTemplate\":\"https:\/\/likemetkovic.hr\/?s={search_term_string}\"},\"query-input\":{\"@type\":\"PropertyValueSpecification\",\"valueRequired\":true,\"valueName\":\"search_term_string\"}}],\"inLanguage\":\"hr\"},{\"@type\":\"Person\",\"@id\":\"https:\/\/likemetkovic.hr\/#\/schema\/person\/a42711f3385a0e2be6f7e0443bfb28f0\",\"name\":\"LIKEmetkovic.hr\",\"sameAs\":[\"http:\/\/likemetkovic.hr\"],\"url\":\"https:\/\/likemetkovic.hr\/portal\/author\/likemetkovic-hr\/\"}]}<\/script>\n<!-- \/ Yoast SEO plugin. -->","yoast_head_json":{"title":"Intervju sa Goranom Kalebom, pobjednikom Farme: Kad legnu pare, podilit \u0107emo na tri dila! - likemetkovic.hr","robots":{"index":"index","follow":"follow","max-snippet":"max-snippet:-1","max-image-preview":"max-image-preview:large","max-video-preview":"max-video-preview:-1"},"canonical":"https:\/\/likemetkovic.hr\/intervju-goranom-kalebom-pobjednikom-ovogodisnje-farme\/","og_locale":"hr_HR","og_type":"article","og_title":"Intervju sa Goranom Kalebom, pobjednikom Farme: Kad legnu pare, podilit \u0107emo na tri dila! - likemetkovic.hr","og_description":"Nakon pobjede u Farmi Goran Kaleb je ispri\u010dao svoja iskustva za DalmacijaNews, kako se osje\u0107a nakon izlaska i pone\u0161to o privatnom \u017eivotu Pro\u0161lo ne\u0161to manje od mjesec dana da je Goran Kaleb osvojio reality show Nove TV Farma. Sada nakon \u0161to su se dojmovi slegli i Goran malo odmorio od blje\u0161tavila reflektora te vratio u [&hellip;]","og_url":"https:\/\/likemetkovic.hr\/intervju-goranom-kalebom-pobjednikom-ovogodisnje-farme\/","og_site_name":"likemetkovic.hr","article_publisher":"https:\/\/www.facebook.com\/likemetkovic.hr\/","article_published_time":"2017-01-12T20:14:14+00:00","article_modified_time":"2017-01-12T20:15:31+00:00","author":"LIKEmetkovic.hr","twitter_card":"summary_large_image","twitter_misc":{"Napisao\/la":"LIKEmetkovic.hr","Procijenjeno vrijeme \u010ditanja":"3 minute"},"schema":{"@context":"https:\/\/schema.org","@graph":[{"@type":"WebPage","@id":"https:\/\/likemetkovic.hr\/intervju-goranom-kalebom-pobjednikom-ovogodisnje-farme\/","url":"https:\/\/likemetkovic.hr\/intervju-goranom-kalebom-pobjednikom-ovogodisnje-farme\/","name":"Intervju sa Goranom Kalebom, pobjednikom Farme: Kad legnu pare, podilit \u0107emo na tri dila! - likemetkovic.hr","isPartOf":{"@id":"https:\/\/likemetkovic.hr\/#website"},"datePublished":"2017-01-12T20:14:14+00:00","dateModified":"2017-01-12T20:15:31+00:00","author":{"@id":"https:\/\/likemetkovic.hr\/#\/schema\/person\/a42711f3385a0e2be6f7e0443bfb28f0"},"breadcrumb":{"@id":"https:\/\/likemetkovic.hr\/intervju-goranom-kalebom-pobjednikom-ovogodisnje-farme\/#breadcrumb"},"inLanguage":"hr","potentialAction":[{"@type":"ReadAction","target":["https:\/\/likemetkovic.hr\/intervju-goranom-kalebom-pobjednikom-ovogodisnje-farme\/"]}]},{"@type":"BreadcrumbList","@id":"https:\/\/likemetkovic.hr\/intervju-goranom-kalebom-pobjednikom-ovogodisnje-farme\/#breadcrumb","itemListElement":[{"@type":"ListItem","position":1,"name":"Po\u010detna stranica","item":"https:\/\/likemetkovic.hr\/portal\/"},{"@type":"ListItem","position":2,"name":"Intervju sa Goranom Kalebom, pobjednikom Farme: Kad legnu pare, podilit \u0107emo na tri dila!"}]},{"@type":"WebSite","@id":"https:\/\/likemetkovic.hr\/#website","url":"https:\/\/likemetkovic.hr\/","name":"likemetkovic.hr","description":"Misli pozitivno... \u010ditaj LIKE","potentialAction":[{"@type":"SearchAction","target":{"@type":"EntryPoint","urlTemplate":"https:\/\/likemetkovic.hr\/?s={search_term_string}"},"query-input":{"@type":"PropertyValueSpecification","valueRequired":true,"valueName":"search_term_string"}}],"inLanguage":"hr"},{"@type":"Person","@id":"https:\/\/likemetkovic.hr\/#\/schema\/person\/a42711f3385a0e2be6f7e0443bfb28f0","name":"LIKEmetkovic.hr","sameAs":["http:\/\/likemetkovic.hr"],"url":"https:\/\/likemetkovic.hr\/portal\/author\/likemetkovic-hr\/"}]}},"_links":{"self":[{"href":"https:\/\/likemetkovic.hr\/portal\/wp-json\/wp\/v2\/posts\/33767","targetHints":{"allow":["GET"]}}],"collection":[{"href":"https:\/\/likemetkovic.hr\/portal\/wp-json\/wp\/v2\/posts"}],"about":[{"href":"https:\/\/likemetkovic.hr\/portal\/wp-json\/wp\/v2\/types\/post"}],"author":[{"embeddable":true,"href":"https:\/\/likemetkovic.hr\/portal\/wp-json\/wp\/v2\/users\/7"}],"replies":[{"embeddable":true,"href":"https:\/\/likemetkovic.hr\/portal\/wp-json\/wp\/v2\/comments?post=33767"}],"version-history":[{"count":0,"href":"https:\/\/likemetkovic.hr\/portal\/wp-json\/wp\/v2\/posts\/33767\/revisions"}],"wp:attachment":[{"href":"https:\/\/likemetkovic.hr\/portal\/wp-json\/wp\/v2\/media?parent=33767"}],"wp:term":[{"taxonomy":"category","embeddable":true,"href":"https:\/\/likemetkovic.hr\/portal\/wp-json\/wp\/v2\/categories?post=33767"},{"taxonomy":"post_tag","embeddable":true,"href":"https:\/\/likemetkovic.hr\/portal\/wp-json\/wp\/v2\/tags?post=33767"}],"curies":[{"name":"wp","href":"https:\/\/api.w.org\/{rel}","templated":true}]}}