{"id":34019,"date":"2017-01-17T16:14:19","date_gmt":"2017-01-17T15:14:19","guid":{"rendered":"http:\/\/likemetkovic.hr\/?p=34019"},"modified":"2017-01-17T16:14:51","modified_gmt":"2017-01-17T15:14:51","slug":"stipe-gabric-jambo-najavio-svoju-kandidaturu-gradonacelnika-metkovica","status":"publish","type":"post","link":"https:\/\/likemetkovic.hr\/portal\/stipe-gabric-jambo-najavio-svoju-kandidaturu-gradonacelnika-metkovica\/","title":{"rendered":"Stipe Gabri\u0107 Jambo najavio je svoju kandidaturu za gradona\u010delnika Metkovi\u0107a"},"content":{"rendered":"<p>Stipe Gabri\u0107 Jambo najavio je svoju kandidaturu kao kandidat HSS-a za Gradona\u010delnika Metkovi\u0107a na predstoje\u0107im lokalnim izborima te\u00a0se pridru\u017eio ve\u0107 potvr\u0111enim kandidatima, HDZ-ovom Daliboru Milanu te MOST- ovoj Katarini Ujdur.<\/p>\n<p>Na Glavnoj izbornoj skup\u0161tini HSS-a odr\u017eanoj proteklog vikenda, Stipe Gabri\u0107 Jambo je izabran u Predsjedni\u0161tvo te stranke a sada je najavio i svoju kandidaturu za mjesto gradona\u010delnika Metkovi\u0107a prenosi <a href=\"http:\/\/www.radiodelta.hr\/2017\/01\/17\/jambo-najavio-kandidaturu-za-gradonacelnika-metkovica\/\">radiodelta.hr<\/a>.<\/p>\n","protected":false},"excerpt":{"rendered":"<p>Stipe Gabri\u0107 Jambo najavio je svoju kandidaturu kao kandidat HSS-a za Gradona\u010delnika Metkovi\u0107a na predstoje\u0107im lokalnim izborima te\u00a0se pridru\u017eio ve\u0107 potvr\u0111enim kandidatima, HDZ-ovom Daliboru Milanu te MOST- ovoj Katarini Ujdur. Na Glavnoj izbornoj skup\u0161tini HSS-a odr\u017eanoj proteklog vikenda, Stipe Gabri\u0107 Jambo je izabran u Predsjedni\u0161tvo te stranke a sada je najavio i svoju kandidaturu za [&hellip;]<\/p>\n","protected":false},"author":7,"featured_media":0,"comment_status":"open","ping_status":"open","sticky":false,"template":"","format":"standard","meta":{"footnotes":""},"categories":[283,290],"tags":[],"class_list":{"0":"post-34019","1":"post","2":"type-post","3":"status-publish","4":"format-standard","6":"category-a","7":"category-politika"},"yoast_head":"<!-- This site is optimized with the Yoast SEO plugin v25.2 - https:\/\/yoast.com\/wordpress\/plugins\/seo\/ -->\n<title>Stipe Gabri\u0107 Jambo najavio je svoju kandidaturu za gradona\u010delnika Metkovi\u0107a - likemetkovic.hr<\/title>\n<meta name=\"robots\" content=\"index, follow, max-snippet:-1, max-image-preview:large, max-video-preview:-1\" \/>\n<link rel=\"canonical\" href=\"https:\/\/likemetkovic.hr\/stipe-gabric-jambo-najavio-svoju-kandidaturu-gradonacelnika-metkovica\/\" \/>\n<meta property=\"og:locale\" content=\"hr_HR\" \/>\n<meta property=\"og:type\" content=\"article\" \/>\n<meta property=\"og:title\" content=\"Stipe Gabri\u0107 Jambo najavio je svoju kandidaturu za gradona\u010delnika Metkovi\u0107a - likemetkovic.hr\" \/>\n<meta property=\"og:description\" content=\"Stipe Gabri\u0107 Jambo najavio je svoju kandidaturu kao kandidat HSS-a za Gradona\u010delnika Metkovi\u0107a na predstoje\u0107im lokalnim izborima te\u00a0se pridru\u017eio ve\u0107 potvr\u0111enim kandidatima, HDZ-ovom Daliboru Milanu te MOST- ovoj Katarini Ujdur. Na Glavnoj izbornoj skup\u0161tini HSS-a odr\u017eanoj proteklog vikenda, Stipe Gabri\u0107 Jambo je izabran u Predsjedni\u0161tvo te stranke a sada je najavio i svoju kandidaturu za [&hellip;]\" \/>\n<meta property=\"og:url\" content=\"https:\/\/likemetkovic.hr\/stipe-gabric-jambo-najavio-svoju-kandidaturu-gradonacelnika-metkovica\/\" \/>\n<meta property=\"og:site_name\" content=\"likemetkovic.hr\" \/>\n<meta property=\"article:publisher\" content=\"https:\/\/www.facebook.com\/likemetkovic.hr\/\" \/>\n<meta property=\"article:published_time\" content=\"2017-01-17T15:14:19+00:00\" \/>\n<meta property=\"article:modified_time\" content=\"2017-01-17T15:14:51+00:00\" \/>\n<meta name=\"author\" content=\"LIKEmetkovic.hr\" \/>\n<meta name=\"twitter:card\" content=\"summary_large_image\" \/>\n<meta name=\"twitter:label1\" content=\"Napisao\/la\" \/>\n\t<meta name=\"twitter:data1\" content=\"LIKEmetkovic.hr\" \/>\n<script type=\"application\/ld+json\" class=\"yoast-schema-graph\">{\"@context\":\"https:\/\/schema.org\",\"@graph\":[{\"@type\":\"WebPage\",\"@id\":\"https:\/\/likemetkovic.hr\/stipe-gabric-jambo-najavio-svoju-kandidaturu-gradonacelnika-metkovica\/\",\"url\":\"https:\/\/likemetkovic.hr\/stipe-gabric-jambo-najavio-svoju-kandidaturu-gradonacelnika-metkovica\/\",\"name\":\"Stipe Gabri\u0107 Jambo najavio je svoju kandidaturu za gradona\u010delnika Metkovi\u0107a - likemetkovic.hr\",\"isPartOf\":{\"@id\":\"https:\/\/likemetkovic.hr\/#website\"},\"datePublished\":\"2017-01-17T15:14:19+00:00\",\"dateModified\":\"2017-01-17T15:14:51+00:00\",\"author\":{\"@id\":\"https:\/\/likemetkovic.hr\/#\/schema\/person\/a42711f3385a0e2be6f7e0443bfb28f0\"},\"breadcrumb\":{\"@id\":\"https:\/\/likemetkovic.hr\/stipe-gabric-jambo-najavio-svoju-kandidaturu-gradonacelnika-metkovica\/#breadcrumb\"},\"inLanguage\":\"hr\",\"potentialAction\":[{\"@type\":\"ReadAction\",\"target\":[\"https:\/\/likemetkovic.hr\/stipe-gabric-jambo-najavio-svoju-kandidaturu-gradonacelnika-metkovica\/\"]}]},{\"@type\":\"BreadcrumbList\",\"@id\":\"https:\/\/likemetkovic.hr\/stipe-gabric-jambo-najavio-svoju-kandidaturu-gradonacelnika-metkovica\/#breadcrumb\",\"itemListElement\":[{\"@type\":\"ListItem\",\"position\":1,\"name\":\"Po\u010detna stranica\",\"item\":\"https:\/\/likemetkovic.hr\/portal\/\"},{\"@type\":\"ListItem\",\"position\":2,\"name\":\"Stipe Gabri\u0107 Jambo najavio je svoju kandidaturu za gradona\u010delnika Metkovi\u0107a\"}]},{\"@type\":\"WebSite\",\"@id\":\"https:\/\/likemetkovic.hr\/#website\",\"url\":\"https:\/\/likemetkovic.hr\/\",\"name\":\"likemetkovic.hr\",\"description\":\"Misli pozitivno... \u010ditaj LIKE\",\"potentialAction\":[{\"@type\":\"SearchAction\",\"target\":{\"@type\":\"EntryPoint\",\"urlTemplate\":\"https:\/\/likemetkovic.hr\/?s={search_term_string}\"},\"query-input\":{\"@type\":\"PropertyValueSpecification\",\"valueRequired\":true,\"valueName\":\"search_term_string\"}}],\"inLanguage\":\"hr\"},{\"@type\":\"Person\",\"@id\":\"https:\/\/likemetkovic.hr\/#\/schema\/person\/a42711f3385a0e2be6f7e0443bfb28f0\",\"name\":\"LIKEmetkovic.hr\",\"sameAs\":[\"http:\/\/likemetkovic.hr\"],\"url\":\"https:\/\/likemetkovic.hr\/portal\/author\/likemetkovic-hr\/\"}]}<\/script>\n<!-- \/ Yoast SEO plugin. -->","yoast_head_json":{"title":"Stipe Gabri\u0107 Jambo najavio je svoju kandidaturu za gradona\u010delnika Metkovi\u0107a - likemetkovic.hr","robots":{"index":"index","follow":"follow","max-snippet":"max-snippet:-1","max-image-preview":"max-image-preview:large","max-video-preview":"max-video-preview:-1"},"canonical":"https:\/\/likemetkovic.hr\/stipe-gabric-jambo-najavio-svoju-kandidaturu-gradonacelnika-metkovica\/","og_locale":"hr_HR","og_type":"article","og_title":"Stipe Gabri\u0107 Jambo najavio je svoju kandidaturu za gradona\u010delnika Metkovi\u0107a - likemetkovic.hr","og_description":"Stipe Gabri\u0107 Jambo najavio je svoju kandidaturu kao kandidat HSS-a za Gradona\u010delnika Metkovi\u0107a na predstoje\u0107im lokalnim izborima te\u00a0se pridru\u017eio ve\u0107 potvr\u0111enim kandidatima, HDZ-ovom Daliboru Milanu te MOST- ovoj Katarini Ujdur. Na Glavnoj izbornoj skup\u0161tini HSS-a odr\u017eanoj proteklog vikenda, Stipe Gabri\u0107 Jambo je izabran u Predsjedni\u0161tvo te stranke a sada je najavio i svoju kandidaturu za [&hellip;]","og_url":"https:\/\/likemetkovic.hr\/stipe-gabric-jambo-najavio-svoju-kandidaturu-gradonacelnika-metkovica\/","og_site_name":"likemetkovic.hr","article_publisher":"https:\/\/www.facebook.com\/likemetkovic.hr\/","article_published_time":"2017-01-17T15:14:19+00:00","article_modified_time":"2017-01-17T15:14:51+00:00","author":"LIKEmetkovic.hr","twitter_card":"summary_large_image","twitter_misc":{"Napisao\/la":"LIKEmetkovic.hr"},"schema":{"@context":"https:\/\/schema.org","@graph":[{"@type":"WebPage","@id":"https:\/\/likemetkovic.hr\/stipe-gabric-jambo-najavio-svoju-kandidaturu-gradonacelnika-metkovica\/","url":"https:\/\/likemetkovic.hr\/stipe-gabric-jambo-najavio-svoju-kandidaturu-gradonacelnika-metkovica\/","name":"Stipe Gabri\u0107 Jambo najavio je svoju kandidaturu za gradona\u010delnika Metkovi\u0107a - likemetkovic.hr","isPartOf":{"@id":"https:\/\/likemetkovic.hr\/#website"},"datePublished":"2017-01-17T15:14:19+00:00","dateModified":"2017-01-17T15:14:51+00:00","author":{"@id":"https:\/\/likemetkovic.hr\/#\/schema\/person\/a42711f3385a0e2be6f7e0443bfb28f0"},"breadcrumb":{"@id":"https:\/\/likemetkovic.hr\/stipe-gabric-jambo-najavio-svoju-kandidaturu-gradonacelnika-metkovica\/#breadcrumb"},"inLanguage":"hr","potentialAction":[{"@type":"ReadAction","target":["https:\/\/likemetkovic.hr\/stipe-gabric-jambo-najavio-svoju-kandidaturu-gradonacelnika-metkovica\/"]}]},{"@type":"BreadcrumbList","@id":"https:\/\/likemetkovic.hr\/stipe-gabric-jambo-najavio-svoju-kandidaturu-gradonacelnika-metkovica\/#breadcrumb","itemListElement":[{"@type":"ListItem","position":1,"name":"Po\u010detna stranica","item":"https:\/\/likemetkovic.hr\/portal\/"},{"@type":"ListItem","position":2,"name":"Stipe Gabri\u0107 Jambo najavio je svoju kandidaturu za gradona\u010delnika Metkovi\u0107a"}]},{"@type":"WebSite","@id":"https:\/\/likemetkovic.hr\/#website","url":"https:\/\/likemetkovic.hr\/","name":"likemetkovic.hr","description":"Misli pozitivno... \u010ditaj LIKE","potentialAction":[{"@type":"SearchAction","target":{"@type":"EntryPoint","urlTemplate":"https:\/\/likemetkovic.hr\/?s={search_term_string}"},"query-input":{"@type":"PropertyValueSpecification","valueRequired":true,"valueName":"search_term_string"}}],"inLanguage":"hr"},{"@type":"Person","@id":"https:\/\/likemetkovic.hr\/#\/schema\/person\/a42711f3385a0e2be6f7e0443bfb28f0","name":"LIKEmetkovic.hr","sameAs":["http:\/\/likemetkovic.hr"],"url":"https:\/\/likemetkovic.hr\/portal\/author\/likemetkovic-hr\/"}]}},"_links":{"self":[{"href":"https:\/\/likemetkovic.hr\/portal\/wp-json\/wp\/v2\/posts\/34019","targetHints":{"allow":["GET"]}}],"collection":[{"href":"https:\/\/likemetkovic.hr\/portal\/wp-json\/wp\/v2\/posts"}],"about":[{"href":"https:\/\/likemetkovic.hr\/portal\/wp-json\/wp\/v2\/types\/post"}],"author":[{"embeddable":true,"href":"https:\/\/likemetkovic.hr\/portal\/wp-json\/wp\/v2\/users\/7"}],"replies":[{"embeddable":true,"href":"https:\/\/likemetkovic.hr\/portal\/wp-json\/wp\/v2\/comments?post=34019"}],"version-history":[{"count":0,"href":"https:\/\/likemetkovic.hr\/portal\/wp-json\/wp\/v2\/posts\/34019\/revisions"}],"wp:attachment":[{"href":"https:\/\/likemetkovic.hr\/portal\/wp-json\/wp\/v2\/media?parent=34019"}],"wp:term":[{"taxonomy":"category","embeddable":true,"href":"https:\/\/likemetkovic.hr\/portal\/wp-json\/wp\/v2\/categories?post=34019"},{"taxonomy":"post_tag","embeddable":true,"href":"https:\/\/likemetkovic.hr\/portal\/wp-json\/wp\/v2\/tags?post=34019"}],"curies":[{"name":"wp","href":"https:\/\/api.w.org\/{rel}","templated":true}]}}