{"id":34124,"date":"2017-01-19T16:09:56","date_gmt":"2017-01-19T15:09:56","guid":{"rendered":"http:\/\/likemetkovic.hr\/?p=34124"},"modified":"2017-01-19T19:17:29","modified_gmt":"2017-01-19T18:17:29","slug":"grupa-narona-dobila-novog-pjevaca","status":"publish","type":"post","link":"https:\/\/likemetkovic.hr\/portal\/grupa-narona-dobila-novog-pjevaca\/","title":{"rendered":"Grupa Narona dobila novog pjeva\u010da!"},"content":{"rendered":"<p>Poznata metkovska grupa Narona u novu godinu je u\u0161la sa novim pjeva\u010dem! Dosada\u0161nji pjeva\u010d Dalibor Milan, kako je i vidljivo ovih dana po medijima, oti\u0161ao je u politi\u010dke vode. Novi pjeva\u010d grupe Narona postao je mladi Teo Vu\u010dkovi\u0107 objavila je grupa Narona na svojoj facebook stranici.<\/p>\n<figure id=\"attachment_34126\" aria-describedby=\"caption-attachment-34126\" style=\"width: 212px\" class=\"wp-caption alignleft\"><img decoding=\"async\" class=\"wp-image-34126 size-full\" src=\"http:\/\/likemetkovic.hr\/wp-content\/uploads\/2017\/01\/teo-vu\u010dkovi\u0107.jpg\" width=\"212\" height=\"251\" \/><figcaption id=\"caption-attachment-34126\" class=\"wp-caption-text\">Foto: facebook<\/figcaption><\/figure>\n<p>Zanimljivo je da je Teov otac Todor bio prvi pjeva\u010d ove dugovje\u010dne grupe, koja ove godine navr\u0161ava 24. godinu postojanja o \u010demu smo ve\u0107 pisali <a href=\"http:\/\/likemetkovic.hr\/13780-2\/\">na na\u0161em portalu pro\u0161le godine<\/a>, tako da je Teov anga\u017eman lijep nastavak obiteljske tradicije.<\/p>\n<p>Teu i ostatku ekipe u grupi Narona \u017eelimo puno uspjeha u budu\u0107oj suradnji!<\/p>\n","protected":false},"excerpt":{"rendered":"<p>Poznata metkovska grupa Narona u novu godinu je u\u0161la sa novim pjeva\u010dem! Dosada\u0161nji pjeva\u010d Dalibor Milan, kako je i vidljivo ovih dana po medijima, oti\u0161ao je u politi\u010dke vode. Novi pjeva\u010d grupe Narona postao je mladi Teo Vu\u010dkovi\u0107 objavila je grupa Narona na svojoj facebook stranici. Zanimljivo je da je Teov otac Todor bio prvi [&hellip;]<\/p>\n","protected":false},"author":7,"featured_media":0,"comment_status":"open","ping_status":"open","sticky":false,"template":"","format":"standard","meta":{"footnotes":""},"categories":[283,11],"tags":[],"class_list":{"0":"post-34124","1":"post","2":"type-post","3":"status-publish","4":"format-standard","6":"category-a","7":"category-metkovic-dolina"},"yoast_head":"<!-- This site is optimized with the Yoast SEO plugin v25.2 - https:\/\/yoast.com\/wordpress\/plugins\/seo\/ -->\n<title>Grupa Narona dobila novog pjeva\u010da! - likemetkovic.hr<\/title>\n<meta name=\"robots\" content=\"index, follow, max-snippet:-1, max-image-preview:large, max-video-preview:-1\" \/>\n<link rel=\"canonical\" href=\"https:\/\/likemetkovic.hr\/grupa-narona-dobila-novog-pjevaca\/\" \/>\n<meta property=\"og:locale\" content=\"hr_HR\" \/>\n<meta property=\"og:type\" content=\"article\" \/>\n<meta property=\"og:title\" content=\"Grupa Narona dobila novog pjeva\u010da! - likemetkovic.hr\" \/>\n<meta property=\"og:description\" content=\"Poznata metkovska grupa Narona u novu godinu je u\u0161la sa novim pjeva\u010dem! Dosada\u0161nji pjeva\u010d Dalibor Milan, kako je i vidljivo ovih dana po medijima, oti\u0161ao je u politi\u010dke vode. Novi pjeva\u010d grupe Narona postao je mladi Teo Vu\u010dkovi\u0107 objavila je grupa Narona na svojoj facebook stranici. Zanimljivo je da je Teov otac Todor bio prvi [&hellip;]\" \/>\n<meta property=\"og:url\" content=\"https:\/\/likemetkovic.hr\/grupa-narona-dobila-novog-pjevaca\/\" \/>\n<meta property=\"og:site_name\" content=\"likemetkovic.hr\" \/>\n<meta property=\"article:publisher\" content=\"https:\/\/www.facebook.com\/likemetkovic.hr\/\" \/>\n<meta property=\"article:published_time\" content=\"2017-01-19T15:09:56+00:00\" \/>\n<meta property=\"article:modified_time\" content=\"2017-01-19T18:17:29+00:00\" \/>\n<meta property=\"og:image\" content=\"http:\/\/likemetkovic.hr\/wp-content\/uploads\/2017\/01\/teo-vu\u010dkovi\u0107.jpg\" \/>\n<meta name=\"author\" content=\"LIKEmetkovic.hr\" \/>\n<meta name=\"twitter:card\" content=\"summary_large_image\" \/>\n<meta name=\"twitter:label1\" content=\"Napisao\/la\" \/>\n\t<meta name=\"twitter:data1\" content=\"LIKEmetkovic.hr\" \/>\n\t<meta name=\"twitter:label2\" content=\"Procijenjeno vrijeme \u010ditanja\" \/>\n\t<meta name=\"twitter:data2\" content=\"1 minuta\" \/>\n<script type=\"application\/ld+json\" class=\"yoast-schema-graph\">{\"@context\":\"https:\/\/schema.org\",\"@graph\":[{\"@type\":\"WebPage\",\"@id\":\"https:\/\/likemetkovic.hr\/grupa-narona-dobila-novog-pjevaca\/\",\"url\":\"https:\/\/likemetkovic.hr\/grupa-narona-dobila-novog-pjevaca\/\",\"name\":\"Grupa Narona dobila novog pjeva\u010da! - likemetkovic.hr\",\"isPartOf\":{\"@id\":\"https:\/\/likemetkovic.hr\/#website\"},\"datePublished\":\"2017-01-19T15:09:56+00:00\",\"dateModified\":\"2017-01-19T18:17:29+00:00\",\"author\":{\"@id\":\"https:\/\/likemetkovic.hr\/#\/schema\/person\/a42711f3385a0e2be6f7e0443bfb28f0\"},\"breadcrumb\":{\"@id\":\"https:\/\/likemetkovic.hr\/grupa-narona-dobila-novog-pjevaca\/#breadcrumb\"},\"inLanguage\":\"hr\",\"potentialAction\":[{\"@type\":\"ReadAction\",\"target\":[\"https:\/\/likemetkovic.hr\/grupa-narona-dobila-novog-pjevaca\/\"]}]},{\"@type\":\"BreadcrumbList\",\"@id\":\"https:\/\/likemetkovic.hr\/grupa-narona-dobila-novog-pjevaca\/#breadcrumb\",\"itemListElement\":[{\"@type\":\"ListItem\",\"position\":1,\"name\":\"Po\u010detna stranica\",\"item\":\"https:\/\/likemetkovic.hr\/portal\/\"},{\"@type\":\"ListItem\",\"position\":2,\"name\":\"Grupa Narona dobila novog pjeva\u010da!\"}]},{\"@type\":\"WebSite\",\"@id\":\"https:\/\/likemetkovic.hr\/#website\",\"url\":\"https:\/\/likemetkovic.hr\/\",\"name\":\"likemetkovic.hr\",\"description\":\"Misli pozitivno... \u010ditaj LIKE\",\"potentialAction\":[{\"@type\":\"SearchAction\",\"target\":{\"@type\":\"EntryPoint\",\"urlTemplate\":\"https:\/\/likemetkovic.hr\/?s={search_term_string}\"},\"query-input\":{\"@type\":\"PropertyValueSpecification\",\"valueRequired\":true,\"valueName\":\"search_term_string\"}}],\"inLanguage\":\"hr\"},{\"@type\":\"Person\",\"@id\":\"https:\/\/likemetkovic.hr\/#\/schema\/person\/a42711f3385a0e2be6f7e0443bfb28f0\",\"name\":\"LIKEmetkovic.hr\",\"sameAs\":[\"http:\/\/likemetkovic.hr\"],\"url\":\"https:\/\/likemetkovic.hr\/portal\/author\/likemetkovic-hr\/\"}]}<\/script>\n<!-- \/ Yoast SEO plugin. -->","yoast_head_json":{"title":"Grupa Narona dobila novog pjeva\u010da! - likemetkovic.hr","robots":{"index":"index","follow":"follow","max-snippet":"max-snippet:-1","max-image-preview":"max-image-preview:large","max-video-preview":"max-video-preview:-1"},"canonical":"https:\/\/likemetkovic.hr\/grupa-narona-dobila-novog-pjevaca\/","og_locale":"hr_HR","og_type":"article","og_title":"Grupa Narona dobila novog pjeva\u010da! - likemetkovic.hr","og_description":"Poznata metkovska grupa Narona u novu godinu je u\u0161la sa novim pjeva\u010dem! Dosada\u0161nji pjeva\u010d Dalibor Milan, kako je i vidljivo ovih dana po medijima, oti\u0161ao je u politi\u010dke vode. Novi pjeva\u010d grupe Narona postao je mladi Teo Vu\u010dkovi\u0107 objavila je grupa Narona na svojoj facebook stranici. Zanimljivo je da je Teov otac Todor bio prvi [&hellip;]","og_url":"https:\/\/likemetkovic.hr\/grupa-narona-dobila-novog-pjevaca\/","og_site_name":"likemetkovic.hr","article_publisher":"https:\/\/www.facebook.com\/likemetkovic.hr\/","article_published_time":"2017-01-19T15:09:56+00:00","article_modified_time":"2017-01-19T18:17:29+00:00","og_image":[{"url":"http:\/\/likemetkovic.hr\/wp-content\/uploads\/2017\/01\/teo-vu\u010dkovi\u0107.jpg","type":"","width":"","height":""}],"author":"LIKEmetkovic.hr","twitter_card":"summary_large_image","twitter_misc":{"Napisao\/la":"LIKEmetkovic.hr","Procijenjeno vrijeme \u010ditanja":"1 minuta"},"schema":{"@context":"https:\/\/schema.org","@graph":[{"@type":"WebPage","@id":"https:\/\/likemetkovic.hr\/grupa-narona-dobila-novog-pjevaca\/","url":"https:\/\/likemetkovic.hr\/grupa-narona-dobila-novog-pjevaca\/","name":"Grupa Narona dobila novog pjeva\u010da! - likemetkovic.hr","isPartOf":{"@id":"https:\/\/likemetkovic.hr\/#website"},"datePublished":"2017-01-19T15:09:56+00:00","dateModified":"2017-01-19T18:17:29+00:00","author":{"@id":"https:\/\/likemetkovic.hr\/#\/schema\/person\/a42711f3385a0e2be6f7e0443bfb28f0"},"breadcrumb":{"@id":"https:\/\/likemetkovic.hr\/grupa-narona-dobila-novog-pjevaca\/#breadcrumb"},"inLanguage":"hr","potentialAction":[{"@type":"ReadAction","target":["https:\/\/likemetkovic.hr\/grupa-narona-dobila-novog-pjevaca\/"]}]},{"@type":"BreadcrumbList","@id":"https:\/\/likemetkovic.hr\/grupa-narona-dobila-novog-pjevaca\/#breadcrumb","itemListElement":[{"@type":"ListItem","position":1,"name":"Po\u010detna stranica","item":"https:\/\/likemetkovic.hr\/portal\/"},{"@type":"ListItem","position":2,"name":"Grupa Narona dobila novog pjeva\u010da!"}]},{"@type":"WebSite","@id":"https:\/\/likemetkovic.hr\/#website","url":"https:\/\/likemetkovic.hr\/","name":"likemetkovic.hr","description":"Misli pozitivno... \u010ditaj LIKE","potentialAction":[{"@type":"SearchAction","target":{"@type":"EntryPoint","urlTemplate":"https:\/\/likemetkovic.hr\/?s={search_term_string}"},"query-input":{"@type":"PropertyValueSpecification","valueRequired":true,"valueName":"search_term_string"}}],"inLanguage":"hr"},{"@type":"Person","@id":"https:\/\/likemetkovic.hr\/#\/schema\/person\/a42711f3385a0e2be6f7e0443bfb28f0","name":"LIKEmetkovic.hr","sameAs":["http:\/\/likemetkovic.hr"],"url":"https:\/\/likemetkovic.hr\/portal\/author\/likemetkovic-hr\/"}]}},"_links":{"self":[{"href":"https:\/\/likemetkovic.hr\/portal\/wp-json\/wp\/v2\/posts\/34124","targetHints":{"allow":["GET"]}}],"collection":[{"href":"https:\/\/likemetkovic.hr\/portal\/wp-json\/wp\/v2\/posts"}],"about":[{"href":"https:\/\/likemetkovic.hr\/portal\/wp-json\/wp\/v2\/types\/post"}],"author":[{"embeddable":true,"href":"https:\/\/likemetkovic.hr\/portal\/wp-json\/wp\/v2\/users\/7"}],"replies":[{"embeddable":true,"href":"https:\/\/likemetkovic.hr\/portal\/wp-json\/wp\/v2\/comments?post=34124"}],"version-history":[{"count":0,"href":"https:\/\/likemetkovic.hr\/portal\/wp-json\/wp\/v2\/posts\/34124\/revisions"}],"wp:attachment":[{"href":"https:\/\/likemetkovic.hr\/portal\/wp-json\/wp\/v2\/media?parent=34124"}],"wp:term":[{"taxonomy":"category","embeddable":true,"href":"https:\/\/likemetkovic.hr\/portal\/wp-json\/wp\/v2\/categories?post=34124"},{"taxonomy":"post_tag","embeddable":true,"href":"https:\/\/likemetkovic.hr\/portal\/wp-json\/wp\/v2\/tags?post=34124"}],"curies":[{"name":"wp","href":"https:\/\/api.w.org\/{rel}","templated":true}]}}