{"id":34428,"date":"2017-01-24T09:51:43","date_gmt":"2017-01-24T08:51:43","guid":{"rendered":"https:\/\/likemetkovic.hr\/?p=34428"},"modified":"2017-01-24T09:55:11","modified_gmt":"2017-01-24T08:55:11","slug":"preminuo-prof-ivan-gabric-komemoracija-gimnaziji-metkovic-danas-12-sati","status":"publish","type":"post","link":"https:\/\/likemetkovic.hr\/portal\/preminuo-prof-ivan-gabric-komemoracija-gimnaziji-metkovic-danas-12-sati\/","title":{"rendered":"Preminuo prof. Ivan Gabri\u0107"},"content":{"rendered":"<p>Ju\u010der\u00a0je u Metkovi\u0107u u 83. godini umro prof. Ivan Gabri\u0107, dugogodi\u0161nji ravnatelj Gimnazije Metkovi\u0107 te istaknuti sportski, kulturni i dru\u0161tveni djelatnik. Komemoracija pok. prof. Gabri\u0107u bit \u0107e danas\u00a0u 12 sati u prostorijama Gimnazije Metkovi\u0107, a posljednji ispra\u0107aj u 15 sati ispred Gradske mrtva\u010dnice na Groblju sv. Ivana Nepomuka.\/metkovic.hr\/<\/p>\n<p>Iskrena su\u0107ut supruzi De\u0161i, k\u0107eri Ne\u017ei i ostaloj rodbini.<\/p>\n","protected":false},"excerpt":{"rendered":"<p>Ju\u010der\u00a0je u Metkovi\u0107u u 83. godini umro prof. Ivan Gabri\u0107, dugogodi\u0161nji ravnatelj Gimnazije Metkovi\u0107 te istaknuti sportski, kulturni i dru\u0161tveni djelatnik. Komemoracija pok. prof. Gabri\u0107u bit \u0107e danas\u00a0u 12 sati u prostorijama Gimnazije Metkovi\u0107, a posljednji ispra\u0107aj u 15 sati ispred Gradske mrtva\u010dnice na Groblju sv. Ivana Nepomuka.\/metkovic.hr\/ Iskrena su\u0107ut supruzi De\u0161i, k\u0107eri Ne\u017ei i [&hellip;]<\/p>\n","protected":false},"author":7,"featured_media":0,"comment_status":"open","ping_status":"open","sticky":false,"template":"","format":"standard","meta":{"footnotes":""},"categories":[296,11],"tags":[],"class_list":{"0":"post-34428","1":"post","2":"type-post","3":"status-publish","4":"format-standard","6":"category-ab","7":"category-metkovic-dolina"},"yoast_head":"<!-- This site is optimized with the Yoast SEO plugin v25.2 - https:\/\/yoast.com\/wordpress\/plugins\/seo\/ -->\n<title>Preminuo prof. Ivan Gabri\u0107 - likemetkovic.hr<\/title>\n<meta name=\"robots\" content=\"index, follow, max-snippet:-1, max-image-preview:large, max-video-preview:-1\" \/>\n<link rel=\"canonical\" href=\"https:\/\/likemetkovic.hr\/preminuo-prof-ivan-gabric-komemoracija-gimnaziji-metkovic-danas-12-sati\/\" \/>\n<meta property=\"og:locale\" content=\"hr_HR\" \/>\n<meta property=\"og:type\" content=\"article\" \/>\n<meta property=\"og:title\" content=\"Preminuo prof. Ivan Gabri\u0107 - likemetkovic.hr\" \/>\n<meta property=\"og:description\" content=\"Ju\u010der\u00a0je u Metkovi\u0107u u 83. godini umro prof. Ivan Gabri\u0107, dugogodi\u0161nji ravnatelj Gimnazije Metkovi\u0107 te istaknuti sportski, kulturni i dru\u0161tveni djelatnik. Komemoracija pok. prof. Gabri\u0107u bit \u0107e danas\u00a0u 12 sati u prostorijama Gimnazije Metkovi\u0107, a posljednji ispra\u0107aj u 15 sati ispred Gradske mrtva\u010dnice na Groblju sv. Ivana Nepomuka.\/metkovic.hr\/ Iskrena su\u0107ut supruzi De\u0161i, k\u0107eri Ne\u017ei i [&hellip;]\" \/>\n<meta property=\"og:url\" content=\"https:\/\/likemetkovic.hr\/preminuo-prof-ivan-gabric-komemoracija-gimnaziji-metkovic-danas-12-sati\/\" \/>\n<meta property=\"og:site_name\" content=\"likemetkovic.hr\" \/>\n<meta property=\"article:publisher\" content=\"https:\/\/www.facebook.com\/likemetkovic.hr\/\" \/>\n<meta property=\"article:published_time\" content=\"2017-01-24T08:51:43+00:00\" \/>\n<meta property=\"article:modified_time\" content=\"2017-01-24T08:55:11+00:00\" \/>\n<meta name=\"author\" content=\"LIKEmetkovic.hr\" \/>\n<meta name=\"twitter:card\" content=\"summary_large_image\" \/>\n<meta name=\"twitter:label1\" content=\"Napisao\/la\" \/>\n\t<meta name=\"twitter:data1\" content=\"LIKEmetkovic.hr\" \/>\n<script type=\"application\/ld+json\" class=\"yoast-schema-graph\">{\"@context\":\"https:\/\/schema.org\",\"@graph\":[{\"@type\":\"WebPage\",\"@id\":\"https:\/\/likemetkovic.hr\/preminuo-prof-ivan-gabric-komemoracija-gimnaziji-metkovic-danas-12-sati\/\",\"url\":\"https:\/\/likemetkovic.hr\/preminuo-prof-ivan-gabric-komemoracija-gimnaziji-metkovic-danas-12-sati\/\",\"name\":\"Preminuo prof. Ivan Gabri\u0107 - likemetkovic.hr\",\"isPartOf\":{\"@id\":\"https:\/\/likemetkovic.hr\/#website\"},\"datePublished\":\"2017-01-24T08:51:43+00:00\",\"dateModified\":\"2017-01-24T08:55:11+00:00\",\"author\":{\"@id\":\"https:\/\/likemetkovic.hr\/#\/schema\/person\/a42711f3385a0e2be6f7e0443bfb28f0\"},\"breadcrumb\":{\"@id\":\"https:\/\/likemetkovic.hr\/preminuo-prof-ivan-gabric-komemoracija-gimnaziji-metkovic-danas-12-sati\/#breadcrumb\"},\"inLanguage\":\"hr\",\"potentialAction\":[{\"@type\":\"ReadAction\",\"target\":[\"https:\/\/likemetkovic.hr\/preminuo-prof-ivan-gabric-komemoracija-gimnaziji-metkovic-danas-12-sati\/\"]}]},{\"@type\":\"BreadcrumbList\",\"@id\":\"https:\/\/likemetkovic.hr\/preminuo-prof-ivan-gabric-komemoracija-gimnaziji-metkovic-danas-12-sati\/#breadcrumb\",\"itemListElement\":[{\"@type\":\"ListItem\",\"position\":1,\"name\":\"Po\u010detna stranica\",\"item\":\"https:\/\/likemetkovic.hr\/portal\/\"},{\"@type\":\"ListItem\",\"position\":2,\"name\":\"Preminuo prof. Ivan Gabri\u0107\"}]},{\"@type\":\"WebSite\",\"@id\":\"https:\/\/likemetkovic.hr\/#website\",\"url\":\"https:\/\/likemetkovic.hr\/\",\"name\":\"likemetkovic.hr\",\"description\":\"Misli pozitivno... \u010ditaj LIKE\",\"potentialAction\":[{\"@type\":\"SearchAction\",\"target\":{\"@type\":\"EntryPoint\",\"urlTemplate\":\"https:\/\/likemetkovic.hr\/?s={search_term_string}\"},\"query-input\":{\"@type\":\"PropertyValueSpecification\",\"valueRequired\":true,\"valueName\":\"search_term_string\"}}],\"inLanguage\":\"hr\"},{\"@type\":\"Person\",\"@id\":\"https:\/\/likemetkovic.hr\/#\/schema\/person\/a42711f3385a0e2be6f7e0443bfb28f0\",\"name\":\"LIKEmetkovic.hr\",\"sameAs\":[\"http:\/\/likemetkovic.hr\"],\"url\":\"https:\/\/likemetkovic.hr\/portal\/author\/likemetkovic-hr\/\"}]}<\/script>\n<!-- \/ Yoast SEO plugin. -->","yoast_head_json":{"title":"Preminuo prof. Ivan Gabri\u0107 - likemetkovic.hr","robots":{"index":"index","follow":"follow","max-snippet":"max-snippet:-1","max-image-preview":"max-image-preview:large","max-video-preview":"max-video-preview:-1"},"canonical":"https:\/\/likemetkovic.hr\/preminuo-prof-ivan-gabric-komemoracija-gimnaziji-metkovic-danas-12-sati\/","og_locale":"hr_HR","og_type":"article","og_title":"Preminuo prof. Ivan Gabri\u0107 - likemetkovic.hr","og_description":"Ju\u010der\u00a0je u Metkovi\u0107u u 83. godini umro prof. Ivan Gabri\u0107, dugogodi\u0161nji ravnatelj Gimnazije Metkovi\u0107 te istaknuti sportski, kulturni i dru\u0161tveni djelatnik. Komemoracija pok. prof. Gabri\u0107u bit \u0107e danas\u00a0u 12 sati u prostorijama Gimnazije Metkovi\u0107, a posljednji ispra\u0107aj u 15 sati ispred Gradske mrtva\u010dnice na Groblju sv. Ivana Nepomuka.\/metkovic.hr\/ Iskrena su\u0107ut supruzi De\u0161i, k\u0107eri Ne\u017ei i [&hellip;]","og_url":"https:\/\/likemetkovic.hr\/preminuo-prof-ivan-gabric-komemoracija-gimnaziji-metkovic-danas-12-sati\/","og_site_name":"likemetkovic.hr","article_publisher":"https:\/\/www.facebook.com\/likemetkovic.hr\/","article_published_time":"2017-01-24T08:51:43+00:00","article_modified_time":"2017-01-24T08:55:11+00:00","author":"LIKEmetkovic.hr","twitter_card":"summary_large_image","twitter_misc":{"Napisao\/la":"LIKEmetkovic.hr"},"schema":{"@context":"https:\/\/schema.org","@graph":[{"@type":"WebPage","@id":"https:\/\/likemetkovic.hr\/preminuo-prof-ivan-gabric-komemoracija-gimnaziji-metkovic-danas-12-sati\/","url":"https:\/\/likemetkovic.hr\/preminuo-prof-ivan-gabric-komemoracija-gimnaziji-metkovic-danas-12-sati\/","name":"Preminuo prof. Ivan Gabri\u0107 - likemetkovic.hr","isPartOf":{"@id":"https:\/\/likemetkovic.hr\/#website"},"datePublished":"2017-01-24T08:51:43+00:00","dateModified":"2017-01-24T08:55:11+00:00","author":{"@id":"https:\/\/likemetkovic.hr\/#\/schema\/person\/a42711f3385a0e2be6f7e0443bfb28f0"},"breadcrumb":{"@id":"https:\/\/likemetkovic.hr\/preminuo-prof-ivan-gabric-komemoracija-gimnaziji-metkovic-danas-12-sati\/#breadcrumb"},"inLanguage":"hr","potentialAction":[{"@type":"ReadAction","target":["https:\/\/likemetkovic.hr\/preminuo-prof-ivan-gabric-komemoracija-gimnaziji-metkovic-danas-12-sati\/"]}]},{"@type":"BreadcrumbList","@id":"https:\/\/likemetkovic.hr\/preminuo-prof-ivan-gabric-komemoracija-gimnaziji-metkovic-danas-12-sati\/#breadcrumb","itemListElement":[{"@type":"ListItem","position":1,"name":"Po\u010detna stranica","item":"https:\/\/likemetkovic.hr\/portal\/"},{"@type":"ListItem","position":2,"name":"Preminuo prof. Ivan Gabri\u0107"}]},{"@type":"WebSite","@id":"https:\/\/likemetkovic.hr\/#website","url":"https:\/\/likemetkovic.hr\/","name":"likemetkovic.hr","description":"Misli pozitivno... \u010ditaj LIKE","potentialAction":[{"@type":"SearchAction","target":{"@type":"EntryPoint","urlTemplate":"https:\/\/likemetkovic.hr\/?s={search_term_string}"},"query-input":{"@type":"PropertyValueSpecification","valueRequired":true,"valueName":"search_term_string"}}],"inLanguage":"hr"},{"@type":"Person","@id":"https:\/\/likemetkovic.hr\/#\/schema\/person\/a42711f3385a0e2be6f7e0443bfb28f0","name":"LIKEmetkovic.hr","sameAs":["http:\/\/likemetkovic.hr"],"url":"https:\/\/likemetkovic.hr\/portal\/author\/likemetkovic-hr\/"}]}},"_links":{"self":[{"href":"https:\/\/likemetkovic.hr\/portal\/wp-json\/wp\/v2\/posts\/34428","targetHints":{"allow":["GET"]}}],"collection":[{"href":"https:\/\/likemetkovic.hr\/portal\/wp-json\/wp\/v2\/posts"}],"about":[{"href":"https:\/\/likemetkovic.hr\/portal\/wp-json\/wp\/v2\/types\/post"}],"author":[{"embeddable":true,"href":"https:\/\/likemetkovic.hr\/portal\/wp-json\/wp\/v2\/users\/7"}],"replies":[{"embeddable":true,"href":"https:\/\/likemetkovic.hr\/portal\/wp-json\/wp\/v2\/comments?post=34428"}],"version-history":[{"count":0,"href":"https:\/\/likemetkovic.hr\/portal\/wp-json\/wp\/v2\/posts\/34428\/revisions"}],"wp:attachment":[{"href":"https:\/\/likemetkovic.hr\/portal\/wp-json\/wp\/v2\/media?parent=34428"}],"wp:term":[{"taxonomy":"category","embeddable":true,"href":"https:\/\/likemetkovic.hr\/portal\/wp-json\/wp\/v2\/categories?post=34428"},{"taxonomy":"post_tag","embeddable":true,"href":"https:\/\/likemetkovic.hr\/portal\/wp-json\/wp\/v2\/tags?post=34428"}],"curies":[{"name":"wp","href":"https:\/\/api.w.org\/{rel}","templated":true}]}}