{"id":35153,"date":"2017-02-03T16:49:12","date_gmt":"2017-02-03T15:49:12","guid":{"rendered":"https:\/\/likemetkovic.hr\/?p=35153"},"modified":"2017-02-03T16:55:32","modified_gmt":"2017-02-03T15:55:32","slug":"zahvaljujuci-borbi-dajane-cotic-ministarstvo-socijalne-politike-mladih-prosirilo-prava-njegovatelje","status":"publish","type":"post","link":"https:\/\/likemetkovic.hr\/portal\/zahvaljujuci-borbi-dajane-cotic-ministarstvo-socijalne-politike-mladih-prosirilo-prava-njegovatelje\/","title":{"rendered":"Zahvaljuju\u0107i borbi Dajane \u010coti\u0107 Ministarstvo socijalne politike i mladih pro\u0161irilo prava za njegovatelje"},"content":{"rendered":"<p>Poput roditelja njegovatelja od danas \u0107e to pravo mo\u0107i ostvariti i supru\u017enici, bra\u0107a, sestre ili druge osobe koje \u017eive u ku\u0107anstvu s osobama s invaliditetom i o njima se brinu 24 sata na dan.<br \/>\nPrimati \u0107e naknadu od 2.500,00 kuna neto i imati status zaposlene osobe, te podmirene doprinose.<\/p>\n<p>\u201cPoslat \u0107emo danas centrima za socijalnu skrb da prema zahtjevima i odredbama koje su vezane za ostvarivanje tog statusa, postupe tako da izbjegnemo te neravnopravnosti\u201d, kazala je ministrica Nada Murgani\u0107.<\/p>\n<p>Ministrica demografije, obitelji, mladih i socijalne politike, kazala je kako je odluka <a class=\"dm3_site_provjereno_dnevnik_hr\" href=\"http:\/\/provjereno.dnevnik.hr\/clanak\/ova-je-zena-pobijedila-sustav---440537.html\" target=\"_blank\"><strong>potaknuta slu\u010dajevima dviju supruga<\/strong><\/a> koje su se na upravnim sudovima izborile za svoj status njegovatelja. Jedna od njih je <strong>Dajana \u010coti\u0107<\/strong> iz <strong>Metkovi\u0107a<\/strong>,\u00a0\u010dija je\u00a0borba trajala dulje od tri godine. Toliko je naime pro\u0161lo od trenutka kada je Dajana od Ministarstva socijalne politike i mladih\u00a0zatra\u017eila status njegovatelja za svog te\u0161ko bolesnog supruga. Uporno su je odbijali, tvrde\u0107i da zakon takve slu\u010dajeve jednostavno ne poznaje i da novca za to nema.<\/p>\n<p><span style=\"color: #999999;\"><em>Foto: dnevnik.hr<\/em><\/span><\/p>\n","protected":false},"excerpt":{"rendered":"<p>Poput roditelja njegovatelja od danas \u0107e to pravo mo\u0107i ostvariti i supru\u017enici, bra\u0107a, sestre ili druge osobe koje \u017eive u ku\u0107anstvu s osobama s invaliditetom i o njima se brinu 24 sata na dan. Primati \u0107e naknadu od 2.500,00 kuna neto i imati status zaposlene osobe, te podmirene doprinose. \u201cPoslat \u0107emo danas centrima za socijalnu [&hellip;]<\/p>\n","protected":false},"author":7,"featured_media":0,"comment_status":"open","ping_status":"open","sticky":false,"template":"","format":"standard","meta":{"footnotes":""},"categories":[283,71],"tags":[],"class_list":{"0":"post-35153","1":"post","2":"type-post","3":"status-publish","4":"format-standard","6":"category-a","7":"category-svega-po-malo"},"yoast_head":"<!-- This site is optimized with the Yoast SEO plugin v25.2 - https:\/\/yoast.com\/wordpress\/plugins\/seo\/ -->\n<title>Zahvaljuju\u0107i borbi Dajane \u010coti\u0107 Ministarstvo socijalne politike i mladih pro\u0161irilo prava za njegovatelje - likemetkovic.hr<\/title>\n<meta name=\"robots\" content=\"index, follow, max-snippet:-1, max-image-preview:large, max-video-preview:-1\" \/>\n<link rel=\"canonical\" href=\"https:\/\/likemetkovic.hr\/zahvaljujuci-borbi-dajane-cotic-ministarstvo-socijalne-politike-mladih-prosirilo-prava-njegovatelje\/\" \/>\n<meta property=\"og:locale\" content=\"hr_HR\" \/>\n<meta property=\"og:type\" content=\"article\" \/>\n<meta property=\"og:title\" content=\"Zahvaljuju\u0107i borbi Dajane \u010coti\u0107 Ministarstvo socijalne politike i mladih pro\u0161irilo prava za njegovatelje - likemetkovic.hr\" \/>\n<meta property=\"og:description\" content=\"Poput roditelja njegovatelja od danas \u0107e to pravo mo\u0107i ostvariti i supru\u017enici, bra\u0107a, sestre ili druge osobe koje \u017eive u ku\u0107anstvu s osobama s invaliditetom i o njima se brinu 24 sata na dan. Primati \u0107e naknadu od 2.500,00 kuna neto i imati status zaposlene osobe, te podmirene doprinose. \u201cPoslat \u0107emo danas centrima za socijalnu [&hellip;]\" \/>\n<meta property=\"og:url\" content=\"https:\/\/likemetkovic.hr\/zahvaljujuci-borbi-dajane-cotic-ministarstvo-socijalne-politike-mladih-prosirilo-prava-njegovatelje\/\" \/>\n<meta property=\"og:site_name\" content=\"likemetkovic.hr\" \/>\n<meta property=\"article:publisher\" content=\"https:\/\/www.facebook.com\/likemetkovic.hr\/\" \/>\n<meta property=\"article:published_time\" content=\"2017-02-03T15:49:12+00:00\" \/>\n<meta property=\"article:modified_time\" content=\"2017-02-03T15:55:32+00:00\" \/>\n<meta name=\"author\" content=\"LIKEmetkovic.hr\" \/>\n<meta name=\"twitter:card\" content=\"summary_large_image\" \/>\n<meta name=\"twitter:label1\" content=\"Napisao\/la\" \/>\n\t<meta name=\"twitter:data1\" content=\"LIKEmetkovic.hr\" \/>\n\t<meta name=\"twitter:label2\" content=\"Procijenjeno vrijeme \u010ditanja\" \/>\n\t<meta name=\"twitter:data2\" content=\"1 minuta\" \/>\n<script type=\"application\/ld+json\" class=\"yoast-schema-graph\">{\"@context\":\"https:\/\/schema.org\",\"@graph\":[{\"@type\":\"WebPage\",\"@id\":\"https:\/\/likemetkovic.hr\/zahvaljujuci-borbi-dajane-cotic-ministarstvo-socijalne-politike-mladih-prosirilo-prava-njegovatelje\/\",\"url\":\"https:\/\/likemetkovic.hr\/zahvaljujuci-borbi-dajane-cotic-ministarstvo-socijalne-politike-mladih-prosirilo-prava-njegovatelje\/\",\"name\":\"Zahvaljuju\u0107i borbi Dajane \u010coti\u0107 Ministarstvo socijalne politike i mladih pro\u0161irilo prava za njegovatelje - likemetkovic.hr\",\"isPartOf\":{\"@id\":\"https:\/\/likemetkovic.hr\/#website\"},\"datePublished\":\"2017-02-03T15:49:12+00:00\",\"dateModified\":\"2017-02-03T15:55:32+00:00\",\"author\":{\"@id\":\"https:\/\/likemetkovic.hr\/#\/schema\/person\/a42711f3385a0e2be6f7e0443bfb28f0\"},\"breadcrumb\":{\"@id\":\"https:\/\/likemetkovic.hr\/zahvaljujuci-borbi-dajane-cotic-ministarstvo-socijalne-politike-mladih-prosirilo-prava-njegovatelje\/#breadcrumb\"},\"inLanguage\":\"hr\",\"potentialAction\":[{\"@type\":\"ReadAction\",\"target\":[\"https:\/\/likemetkovic.hr\/zahvaljujuci-borbi-dajane-cotic-ministarstvo-socijalne-politike-mladih-prosirilo-prava-njegovatelje\/\"]}]},{\"@type\":\"BreadcrumbList\",\"@id\":\"https:\/\/likemetkovic.hr\/zahvaljujuci-borbi-dajane-cotic-ministarstvo-socijalne-politike-mladih-prosirilo-prava-njegovatelje\/#breadcrumb\",\"itemListElement\":[{\"@type\":\"ListItem\",\"position\":1,\"name\":\"Po\u010detna stranica\",\"item\":\"https:\/\/likemetkovic.hr\/portal\/\"},{\"@type\":\"ListItem\",\"position\":2,\"name\":\"Zahvaljuju\u0107i borbi Dajane \u010coti\u0107 Ministarstvo socijalne politike i mladih pro\u0161irilo prava za njegovatelje\"}]},{\"@type\":\"WebSite\",\"@id\":\"https:\/\/likemetkovic.hr\/#website\",\"url\":\"https:\/\/likemetkovic.hr\/\",\"name\":\"likemetkovic.hr\",\"description\":\"Misli pozitivno... \u010ditaj LIKE\",\"potentialAction\":[{\"@type\":\"SearchAction\",\"target\":{\"@type\":\"EntryPoint\",\"urlTemplate\":\"https:\/\/likemetkovic.hr\/?s={search_term_string}\"},\"query-input\":{\"@type\":\"PropertyValueSpecification\",\"valueRequired\":true,\"valueName\":\"search_term_string\"}}],\"inLanguage\":\"hr\"},{\"@type\":\"Person\",\"@id\":\"https:\/\/likemetkovic.hr\/#\/schema\/person\/a42711f3385a0e2be6f7e0443bfb28f0\",\"name\":\"LIKEmetkovic.hr\",\"sameAs\":[\"http:\/\/likemetkovic.hr\"],\"url\":\"https:\/\/likemetkovic.hr\/portal\/author\/likemetkovic-hr\/\"}]}<\/script>\n<!-- \/ Yoast SEO plugin. -->","yoast_head_json":{"title":"Zahvaljuju\u0107i borbi Dajane \u010coti\u0107 Ministarstvo socijalne politike i mladih pro\u0161irilo prava za njegovatelje - likemetkovic.hr","robots":{"index":"index","follow":"follow","max-snippet":"max-snippet:-1","max-image-preview":"max-image-preview:large","max-video-preview":"max-video-preview:-1"},"canonical":"https:\/\/likemetkovic.hr\/zahvaljujuci-borbi-dajane-cotic-ministarstvo-socijalne-politike-mladih-prosirilo-prava-njegovatelje\/","og_locale":"hr_HR","og_type":"article","og_title":"Zahvaljuju\u0107i borbi Dajane \u010coti\u0107 Ministarstvo socijalne politike i mladih pro\u0161irilo prava za njegovatelje - likemetkovic.hr","og_description":"Poput roditelja njegovatelja od danas \u0107e to pravo mo\u0107i ostvariti i supru\u017enici, bra\u0107a, sestre ili druge osobe koje \u017eive u ku\u0107anstvu s osobama s invaliditetom i o njima se brinu 24 sata na dan. Primati \u0107e naknadu od 2.500,00 kuna neto i imati status zaposlene osobe, te podmirene doprinose. \u201cPoslat \u0107emo danas centrima za socijalnu [&hellip;]","og_url":"https:\/\/likemetkovic.hr\/zahvaljujuci-borbi-dajane-cotic-ministarstvo-socijalne-politike-mladih-prosirilo-prava-njegovatelje\/","og_site_name":"likemetkovic.hr","article_publisher":"https:\/\/www.facebook.com\/likemetkovic.hr\/","article_published_time":"2017-02-03T15:49:12+00:00","article_modified_time":"2017-02-03T15:55:32+00:00","author":"LIKEmetkovic.hr","twitter_card":"summary_large_image","twitter_misc":{"Napisao\/la":"LIKEmetkovic.hr","Procijenjeno vrijeme \u010ditanja":"1 minuta"},"schema":{"@context":"https:\/\/schema.org","@graph":[{"@type":"WebPage","@id":"https:\/\/likemetkovic.hr\/zahvaljujuci-borbi-dajane-cotic-ministarstvo-socijalne-politike-mladih-prosirilo-prava-njegovatelje\/","url":"https:\/\/likemetkovic.hr\/zahvaljujuci-borbi-dajane-cotic-ministarstvo-socijalne-politike-mladih-prosirilo-prava-njegovatelje\/","name":"Zahvaljuju\u0107i borbi Dajane \u010coti\u0107 Ministarstvo socijalne politike i mladih pro\u0161irilo prava za njegovatelje - likemetkovic.hr","isPartOf":{"@id":"https:\/\/likemetkovic.hr\/#website"},"datePublished":"2017-02-03T15:49:12+00:00","dateModified":"2017-02-03T15:55:32+00:00","author":{"@id":"https:\/\/likemetkovic.hr\/#\/schema\/person\/a42711f3385a0e2be6f7e0443bfb28f0"},"breadcrumb":{"@id":"https:\/\/likemetkovic.hr\/zahvaljujuci-borbi-dajane-cotic-ministarstvo-socijalne-politike-mladih-prosirilo-prava-njegovatelje\/#breadcrumb"},"inLanguage":"hr","potentialAction":[{"@type":"ReadAction","target":["https:\/\/likemetkovic.hr\/zahvaljujuci-borbi-dajane-cotic-ministarstvo-socijalne-politike-mladih-prosirilo-prava-njegovatelje\/"]}]},{"@type":"BreadcrumbList","@id":"https:\/\/likemetkovic.hr\/zahvaljujuci-borbi-dajane-cotic-ministarstvo-socijalne-politike-mladih-prosirilo-prava-njegovatelje\/#breadcrumb","itemListElement":[{"@type":"ListItem","position":1,"name":"Po\u010detna stranica","item":"https:\/\/likemetkovic.hr\/portal\/"},{"@type":"ListItem","position":2,"name":"Zahvaljuju\u0107i borbi Dajane \u010coti\u0107 Ministarstvo socijalne politike i mladih pro\u0161irilo prava za njegovatelje"}]},{"@type":"WebSite","@id":"https:\/\/likemetkovic.hr\/#website","url":"https:\/\/likemetkovic.hr\/","name":"likemetkovic.hr","description":"Misli pozitivno... \u010ditaj LIKE","potentialAction":[{"@type":"SearchAction","target":{"@type":"EntryPoint","urlTemplate":"https:\/\/likemetkovic.hr\/?s={search_term_string}"},"query-input":{"@type":"PropertyValueSpecification","valueRequired":true,"valueName":"search_term_string"}}],"inLanguage":"hr"},{"@type":"Person","@id":"https:\/\/likemetkovic.hr\/#\/schema\/person\/a42711f3385a0e2be6f7e0443bfb28f0","name":"LIKEmetkovic.hr","sameAs":["http:\/\/likemetkovic.hr"],"url":"https:\/\/likemetkovic.hr\/portal\/author\/likemetkovic-hr\/"}]}},"_links":{"self":[{"href":"https:\/\/likemetkovic.hr\/portal\/wp-json\/wp\/v2\/posts\/35153","targetHints":{"allow":["GET"]}}],"collection":[{"href":"https:\/\/likemetkovic.hr\/portal\/wp-json\/wp\/v2\/posts"}],"about":[{"href":"https:\/\/likemetkovic.hr\/portal\/wp-json\/wp\/v2\/types\/post"}],"author":[{"embeddable":true,"href":"https:\/\/likemetkovic.hr\/portal\/wp-json\/wp\/v2\/users\/7"}],"replies":[{"embeddable":true,"href":"https:\/\/likemetkovic.hr\/portal\/wp-json\/wp\/v2\/comments?post=35153"}],"version-history":[{"count":0,"href":"https:\/\/likemetkovic.hr\/portal\/wp-json\/wp\/v2\/posts\/35153\/revisions"}],"wp:attachment":[{"href":"https:\/\/likemetkovic.hr\/portal\/wp-json\/wp\/v2\/media?parent=35153"}],"wp:term":[{"taxonomy":"category","embeddable":true,"href":"https:\/\/likemetkovic.hr\/portal\/wp-json\/wp\/v2\/categories?post=35153"},{"taxonomy":"post_tag","embeddable":true,"href":"https:\/\/likemetkovic.hr\/portal\/wp-json\/wp\/v2\/tags?post=35153"}],"curies":[{"name":"wp","href":"https:\/\/api.w.org\/{rel}","templated":true}]}}