{"id":35614,"date":"2017-02-09T23:11:35","date_gmt":"2017-02-09T22:11:35","guid":{"rendered":"http:\/\/likemetkovic.hr\/?p=35614"},"modified":"2017-02-09T23:37:45","modified_gmt":"2017-02-09T22:37:45","slug":"gradanska-inicijativa-metkovic-srcu-izlazi-izbore-gradsko-vijece-grada-metkovica","status":"publish","type":"post","link":"https:\/\/likemetkovic.hr\/portal\/gradanska-inicijativa-metkovic-srcu-izlazi-izbore-gradsko-vijece-grada-metkovica\/","title":{"rendered":"Gra\u0111anska inicijativa &#8220;Metkovi\u0107 u srcu&#8221; izlazi na izbore za Gradsko vije\u0107e Grada Metkovi\u0107a"},"content":{"rendered":"<p>Gra\u0111anska inicijativa<strong> &#8220;Metkovi\u0107 u srcu&#8221;<\/strong> okuplja se oko ideje koju zajedni\u010dkim anga\u017emanom \u017eele provesti u djelo. Ovu inicijativu\u00a0\u010dine obi\u010dni ljudi kakve uglavnom i svakodnevno sre\u0107emo u Metkovi\u0107u, predstavnici i voditelji gra\u0111anskih udruga okupljeni s ciljem da se Metkovi\u0107 probudi, da postane mjesto u kojem se lak\u0161e \u017eivi, radi i ostaje. Predstavnici ove inicijative do\u017eivljavaju vlastiti grad podijeljenim, bez vizije i napretka. \u010clanovi ove gra\u0111anske inicijative organizatori su mnogih \u0161portskih, kulturnih i humanitarnih doga\u0111aja kroz godinu. Ve\u0107 javno djeluju i poznati su gra\u0111anima Metkovi\u0107a. Izaskom na predstoje\u0107e lokalne izbore za Gradsko vije\u0107e Grada Metkovi\u0107a \u017eele postati i politi\u010dki subjekt, jer bi svoje ideje lak\u0161e provodili u djelo.<\/p>\n<p>Ovu inicijativu\u00a0predstavljaju <strong>Andrej Vi\u0161tica<\/strong>, <strong>Vinko Vukovi\u0107-Liska<\/strong> i <strong>Jakov Ivani\u0161-Kulija<\/strong>, ljudi koje u Metkovi\u0107u svi poznaju.<\/p>\n<p>Prema njihovim rije\u010dima \u017eele postati\u00a0direktni predstavnici malog \u010dovjeka, s kojim dijele iste probleme, jer osje\u0107aju da se mo\u017ee bolje. \u017dele biti glas naroda, koji \u0107e se poput &#8216;te\u0161ke artiljerije&#8217; napadati sve lo\u0161e u gradskom vije\u0107u, a sve u interesu kvalitetnijeg \u017eivota bez podjela. Za sebe ka\u017eu da su\u00a0ljudi su iz naroda s kojim dijele svakodnevne probleme. Misle to ozbiljno i uvjereni su da \u0107e bez problema osigurati svoje mjesto pod politi\u010dkim nebom Metkovi\u0107a.<\/p>\n<p>Smatraju da\u00a0\u0107e i ovog puta na lokalnim izborima &#8216;veliki&#8217; obasipati bira\u010de mnogim demago\u0161kim obe\u0107anjima, stoga\u00a0oni ne obe\u0107avaju ni brda ni doline, ve\u0107 nesebi\u010dni anga\u017eman za malog \u010dovjeka, \u010diju upravo sudbinu dijele.<\/p>\n<p>Mi\u0161ljenja su da je u Metkovi\u0107u ovakvih poput njih najvi\u0161e i ne \u017eele biti siva \u0161utljiva masa koja kuka nad vlastitom sudbinom, nego svoju sudbinu i njihovih istomi\u0161ljenika uzeti u vlastite ruke za bolji Metkovi\u0107.<\/p>\n<p>Foto: nportal.hr<\/p>\n","protected":false},"excerpt":{"rendered":"<p>Gra\u0111anska inicijativa &#8220;Metkovi\u0107 u srcu&#8221; okuplja se oko ideje koju zajedni\u010dkim anga\u017emanom \u017eele provesti u djelo. Ovu inicijativu\u00a0\u010dine obi\u010dni ljudi kakve uglavnom i svakodnevno sre\u0107emo u Metkovi\u0107u, predstavnici i voditelji gra\u0111anskih udruga okupljeni s ciljem da se Metkovi\u0107 probudi, da postane mjesto u kojem se lak\u0161e \u017eivi, radi i ostaje. Predstavnici ove inicijative do\u017eivljavaju vlastiti [&hellip;]<\/p>\n","protected":false},"author":7,"featured_media":35620,"comment_status":"open","ping_status":"open","sticky":false,"template":"","format":"standard","meta":{"footnotes":""},"categories":[283,290],"tags":[],"class_list":{"0":"post-35614","1":"post","2":"type-post","3":"status-publish","4":"format-standard","5":"has-post-thumbnail","7":"category-a","8":"category-politika"},"yoast_head":"<!-- This site is optimized with the Yoast SEO plugin v25.2 - https:\/\/yoast.com\/wordpress\/plugins\/seo\/ -->\n<title>Gra\u0111anska inicijativa &quot;Metkovi\u0107 u srcu&quot; izlazi na izbore za Gradsko vije\u0107e Grada Metkovi\u0107a - likemetkovic.hr<\/title>\n<meta name=\"robots\" content=\"index, follow, max-snippet:-1, max-image-preview:large, max-video-preview:-1\" \/>\n<link rel=\"canonical\" href=\"https:\/\/likemetkovic.hr\/gradanska-inicijativa-metkovic-srcu-izlazi-izbore-gradsko-vijece-grada-metkovica\/\" \/>\n<meta property=\"og:locale\" content=\"hr_HR\" \/>\n<meta property=\"og:type\" content=\"article\" \/>\n<meta property=\"og:title\" content=\"Gra\u0111anska inicijativa &quot;Metkovi\u0107 u srcu&quot; izlazi na izbore za Gradsko vije\u0107e Grada Metkovi\u0107a - likemetkovic.hr\" \/>\n<meta property=\"og:description\" content=\"Gra\u0111anska inicijativa &#8220;Metkovi\u0107 u srcu&#8221; okuplja se oko ideje koju zajedni\u010dkim anga\u017emanom \u017eele provesti u djelo. Ovu inicijativu\u00a0\u010dine obi\u010dni ljudi kakve uglavnom i svakodnevno sre\u0107emo u Metkovi\u0107u, predstavnici i voditelji gra\u0111anskih udruga okupljeni s ciljem da se Metkovi\u0107 probudi, da postane mjesto u kojem se lak\u0161e \u017eivi, radi i ostaje. Predstavnici ove inicijative do\u017eivljavaju vlastiti [&hellip;]\" \/>\n<meta property=\"og:url\" content=\"https:\/\/likemetkovic.hr\/gradanska-inicijativa-metkovic-srcu-izlazi-izbore-gradsko-vijece-grada-metkovica\/\" \/>\n<meta property=\"og:site_name\" content=\"likemetkovic.hr\" \/>\n<meta property=\"article:publisher\" content=\"https:\/\/www.facebook.com\/likemetkovic.hr\/\" \/>\n<meta property=\"article:published_time\" content=\"2017-02-09T22:11:35+00:00\" \/>\n<meta property=\"article:modified_time\" content=\"2017-02-09T22:37:45+00:00\" \/>\n<meta property=\"og:image\" content=\"https:\/\/likemetkovic.hr\/wp-content\/uploads\/2017\/02\/12982409b78ba03b43979952f41e9630_XL-1.jpg\" \/>\n\t<meta property=\"og:image:width\" content=\"973\" \/>\n\t<meta property=\"og:image:height\" content=\"600\" \/>\n\t<meta property=\"og:image:type\" content=\"image\/jpeg\" \/>\n<meta name=\"author\" content=\"LIKEmetkovic.hr\" \/>\n<meta name=\"twitter:card\" content=\"summary_large_image\" \/>\n<meta name=\"twitter:label1\" content=\"Napisao\/la\" \/>\n\t<meta name=\"twitter:data1\" content=\"LIKEmetkovic.hr\" \/>\n\t<meta name=\"twitter:label2\" content=\"Procijenjeno vrijeme \u010ditanja\" \/>\n\t<meta name=\"twitter:data2\" content=\"2 minute\" \/>\n<script type=\"application\/ld+json\" class=\"yoast-schema-graph\">{\"@context\":\"https:\/\/schema.org\",\"@graph\":[{\"@type\":\"WebPage\",\"@id\":\"https:\/\/likemetkovic.hr\/gradanska-inicijativa-metkovic-srcu-izlazi-izbore-gradsko-vijece-grada-metkovica\/\",\"url\":\"https:\/\/likemetkovic.hr\/gradanska-inicijativa-metkovic-srcu-izlazi-izbore-gradsko-vijece-grada-metkovica\/\",\"name\":\"Gra\u0111anska inicijativa \\\"Metkovi\u0107 u srcu\\\" izlazi na izbore za Gradsko vije\u0107e Grada Metkovi\u0107a - likemetkovic.hr\",\"isPartOf\":{\"@id\":\"https:\/\/likemetkovic.hr\/#website\"},\"primaryImageOfPage\":{\"@id\":\"https:\/\/likemetkovic.hr\/gradanska-inicijativa-metkovic-srcu-izlazi-izbore-gradsko-vijece-grada-metkovica\/#primaryimage\"},\"image\":{\"@id\":\"https:\/\/likemetkovic.hr\/gradanska-inicijativa-metkovic-srcu-izlazi-izbore-gradsko-vijece-grada-metkovica\/#primaryimage\"},\"thumbnailUrl\":\"https:\/\/likemetkovic.hr\/portal\/wp-content\/uploads\/2017\/02\/12982409b78ba03b43979952f41e9630_XL-1.jpg\",\"datePublished\":\"2017-02-09T22:11:35+00:00\",\"dateModified\":\"2017-02-09T22:37:45+00:00\",\"author\":{\"@id\":\"https:\/\/likemetkovic.hr\/#\/schema\/person\/a42711f3385a0e2be6f7e0443bfb28f0\"},\"breadcrumb\":{\"@id\":\"https:\/\/likemetkovic.hr\/gradanska-inicijativa-metkovic-srcu-izlazi-izbore-gradsko-vijece-grada-metkovica\/#breadcrumb\"},\"inLanguage\":\"hr\",\"potentialAction\":[{\"@type\":\"ReadAction\",\"target\":[\"https:\/\/likemetkovic.hr\/gradanska-inicijativa-metkovic-srcu-izlazi-izbore-gradsko-vijece-grada-metkovica\/\"]}]},{\"@type\":\"ImageObject\",\"inLanguage\":\"hr\",\"@id\":\"https:\/\/likemetkovic.hr\/gradanska-inicijativa-metkovic-srcu-izlazi-izbore-gradsko-vijece-grada-metkovica\/#primaryimage\",\"url\":\"https:\/\/likemetkovic.hr\/portal\/wp-content\/uploads\/2017\/02\/12982409b78ba03b43979952f41e9630_XL-1.jpg\",\"contentUrl\":\"https:\/\/likemetkovic.hr\/portal\/wp-content\/uploads\/2017\/02\/12982409b78ba03b43979952f41e9630_XL-1.jpg\",\"width\":973,\"height\":600,\"caption\":\"Foto: nportal.hr\"},{\"@type\":\"BreadcrumbList\",\"@id\":\"https:\/\/likemetkovic.hr\/gradanska-inicijativa-metkovic-srcu-izlazi-izbore-gradsko-vijece-grada-metkovica\/#breadcrumb\",\"itemListElement\":[{\"@type\":\"ListItem\",\"position\":1,\"name\":\"Po\u010detna stranica\",\"item\":\"https:\/\/likemetkovic.hr\/portal\/\"},{\"@type\":\"ListItem\",\"position\":2,\"name\":\"Gra\u0111anska inicijativa &#8220;Metkovi\u0107 u srcu&#8221; izlazi na izbore za Gradsko vije\u0107e Grada Metkovi\u0107a\"}]},{\"@type\":\"WebSite\",\"@id\":\"https:\/\/likemetkovic.hr\/#website\",\"url\":\"https:\/\/likemetkovic.hr\/\",\"name\":\"likemetkovic.hr\",\"description\":\"Misli pozitivno... \u010ditaj LIKE\",\"potentialAction\":[{\"@type\":\"SearchAction\",\"target\":{\"@type\":\"EntryPoint\",\"urlTemplate\":\"https:\/\/likemetkovic.hr\/?s={search_term_string}\"},\"query-input\":{\"@type\":\"PropertyValueSpecification\",\"valueRequired\":true,\"valueName\":\"search_term_string\"}}],\"inLanguage\":\"hr\"},{\"@type\":\"Person\",\"@id\":\"https:\/\/likemetkovic.hr\/#\/schema\/person\/a42711f3385a0e2be6f7e0443bfb28f0\",\"name\":\"LIKEmetkovic.hr\",\"sameAs\":[\"http:\/\/likemetkovic.hr\"],\"url\":\"https:\/\/likemetkovic.hr\/portal\/author\/likemetkovic-hr\/\"}]}<\/script>\n<!-- \/ Yoast SEO plugin. -->","yoast_head_json":{"title":"Gra\u0111anska inicijativa \"Metkovi\u0107 u srcu\" izlazi na izbore za Gradsko vije\u0107e Grada Metkovi\u0107a - likemetkovic.hr","robots":{"index":"index","follow":"follow","max-snippet":"max-snippet:-1","max-image-preview":"max-image-preview:large","max-video-preview":"max-video-preview:-1"},"canonical":"https:\/\/likemetkovic.hr\/gradanska-inicijativa-metkovic-srcu-izlazi-izbore-gradsko-vijece-grada-metkovica\/","og_locale":"hr_HR","og_type":"article","og_title":"Gra\u0111anska inicijativa \"Metkovi\u0107 u srcu\" izlazi na izbore za Gradsko vije\u0107e Grada Metkovi\u0107a - likemetkovic.hr","og_description":"Gra\u0111anska inicijativa &#8220;Metkovi\u0107 u srcu&#8221; okuplja se oko ideje koju zajedni\u010dkim anga\u017emanom \u017eele provesti u djelo. Ovu inicijativu\u00a0\u010dine obi\u010dni ljudi kakve uglavnom i svakodnevno sre\u0107emo u Metkovi\u0107u, predstavnici i voditelji gra\u0111anskih udruga okupljeni s ciljem da se Metkovi\u0107 probudi, da postane mjesto u kojem se lak\u0161e \u017eivi, radi i ostaje. Predstavnici ove inicijative do\u017eivljavaju vlastiti [&hellip;]","og_url":"https:\/\/likemetkovic.hr\/gradanska-inicijativa-metkovic-srcu-izlazi-izbore-gradsko-vijece-grada-metkovica\/","og_site_name":"likemetkovic.hr","article_publisher":"https:\/\/www.facebook.com\/likemetkovic.hr\/","article_published_time":"2017-02-09T22:11:35+00:00","article_modified_time":"2017-02-09T22:37:45+00:00","og_image":[{"width":973,"height":600,"url":"https:\/\/likemetkovic.hr\/wp-content\/uploads\/2017\/02\/12982409b78ba03b43979952f41e9630_XL-1.jpg","type":"image\/jpeg"}],"author":"LIKEmetkovic.hr","twitter_card":"summary_large_image","twitter_misc":{"Napisao\/la":"LIKEmetkovic.hr","Procijenjeno vrijeme \u010ditanja":"2 minute"},"schema":{"@context":"https:\/\/schema.org","@graph":[{"@type":"WebPage","@id":"https:\/\/likemetkovic.hr\/gradanska-inicijativa-metkovic-srcu-izlazi-izbore-gradsko-vijece-grada-metkovica\/","url":"https:\/\/likemetkovic.hr\/gradanska-inicijativa-metkovic-srcu-izlazi-izbore-gradsko-vijece-grada-metkovica\/","name":"Gra\u0111anska inicijativa \"Metkovi\u0107 u srcu\" izlazi na izbore za Gradsko vije\u0107e Grada Metkovi\u0107a - likemetkovic.hr","isPartOf":{"@id":"https:\/\/likemetkovic.hr\/#website"},"primaryImageOfPage":{"@id":"https:\/\/likemetkovic.hr\/gradanska-inicijativa-metkovic-srcu-izlazi-izbore-gradsko-vijece-grada-metkovica\/#primaryimage"},"image":{"@id":"https:\/\/likemetkovic.hr\/gradanska-inicijativa-metkovic-srcu-izlazi-izbore-gradsko-vijece-grada-metkovica\/#primaryimage"},"thumbnailUrl":"https:\/\/likemetkovic.hr\/portal\/wp-content\/uploads\/2017\/02\/12982409b78ba03b43979952f41e9630_XL-1.jpg","datePublished":"2017-02-09T22:11:35+00:00","dateModified":"2017-02-09T22:37:45+00:00","author":{"@id":"https:\/\/likemetkovic.hr\/#\/schema\/person\/a42711f3385a0e2be6f7e0443bfb28f0"},"breadcrumb":{"@id":"https:\/\/likemetkovic.hr\/gradanska-inicijativa-metkovic-srcu-izlazi-izbore-gradsko-vijece-grada-metkovica\/#breadcrumb"},"inLanguage":"hr","potentialAction":[{"@type":"ReadAction","target":["https:\/\/likemetkovic.hr\/gradanska-inicijativa-metkovic-srcu-izlazi-izbore-gradsko-vijece-grada-metkovica\/"]}]},{"@type":"ImageObject","inLanguage":"hr","@id":"https:\/\/likemetkovic.hr\/gradanska-inicijativa-metkovic-srcu-izlazi-izbore-gradsko-vijece-grada-metkovica\/#primaryimage","url":"https:\/\/likemetkovic.hr\/portal\/wp-content\/uploads\/2017\/02\/12982409b78ba03b43979952f41e9630_XL-1.jpg","contentUrl":"https:\/\/likemetkovic.hr\/portal\/wp-content\/uploads\/2017\/02\/12982409b78ba03b43979952f41e9630_XL-1.jpg","width":973,"height":600,"caption":"Foto: nportal.hr"},{"@type":"BreadcrumbList","@id":"https:\/\/likemetkovic.hr\/gradanska-inicijativa-metkovic-srcu-izlazi-izbore-gradsko-vijece-grada-metkovica\/#breadcrumb","itemListElement":[{"@type":"ListItem","position":1,"name":"Po\u010detna stranica","item":"https:\/\/likemetkovic.hr\/portal\/"},{"@type":"ListItem","position":2,"name":"Gra\u0111anska inicijativa &#8220;Metkovi\u0107 u srcu&#8221; izlazi na izbore za Gradsko vije\u0107e Grada Metkovi\u0107a"}]},{"@type":"WebSite","@id":"https:\/\/likemetkovic.hr\/#website","url":"https:\/\/likemetkovic.hr\/","name":"likemetkovic.hr","description":"Misli pozitivno... \u010ditaj LIKE","potentialAction":[{"@type":"SearchAction","target":{"@type":"EntryPoint","urlTemplate":"https:\/\/likemetkovic.hr\/?s={search_term_string}"},"query-input":{"@type":"PropertyValueSpecification","valueRequired":true,"valueName":"search_term_string"}}],"inLanguage":"hr"},{"@type":"Person","@id":"https:\/\/likemetkovic.hr\/#\/schema\/person\/a42711f3385a0e2be6f7e0443bfb28f0","name":"LIKEmetkovic.hr","sameAs":["http:\/\/likemetkovic.hr"],"url":"https:\/\/likemetkovic.hr\/portal\/author\/likemetkovic-hr\/"}]}},"_links":{"self":[{"href":"https:\/\/likemetkovic.hr\/portal\/wp-json\/wp\/v2\/posts\/35614","targetHints":{"allow":["GET"]}}],"collection":[{"href":"https:\/\/likemetkovic.hr\/portal\/wp-json\/wp\/v2\/posts"}],"about":[{"href":"https:\/\/likemetkovic.hr\/portal\/wp-json\/wp\/v2\/types\/post"}],"author":[{"embeddable":true,"href":"https:\/\/likemetkovic.hr\/portal\/wp-json\/wp\/v2\/users\/7"}],"replies":[{"embeddable":true,"href":"https:\/\/likemetkovic.hr\/portal\/wp-json\/wp\/v2\/comments?post=35614"}],"version-history":[{"count":0,"href":"https:\/\/likemetkovic.hr\/portal\/wp-json\/wp\/v2\/posts\/35614\/revisions"}],"wp:featuredmedia":[{"embeddable":true,"href":"https:\/\/likemetkovic.hr\/portal\/wp-json\/wp\/v2\/media\/35620"}],"wp:attachment":[{"href":"https:\/\/likemetkovic.hr\/portal\/wp-json\/wp\/v2\/media?parent=35614"}],"wp:term":[{"taxonomy":"category","embeddable":true,"href":"https:\/\/likemetkovic.hr\/portal\/wp-json\/wp\/v2\/categories?post=35614"},{"taxonomy":"post_tag","embeddable":true,"href":"https:\/\/likemetkovic.hr\/portal\/wp-json\/wp\/v2\/tags?post=35614"}],"curies":[{"name":"wp","href":"https:\/\/api.w.org\/{rel}","templated":true}]}}