{"id":36524,"date":"2017-02-21T20:58:58","date_gmt":"2017-02-21T19:58:58","guid":{"rendered":"http:\/\/likemetkovic.hr\/?p=36524"},"modified":"2017-02-21T21:14:21","modified_gmt":"2017-02-21T20:14:21","slug":"kresimir-kuran-kandidat-hsu-a-sdp-a-gradonacelnika-metkovica","status":"publish","type":"post","link":"https:\/\/likemetkovic.hr\/portal\/kresimir-kuran-kandidat-hsu-a-sdp-a-gradonacelnika-metkovica\/","title":{"rendered":"Kre\u0161imir Kuran kandidat HSU-a i SDP-a za gradona\u010delnika Metkovi\u0107a"},"content":{"rendered":"<p>Danas su gradske organizacije HSU- i SDP-a predstavile svog kandidata za gradona\u010delnika Metkovi\u0107a na predstoje\u0107im lokalnim izborima. To je <strong>Kre\u0161imir Kuran<\/strong>, predsjednik GO SDP-a Metkovi\u0107. U ima svojih gradskih organizacija kandidata su predstavili <strong>Sini\u0161a Bebi\u0107<\/strong>, potpredsjednik HSU-a Metkovi\u0107, i <strong>Sandi \u0160prlje &#8211; Obradovi\u0107<\/strong>, potpredsjednica SDP-a Metkovi\u0107.<\/p>\n<p>Kuran je u svom obra\u0107anju naglasio kako je gradu potrebna\u00a0nova upravno-teritorijalna reorganizacija te okretanje gospodarskoj zoni u susjednoj op\u0107ini Kuli Norinskoj: &#8220;<span style=\"font-weight: 400;\"><em>Postoje dvije opcije u kojima Grad Metkovi\u0107 mora tra\u017eiti svoju \u0161ansu, a to su: potrebna nova upravno-teritorijalna reorganizacija (spajanje administrativnih jedinica) i \/ili osnivanje tvrtke koja \u0107e biti u 50% vlasni\u0161tvu Grada Metkovi\u0107a i 50% vlasni\u0161tvu op\u0107ine Kula Norinska te koja \u0107e upravljati gospodarskom zonom Nova Sela. U svemu tome treba nastojati da se ta zona ne pretvori u isklju\u010divo trgova\u010dko- skladi\u0161nu zonu ve\u0107 da ima osjetno zastupljenu proizvodnu komponentu.&#8221;<\/em><\/span><\/p>\n<p>Kuran o\u010dekuje da \u0107e u novom Gradskom vije\u0107u SDP i HSU imati po jednog vije\u0107nika te da u drugi krug ulaze on i netko od kandidata stranaka desnog predznaka.<\/p>\n<p><span style=\"font-weight: 400;\">Zamjenici i ostatak tima, koji \u0107e uz \u010dlanove SDP-a i HSU-a Metkovi\u0107 \u010diniti i neki nezavisni kandidati, kao i program za lokalne izbore bit \u0107e predstavljen u slijede\u0107a dva mjeseca, a<\/span><span style=\"font-weight: 400;\">\u00a0gra\u0111anima Metkovi\u0107a Kuran je uputio poruku, koja\u00a0\u0107e biti i slogan njihove kampanje:\u00a0<\/span><span style=\"font-weight: 400;\"><strong>Za Metkovi\u0107 jednakih \u0161ansi&#8230;Ili jesi ili nisi<\/strong><\/span><\/p>\n\r\n                <style type=\"text\/css\">\r\n                    \r\n                    #tdi_1  .td-doubleSlider-2 .td-item1 {\r\n                        background: url(https:\/\/likemetkovic.hr\/portal\/wp-content\/uploads\/2017\/02\/DSC_0077-1-80x60.jpg) 0 0 no-repeat;\r\n                    }\r\n                    #tdi_1  .td-doubleSlider-2 .td-item2 {\r\n                        background: url(https:\/\/likemetkovic.hr\/portal\/wp-content\/uploads\/2017\/02\/DSC_0078-1-80x60.jpg) 0 0 no-repeat;\r\n                    }\r\n                    #tdi_1  .td-doubleSlider-2 .td-item3 {\r\n                        background: url(https:\/\/likemetkovic.hr\/portal\/wp-content\/uploads\/2017\/02\/DSC_0076-80x60.jpg) 0 0 no-repeat;\r\n                    }\r\n                    #tdi_1  .td-doubleSlider-2 .td-item4 {\r\n                        background: url(https:\/\/likemetkovic.hr\/portal\/wp-content\/uploads\/2017\/02\/DSC_0093-1-80x60.jpg) 0 0 no-repeat;\r\n                    }\r\n                    #tdi_1  .td-doubleSlider-2 .td-item5 {\r\n                        background: url(https:\/\/likemetkovic.hr\/portal\/wp-content\/uploads\/2017\/02\/DSC_0081-80x60.jpg) 0 0 no-repeat;\r\n                    }\r\n                    #tdi_1  .td-doubleSlider-2 .td-item6 {\r\n                        background: url(https:\/\/likemetkovic.hr\/portal\/wp-content\/uploads\/2017\/02\/DSC_0085-80x60.jpg) 0 0 no-repeat;\r\n                    }\r\n                    #tdi_1  .td-doubleSlider-2 .td-item7 {\r\n                        background: url(https:\/\/likemetkovic.hr\/portal\/wp-content\/uploads\/2017\/02\/DSC_0088-80x60.jpg) 0 0 no-repeat;\r\n                    }\r\n                <\/style>\r\n\r\n                <div id=\"tdi_1\" class=\"td-gallery td-slide-on-2-columns\">\r\n                    <div class=\"post_td_gallery\">\r\n                        <div class=\"td-gallery-slide-top\">\r\n                           <div class=\"td-gallery-title\"><\/div>\r\n\r\n                            <div class=\"td-gallery-controls-wrapper\">\r\n                                <div class=\"td-gallery-slide-count\"><span class=\"td-gallery-slide-item-focus\">1<\/span> of 7<\/div>\r\n                                <div class=\"td-gallery-slide-prev-next-but\">\r\n                                    <i class = \"td-icon-left doubleSliderPrevButton\"><\/i>\r\n                                    <i class = \"td-icon-right doubleSliderNextButton\"><\/i>\r\n                                <\/div>\r\n                            <\/div>\r\n                        <\/div>\r\n\r\n                        <div class = \"td-doubleSlider-1 \">\r\n                            <div class = \"td-slider\">\r\n                                \r\n                    <div class = \"td-slide-item td-item1\">\r\n                        <figure class=\"td-slide-galery-figure td-slide-popup-gallery\">\r\n                            <a class=\"slide-gallery-image-link\" href=\"https:\/\/likemetkovic.hr\/portal\/wp-content\/uploads\/2017\/02\/DSC_0077-1.jpg\" title=\"DSC_0077\"  data-caption=\"\"  data-description=\"\">\r\n                                <img decoding=\"async\" src=\"https:\/\/likemetkovic.hr\/portal\/wp-content\/uploads\/2017\/02\/DSC_0077-1-630x420.jpg\" srcset=\"https:\/\/likemetkovic.hr\/portal\/wp-content\/uploads\/2017\/02\/DSC_0077-1-630x420.jpg 630w, https:\/\/likemetkovic.hr\/portal\/wp-content\/uploads\/2017\/02\/DSC_0077-1-800x534.jpg 800w, https:\/\/likemetkovic.hr\/portal\/wp-content\/uploads\/2017\/02\/DSC_0077-1-768x512.jpg 768w, https:\/\/likemetkovic.hr\/portal\/wp-content\/uploads\/2017\/02\/DSC_0077-1-1200x800.jpg 1200w, https:\/\/likemetkovic.hr\/portal\/wp-content\/uploads\/2017\/02\/DSC_0077-1-696x464.jpg 696w, https:\/\/likemetkovic.hr\/portal\/wp-content\/uploads\/2017\/02\/DSC_0077-1-1068x712.jpg 1068w, https:\/\/likemetkovic.hr\/portal\/wp-content\/uploads\/2017\/02\/DSC_0077-1.jpg 1366w\" sizes=\"(max-width: 630px) 100vw, 630px\" alt=\"\">\r\n                            <\/a>\r\n                            \r\n                        <\/figure>\r\n                    <\/div>\r\n                    <div class = \"td-slide-item td-item2\">\r\n                        <figure class=\"td-slide-galery-figure td-slide-popup-gallery\">\r\n                            <a class=\"slide-gallery-image-link\" href=\"https:\/\/likemetkovic.hr\/portal\/wp-content\/uploads\/2017\/02\/DSC_0078-1.jpg\" title=\"DSC_0078\"  data-caption=\"\"  data-description=\"\">\r\n                                <img decoding=\"async\" src=\"https:\/\/likemetkovic.hr\/portal\/wp-content\/uploads\/2017\/02\/DSC_0078-1-630x420.jpg\" srcset=\"https:\/\/likemetkovic.hr\/portal\/wp-content\/uploads\/2017\/02\/DSC_0078-1-630x420.jpg 630w, https:\/\/likemetkovic.hr\/portal\/wp-content\/uploads\/2017\/02\/DSC_0078-1-800x534.jpg 800w, https:\/\/likemetkovic.hr\/portal\/wp-content\/uploads\/2017\/02\/DSC_0078-1-768x512.jpg 768w, https:\/\/likemetkovic.hr\/portal\/wp-content\/uploads\/2017\/02\/DSC_0078-1-1200x800.jpg 1200w, https:\/\/likemetkovic.hr\/portal\/wp-content\/uploads\/2017\/02\/DSC_0078-1-696x464.jpg 696w, https:\/\/likemetkovic.hr\/portal\/wp-content\/uploads\/2017\/02\/DSC_0078-1-1068x712.jpg 1068w, https:\/\/likemetkovic.hr\/portal\/wp-content\/uploads\/2017\/02\/DSC_0078-1.jpg 1366w\" sizes=\"(max-width: 630px) 100vw, 630px\" alt=\"\">\r\n                            <\/a>\r\n                            \r\n                        <\/figure>\r\n                    <\/div>\r\n                    <div class = \"td-slide-item td-item3\">\r\n                        <figure class=\"td-slide-galery-figure td-slide-popup-gallery\">\r\n                            <a class=\"slide-gallery-image-link\" href=\"https:\/\/likemetkovic.hr\/portal\/wp-content\/uploads\/2017\/02\/DSC_0076.jpg\" title=\"DSC_0076\"  data-caption=\"\"  data-description=\"\">\r\n                                <img decoding=\"async\" src=\"https:\/\/likemetkovic.hr\/portal\/wp-content\/uploads\/2017\/02\/DSC_0076-630x420.jpg\" srcset=\"https:\/\/likemetkovic.hr\/portal\/wp-content\/uploads\/2017\/02\/DSC_0076-630x420.jpg 630w, https:\/\/likemetkovic.hr\/portal\/wp-content\/uploads\/2017\/02\/DSC_0076-800x534.jpg 800w, https:\/\/likemetkovic.hr\/portal\/wp-content\/uploads\/2017\/02\/DSC_0076-768x512.jpg 768w, https:\/\/likemetkovic.hr\/portal\/wp-content\/uploads\/2017\/02\/DSC_0076-1200x800.jpg 1200w, https:\/\/likemetkovic.hr\/portal\/wp-content\/uploads\/2017\/02\/DSC_0076-696x464.jpg 696w, https:\/\/likemetkovic.hr\/portal\/wp-content\/uploads\/2017\/02\/DSC_0076-1068x712.jpg 1068w, https:\/\/likemetkovic.hr\/portal\/wp-content\/uploads\/2017\/02\/DSC_0076.jpg 1366w\" sizes=\"(max-width: 630px) 100vw, 630px\" alt=\"\">\r\n                            <\/a>\r\n                            \r\n                        <\/figure>\r\n                    <\/div>\r\n                    <div class = \"td-slide-item td-item4\">\r\n                        <figure class=\"td-slide-galery-figure td-slide-popup-gallery\">\r\n                            <a class=\"slide-gallery-image-link\" href=\"https:\/\/likemetkovic.hr\/portal\/wp-content\/uploads\/2017\/02\/DSC_0093-1.jpg\" title=\"bebi\u0107 sini\u0161a\"  data-caption=\"\"  data-description=\"\">\r\n                                <img decoding=\"async\" src=\"https:\/\/likemetkovic.hr\/portal\/wp-content\/uploads\/2017\/02\/DSC_0093-1-630x420.jpg\" srcset=\"https:\/\/likemetkovic.hr\/portal\/wp-content\/uploads\/2017\/02\/DSC_0093-1-630x420.jpg 630w, https:\/\/likemetkovic.hr\/portal\/wp-content\/uploads\/2017\/02\/DSC_0093-1-800x534.jpg 800w, https:\/\/likemetkovic.hr\/portal\/wp-content\/uploads\/2017\/02\/DSC_0093-1-768x512.jpg 768w, https:\/\/likemetkovic.hr\/portal\/wp-content\/uploads\/2017\/02\/DSC_0093-1-1200x800.jpg 1200w, https:\/\/likemetkovic.hr\/portal\/wp-content\/uploads\/2017\/02\/DSC_0093-1-696x464.jpg 696w, https:\/\/likemetkovic.hr\/portal\/wp-content\/uploads\/2017\/02\/DSC_0093-1-1068x712.jpg 1068w, https:\/\/likemetkovic.hr\/portal\/wp-content\/uploads\/2017\/02\/DSC_0093-1.jpg 1366w\" sizes=\"(max-width: 630px) 100vw, 630px\" alt=\"\">\r\n                            <\/a>\r\n                            \r\n                        <\/figure>\r\n                    <\/div>\r\n                    <div class = \"td-slide-item td-item5\">\r\n                        <figure class=\"td-slide-galery-figure td-slide-popup-gallery\">\r\n                            <a class=\"slide-gallery-image-link\" href=\"https:\/\/likemetkovic.hr\/portal\/wp-content\/uploads\/2017\/02\/DSC_0081.jpg\" title=\"DSC_0081\"  data-caption=\"\"  data-description=\"\">\r\n                                <img decoding=\"async\" src=\"https:\/\/likemetkovic.hr\/portal\/wp-content\/uploads\/2017\/02\/DSC_0081-630x420.jpg\" srcset=\"https:\/\/likemetkovic.hr\/portal\/wp-content\/uploads\/2017\/02\/DSC_0081-630x420.jpg 630w, https:\/\/likemetkovic.hr\/portal\/wp-content\/uploads\/2017\/02\/DSC_0081-800x534.jpg 800w, https:\/\/likemetkovic.hr\/portal\/wp-content\/uploads\/2017\/02\/DSC_0081-768x512.jpg 768w, https:\/\/likemetkovic.hr\/portal\/wp-content\/uploads\/2017\/02\/DSC_0081-1200x800.jpg 1200w, https:\/\/likemetkovic.hr\/portal\/wp-content\/uploads\/2017\/02\/DSC_0081-696x464.jpg 696w, https:\/\/likemetkovic.hr\/portal\/wp-content\/uploads\/2017\/02\/DSC_0081-1068x712.jpg 1068w, https:\/\/likemetkovic.hr\/portal\/wp-content\/uploads\/2017\/02\/DSC_0081.jpg 1366w\" sizes=\"(max-width: 630px) 100vw, 630px\" alt=\"\">\r\n                            <\/a>\r\n                            \r\n                        <\/figure>\r\n                    <\/div>\r\n                    <div class = \"td-slide-item td-item6\">\r\n                        <figure class=\"td-slide-galery-figure td-slide-popup-gallery\">\r\n                            <a class=\"slide-gallery-image-link\" href=\"https:\/\/likemetkovic.hr\/portal\/wp-content\/uploads\/2017\/02\/DSC_0085.jpg\" title=\"kre\u0161imir kuran\"  data-caption=\"\"  data-description=\"\">\r\n                                <img decoding=\"async\" src=\"https:\/\/likemetkovic.hr\/portal\/wp-content\/uploads\/2017\/02\/DSC_0085-630x420.jpg\" srcset=\"https:\/\/likemetkovic.hr\/portal\/wp-content\/uploads\/2017\/02\/DSC_0085-630x420.jpg 630w, https:\/\/likemetkovic.hr\/portal\/wp-content\/uploads\/2017\/02\/DSC_0085-800x534.jpg 800w, https:\/\/likemetkovic.hr\/portal\/wp-content\/uploads\/2017\/02\/DSC_0085-768x512.jpg 768w, https:\/\/likemetkovic.hr\/portal\/wp-content\/uploads\/2017\/02\/DSC_0085-1200x800.jpg 1200w, https:\/\/likemetkovic.hr\/portal\/wp-content\/uploads\/2017\/02\/DSC_0085-696x464.jpg 696w, https:\/\/likemetkovic.hr\/portal\/wp-content\/uploads\/2017\/02\/DSC_0085-1068x712.jpg 1068w, https:\/\/likemetkovic.hr\/portal\/wp-content\/uploads\/2017\/02\/DSC_0085.jpg 1366w\" sizes=\"(max-width: 630px) 100vw, 630px\" alt=\"\">\r\n                            <\/a>\r\n                            \r\n                        <\/figure>\r\n                    <\/div>\r\n                    <div class = \"td-slide-item td-item7\">\r\n                        <figure class=\"td-slide-galery-figure td-slide-popup-gallery\">\r\n                            <a class=\"slide-gallery-image-link\" href=\"https:\/\/likemetkovic.hr\/portal\/wp-content\/uploads\/2017\/02\/DSC_0088.jpg\" title=\"sdp hsu\"  data-caption=\"\"  data-description=\"\">\r\n                                <img decoding=\"async\" src=\"https:\/\/likemetkovic.hr\/portal\/wp-content\/uploads\/2017\/02\/DSC_0088-653x420.jpg\" srcset=\"https:\/\/likemetkovic.hr\/portal\/wp-content\/uploads\/2017\/02\/DSC_0088-653x420.jpg 653w, https:\/\/likemetkovic.hr\/portal\/wp-content\/uploads\/2017\/02\/DSC_0088-800x514.jpg 800w, https:\/\/likemetkovic.hr\/portal\/wp-content\/uploads\/2017\/02\/DSC_0088-768x494.jpg 768w, https:\/\/likemetkovic.hr\/portal\/wp-content\/uploads\/2017\/02\/DSC_0088-1200x771.jpg 1200w, https:\/\/likemetkovic.hr\/portal\/wp-content\/uploads\/2017\/02\/DSC_0088-696x447.jpg 696w, https:\/\/likemetkovic.hr\/portal\/wp-content\/uploads\/2017\/02\/DSC_0088-1068x686.jpg 1068w, https:\/\/likemetkovic.hr\/portal\/wp-content\/uploads\/2017\/02\/DSC_0088.jpg 1366w\" sizes=\"(max-width: 653px) 100vw, 653px\" alt=\"\">\r\n                            <\/a>\r\n                            \r\n                        <\/figure>\r\n                    <\/div>\r\n                            <\/div>\r\n                        <\/div>\r\n\r\n                        <div class = \"td-doubleSlider-2\">\r\n                            <div class = \"td-slider\">\r\n                                \r\n                    <div class = \"td-button td-item1\">\r\n                        <div class = \"td-border\"><\/div>\r\n                    <\/div>\r\n                    <div class = \"td-button td-item2\">\r\n                        <div class = \"td-border\"><\/div>\r\n                    <\/div>\r\n                    <div class = \"td-button td-item3\">\r\n                        <div class = \"td-border\"><\/div>\r\n                    <\/div>\r\n                    <div class = \"td-button td-item4\">\r\n                        <div class = \"td-border\"><\/div>\r\n                    <\/div>\r\n                    <div class = \"td-button td-item5\">\r\n                        <div class = \"td-border\"><\/div>\r\n                    <\/div>\r\n                    <div class = \"td-button td-item6\">\r\n                        <div class = \"td-border\"><\/div>\r\n                    <\/div>\r\n                    <div class = \"td-button td-item7\">\r\n                        <div class = \"td-border\"><\/div>\r\n                    <\/div>\r\n                            <\/div>\r\n                        <\/div>\r\n\r\n                    <\/div>\r\n\r\n                <\/div>\r\n                \n","protected":false},"excerpt":{"rendered":"<p>Danas su gradske organizacije HSU- i SDP-a predstavile svog kandidata za gradona\u010delnika Metkovi\u0107a na predstoje\u0107im lokalnim izborima. To je Kre\u0161imir Kuran, predsjednik GO SDP-a Metkovi\u0107. U ima svojih gradskih organizacija kandidata su predstavili Sini\u0161a Bebi\u0107, potpredsjednik HSU-a Metkovi\u0107, i Sandi \u0160prlje &#8211; Obradovi\u0107, potpredsjednica SDP-a Metkovi\u0107. Kuran je u svom obra\u0107anju naglasio kako je gradu [&hellip;]<\/p>\n","protected":false},"author":7,"featured_media":36531,"comment_status":"open","ping_status":"open","sticky":false,"template":"","format":"standard","meta":{"footnotes":""},"categories":[283,290],"tags":[],"class_list":{"0":"post-36524","1":"post","2":"type-post","3":"status-publish","4":"format-standard","5":"has-post-thumbnail","7":"category-a","8":"category-politika"},"yoast_head":"<!-- This site is optimized with the Yoast SEO plugin v25.2 - https:\/\/yoast.com\/wordpress\/plugins\/seo\/ -->\n<title>Kre\u0161imir Kuran kandidat HSU-a i SDP-a za gradona\u010delnika Metkovi\u0107a - likemetkovic.hr<\/title>\n<meta name=\"robots\" content=\"index, follow, max-snippet:-1, max-image-preview:large, max-video-preview:-1\" \/>\n<link rel=\"canonical\" href=\"https:\/\/likemetkovic.hr\/kresimir-kuran-kandidat-hsu-a-sdp-a-gradonacelnika-metkovica\/\" \/>\n<meta property=\"og:locale\" content=\"hr_HR\" \/>\n<meta property=\"og:type\" content=\"article\" \/>\n<meta property=\"og:title\" content=\"Kre\u0161imir Kuran kandidat HSU-a i SDP-a za gradona\u010delnika Metkovi\u0107a - likemetkovic.hr\" \/>\n<meta property=\"og:description\" content=\"Danas su gradske organizacije HSU- i SDP-a predstavile svog kandidata za gradona\u010delnika Metkovi\u0107a na predstoje\u0107im lokalnim izborima. To je Kre\u0161imir Kuran, predsjednik GO SDP-a Metkovi\u0107. U ima svojih gradskih organizacija kandidata su predstavili Sini\u0161a Bebi\u0107, potpredsjednik HSU-a Metkovi\u0107, i Sandi \u0160prlje &#8211; Obradovi\u0107, potpredsjednica SDP-a Metkovi\u0107. Kuran je u svom obra\u0107anju naglasio kako je gradu [&hellip;]\" \/>\n<meta property=\"og:url\" content=\"https:\/\/likemetkovic.hr\/kresimir-kuran-kandidat-hsu-a-sdp-a-gradonacelnika-metkovica\/\" \/>\n<meta property=\"og:site_name\" content=\"likemetkovic.hr\" \/>\n<meta property=\"article:publisher\" content=\"https:\/\/www.facebook.com\/likemetkovic.hr\/\" \/>\n<meta property=\"article:published_time\" content=\"2017-02-21T19:58:58+00:00\" \/>\n<meta property=\"article:modified_time\" content=\"2017-02-21T20:14:21+00:00\" \/>\n<meta property=\"og:image\" content=\"https:\/\/likemetkovic.hr\/wp-content\/uploads\/2017\/02\/DSC_0088.jpg\" \/>\n\t<meta property=\"og:image:width\" content=\"1366\" \/>\n\t<meta property=\"og:image:height\" content=\"878\" \/>\n\t<meta property=\"og:image:type\" content=\"image\/jpeg\" \/>\n<meta name=\"author\" content=\"LIKEmetkovic.hr\" \/>\n<meta name=\"twitter:card\" content=\"summary_large_image\" \/>\n<meta name=\"twitter:label1\" content=\"Napisao\/la\" \/>\n\t<meta name=\"twitter:data1\" content=\"LIKEmetkovic.hr\" \/>\n\t<meta name=\"twitter:label2\" content=\"Procijenjeno vrijeme \u010ditanja\" \/>\n\t<meta name=\"twitter:data2\" content=\"1 minuta\" \/>\n<script type=\"application\/ld+json\" class=\"yoast-schema-graph\">{\"@context\":\"https:\/\/schema.org\",\"@graph\":[{\"@type\":\"WebPage\",\"@id\":\"https:\/\/likemetkovic.hr\/kresimir-kuran-kandidat-hsu-a-sdp-a-gradonacelnika-metkovica\/\",\"url\":\"https:\/\/likemetkovic.hr\/kresimir-kuran-kandidat-hsu-a-sdp-a-gradonacelnika-metkovica\/\",\"name\":\"Kre\u0161imir Kuran kandidat HSU-a i SDP-a za gradona\u010delnika Metkovi\u0107a - likemetkovic.hr\",\"isPartOf\":{\"@id\":\"https:\/\/likemetkovic.hr\/#website\"},\"primaryImageOfPage\":{\"@id\":\"https:\/\/likemetkovic.hr\/kresimir-kuran-kandidat-hsu-a-sdp-a-gradonacelnika-metkovica\/#primaryimage\"},\"image\":{\"@id\":\"https:\/\/likemetkovic.hr\/kresimir-kuran-kandidat-hsu-a-sdp-a-gradonacelnika-metkovica\/#primaryimage\"},\"thumbnailUrl\":\"https:\/\/likemetkovic.hr\/portal\/wp-content\/uploads\/2017\/02\/DSC_0088.jpg\",\"datePublished\":\"2017-02-21T19:58:58+00:00\",\"dateModified\":\"2017-02-21T20:14:21+00:00\",\"author\":{\"@id\":\"https:\/\/likemetkovic.hr\/#\/schema\/person\/a42711f3385a0e2be6f7e0443bfb28f0\"},\"breadcrumb\":{\"@id\":\"https:\/\/likemetkovic.hr\/kresimir-kuran-kandidat-hsu-a-sdp-a-gradonacelnika-metkovica\/#breadcrumb\"},\"inLanguage\":\"hr\",\"potentialAction\":[{\"@type\":\"ReadAction\",\"target\":[\"https:\/\/likemetkovic.hr\/kresimir-kuran-kandidat-hsu-a-sdp-a-gradonacelnika-metkovica\/\"]}]},{\"@type\":\"ImageObject\",\"inLanguage\":\"hr\",\"@id\":\"https:\/\/likemetkovic.hr\/kresimir-kuran-kandidat-hsu-a-sdp-a-gradonacelnika-metkovica\/#primaryimage\",\"url\":\"https:\/\/likemetkovic.hr\/portal\/wp-content\/uploads\/2017\/02\/DSC_0088.jpg\",\"contentUrl\":\"https:\/\/likemetkovic.hr\/portal\/wp-content\/uploads\/2017\/02\/DSC_0088.jpg\",\"width\":1366,\"height\":878},{\"@type\":\"BreadcrumbList\",\"@id\":\"https:\/\/likemetkovic.hr\/kresimir-kuran-kandidat-hsu-a-sdp-a-gradonacelnika-metkovica\/#breadcrumb\",\"itemListElement\":[{\"@type\":\"ListItem\",\"position\":1,\"name\":\"Po\u010detna stranica\",\"item\":\"https:\/\/likemetkovic.hr\/portal\/\"},{\"@type\":\"ListItem\",\"position\":2,\"name\":\"Kre\u0161imir Kuran kandidat HSU-a i SDP-a za gradona\u010delnika Metkovi\u0107a\"}]},{\"@type\":\"WebSite\",\"@id\":\"https:\/\/likemetkovic.hr\/#website\",\"url\":\"https:\/\/likemetkovic.hr\/\",\"name\":\"likemetkovic.hr\",\"description\":\"Misli pozitivno... \u010ditaj LIKE\",\"potentialAction\":[{\"@type\":\"SearchAction\",\"target\":{\"@type\":\"EntryPoint\",\"urlTemplate\":\"https:\/\/likemetkovic.hr\/?s={search_term_string}\"},\"query-input\":{\"@type\":\"PropertyValueSpecification\",\"valueRequired\":true,\"valueName\":\"search_term_string\"}}],\"inLanguage\":\"hr\"},{\"@type\":\"Person\",\"@id\":\"https:\/\/likemetkovic.hr\/#\/schema\/person\/a42711f3385a0e2be6f7e0443bfb28f0\",\"name\":\"LIKEmetkovic.hr\",\"sameAs\":[\"http:\/\/likemetkovic.hr\"],\"url\":\"https:\/\/likemetkovic.hr\/portal\/author\/likemetkovic-hr\/\"}]}<\/script>\n<!-- \/ Yoast SEO plugin. -->","yoast_head_json":{"title":"Kre\u0161imir Kuran kandidat HSU-a i SDP-a za gradona\u010delnika Metkovi\u0107a - likemetkovic.hr","robots":{"index":"index","follow":"follow","max-snippet":"max-snippet:-1","max-image-preview":"max-image-preview:large","max-video-preview":"max-video-preview:-1"},"canonical":"https:\/\/likemetkovic.hr\/kresimir-kuran-kandidat-hsu-a-sdp-a-gradonacelnika-metkovica\/","og_locale":"hr_HR","og_type":"article","og_title":"Kre\u0161imir Kuran kandidat HSU-a i SDP-a za gradona\u010delnika Metkovi\u0107a - likemetkovic.hr","og_description":"Danas su gradske organizacije HSU- i SDP-a predstavile svog kandidata za gradona\u010delnika Metkovi\u0107a na predstoje\u0107im lokalnim izborima. To je Kre\u0161imir Kuran, predsjednik GO SDP-a Metkovi\u0107. U ima svojih gradskih organizacija kandidata su predstavili Sini\u0161a Bebi\u0107, potpredsjednik HSU-a Metkovi\u0107, i Sandi \u0160prlje &#8211; Obradovi\u0107, potpredsjednica SDP-a Metkovi\u0107. Kuran je u svom obra\u0107anju naglasio kako je gradu [&hellip;]","og_url":"https:\/\/likemetkovic.hr\/kresimir-kuran-kandidat-hsu-a-sdp-a-gradonacelnika-metkovica\/","og_site_name":"likemetkovic.hr","article_publisher":"https:\/\/www.facebook.com\/likemetkovic.hr\/","article_published_time":"2017-02-21T19:58:58+00:00","article_modified_time":"2017-02-21T20:14:21+00:00","og_image":[{"width":1366,"height":878,"url":"https:\/\/likemetkovic.hr\/wp-content\/uploads\/2017\/02\/DSC_0088.jpg","type":"image\/jpeg"}],"author":"LIKEmetkovic.hr","twitter_card":"summary_large_image","twitter_misc":{"Napisao\/la":"LIKEmetkovic.hr","Procijenjeno vrijeme \u010ditanja":"1 minuta"},"schema":{"@context":"https:\/\/schema.org","@graph":[{"@type":"WebPage","@id":"https:\/\/likemetkovic.hr\/kresimir-kuran-kandidat-hsu-a-sdp-a-gradonacelnika-metkovica\/","url":"https:\/\/likemetkovic.hr\/kresimir-kuran-kandidat-hsu-a-sdp-a-gradonacelnika-metkovica\/","name":"Kre\u0161imir Kuran kandidat HSU-a i SDP-a za gradona\u010delnika Metkovi\u0107a - likemetkovic.hr","isPartOf":{"@id":"https:\/\/likemetkovic.hr\/#website"},"primaryImageOfPage":{"@id":"https:\/\/likemetkovic.hr\/kresimir-kuran-kandidat-hsu-a-sdp-a-gradonacelnika-metkovica\/#primaryimage"},"image":{"@id":"https:\/\/likemetkovic.hr\/kresimir-kuran-kandidat-hsu-a-sdp-a-gradonacelnika-metkovica\/#primaryimage"},"thumbnailUrl":"https:\/\/likemetkovic.hr\/portal\/wp-content\/uploads\/2017\/02\/DSC_0088.jpg","datePublished":"2017-02-21T19:58:58+00:00","dateModified":"2017-02-21T20:14:21+00:00","author":{"@id":"https:\/\/likemetkovic.hr\/#\/schema\/person\/a42711f3385a0e2be6f7e0443bfb28f0"},"breadcrumb":{"@id":"https:\/\/likemetkovic.hr\/kresimir-kuran-kandidat-hsu-a-sdp-a-gradonacelnika-metkovica\/#breadcrumb"},"inLanguage":"hr","potentialAction":[{"@type":"ReadAction","target":["https:\/\/likemetkovic.hr\/kresimir-kuran-kandidat-hsu-a-sdp-a-gradonacelnika-metkovica\/"]}]},{"@type":"ImageObject","inLanguage":"hr","@id":"https:\/\/likemetkovic.hr\/kresimir-kuran-kandidat-hsu-a-sdp-a-gradonacelnika-metkovica\/#primaryimage","url":"https:\/\/likemetkovic.hr\/portal\/wp-content\/uploads\/2017\/02\/DSC_0088.jpg","contentUrl":"https:\/\/likemetkovic.hr\/portal\/wp-content\/uploads\/2017\/02\/DSC_0088.jpg","width":1366,"height":878},{"@type":"BreadcrumbList","@id":"https:\/\/likemetkovic.hr\/kresimir-kuran-kandidat-hsu-a-sdp-a-gradonacelnika-metkovica\/#breadcrumb","itemListElement":[{"@type":"ListItem","position":1,"name":"Po\u010detna stranica","item":"https:\/\/likemetkovic.hr\/portal\/"},{"@type":"ListItem","position":2,"name":"Kre\u0161imir Kuran kandidat HSU-a i SDP-a za gradona\u010delnika Metkovi\u0107a"}]},{"@type":"WebSite","@id":"https:\/\/likemetkovic.hr\/#website","url":"https:\/\/likemetkovic.hr\/","name":"likemetkovic.hr","description":"Misli pozitivno... \u010ditaj LIKE","potentialAction":[{"@type":"SearchAction","target":{"@type":"EntryPoint","urlTemplate":"https:\/\/likemetkovic.hr\/?s={search_term_string}"},"query-input":{"@type":"PropertyValueSpecification","valueRequired":true,"valueName":"search_term_string"}}],"inLanguage":"hr"},{"@type":"Person","@id":"https:\/\/likemetkovic.hr\/#\/schema\/person\/a42711f3385a0e2be6f7e0443bfb28f0","name":"LIKEmetkovic.hr","sameAs":["http:\/\/likemetkovic.hr"],"url":"https:\/\/likemetkovic.hr\/portal\/author\/likemetkovic-hr\/"}]}},"_links":{"self":[{"href":"https:\/\/likemetkovic.hr\/portal\/wp-json\/wp\/v2\/posts\/36524","targetHints":{"allow":["GET"]}}],"collection":[{"href":"https:\/\/likemetkovic.hr\/portal\/wp-json\/wp\/v2\/posts"}],"about":[{"href":"https:\/\/likemetkovic.hr\/portal\/wp-json\/wp\/v2\/types\/post"}],"author":[{"embeddable":true,"href":"https:\/\/likemetkovic.hr\/portal\/wp-json\/wp\/v2\/users\/7"}],"replies":[{"embeddable":true,"href":"https:\/\/likemetkovic.hr\/portal\/wp-json\/wp\/v2\/comments?post=36524"}],"version-history":[{"count":0,"href":"https:\/\/likemetkovic.hr\/portal\/wp-json\/wp\/v2\/posts\/36524\/revisions"}],"wp:featuredmedia":[{"embeddable":true,"href":"https:\/\/likemetkovic.hr\/portal\/wp-json\/wp\/v2\/media\/36531"}],"wp:attachment":[{"href":"https:\/\/likemetkovic.hr\/portal\/wp-json\/wp\/v2\/media?parent=36524"}],"wp:term":[{"taxonomy":"category","embeddable":true,"href":"https:\/\/likemetkovic.hr\/portal\/wp-json\/wp\/v2\/categories?post=36524"},{"taxonomy":"post_tag","embeddable":true,"href":"https:\/\/likemetkovic.hr\/portal\/wp-json\/wp\/v2\/tags?post=36524"}],"curies":[{"name":"wp","href":"https:\/\/api.w.org\/{rel}","templated":true}]}}