{"id":37031,"date":"2017-02-27T18:35:29","date_gmt":"2017-02-27T17:35:29","guid":{"rendered":"http:\/\/likemetkovic.hr\/?p=37031"},"modified":"2017-02-27T18:45:37","modified_gmt":"2017-02-27T17:45:37","slug":"neretvanski-pravasi-izbornom-saboru-hsp-a-zagrebu","status":"publish","type":"post","link":"https:\/\/likemetkovic.hr\/portal\/neretvanski-pravasi-izbornom-saboru-hsp-a-zagrebu\/","title":{"rendered":"Neretvanski Prava\u0161i na izbornom saboru HSP-a u Zagrebu"},"content":{"rendered":"<p>Ovaj vikend u hotelu Interkontinental u Zagrebo\u00a0odr\u017eao se izborni sabor HSP-a na kojem se birao predsjednik stranke te predsjedni\u0161tvo.<\/p>\n<p>Strana\u010dki izaslanici iz cijele Hrvatske za novog predsjednika su izabrali <strong>Karla Star\u010devi\u0107a<\/strong>. Na Saboru su kao izaslanici sudjelovali i neretvanski Prava\u0161i <strong>Tomislav Bubalo<\/strong>, predsjednik HSP-a Metkovi\u0107, <strong>Mario Galov<\/strong>, tajnik HSP-a Metkovi\u0107, te izaslanici HSP-a Slivno-Ravno <strong>Ante Bjeli\u0161<\/strong> i <strong>Dra\u017een Sr\u0161en<\/strong> na \u010delu sa svojim predsjednikom\u00a0<strong>Denisom \u0160e\u0161eljom.<\/strong><\/p>\n<p>Novi predsjednik <strong>Karlo Star\u010devi\u0107<\/strong>, ina\u010de poznati pivar i vlasnik pivovare Li\u010danka na novoj funkciji naslijedio je dosada\u0161njeg predsjednika <strong>Danijela Srba<\/strong> i\u00a0novu \u0107e du\u017enost obna\u0161ati u naredne \u010detiri godine.<\/p>\n<p><img decoding=\"async\" class=\"alignnone size-medium wp-image-37032\" src=\"http:\/\/likemetkovic.hr\/wp-content\/uploads\/2017\/02\/16996021_618579701659516_842884972297926838_n-800x534.jpg\" alt=\"\" width=\"800\" height=\"534\" srcset=\"https:\/\/likemetkovic.hr\/portal\/wp-content\/uploads\/2017\/02\/16996021_618579701659516_842884972297926838_n.jpg 800w, https:\/\/likemetkovic.hr\/portal\/wp-content\/uploads\/2017\/02\/16996021_618579701659516_842884972297926838_n-768x513.jpg 768w, https:\/\/likemetkovic.hr\/portal\/wp-content\/uploads\/2017\/02\/16996021_618579701659516_842884972297926838_n-696x465.jpg 696w, https:\/\/likemetkovic.hr\/portal\/wp-content\/uploads\/2017\/02\/16996021_618579701659516_842884972297926838_n-629x420.jpg 629w\" sizes=\"(max-width: 800px) 100vw, 800px\" \/><\/p>\n","protected":false},"excerpt":{"rendered":"<p>Ovaj vikend u hotelu Interkontinental u Zagrebo\u00a0odr\u017eao se izborni sabor HSP-a na kojem se birao predsjednik stranke te predsjedni\u0161tvo. Strana\u010dki izaslanici iz cijele Hrvatske za novog predsjednika su izabrali Karla Star\u010devi\u0107a. Na Saboru su kao izaslanici sudjelovali i neretvanski Prava\u0161i Tomislav Bubalo, predsjednik HSP-a Metkovi\u0107, Mario Galov, tajnik HSP-a Metkovi\u0107, te izaslanici HSP-a Slivno-Ravno Ante [&hellip;]<\/p>\n","protected":false},"author":7,"featured_media":37032,"comment_status":"open","ping_status":"open","sticky":false,"template":"","format":"standard","meta":{"footnotes":""},"categories":[296,290],"tags":[],"class_list":{"0":"post-37031","1":"post","2":"type-post","3":"status-publish","4":"format-standard","5":"has-post-thumbnail","7":"category-ab","8":"category-politika"},"yoast_head":"<!-- This site is optimized with the Yoast SEO plugin v25.2 - https:\/\/yoast.com\/wordpress\/plugins\/seo\/ -->\n<title>Neretvanski Prava\u0161i na izbornom saboru HSP-a u Zagrebu - likemetkovic.hr<\/title>\n<meta name=\"robots\" content=\"index, follow, max-snippet:-1, max-image-preview:large, max-video-preview:-1\" \/>\n<link rel=\"canonical\" href=\"https:\/\/likemetkovic.hr\/neretvanski-pravasi-izbornom-saboru-hsp-a-zagrebu\/\" \/>\n<meta property=\"og:locale\" content=\"hr_HR\" \/>\n<meta property=\"og:type\" content=\"article\" \/>\n<meta property=\"og:title\" content=\"Neretvanski Prava\u0161i na izbornom saboru HSP-a u Zagrebu - likemetkovic.hr\" \/>\n<meta property=\"og:description\" content=\"Ovaj vikend u hotelu Interkontinental u Zagrebo\u00a0odr\u017eao se izborni sabor HSP-a na kojem se birao predsjednik stranke te predsjedni\u0161tvo. Strana\u010dki izaslanici iz cijele Hrvatske za novog predsjednika su izabrali Karla Star\u010devi\u0107a. Na Saboru su kao izaslanici sudjelovali i neretvanski Prava\u0161i Tomislav Bubalo, predsjednik HSP-a Metkovi\u0107, Mario Galov, tajnik HSP-a Metkovi\u0107, te izaslanici HSP-a Slivno-Ravno Ante [&hellip;]\" \/>\n<meta property=\"og:url\" content=\"https:\/\/likemetkovic.hr\/neretvanski-pravasi-izbornom-saboru-hsp-a-zagrebu\/\" \/>\n<meta property=\"og:site_name\" content=\"likemetkovic.hr\" \/>\n<meta property=\"article:publisher\" content=\"https:\/\/www.facebook.com\/likemetkovic.hr\/\" \/>\n<meta property=\"article:published_time\" content=\"2017-02-27T17:35:29+00:00\" \/>\n<meta property=\"article:modified_time\" content=\"2017-02-27T17:45:37+00:00\" \/>\n<meta property=\"og:image\" content=\"https:\/\/likemetkovic.hr\/wp-content\/uploads\/2017\/02\/16996021_618579701659516_842884972297926838_n.jpg\" \/>\n\t<meta property=\"og:image:width\" content=\"800\" \/>\n\t<meta property=\"og:image:height\" content=\"534\" \/>\n\t<meta property=\"og:image:type\" content=\"image\/jpeg\" \/>\n<meta name=\"author\" content=\"LIKEmetkovic.hr\" \/>\n<meta name=\"twitter:card\" content=\"summary_large_image\" \/>\n<meta name=\"twitter:label1\" content=\"Napisao\/la\" \/>\n\t<meta name=\"twitter:data1\" content=\"LIKEmetkovic.hr\" \/>\n\t<meta name=\"twitter:label2\" content=\"Procijenjeno vrijeme \u010ditanja\" \/>\n\t<meta name=\"twitter:data2\" content=\"1 minuta\" \/>\n<script type=\"application\/ld+json\" class=\"yoast-schema-graph\">{\"@context\":\"https:\/\/schema.org\",\"@graph\":[{\"@type\":\"WebPage\",\"@id\":\"https:\/\/likemetkovic.hr\/neretvanski-pravasi-izbornom-saboru-hsp-a-zagrebu\/\",\"url\":\"https:\/\/likemetkovic.hr\/neretvanski-pravasi-izbornom-saboru-hsp-a-zagrebu\/\",\"name\":\"Neretvanski Prava\u0161i na izbornom saboru HSP-a u Zagrebu - likemetkovic.hr\",\"isPartOf\":{\"@id\":\"https:\/\/likemetkovic.hr\/#website\"},\"primaryImageOfPage\":{\"@id\":\"https:\/\/likemetkovic.hr\/neretvanski-pravasi-izbornom-saboru-hsp-a-zagrebu\/#primaryimage\"},\"image\":{\"@id\":\"https:\/\/likemetkovic.hr\/neretvanski-pravasi-izbornom-saboru-hsp-a-zagrebu\/#primaryimage\"},\"thumbnailUrl\":\"https:\/\/likemetkovic.hr\/portal\/wp-content\/uploads\/2017\/02\/16996021_618579701659516_842884972297926838_n.jpg\",\"datePublished\":\"2017-02-27T17:35:29+00:00\",\"dateModified\":\"2017-02-27T17:45:37+00:00\",\"author\":{\"@id\":\"https:\/\/likemetkovic.hr\/#\/schema\/person\/a42711f3385a0e2be6f7e0443bfb28f0\"},\"breadcrumb\":{\"@id\":\"https:\/\/likemetkovic.hr\/neretvanski-pravasi-izbornom-saboru-hsp-a-zagrebu\/#breadcrumb\"},\"inLanguage\":\"hr\",\"potentialAction\":[{\"@type\":\"ReadAction\",\"target\":[\"https:\/\/likemetkovic.hr\/neretvanski-pravasi-izbornom-saboru-hsp-a-zagrebu\/\"]}]},{\"@type\":\"ImageObject\",\"inLanguage\":\"hr\",\"@id\":\"https:\/\/likemetkovic.hr\/neretvanski-pravasi-izbornom-saboru-hsp-a-zagrebu\/#primaryimage\",\"url\":\"https:\/\/likemetkovic.hr\/portal\/wp-content\/uploads\/2017\/02\/16996021_618579701659516_842884972297926838_n.jpg\",\"contentUrl\":\"https:\/\/likemetkovic.hr\/portal\/wp-content\/uploads\/2017\/02\/16996021_618579701659516_842884972297926838_n.jpg\",\"width\":800,\"height\":534},{\"@type\":\"BreadcrumbList\",\"@id\":\"https:\/\/likemetkovic.hr\/neretvanski-pravasi-izbornom-saboru-hsp-a-zagrebu\/#breadcrumb\",\"itemListElement\":[{\"@type\":\"ListItem\",\"position\":1,\"name\":\"Po\u010detna stranica\",\"item\":\"https:\/\/likemetkovic.hr\/portal\/\"},{\"@type\":\"ListItem\",\"position\":2,\"name\":\"Neretvanski Prava\u0161i na izbornom saboru HSP-a u Zagrebu\"}]},{\"@type\":\"WebSite\",\"@id\":\"https:\/\/likemetkovic.hr\/#website\",\"url\":\"https:\/\/likemetkovic.hr\/\",\"name\":\"likemetkovic.hr\",\"description\":\"Misli pozitivno... \u010ditaj LIKE\",\"potentialAction\":[{\"@type\":\"SearchAction\",\"target\":{\"@type\":\"EntryPoint\",\"urlTemplate\":\"https:\/\/likemetkovic.hr\/?s={search_term_string}\"},\"query-input\":{\"@type\":\"PropertyValueSpecification\",\"valueRequired\":true,\"valueName\":\"search_term_string\"}}],\"inLanguage\":\"hr\"},{\"@type\":\"Person\",\"@id\":\"https:\/\/likemetkovic.hr\/#\/schema\/person\/a42711f3385a0e2be6f7e0443bfb28f0\",\"name\":\"LIKEmetkovic.hr\",\"sameAs\":[\"http:\/\/likemetkovic.hr\"],\"url\":\"https:\/\/likemetkovic.hr\/portal\/author\/likemetkovic-hr\/\"}]}<\/script>\n<!-- \/ Yoast SEO plugin. -->","yoast_head_json":{"title":"Neretvanski Prava\u0161i na izbornom saboru HSP-a u Zagrebu - likemetkovic.hr","robots":{"index":"index","follow":"follow","max-snippet":"max-snippet:-1","max-image-preview":"max-image-preview:large","max-video-preview":"max-video-preview:-1"},"canonical":"https:\/\/likemetkovic.hr\/neretvanski-pravasi-izbornom-saboru-hsp-a-zagrebu\/","og_locale":"hr_HR","og_type":"article","og_title":"Neretvanski Prava\u0161i na izbornom saboru HSP-a u Zagrebu - likemetkovic.hr","og_description":"Ovaj vikend u hotelu Interkontinental u Zagrebo\u00a0odr\u017eao se izborni sabor HSP-a na kojem se birao predsjednik stranke te predsjedni\u0161tvo. Strana\u010dki izaslanici iz cijele Hrvatske za novog predsjednika su izabrali Karla Star\u010devi\u0107a. Na Saboru su kao izaslanici sudjelovali i neretvanski Prava\u0161i Tomislav Bubalo, predsjednik HSP-a Metkovi\u0107, Mario Galov, tajnik HSP-a Metkovi\u0107, te izaslanici HSP-a Slivno-Ravno Ante [&hellip;]","og_url":"https:\/\/likemetkovic.hr\/neretvanski-pravasi-izbornom-saboru-hsp-a-zagrebu\/","og_site_name":"likemetkovic.hr","article_publisher":"https:\/\/www.facebook.com\/likemetkovic.hr\/","article_published_time":"2017-02-27T17:35:29+00:00","article_modified_time":"2017-02-27T17:45:37+00:00","og_image":[{"width":800,"height":534,"url":"https:\/\/likemetkovic.hr\/wp-content\/uploads\/2017\/02\/16996021_618579701659516_842884972297926838_n.jpg","type":"image\/jpeg"}],"author":"LIKEmetkovic.hr","twitter_card":"summary_large_image","twitter_misc":{"Napisao\/la":"LIKEmetkovic.hr","Procijenjeno vrijeme \u010ditanja":"1 minuta"},"schema":{"@context":"https:\/\/schema.org","@graph":[{"@type":"WebPage","@id":"https:\/\/likemetkovic.hr\/neretvanski-pravasi-izbornom-saboru-hsp-a-zagrebu\/","url":"https:\/\/likemetkovic.hr\/neretvanski-pravasi-izbornom-saboru-hsp-a-zagrebu\/","name":"Neretvanski Prava\u0161i na izbornom saboru HSP-a u Zagrebu - likemetkovic.hr","isPartOf":{"@id":"https:\/\/likemetkovic.hr\/#website"},"primaryImageOfPage":{"@id":"https:\/\/likemetkovic.hr\/neretvanski-pravasi-izbornom-saboru-hsp-a-zagrebu\/#primaryimage"},"image":{"@id":"https:\/\/likemetkovic.hr\/neretvanski-pravasi-izbornom-saboru-hsp-a-zagrebu\/#primaryimage"},"thumbnailUrl":"https:\/\/likemetkovic.hr\/portal\/wp-content\/uploads\/2017\/02\/16996021_618579701659516_842884972297926838_n.jpg","datePublished":"2017-02-27T17:35:29+00:00","dateModified":"2017-02-27T17:45:37+00:00","author":{"@id":"https:\/\/likemetkovic.hr\/#\/schema\/person\/a42711f3385a0e2be6f7e0443bfb28f0"},"breadcrumb":{"@id":"https:\/\/likemetkovic.hr\/neretvanski-pravasi-izbornom-saboru-hsp-a-zagrebu\/#breadcrumb"},"inLanguage":"hr","potentialAction":[{"@type":"ReadAction","target":["https:\/\/likemetkovic.hr\/neretvanski-pravasi-izbornom-saboru-hsp-a-zagrebu\/"]}]},{"@type":"ImageObject","inLanguage":"hr","@id":"https:\/\/likemetkovic.hr\/neretvanski-pravasi-izbornom-saboru-hsp-a-zagrebu\/#primaryimage","url":"https:\/\/likemetkovic.hr\/portal\/wp-content\/uploads\/2017\/02\/16996021_618579701659516_842884972297926838_n.jpg","contentUrl":"https:\/\/likemetkovic.hr\/portal\/wp-content\/uploads\/2017\/02\/16996021_618579701659516_842884972297926838_n.jpg","width":800,"height":534},{"@type":"BreadcrumbList","@id":"https:\/\/likemetkovic.hr\/neretvanski-pravasi-izbornom-saboru-hsp-a-zagrebu\/#breadcrumb","itemListElement":[{"@type":"ListItem","position":1,"name":"Po\u010detna stranica","item":"https:\/\/likemetkovic.hr\/portal\/"},{"@type":"ListItem","position":2,"name":"Neretvanski Prava\u0161i na izbornom saboru HSP-a u Zagrebu"}]},{"@type":"WebSite","@id":"https:\/\/likemetkovic.hr\/#website","url":"https:\/\/likemetkovic.hr\/","name":"likemetkovic.hr","description":"Misli pozitivno... \u010ditaj LIKE","potentialAction":[{"@type":"SearchAction","target":{"@type":"EntryPoint","urlTemplate":"https:\/\/likemetkovic.hr\/?s={search_term_string}"},"query-input":{"@type":"PropertyValueSpecification","valueRequired":true,"valueName":"search_term_string"}}],"inLanguage":"hr"},{"@type":"Person","@id":"https:\/\/likemetkovic.hr\/#\/schema\/person\/a42711f3385a0e2be6f7e0443bfb28f0","name":"LIKEmetkovic.hr","sameAs":["http:\/\/likemetkovic.hr"],"url":"https:\/\/likemetkovic.hr\/portal\/author\/likemetkovic-hr\/"}]}},"_links":{"self":[{"href":"https:\/\/likemetkovic.hr\/portal\/wp-json\/wp\/v2\/posts\/37031","targetHints":{"allow":["GET"]}}],"collection":[{"href":"https:\/\/likemetkovic.hr\/portal\/wp-json\/wp\/v2\/posts"}],"about":[{"href":"https:\/\/likemetkovic.hr\/portal\/wp-json\/wp\/v2\/types\/post"}],"author":[{"embeddable":true,"href":"https:\/\/likemetkovic.hr\/portal\/wp-json\/wp\/v2\/users\/7"}],"replies":[{"embeddable":true,"href":"https:\/\/likemetkovic.hr\/portal\/wp-json\/wp\/v2\/comments?post=37031"}],"version-history":[{"count":0,"href":"https:\/\/likemetkovic.hr\/portal\/wp-json\/wp\/v2\/posts\/37031\/revisions"}],"wp:featuredmedia":[{"embeddable":true,"href":"https:\/\/likemetkovic.hr\/portal\/wp-json\/wp\/v2\/media\/37032"}],"wp:attachment":[{"href":"https:\/\/likemetkovic.hr\/portal\/wp-json\/wp\/v2\/media?parent=37031"}],"wp:term":[{"taxonomy":"category","embeddable":true,"href":"https:\/\/likemetkovic.hr\/portal\/wp-json\/wp\/v2\/categories?post=37031"},{"taxonomy":"post_tag","embeddable":true,"href":"https:\/\/likemetkovic.hr\/portal\/wp-json\/wp\/v2\/tags?post=37031"}],"curies":[{"name":"wp","href":"https:\/\/api.w.org\/{rel}","templated":true}]}}