{"id":37035,"date":"2017-02-28T08:49:18","date_gmt":"2017-02-28T07:49:18","guid":{"rendered":"http:\/\/likemetkovic.hr\/?p=37035"},"modified":"2018-06-06T10:57:00","modified_gmt":"2018-06-06T08:57:00","slug":"odrzan-okrugli-stol-temu-otac-ante-gabric","status":"publish","type":"post","link":"https:\/\/likemetkovic.hr\/portal\/odrzan-okrugli-stol-temu-otac-ante-gabric\/","title":{"rendered":"[FOTO] Odr\u017ean okrugli stol na temu Otac Ante Gabri\u0107"},"content":{"rendered":"<p align=\"justify\"><span style=\"font-family: Verdana;\">Povodom obilje\u017eavanja <i>Dana oca Ante Gabri\u0107a<\/i> u subotu je u GKS-u odr\u017ean okrugli stol u \u010dast tom velikom misionaru i humanitarcu. Na po\u010detku je okupljene pozdravila gradona\u010delnica Katarina Ujdur koja se kratko osvrnula na \u017eivot oca Ante Gabri\u0107a, njegova dobro\u010dinstva i misionarstvo te zahvalila svim sudionicima koji su toj manifestaciji dali svoj pridonos.<\/span><\/p>\n<p class=\"vijest2\">\u2013 \u017dupe sv. Ilije Proroka i sv. Nikole Biskupa zajedni\u010dkom molitvom i suradnjom \u010duvaju uspomenu na oca Antu i nastoje stvoriti pozitivnu klimu u nadi da se proglasi bla\u017eenim \u2013 rekla je Ivana \u010carapina, suorganizatorica i moderatorica Okrugloga stola.<\/p>\n<p class=\"vijest2\">Don Davor Biland\u017ei\u0107, \u017eupnik \u017dupe sv. Nikole Biskupa, u \u010dijem sklopu djeluje Pastoralni centar <i>Otac Ante Gabri\u0107<\/i>, nije krio zadovoljstvo \u0161to Metkovi\u0107 nastoji o\u010duvati sje\u0107anje na o. Antu te spomenutom manifestacijom sve podignuti na jo\u0161 vi\u0161u razinu.<\/p>\n<p class=\"vijest2\">Druga suorganizatorica Vanja Gabri\u0107 govorila je o va\u017enosti odr\u017eavanja te manifestacije te kako stvoriti tradiciju obilje\u017eavanja <i>Dana oca Ante Gabri\u0107a<\/i> kroz humanitarne, znanstvene i me\u0111unarodne aktivnosti.<\/p>\n<p class=\"vijest2\">Dr. sc. Ivana Orai\u0107 Rabu\u0161i\u0107 iz metkovske podru\u017enice instituta za hrvatski jezik i jezikoslovlje govorila je o religijskom pravopisu kao posebnom pravopisu i o nastojanju Instituta u daljnjem radu na religijskom rje\u010dniku.<\/p>\n<p class=\"vijest2\">Ivana \u010carapina je govorila je o Gabri\u0107evu odnosu prema drugima, posebno prema djeci, a zahvaljuju\u0107i njemu tisu\u0107e djece iz Hrvatske pomagalo je djeci iz Indije.<\/p>\n<p class=\"vijest2\">Ravnateljica O\u0160 S. Radi\u0107a Bo\u017eena Nikoleti\u0107 istaknula je da je otac Ante Gabri\u0107 volio graditi \u0161kole i time nastojao djeci omogu\u0107iti obrazovanje pa je prema tome du\u017enost na\u0161e \u0161kole kao obrazovne institucije informirati djecu i mlade kako bi naslijedili njegovu viziju \u017eivota. Tako\u0111er je naglasila va\u017enost ovakvih programa i aktivnosti koji \u0107e postati kapital za budu\u0107nost grada te stvoriti ozra\u010dje u kojem \u0107e metkovske \u0161kole <i>gorjeti za na\u0161ega Oca<\/i>.<\/p>\n<p class=\"vijest2\">Nikolina Vugdelija je rekla da joj je velika \u010dast govoriti o Ocu jer ga pamti iz djetinjstva, te se osvrnula na njegove poruke koje i danas \u017eive i mogu nam pomo\u0107i u odgoju djece. Okupljeni su se slo\u017eili da treba ustrajati u informiranju djece i mladih kako bi i budu\u0107i nara\u0161taji upoznali Gabri\u0107ev \u017eivot i djelo.<\/p>\n<p class=\"vijest2\">Violeta Or\u0161uli\u0107 iz S\u0160 Metkovi\u0107 predstavila je Udrugu mladih oca Ante Gabri\u0107a kojom se nastoji pomo\u0107i u\u010denicima s posebnim potrebama i socijalno ugro\u017eenim u\u010denicima, tako\u0111er je izrazila \u017eelju da njegova rodna ku\u0107a postane memorijalni centar.<\/p>\n<p class=\"vijest2\">Direktorica Turisti\u010dke zajednice Magdalena Ujdur govorila je o tome kako turisti\u010dka zajednica mo\u017ee dati svoj doprinos da bi turisti dobili bolje informacije.<\/p>\n<p class=\"vijest2\">Martina Pa\u010di\u0107 govorila je o studiji <i>Religija, filozofija i jezik u \u017eivotu, oca Ante Gabri\u0107a<\/i>, koju je radila Gimnazija Metkovi\u0107, gostovanju zborova IV. Gimnazije Marka Maruli\u0107a iz Splita i Umjetni\u010dke \u0161kole Luka Sorko\u010devi\u0107 iz Dubrovnika, nizu u\u010deni\u010dkih radova te suradnji s Gimnazijom u Travniku gdje se \u0161kolovao otac Ante Gabri\u0107. Travni\u010dani su poslali svoj istra\u017eiva\u010dki rad, esej i snimili video.<\/p>\n<p class=\"vijest2\">Goran Mati\u0107 je govorio o ulozi kulture i kazali\u0161ta u manifestaciji te predstavi <i>Preko reda<\/i> i recitali <i>Otac Ante neretvanski<\/i>, kojima je on autor.<\/p>\n<p class=\"vijest2\">Vatro Markoti\u0107 je govorio o dugogodi\u0161njoj suradnji na kazali\u0161nim daskama s pok. Ljubom Jeramaz, sestrom oca Ante Gabri\u0107a, preko koje je doznao zna\u010dajne podatke o ocu Anti Gabri\u0107u.<\/p>\n<p class=\"vijest2\">Marinka Jurkovi\u0107 je govorila o ulozi Osnovne \u0161kole don Mihovila Pavlinovi\u0107a u obilje\u017eavanju Dana oca Ante Gabri\u0107a i suradnji \u0161kola.<\/p>\n<p class=\"vijest2\">Anka Veraja je opisala dugogodi\u0161nje djelovanje Molitvene zajednice Bijeli Vir. Zbog zdravstvenoga stanja dr. sc. Ivan Juri\u0107 nije mogao nazo\u010diti Okruglom stolu pa je njegov rad o promociji Knjige pisama, koja je bila u Zagrebu u vrijeme stogodi\u0161njice i otvaranja kauze za progla\u0161enje bla\u017eenim oca Ante Gabri\u0107a, pro\u010ditala Ivana \u010carapina.<\/p>\n<p class=\"vijest2\">Bo\u017eo Ivi\u0107 je govorio o ure\u0111enju grada i prostora oko ku\u0107e oca Ante Gabri\u0107a, koji trebaju biti na razini dobro organiziranoga i kulturnoga grada.<\/p>\n<p class=\"vijest2\">Na Okruglom stolu sudjelovali su i predstavnici dviju vrlo aktivnih metkovskih udruga koje skrbe o starijim i nemo\u0107nim osobama te o osobama s invaliditetom. To su Udruga &#8216;Otac Ante Gabri\u0107&#8217; i Udruga osoba s invaliditetom &#8216;Prijatelj&#8217;.\u00a0\/metkovic.hr\/<\/p>\n\r\n                <style type=\"text\/css\">\r\n                    \r\n                    #tdi_1  .td-doubleSlider-2 .td-item1 {\r\n                        background: url(https:\/\/likemetkovic.hr\/portal\/wp-content\/uploads\/2017\/02\/okrugliAG250217-5-80x60.jpg) 0 0 no-repeat;\r\n                    }\r\n                    #tdi_1  .td-doubleSlider-2 .td-item2 {\r\n                        background: url(https:\/\/likemetkovic.hr\/portal\/wp-content\/uploads\/2017\/02\/okrugliAG250217-7-80x60.jpg) 0 0 no-repeat;\r\n                    }\r\n                    #tdi_1  .td-doubleSlider-2 .td-item3 {\r\n                        background: url(https:\/\/likemetkovic.hr\/portal\/wp-content\/uploads\/2017\/02\/okrugliAG250217-9-80x60.jpg) 0 0 no-repeat;\r\n                    }\r\n                    #tdi_1  .td-doubleSlider-2 .td-item4 {\r\n                        background: url(https:\/\/likemetkovic.hr\/portal\/wp-content\/uploads\/2017\/02\/okrugliAG250217-10-80x60.jpg) 0 0 no-repeat;\r\n                    }\r\n                <\/style>\r\n\r\n                <div id=\"tdi_1\" class=\"td-gallery td-slide-on-2-columns\">\r\n                    <div class=\"post_td_gallery\">\r\n                        <div class=\"td-gallery-slide-top\">\r\n                           <div class=\"td-gallery-title\"><\/div>\r\n\r\n                            <div class=\"td-gallery-controls-wrapper\">\r\n                                <div class=\"td-gallery-slide-count\"><span class=\"td-gallery-slide-item-focus\">1<\/span> of 4<\/div>\r\n                                <div class=\"td-gallery-slide-prev-next-but\">\r\n                                    <i class = \"td-icon-left doubleSliderPrevButton\"><\/i>\r\n                                    <i class = \"td-icon-right doubleSliderNextButton\"><\/i>\r\n                                <\/div>\r\n                            <\/div>\r\n                        <\/div>\r\n\r\n                        <div class = \"td-doubleSlider-1 \">\r\n                            <div class = \"td-slider\">\r\n                                \r\n                    <div class = \"td-slide-item td-item1\">\r\n                        <figure class=\"td-slide-galery-figure td-slide-popup-gallery\">\r\n                            <a class=\"slide-gallery-image-link\" href=\"https:\/\/likemetkovic.hr\/portal\/wp-content\/uploads\/2017\/02\/okrugliAG250217-5.jpg\" title=\"_okrugliAG250217-5\"  data-caption=\"\"  data-description=\"\">\r\n                                <img decoding=\"async\" src=\"https:\/\/likemetkovic.hr\/portal\/wp-content\/uploads\/2017\/02\/okrugliAG250217-5-630x420.jpg\" srcset=\"https:\/\/likemetkovic.hr\/portal\/wp-content\/uploads\/2017\/02\/okrugliAG250217-5-630x420.jpg 630w, https:\/\/likemetkovic.hr\/portal\/wp-content\/uploads\/2017\/02\/okrugliAG250217-5-800x533.jpg 800w, https:\/\/likemetkovic.hr\/portal\/wp-content\/uploads\/2017\/02\/okrugliAG250217-5-768x512.jpg 768w, https:\/\/likemetkovic.hr\/portal\/wp-content\/uploads\/2017\/02\/okrugliAG250217-5-696x464.jpg 696w, https:\/\/likemetkovic.hr\/portal\/wp-content\/uploads\/2017\/02\/okrugliAG250217-5.jpg 900w\" sizes=\"(max-width: 630px) 100vw, 630px\" alt=\"\">\r\n                            <\/a>\r\n                            \r\n                        <\/figure>\r\n                    <\/div>\r\n                    <div class = \"td-slide-item td-item2\">\r\n                        <figure class=\"td-slide-galery-figure td-slide-popup-gallery\">\r\n                            <a class=\"slide-gallery-image-link\" href=\"https:\/\/likemetkovic.hr\/portal\/wp-content\/uploads\/2017\/02\/okrugliAG250217-7.jpg\" title=\"_okrugliAG250217-7\"  data-caption=\"\"  data-description=\"\">\r\n                                <img decoding=\"async\" src=\"https:\/\/likemetkovic.hr\/portal\/wp-content\/uploads\/2017\/02\/okrugliAG250217-7-630x420.jpg\" srcset=\"https:\/\/likemetkovic.hr\/portal\/wp-content\/uploads\/2017\/02\/okrugliAG250217-7-630x420.jpg 630w, https:\/\/likemetkovic.hr\/portal\/wp-content\/uploads\/2017\/02\/okrugliAG250217-7-800x533.jpg 800w, https:\/\/likemetkovic.hr\/portal\/wp-content\/uploads\/2017\/02\/okrugliAG250217-7-768x512.jpg 768w, https:\/\/likemetkovic.hr\/portal\/wp-content\/uploads\/2017\/02\/okrugliAG250217-7-696x464.jpg 696w, https:\/\/likemetkovic.hr\/portal\/wp-content\/uploads\/2017\/02\/okrugliAG250217-7.jpg 900w\" sizes=\"(max-width: 630px) 100vw, 630px\" alt=\"\">\r\n                            <\/a>\r\n                            \r\n                        <\/figure>\r\n                    <\/div>\r\n                    <div class = \"td-slide-item td-item3\">\r\n                        <figure class=\"td-slide-galery-figure td-slide-popup-gallery\">\r\n                            <a class=\"slide-gallery-image-link\" href=\"https:\/\/likemetkovic.hr\/portal\/wp-content\/uploads\/2017\/02\/okrugliAG250217-9.jpg\" title=\"_okrugliAG250217-9\"  data-caption=\"\"  data-description=\"\">\r\n                                <img decoding=\"async\" src=\"https:\/\/likemetkovic.hr\/portal\/wp-content\/uploads\/2017\/02\/okrugliAG250217-9-630x420.jpg\" srcset=\"https:\/\/likemetkovic.hr\/portal\/wp-content\/uploads\/2017\/02\/okrugliAG250217-9-630x420.jpg 630w, https:\/\/likemetkovic.hr\/portal\/wp-content\/uploads\/2017\/02\/okrugliAG250217-9-800x533.jpg 800w, https:\/\/likemetkovic.hr\/portal\/wp-content\/uploads\/2017\/02\/okrugliAG250217-9-768x512.jpg 768w, https:\/\/likemetkovic.hr\/portal\/wp-content\/uploads\/2017\/02\/okrugliAG250217-9-696x464.jpg 696w, https:\/\/likemetkovic.hr\/portal\/wp-content\/uploads\/2017\/02\/okrugliAG250217-9.jpg 900w\" sizes=\"(max-width: 630px) 100vw, 630px\" alt=\"\">\r\n                            <\/a>\r\n                            \r\n                        <\/figure>\r\n                    <\/div>\r\n                    <div class = \"td-slide-item td-item4\">\r\n                        <figure class=\"td-slide-galery-figure td-slide-popup-gallery\">\r\n                            <a class=\"slide-gallery-image-link\" href=\"https:\/\/likemetkovic.hr\/portal\/wp-content\/uploads\/2017\/02\/okrugliAG250217-10.jpg\" title=\"_okrugliAG250217-10\"  data-caption=\"\"  data-description=\"\">\r\n                                <img decoding=\"async\" src=\"https:\/\/likemetkovic.hr\/portal\/wp-content\/uploads\/2017\/02\/okrugliAG250217-10-630x420.jpg\" srcset=\"https:\/\/likemetkovic.hr\/portal\/wp-content\/uploads\/2017\/02\/okrugliAG250217-10-630x420.jpg 630w, https:\/\/likemetkovic.hr\/portal\/wp-content\/uploads\/2017\/02\/okrugliAG250217-10-800x533.jpg 800w, https:\/\/likemetkovic.hr\/portal\/wp-content\/uploads\/2017\/02\/okrugliAG250217-10-768x512.jpg 768w, https:\/\/likemetkovic.hr\/portal\/wp-content\/uploads\/2017\/02\/okrugliAG250217-10-696x464.jpg 696w, https:\/\/likemetkovic.hr\/portal\/wp-content\/uploads\/2017\/02\/okrugliAG250217-10.jpg 900w\" sizes=\"(max-width: 630px) 100vw, 630px\" alt=\"\">\r\n                            <\/a>\r\n                            \r\n                        <\/figure>\r\n                    <\/div>\r\n                            <\/div>\r\n                        <\/div>\r\n\r\n                        <div class = \"td-doubleSlider-2\">\r\n                            <div class = \"td-slider\">\r\n                                \r\n                    <div class = \"td-button td-item1\">\r\n                        <div class = \"td-border\"><\/div>\r\n                    <\/div>\r\n                    <div class = \"td-button td-item2\">\r\n                        <div class = \"td-border\"><\/div>\r\n                    <\/div>\r\n                    <div class = \"td-button td-item3\">\r\n                        <div class = \"td-border\"><\/div>\r\n                    <\/div>\r\n                    <div class = \"td-button td-item4\">\r\n                        <div class = \"td-border\"><\/div>\r\n                    <\/div>\r\n                            <\/div>\r\n                        <\/div>\r\n\r\n                    <\/div>\r\n\r\n                <\/div>\r\n                \n","protected":false},"excerpt":{"rendered":"<p>Povodom obilje\u017eavanja Dana oca Ante Gabri\u0107a u subotu je u GKS-u odr\u017ean okrugli stol u \u010dast tom velikom misionaru i humanitarcu. Na po\u010detku je okupljene pozdravila gradona\u010delnica Katarina Ujdur koja se kratko osvrnula na \u017eivot oca Ante Gabri\u0107a, njegova dobro\u010dinstva i misionarstvo te zahvalila svim sudionicima koji su toj manifestaciji dali svoj pridonos. \u2013 \u017dupe [&hellip;]<\/p>\n","protected":false},"author":7,"featured_media":37041,"comment_status":"open","ping_status":"open","sticky":false,"template":"","format":"standard","meta":{"footnotes":""},"categories":[283,11],"tags":[],"class_list":{"0":"post-37035","1":"post","2":"type-post","3":"status-publish","4":"format-standard","5":"has-post-thumbnail","7":"category-a","8":"category-metkovic-dolina"},"yoast_head":"<!-- This site is optimized with the Yoast SEO plugin v25.2 - https:\/\/yoast.com\/wordpress\/plugins\/seo\/ -->\n<title>[FOTO] Odr\u017ean okrugli stol na temu Otac Ante Gabri\u0107 - likemetkovic.hr<\/title>\n<meta name=\"robots\" content=\"index, follow, max-snippet:-1, max-image-preview:large, max-video-preview:-1\" \/>\n<link rel=\"canonical\" href=\"https:\/\/likemetkovic.hr\/odrzan-okrugli-stol-temu-otac-ante-gabric\/\" \/>\n<meta property=\"og:locale\" content=\"hr_HR\" \/>\n<meta property=\"og:type\" content=\"article\" \/>\n<meta property=\"og:title\" content=\"[FOTO] Odr\u017ean okrugli stol na temu Otac Ante Gabri\u0107 - likemetkovic.hr\" \/>\n<meta property=\"og:description\" content=\"Povodom obilje\u017eavanja Dana oca Ante Gabri\u0107a u subotu je u GKS-u odr\u017ean okrugli stol u \u010dast tom velikom misionaru i humanitarcu. Na po\u010detku je okupljene pozdravila gradona\u010delnica Katarina Ujdur koja se kratko osvrnula na \u017eivot oca Ante Gabri\u0107a, njegova dobro\u010dinstva i misionarstvo te zahvalila svim sudionicima koji su toj manifestaciji dali svoj pridonos. \u2013 \u017dupe [&hellip;]\" \/>\n<meta property=\"og:url\" content=\"https:\/\/likemetkovic.hr\/odrzan-okrugli-stol-temu-otac-ante-gabric\/\" \/>\n<meta property=\"og:site_name\" content=\"likemetkovic.hr\" \/>\n<meta property=\"article:publisher\" content=\"https:\/\/www.facebook.com\/likemetkovic.hr\/\" \/>\n<meta property=\"article:published_time\" content=\"2017-02-28T07:49:18+00:00\" \/>\n<meta property=\"article:modified_time\" content=\"2018-06-06T08:57:00+00:00\" \/>\n<meta property=\"og:image\" content=\"https:\/\/likemetkovic.hr\/wp-content\/uploads\/2017\/02\/okrugliAG250217-7.jpg\" \/>\n\t<meta property=\"og:image:width\" content=\"900\" \/>\n\t<meta property=\"og:image:height\" content=\"600\" \/>\n\t<meta property=\"og:image:type\" content=\"image\/jpeg\" \/>\n<meta name=\"author\" content=\"LIKEmetkovic.hr\" \/>\n<meta name=\"twitter:card\" content=\"summary_large_image\" \/>\n<meta name=\"twitter:label1\" content=\"Napisao\/la\" \/>\n\t<meta name=\"twitter:data1\" content=\"LIKEmetkovic.hr\" \/>\n\t<meta name=\"twitter:label2\" content=\"Procijenjeno vrijeme \u010ditanja\" \/>\n\t<meta name=\"twitter:data2\" content=\"4 minute\" \/>\n<script type=\"application\/ld+json\" class=\"yoast-schema-graph\">{\"@context\":\"https:\/\/schema.org\",\"@graph\":[{\"@type\":\"WebPage\",\"@id\":\"https:\/\/likemetkovic.hr\/odrzan-okrugli-stol-temu-otac-ante-gabric\/\",\"url\":\"https:\/\/likemetkovic.hr\/odrzan-okrugli-stol-temu-otac-ante-gabric\/\",\"name\":\"[FOTO] Odr\u017ean okrugli stol na temu Otac Ante Gabri\u0107 - likemetkovic.hr\",\"isPartOf\":{\"@id\":\"https:\/\/likemetkovic.hr\/#website\"},\"primaryImageOfPage\":{\"@id\":\"https:\/\/likemetkovic.hr\/odrzan-okrugli-stol-temu-otac-ante-gabric\/#primaryimage\"},\"image\":{\"@id\":\"https:\/\/likemetkovic.hr\/odrzan-okrugli-stol-temu-otac-ante-gabric\/#primaryimage\"},\"thumbnailUrl\":\"https:\/\/likemetkovic.hr\/portal\/wp-content\/uploads\/2017\/02\/okrugliAG250217-7.jpg\",\"datePublished\":\"2017-02-28T07:49:18+00:00\",\"dateModified\":\"2018-06-06T08:57:00+00:00\",\"author\":{\"@id\":\"https:\/\/likemetkovic.hr\/#\/schema\/person\/a42711f3385a0e2be6f7e0443bfb28f0\"},\"breadcrumb\":{\"@id\":\"https:\/\/likemetkovic.hr\/odrzan-okrugli-stol-temu-otac-ante-gabric\/#breadcrumb\"},\"inLanguage\":\"hr\",\"potentialAction\":[{\"@type\":\"ReadAction\",\"target\":[\"https:\/\/likemetkovic.hr\/odrzan-okrugli-stol-temu-otac-ante-gabric\/\"]}]},{\"@type\":\"ImageObject\",\"inLanguage\":\"hr\",\"@id\":\"https:\/\/likemetkovic.hr\/odrzan-okrugli-stol-temu-otac-ante-gabric\/#primaryimage\",\"url\":\"https:\/\/likemetkovic.hr\/portal\/wp-content\/uploads\/2017\/02\/okrugliAG250217-7.jpg\",\"contentUrl\":\"https:\/\/likemetkovic.hr\/portal\/wp-content\/uploads\/2017\/02\/okrugliAG250217-7.jpg\",\"width\":900,\"height\":600},{\"@type\":\"BreadcrumbList\",\"@id\":\"https:\/\/likemetkovic.hr\/odrzan-okrugli-stol-temu-otac-ante-gabric\/#breadcrumb\",\"itemListElement\":[{\"@type\":\"ListItem\",\"position\":1,\"name\":\"Po\u010detna stranica\",\"item\":\"https:\/\/likemetkovic.hr\/portal\/\"},{\"@type\":\"ListItem\",\"position\":2,\"name\":\"[FOTO] Odr\u017ean okrugli stol na temu Otac Ante Gabri\u0107\"}]},{\"@type\":\"WebSite\",\"@id\":\"https:\/\/likemetkovic.hr\/#website\",\"url\":\"https:\/\/likemetkovic.hr\/\",\"name\":\"likemetkovic.hr\",\"description\":\"Misli pozitivno... \u010ditaj LIKE\",\"potentialAction\":[{\"@type\":\"SearchAction\",\"target\":{\"@type\":\"EntryPoint\",\"urlTemplate\":\"https:\/\/likemetkovic.hr\/?s={search_term_string}\"},\"query-input\":{\"@type\":\"PropertyValueSpecification\",\"valueRequired\":true,\"valueName\":\"search_term_string\"}}],\"inLanguage\":\"hr\"},{\"@type\":\"Person\",\"@id\":\"https:\/\/likemetkovic.hr\/#\/schema\/person\/a42711f3385a0e2be6f7e0443bfb28f0\",\"name\":\"LIKEmetkovic.hr\",\"sameAs\":[\"http:\/\/likemetkovic.hr\"],\"url\":\"https:\/\/likemetkovic.hr\/portal\/author\/likemetkovic-hr\/\"}]}<\/script>\n<!-- \/ Yoast SEO plugin. -->","yoast_head_json":{"title":"[FOTO] Odr\u017ean okrugli stol na temu Otac Ante Gabri\u0107 - likemetkovic.hr","robots":{"index":"index","follow":"follow","max-snippet":"max-snippet:-1","max-image-preview":"max-image-preview:large","max-video-preview":"max-video-preview:-1"},"canonical":"https:\/\/likemetkovic.hr\/odrzan-okrugli-stol-temu-otac-ante-gabric\/","og_locale":"hr_HR","og_type":"article","og_title":"[FOTO] Odr\u017ean okrugli stol na temu Otac Ante Gabri\u0107 - likemetkovic.hr","og_description":"Povodom obilje\u017eavanja Dana oca Ante Gabri\u0107a u subotu je u GKS-u odr\u017ean okrugli stol u \u010dast tom velikom misionaru i humanitarcu. Na po\u010detku je okupljene pozdravila gradona\u010delnica Katarina Ujdur koja se kratko osvrnula na \u017eivot oca Ante Gabri\u0107a, njegova dobro\u010dinstva i misionarstvo te zahvalila svim sudionicima koji su toj manifestaciji dali svoj pridonos. \u2013 \u017dupe [&hellip;]","og_url":"https:\/\/likemetkovic.hr\/odrzan-okrugli-stol-temu-otac-ante-gabric\/","og_site_name":"likemetkovic.hr","article_publisher":"https:\/\/www.facebook.com\/likemetkovic.hr\/","article_published_time":"2017-02-28T07:49:18+00:00","article_modified_time":"2018-06-06T08:57:00+00:00","og_image":[{"width":900,"height":600,"url":"https:\/\/likemetkovic.hr\/wp-content\/uploads\/2017\/02\/okrugliAG250217-7.jpg","type":"image\/jpeg"}],"author":"LIKEmetkovic.hr","twitter_card":"summary_large_image","twitter_misc":{"Napisao\/la":"LIKEmetkovic.hr","Procijenjeno vrijeme \u010ditanja":"4 minute"},"schema":{"@context":"https:\/\/schema.org","@graph":[{"@type":"WebPage","@id":"https:\/\/likemetkovic.hr\/odrzan-okrugli-stol-temu-otac-ante-gabric\/","url":"https:\/\/likemetkovic.hr\/odrzan-okrugli-stol-temu-otac-ante-gabric\/","name":"[FOTO] Odr\u017ean okrugli stol na temu Otac Ante Gabri\u0107 - likemetkovic.hr","isPartOf":{"@id":"https:\/\/likemetkovic.hr\/#website"},"primaryImageOfPage":{"@id":"https:\/\/likemetkovic.hr\/odrzan-okrugli-stol-temu-otac-ante-gabric\/#primaryimage"},"image":{"@id":"https:\/\/likemetkovic.hr\/odrzan-okrugli-stol-temu-otac-ante-gabric\/#primaryimage"},"thumbnailUrl":"https:\/\/likemetkovic.hr\/portal\/wp-content\/uploads\/2017\/02\/okrugliAG250217-7.jpg","datePublished":"2017-02-28T07:49:18+00:00","dateModified":"2018-06-06T08:57:00+00:00","author":{"@id":"https:\/\/likemetkovic.hr\/#\/schema\/person\/a42711f3385a0e2be6f7e0443bfb28f0"},"breadcrumb":{"@id":"https:\/\/likemetkovic.hr\/odrzan-okrugli-stol-temu-otac-ante-gabric\/#breadcrumb"},"inLanguage":"hr","potentialAction":[{"@type":"ReadAction","target":["https:\/\/likemetkovic.hr\/odrzan-okrugli-stol-temu-otac-ante-gabric\/"]}]},{"@type":"ImageObject","inLanguage":"hr","@id":"https:\/\/likemetkovic.hr\/odrzan-okrugli-stol-temu-otac-ante-gabric\/#primaryimage","url":"https:\/\/likemetkovic.hr\/portal\/wp-content\/uploads\/2017\/02\/okrugliAG250217-7.jpg","contentUrl":"https:\/\/likemetkovic.hr\/portal\/wp-content\/uploads\/2017\/02\/okrugliAG250217-7.jpg","width":900,"height":600},{"@type":"BreadcrumbList","@id":"https:\/\/likemetkovic.hr\/odrzan-okrugli-stol-temu-otac-ante-gabric\/#breadcrumb","itemListElement":[{"@type":"ListItem","position":1,"name":"Po\u010detna stranica","item":"https:\/\/likemetkovic.hr\/portal\/"},{"@type":"ListItem","position":2,"name":"[FOTO] Odr\u017ean okrugli stol na temu Otac Ante Gabri\u0107"}]},{"@type":"WebSite","@id":"https:\/\/likemetkovic.hr\/#website","url":"https:\/\/likemetkovic.hr\/","name":"likemetkovic.hr","description":"Misli pozitivno... \u010ditaj LIKE","potentialAction":[{"@type":"SearchAction","target":{"@type":"EntryPoint","urlTemplate":"https:\/\/likemetkovic.hr\/?s={search_term_string}"},"query-input":{"@type":"PropertyValueSpecification","valueRequired":true,"valueName":"search_term_string"}}],"inLanguage":"hr"},{"@type":"Person","@id":"https:\/\/likemetkovic.hr\/#\/schema\/person\/a42711f3385a0e2be6f7e0443bfb28f0","name":"LIKEmetkovic.hr","sameAs":["http:\/\/likemetkovic.hr"],"url":"https:\/\/likemetkovic.hr\/portal\/author\/likemetkovic-hr\/"}]}},"_links":{"self":[{"href":"https:\/\/likemetkovic.hr\/portal\/wp-json\/wp\/v2\/posts\/37035","targetHints":{"allow":["GET"]}}],"collection":[{"href":"https:\/\/likemetkovic.hr\/portal\/wp-json\/wp\/v2\/posts"}],"about":[{"href":"https:\/\/likemetkovic.hr\/portal\/wp-json\/wp\/v2\/types\/post"}],"author":[{"embeddable":true,"href":"https:\/\/likemetkovic.hr\/portal\/wp-json\/wp\/v2\/users\/7"}],"replies":[{"embeddable":true,"href":"https:\/\/likemetkovic.hr\/portal\/wp-json\/wp\/v2\/comments?post=37035"}],"version-history":[{"count":0,"href":"https:\/\/likemetkovic.hr\/portal\/wp-json\/wp\/v2\/posts\/37035\/revisions"}],"wp:featuredmedia":[{"embeddable":true,"href":"https:\/\/likemetkovic.hr\/portal\/wp-json\/wp\/v2\/media\/37041"}],"wp:attachment":[{"href":"https:\/\/likemetkovic.hr\/portal\/wp-json\/wp\/v2\/media?parent=37035"}],"wp:term":[{"taxonomy":"category","embeddable":true,"href":"https:\/\/likemetkovic.hr\/portal\/wp-json\/wp\/v2\/categories?post=37035"},{"taxonomy":"post_tag","embeddable":true,"href":"https:\/\/likemetkovic.hr\/portal\/wp-json\/wp\/v2\/tags?post=37035"}],"curies":[{"name":"wp","href":"https:\/\/api.w.org\/{rel}","templated":true}]}}