{"id":37052,"date":"2017-02-28T10:58:50","date_gmt":"2017-02-28T09:58:50","guid":{"rendered":"http:\/\/likemetkovic.hr\/?p=37052"},"modified":"2018-06-06T10:54:57","modified_gmt":"2018-06-06T08:54:57","slug":"foto-zajednistvu-gradskih-obrazovnih-institucija-izveden-nas-ante-neretvanski-autora-gorana-matica","status":"publish","type":"post","link":"https:\/\/likemetkovic.hr\/portal\/foto-zajednistvu-gradskih-obrazovnih-institucija-izveden-nas-ante-neretvanski-autora-gorana-matica\/","title":{"rendered":"[FOTO] U zajedni\u0161tvu gradskih obrazovnih institucija izveden &#8220;Na\u0161 Ante Neretvanski&#8221; autora Gorana Mati\u0107a"},"content":{"rendered":"<p>Glazbeno scenski recital <em>Na\u0161 Ante Neretvanski<\/em> autora i redatelja <strong>Gorana Mati\u0107a<\/strong> u kojem su sudjelovali u\u010denici i profesori <em>O\u0160 Stjepana Radi\u0107a<\/em>,<em> O\u0160 Don Mihovila Pavlinovi\u0107a, Gimnazije Metkovi\u0107, Srednje \u0161kole Metkovi\u0107, zborovi \u017eupa svetoga Ilije i Nikole<\/em>, izveden je sino\u0107 u Gradskom kulturnom sredi\u0161tu Metkovi\u0107.<\/p>\n<p>Recital je inspiriran \u017eivotom i djelima na\u0161eg isusovca i Metkovca <strong>oca Ante Gabri\u0107a<\/strong>, dodatno oboga\u0107en video projekcijama Metkovi\u0107a iz 20. i 21. stolje\u0107a te slikama koje svjedo\u010de o misijskom djelovanju i po\u017ertvovnom radu na\u0161eg neretvanina. Sudjelovanjem u recitalu postignuta je uspje\u0161na suradnja izme\u0111u obrazovnih institucija na razini Grada, koje su svojim marljivim radom, video uradcima, pjevanjem, glumom i recitacijom poslali razglednicu zajedni\u0161tva i me\u0111usobnog uva\u017eavanja. Mati\u0107 se zahvalio na sudjelovanju svim u\u010denicima i njihovim profesorima, svima onima koji su pomogli u realizaciji ovog recitala, brojnoj publici koja je svojim dolaskom uveli\u010dala ovaj kulturni doga\u0111aj te time pokazala da na\u0161 Ante Neretvanski i danas \u017eivi i djeluje me\u0111u svima nama.<\/p>\n<p>Nakon recitala odr\u017eana je humanitarna prodaja neretvanskih i indijskih jela u organizaciji\u00a0 <em>Udruge mladih oca Ante Gabri\u0107a<\/em>\u00a0i <em>Srednje \u0161kole Metkovi\u0107<\/em>.<\/p>\n\r\n                <style type=\"text\/css\">\r\n                    \r\n                    #tdi_1  .td-doubleSlider-2 .td-item1 {\r\n                        background: url(https:\/\/likemetkovic.hr\/portal\/wp-content\/uploads\/2017\/02\/DSC_0700-80x60.jpg) 0 0 no-repeat;\r\n                    }\r\n                    #tdi_1  .td-doubleSlider-2 .td-item2 {\r\n                        background: url(https:\/\/likemetkovic.hr\/portal\/wp-content\/uploads\/2017\/02\/DSC_0705-80x60.jpg) 0 0 no-repeat;\r\n                    }\r\n                    #tdi_1  .td-doubleSlider-2 .td-item3 {\r\n                        background: url(https:\/\/likemetkovic.hr\/portal\/wp-content\/uploads\/2017\/02\/DSC_0707-80x60.jpg) 0 0 no-repeat;\r\n                    }\r\n                    #tdi_1  .td-doubleSlider-2 .td-item4 {\r\n                        background: url(https:\/\/likemetkovic.hr\/portal\/wp-content\/uploads\/2017\/02\/DSC_0709-80x60.jpg) 0 0 no-repeat;\r\n                    }\r\n                    #tdi_1  .td-doubleSlider-2 .td-item5 {\r\n                        background: url(https:\/\/likemetkovic.hr\/portal\/wp-content\/uploads\/2017\/02\/DSC_0715-80x60.jpg) 0 0 no-repeat;\r\n                    }\r\n                    #tdi_1  .td-doubleSlider-2 .td-item6 {\r\n                        background: url(https:\/\/likemetkovic.hr\/portal\/wp-content\/uploads\/2017\/02\/DSC_0721-80x60.jpg) 0 0 no-repeat;\r\n                    }\r\n                    #tdi_1  .td-doubleSlider-2 .td-item7 {\r\n                        background: url(https:\/\/likemetkovic.hr\/portal\/wp-content\/uploads\/2017\/02\/DSC_0737-1-80x60.jpg) 0 0 no-repeat;\r\n                    }\r\n                    #tdi_1  .td-doubleSlider-2 .td-item8 {\r\n                        background: url(https:\/\/likemetkovic.hr\/portal\/wp-content\/uploads\/2017\/02\/DSC_0777-80x60.jpg) 0 0 no-repeat;\r\n                    }\r\n                <\/style>\r\n\r\n                <div id=\"tdi_1\" class=\"td-gallery td-slide-on-2-columns\">\r\n                    <div class=\"post_td_gallery\">\r\n                        <div class=\"td-gallery-slide-top\">\r\n                           <div class=\"td-gallery-title\"><\/div>\r\n\r\n                            <div class=\"td-gallery-controls-wrapper\">\r\n                                <div class=\"td-gallery-slide-count\"><span class=\"td-gallery-slide-item-focus\">1<\/span> of 8<\/div>\r\n                                <div class=\"td-gallery-slide-prev-next-but\">\r\n                                    <i class = \"td-icon-left doubleSliderPrevButton\"><\/i>\r\n                                    <i class = \"td-icon-right doubleSliderNextButton\"><\/i>\r\n                                <\/div>\r\n                            <\/div>\r\n                        <\/div>\r\n\r\n                        <div class = \"td-doubleSlider-1 \">\r\n                            <div class = \"td-slider\">\r\n                                \r\n                    <div class = \"td-slide-item td-item1\">\r\n                        <figure class=\"td-slide-galery-figure td-slide-popup-gallery\">\r\n                            <a class=\"slide-gallery-image-link\" href=\"https:\/\/likemetkovic.hr\/portal\/wp-content\/uploads\/2017\/02\/DSC_0700.jpg\" title=\"ante gabric_DSC_0700_ante gabric\"  data-caption=\"\"  data-description=\"\">\r\n                                <img decoding=\"async\" src=\"https:\/\/likemetkovic.hr\/portal\/wp-content\/uploads\/2017\/02\/DSC_0700-630x420.jpg\" srcset=\"https:\/\/likemetkovic.hr\/portal\/wp-content\/uploads\/2017\/02\/DSC_0700-630x420.jpg 630w, https:\/\/likemetkovic.hr\/portal\/wp-content\/uploads\/2017\/02\/DSC_0700-800x534.jpg 800w, https:\/\/likemetkovic.hr\/portal\/wp-content\/uploads\/2017\/02\/DSC_0700-768x512.jpg 768w, https:\/\/likemetkovic.hr\/portal\/wp-content\/uploads\/2017\/02\/DSC_0700-1200x800.jpg 1200w, https:\/\/likemetkovic.hr\/portal\/wp-content\/uploads\/2017\/02\/DSC_0700-696x464.jpg 696w, https:\/\/likemetkovic.hr\/portal\/wp-content\/uploads\/2017\/02\/DSC_0700-1068x712.jpg 1068w, https:\/\/likemetkovic.hr\/portal\/wp-content\/uploads\/2017\/02\/DSC_0700.jpg 1366w\" sizes=\"(max-width: 630px) 100vw, 630px\" alt=\"\">\r\n                            <\/a>\r\n                            \r\n                        <\/figure>\r\n                    <\/div>\r\n                    <div class = \"td-slide-item td-item2\">\r\n                        <figure class=\"td-slide-galery-figure td-slide-popup-gallery\">\r\n                            <a class=\"slide-gallery-image-link\" href=\"https:\/\/likemetkovic.hr\/portal\/wp-content\/uploads\/2017\/02\/DSC_0705.jpg\" title=\"ante gabric_DSC_0705\"  data-caption=\"\"  data-description=\"\">\r\n                                <img decoding=\"async\" src=\"https:\/\/likemetkovic.hr\/portal\/wp-content\/uploads\/2017\/02\/DSC_0705-603x420.jpg\" srcset=\"https:\/\/likemetkovic.hr\/portal\/wp-content\/uploads\/2017\/02\/DSC_0705-603x420.jpg 603w, https:\/\/likemetkovic.hr\/portal\/wp-content\/uploads\/2017\/02\/DSC_0705-800x558.jpg 800w, https:\/\/likemetkovic.hr\/portal\/wp-content\/uploads\/2017\/02\/DSC_0705-768x535.jpg 768w, https:\/\/likemetkovic.hr\/portal\/wp-content\/uploads\/2017\/02\/DSC_0705-1200x836.jpg 1200w, https:\/\/likemetkovic.hr\/portal\/wp-content\/uploads\/2017\/02\/DSC_0705-100x70.jpg 100w, https:\/\/likemetkovic.hr\/portal\/wp-content\/uploads\/2017\/02\/DSC_0705-696x485.jpg 696w, https:\/\/likemetkovic.hr\/portal\/wp-content\/uploads\/2017\/02\/DSC_0705-1068x744.jpg 1068w, https:\/\/likemetkovic.hr\/portal\/wp-content\/uploads\/2017\/02\/DSC_0705.jpg 1366w\" sizes=\"(max-width: 603px) 100vw, 603px\" alt=\"\">\r\n                            <\/a>\r\n                            \r\n                        <\/figure>\r\n                    <\/div>\r\n                    <div class = \"td-slide-item td-item3\">\r\n                        <figure class=\"td-slide-galery-figure td-slide-popup-gallery\">\r\n                            <a class=\"slide-gallery-image-link\" href=\"https:\/\/likemetkovic.hr\/portal\/wp-content\/uploads\/2017\/02\/DSC_0707.jpg\" title=\"ante gabric_DSC_0707\"  data-caption=\"\"  data-description=\"\">\r\n                                <img decoding=\"async\" src=\"https:\/\/likemetkovic.hr\/portal\/wp-content\/uploads\/2017\/02\/DSC_0707-630x420.jpg\" srcset=\"https:\/\/likemetkovic.hr\/portal\/wp-content\/uploads\/2017\/02\/DSC_0707-630x420.jpg 630w, https:\/\/likemetkovic.hr\/portal\/wp-content\/uploads\/2017\/02\/DSC_0707-800x534.jpg 800w, https:\/\/likemetkovic.hr\/portal\/wp-content\/uploads\/2017\/02\/DSC_0707-768x512.jpg 768w, https:\/\/likemetkovic.hr\/portal\/wp-content\/uploads\/2017\/02\/DSC_0707-1200x800.jpg 1200w, https:\/\/likemetkovic.hr\/portal\/wp-content\/uploads\/2017\/02\/DSC_0707-696x464.jpg 696w, https:\/\/likemetkovic.hr\/portal\/wp-content\/uploads\/2017\/02\/DSC_0707-1068x712.jpg 1068w, https:\/\/likemetkovic.hr\/portal\/wp-content\/uploads\/2017\/02\/DSC_0707.jpg 1366w\" sizes=\"(max-width: 630px) 100vw, 630px\" alt=\"\">\r\n                            <\/a>\r\n                            \r\n                        <\/figure>\r\n                    <\/div>\r\n                    <div class = \"td-slide-item td-item4\">\r\n                        <figure class=\"td-slide-galery-figure td-slide-popup-gallery\">\r\n                            <a class=\"slide-gallery-image-link\" href=\"https:\/\/likemetkovic.hr\/portal\/wp-content\/uploads\/2017\/02\/DSC_0709.jpg\" title=\"ante gabric_DSC_0709\"  data-caption=\"\"  data-description=\"\">\r\n                                <img decoding=\"async\" src=\"https:\/\/likemetkovic.hr\/portal\/wp-content\/uploads\/2017\/02\/DSC_0709-642x420.jpg\" srcset=\"https:\/\/likemetkovic.hr\/portal\/wp-content\/uploads\/2017\/02\/DSC_0709-642x420.jpg 642w, https:\/\/likemetkovic.hr\/portal\/wp-content\/uploads\/2017\/02\/DSC_0709-800x524.jpg 800w, https:\/\/likemetkovic.hr\/portal\/wp-content\/uploads\/2017\/02\/DSC_0709-768x503.jpg 768w, https:\/\/likemetkovic.hr\/portal\/wp-content\/uploads\/2017\/02\/DSC_0709-1200x785.jpg 1200w, https:\/\/likemetkovic.hr\/portal\/wp-content\/uploads\/2017\/02\/DSC_0709-696x456.jpg 696w, https:\/\/likemetkovic.hr\/portal\/wp-content\/uploads\/2017\/02\/DSC_0709-741x486.jpg 741w, https:\/\/likemetkovic.hr\/portal\/wp-content\/uploads\/2017\/02\/DSC_0709-1068x699.jpg 1068w, https:\/\/likemetkovic.hr\/portal\/wp-content\/uploads\/2017\/02\/DSC_0709.jpg 1366w\" sizes=\"(max-width: 642px) 100vw, 642px\" alt=\"\">\r\n                            <\/a>\r\n                            \r\n                        <\/figure>\r\n                    <\/div>\r\n                    <div class = \"td-slide-item td-item5\">\r\n                        <figure class=\"td-slide-galery-figure td-slide-popup-gallery\">\r\n                            <a class=\"slide-gallery-image-link\" href=\"https:\/\/likemetkovic.hr\/portal\/wp-content\/uploads\/2017\/02\/DSC_0715.jpg\" title=\"DSC_0715\"  data-caption=\"\"  data-description=\"\">\r\n                                <img decoding=\"async\" src=\"https:\/\/likemetkovic.hr\/portal\/wp-content\/uploads\/2017\/02\/DSC_0715-630x420.jpg\" srcset=\"https:\/\/likemetkovic.hr\/portal\/wp-content\/uploads\/2017\/02\/DSC_0715-630x420.jpg 630w, https:\/\/likemetkovic.hr\/portal\/wp-content\/uploads\/2017\/02\/DSC_0715-800x534.jpg 800w, https:\/\/likemetkovic.hr\/portal\/wp-content\/uploads\/2017\/02\/DSC_0715-768x512.jpg 768w, https:\/\/likemetkovic.hr\/portal\/wp-content\/uploads\/2017\/02\/DSC_0715-1200x800.jpg 1200w, https:\/\/likemetkovic.hr\/portal\/wp-content\/uploads\/2017\/02\/DSC_0715-696x464.jpg 696w, https:\/\/likemetkovic.hr\/portal\/wp-content\/uploads\/2017\/02\/DSC_0715-1068x712.jpg 1068w, https:\/\/likemetkovic.hr\/portal\/wp-content\/uploads\/2017\/02\/DSC_0715.jpg 1366w\" sizes=\"(max-width: 630px) 100vw, 630px\" alt=\"\">\r\n                            <\/a>\r\n                            \r\n                        <\/figure>\r\n                    <\/div>\r\n                    <div class = \"td-slide-item td-item6\">\r\n                        <figure class=\"td-slide-galery-figure td-slide-popup-gallery\">\r\n                            <a class=\"slide-gallery-image-link\" href=\"https:\/\/likemetkovic.hr\/portal\/wp-content\/uploads\/2017\/02\/DSC_0721.jpg\" title=\"DSC_0721\"  data-caption=\"\"  data-description=\"\">\r\n                                <img decoding=\"async\" src=\"https:\/\/likemetkovic.hr\/portal\/wp-content\/uploads\/2017\/02\/DSC_0721-630x420.jpg\" srcset=\"https:\/\/likemetkovic.hr\/portal\/wp-content\/uploads\/2017\/02\/DSC_0721-630x420.jpg 630w, https:\/\/likemetkovic.hr\/portal\/wp-content\/uploads\/2017\/02\/DSC_0721-800x534.jpg 800w, https:\/\/likemetkovic.hr\/portal\/wp-content\/uploads\/2017\/02\/DSC_0721-768x512.jpg 768w, https:\/\/likemetkovic.hr\/portal\/wp-content\/uploads\/2017\/02\/DSC_0721-1200x800.jpg 1200w, https:\/\/likemetkovic.hr\/portal\/wp-content\/uploads\/2017\/02\/DSC_0721-696x464.jpg 696w, https:\/\/likemetkovic.hr\/portal\/wp-content\/uploads\/2017\/02\/DSC_0721-1068x712.jpg 1068w, https:\/\/likemetkovic.hr\/portal\/wp-content\/uploads\/2017\/02\/DSC_0721.jpg 1366w\" sizes=\"(max-width: 630px) 100vw, 630px\" alt=\"\">\r\n                            <\/a>\r\n                            \r\n                        <\/figure>\r\n                    <\/div>\r\n                    <div class = \"td-slide-item td-item7\">\r\n                        <figure class=\"td-slide-galery-figure td-slide-popup-gallery\">\r\n                            <a class=\"slide-gallery-image-link\" href=\"https:\/\/likemetkovic.hr\/portal\/wp-content\/uploads\/2017\/02\/DSC_0737-1.jpg\" title=\"ante gabric_DSC_0737\"  data-caption=\"\"  data-description=\"\">\r\n                                <img decoding=\"async\" src=\"https:\/\/likemetkovic.hr\/portal\/wp-content\/uploads\/2017\/02\/DSC_0737-1-655x420.jpg\" srcset=\"https:\/\/likemetkovic.hr\/portal\/wp-content\/uploads\/2017\/02\/DSC_0737-1-655x420.jpg 655w, https:\/\/likemetkovic.hr\/portal\/wp-content\/uploads\/2017\/02\/DSC_0737-1-800x513.jpg 800w, https:\/\/likemetkovic.hr\/portal\/wp-content\/uploads\/2017\/02\/DSC_0737-1-768x493.jpg 768w, https:\/\/likemetkovic.hr\/portal\/wp-content\/uploads\/2017\/02\/DSC_0737-1-1200x770.jpg 1200w, https:\/\/likemetkovic.hr\/portal\/wp-content\/uploads\/2017\/02\/DSC_0737-1-696x446.jpg 696w, https:\/\/likemetkovic.hr\/portal\/wp-content\/uploads\/2017\/02\/DSC_0737-1-1068x685.jpg 1068w, https:\/\/likemetkovic.hr\/portal\/wp-content\/uploads\/2017\/02\/DSC_0737-1.jpg 1366w\" sizes=\"(max-width: 655px) 100vw, 655px\" alt=\"\">\r\n                            <\/a>\r\n                            \r\n                        <\/figure>\r\n                    <\/div>\r\n                    <div class = \"td-slide-item td-item8\">\r\n                        <figure class=\"td-slide-galery-figure td-slide-popup-gallery\">\r\n                            <a class=\"slide-gallery-image-link\" href=\"https:\/\/likemetkovic.hr\/portal\/wp-content\/uploads\/2017\/02\/DSC_0777.jpg\" title=\"ante gabric_DSC_0777\"  data-caption=\"\"  data-description=\"\">\r\n                                <img decoding=\"async\" src=\"https:\/\/likemetkovic.hr\/portal\/wp-content\/uploads\/2017\/02\/DSC_0777-630x420.jpg\" srcset=\"https:\/\/likemetkovic.hr\/portal\/wp-content\/uploads\/2017\/02\/DSC_0777-630x420.jpg 630w, https:\/\/likemetkovic.hr\/portal\/wp-content\/uploads\/2017\/02\/DSC_0777-800x534.jpg 800w, https:\/\/likemetkovic.hr\/portal\/wp-content\/uploads\/2017\/02\/DSC_0777-768x512.jpg 768w, https:\/\/likemetkovic.hr\/portal\/wp-content\/uploads\/2017\/02\/DSC_0777-1200x800.jpg 1200w, https:\/\/likemetkovic.hr\/portal\/wp-content\/uploads\/2017\/02\/DSC_0777-696x464.jpg 696w, https:\/\/likemetkovic.hr\/portal\/wp-content\/uploads\/2017\/02\/DSC_0777-1068x712.jpg 1068w, https:\/\/likemetkovic.hr\/portal\/wp-content\/uploads\/2017\/02\/DSC_0777.jpg 1366w\" sizes=\"(max-width: 630px) 100vw, 630px\" alt=\"\">\r\n                            <\/a>\r\n                            \r\n                        <\/figure>\r\n                    <\/div>\r\n                            <\/div>\r\n                        <\/div>\r\n\r\n                        <div class = \"td-doubleSlider-2\">\r\n                            <div class = \"td-slider\">\r\n                                \r\n                    <div class = \"td-button td-item1\">\r\n                        <div class = \"td-border\"><\/div>\r\n                    <\/div>\r\n                    <div class = \"td-button td-item2\">\r\n                        <div class = \"td-border\"><\/div>\r\n                    <\/div>\r\n                    <div class = \"td-button td-item3\">\r\n                        <div class = \"td-border\"><\/div>\r\n                    <\/div>\r\n                    <div class = \"td-button td-item4\">\r\n                        <div class = \"td-border\"><\/div>\r\n                    <\/div>\r\n                    <div class = \"td-button td-item5\">\r\n                        <div class = \"td-border\"><\/div>\r\n                    <\/div>\r\n                    <div class = \"td-button td-item6\">\r\n                        <div class = \"td-border\"><\/div>\r\n                    <\/div>\r\n                    <div class = \"td-button td-item7\">\r\n                        <div class = \"td-border\"><\/div>\r\n                    <\/div>\r\n                    <div class = \"td-button td-item8\">\r\n                        <div class = \"td-border\"><\/div>\r\n                    <\/div>\r\n                            <\/div>\r\n                        <\/div>\r\n\r\n                    <\/div>\r\n\r\n                <\/div>\r\n                \n","protected":false},"excerpt":{"rendered":"<p>Glazbeno scenski recital Na\u0161 Ante Neretvanski autora i redatelja Gorana Mati\u0107a u kojem su sudjelovali u\u010denici i profesori O\u0160 Stjepana Radi\u0107a, O\u0160 Don Mihovila Pavlinovi\u0107a, Gimnazije Metkovi\u0107, Srednje \u0161kole Metkovi\u0107, zborovi \u017eupa svetoga Ilije i Nikole, izveden je sino\u0107 u Gradskom kulturnom sredi\u0161tu Metkovi\u0107. Recital je inspiriran \u017eivotom i djelima na\u0161eg isusovca i Metkovca oca [&hellip;]<\/p>\n","protected":false},"author":7,"featured_media":37100,"comment_status":"open","ping_status":"open","sticky":false,"template":"","format":"standard","meta":{"footnotes":""},"categories":[283,11],"tags":[],"class_list":{"0":"post-37052","1":"post","2":"type-post","3":"status-publish","4":"format-standard","5":"has-post-thumbnail","7":"category-a","8":"category-metkovic-dolina"},"yoast_head":"<!-- This site is optimized with the Yoast SEO plugin v25.2 - https:\/\/yoast.com\/wordpress\/plugins\/seo\/ -->\n<title>[FOTO] U zajedni\u0161tvu gradskih obrazovnih institucija izveden &quot;Na\u0161 Ante Neretvanski&quot; autora Gorana Mati\u0107a - likemetkovic.hr<\/title>\n<meta name=\"robots\" content=\"index, follow, max-snippet:-1, max-image-preview:large, max-video-preview:-1\" \/>\n<link rel=\"canonical\" href=\"https:\/\/likemetkovic.hr\/foto-zajednistvu-gradskih-obrazovnih-institucija-izveden-nas-ante-neretvanski-autora-gorana-matica\/\" \/>\n<meta property=\"og:locale\" content=\"hr_HR\" \/>\n<meta property=\"og:type\" content=\"article\" \/>\n<meta property=\"og:title\" content=\"[FOTO] U zajedni\u0161tvu gradskih obrazovnih institucija izveden &quot;Na\u0161 Ante Neretvanski&quot; autora Gorana Mati\u0107a - likemetkovic.hr\" \/>\n<meta property=\"og:description\" content=\"Glazbeno scenski recital Na\u0161 Ante Neretvanski autora i redatelja Gorana Mati\u0107a u kojem su sudjelovali u\u010denici i profesori O\u0160 Stjepana Radi\u0107a, O\u0160 Don Mihovila Pavlinovi\u0107a, Gimnazije Metkovi\u0107, Srednje \u0161kole Metkovi\u0107, zborovi \u017eupa svetoga Ilije i Nikole, izveden je sino\u0107 u Gradskom kulturnom sredi\u0161tu Metkovi\u0107. Recital je inspiriran \u017eivotom i djelima na\u0161eg isusovca i Metkovca oca [&hellip;]\" \/>\n<meta property=\"og:url\" content=\"https:\/\/likemetkovic.hr\/foto-zajednistvu-gradskih-obrazovnih-institucija-izveden-nas-ante-neretvanski-autora-gorana-matica\/\" \/>\n<meta property=\"og:site_name\" content=\"likemetkovic.hr\" \/>\n<meta property=\"article:publisher\" content=\"https:\/\/www.facebook.com\/likemetkovic.hr\/\" \/>\n<meta property=\"article:published_time\" content=\"2017-02-28T09:58:50+00:00\" \/>\n<meta property=\"article:modified_time\" content=\"2018-06-06T08:54:57+00:00\" \/>\n<meta property=\"og:image\" content=\"https:\/\/likemetkovic.hr\/wp-content\/uploads\/2017\/02\/Clipboard_1.jpg\" \/>\n\t<meta property=\"og:image:width\" content=\"2779\" \/>\n\t<meta property=\"og:image:height\" content=\"1844\" \/>\n\t<meta property=\"og:image:type\" content=\"image\/jpeg\" \/>\n<meta name=\"author\" content=\"LIKEmetkovic.hr\" \/>\n<meta name=\"twitter:card\" content=\"summary_large_image\" \/>\n<meta name=\"twitter:label1\" content=\"Napisao\/la\" \/>\n\t<meta name=\"twitter:data1\" content=\"LIKEmetkovic.hr\" \/>\n\t<meta name=\"twitter:label2\" content=\"Procijenjeno vrijeme \u010ditanja\" \/>\n\t<meta name=\"twitter:data2\" content=\"1 minuta\" \/>\n<script type=\"application\/ld+json\" class=\"yoast-schema-graph\">{\"@context\":\"https:\/\/schema.org\",\"@graph\":[{\"@type\":\"WebPage\",\"@id\":\"https:\/\/likemetkovic.hr\/foto-zajednistvu-gradskih-obrazovnih-institucija-izveden-nas-ante-neretvanski-autora-gorana-matica\/\",\"url\":\"https:\/\/likemetkovic.hr\/foto-zajednistvu-gradskih-obrazovnih-institucija-izveden-nas-ante-neretvanski-autora-gorana-matica\/\",\"name\":\"[FOTO] U zajedni\u0161tvu gradskih obrazovnih institucija izveden \\\"Na\u0161 Ante Neretvanski\\\" autora Gorana Mati\u0107a - likemetkovic.hr\",\"isPartOf\":{\"@id\":\"https:\/\/likemetkovic.hr\/#website\"},\"primaryImageOfPage\":{\"@id\":\"https:\/\/likemetkovic.hr\/foto-zajednistvu-gradskih-obrazovnih-institucija-izveden-nas-ante-neretvanski-autora-gorana-matica\/#primaryimage\"},\"image\":{\"@id\":\"https:\/\/likemetkovic.hr\/foto-zajednistvu-gradskih-obrazovnih-institucija-izveden-nas-ante-neretvanski-autora-gorana-matica\/#primaryimage\"},\"thumbnailUrl\":\"https:\/\/likemetkovic.hr\/portal\/wp-content\/uploads\/2017\/02\/Clipboard_1.jpg\",\"datePublished\":\"2017-02-28T09:58:50+00:00\",\"dateModified\":\"2018-06-06T08:54:57+00:00\",\"author\":{\"@id\":\"https:\/\/likemetkovic.hr\/#\/schema\/person\/a42711f3385a0e2be6f7e0443bfb28f0\"},\"breadcrumb\":{\"@id\":\"https:\/\/likemetkovic.hr\/foto-zajednistvu-gradskih-obrazovnih-institucija-izveden-nas-ante-neretvanski-autora-gorana-matica\/#breadcrumb\"},\"inLanguage\":\"hr\",\"potentialAction\":[{\"@type\":\"ReadAction\",\"target\":[\"https:\/\/likemetkovic.hr\/foto-zajednistvu-gradskih-obrazovnih-institucija-izveden-nas-ante-neretvanski-autora-gorana-matica\/\"]}]},{\"@type\":\"ImageObject\",\"inLanguage\":\"hr\",\"@id\":\"https:\/\/likemetkovic.hr\/foto-zajednistvu-gradskih-obrazovnih-institucija-izveden-nas-ante-neretvanski-autora-gorana-matica\/#primaryimage\",\"url\":\"https:\/\/likemetkovic.hr\/portal\/wp-content\/uploads\/2017\/02\/Clipboard_1.jpg\",\"contentUrl\":\"https:\/\/likemetkovic.hr\/portal\/wp-content\/uploads\/2017\/02\/Clipboard_1.jpg\",\"width\":2779,\"height\":1844},{\"@type\":\"BreadcrumbList\",\"@id\":\"https:\/\/likemetkovic.hr\/foto-zajednistvu-gradskih-obrazovnih-institucija-izveden-nas-ante-neretvanski-autora-gorana-matica\/#breadcrumb\",\"itemListElement\":[{\"@type\":\"ListItem\",\"position\":1,\"name\":\"Po\u010detna stranica\",\"item\":\"https:\/\/likemetkovic.hr\/portal\/\"},{\"@type\":\"ListItem\",\"position\":2,\"name\":\"[FOTO] U zajedni\u0161tvu gradskih obrazovnih institucija izveden &#8220;Na\u0161 Ante Neretvanski&#8221; autora Gorana Mati\u0107a\"}]},{\"@type\":\"WebSite\",\"@id\":\"https:\/\/likemetkovic.hr\/#website\",\"url\":\"https:\/\/likemetkovic.hr\/\",\"name\":\"likemetkovic.hr\",\"description\":\"Misli pozitivno... \u010ditaj LIKE\",\"potentialAction\":[{\"@type\":\"SearchAction\",\"target\":{\"@type\":\"EntryPoint\",\"urlTemplate\":\"https:\/\/likemetkovic.hr\/?s={search_term_string}\"},\"query-input\":{\"@type\":\"PropertyValueSpecification\",\"valueRequired\":true,\"valueName\":\"search_term_string\"}}],\"inLanguage\":\"hr\"},{\"@type\":\"Person\",\"@id\":\"https:\/\/likemetkovic.hr\/#\/schema\/person\/a42711f3385a0e2be6f7e0443bfb28f0\",\"name\":\"LIKEmetkovic.hr\",\"sameAs\":[\"http:\/\/likemetkovic.hr\"],\"url\":\"https:\/\/likemetkovic.hr\/portal\/author\/likemetkovic-hr\/\"}]}<\/script>\n<!-- \/ Yoast SEO plugin. -->","yoast_head_json":{"title":"[FOTO] U zajedni\u0161tvu gradskih obrazovnih institucija izveden \"Na\u0161 Ante Neretvanski\" autora Gorana Mati\u0107a - likemetkovic.hr","robots":{"index":"index","follow":"follow","max-snippet":"max-snippet:-1","max-image-preview":"max-image-preview:large","max-video-preview":"max-video-preview:-1"},"canonical":"https:\/\/likemetkovic.hr\/foto-zajednistvu-gradskih-obrazovnih-institucija-izveden-nas-ante-neretvanski-autora-gorana-matica\/","og_locale":"hr_HR","og_type":"article","og_title":"[FOTO] U zajedni\u0161tvu gradskih obrazovnih institucija izveden \"Na\u0161 Ante Neretvanski\" autora Gorana Mati\u0107a - likemetkovic.hr","og_description":"Glazbeno scenski recital Na\u0161 Ante Neretvanski autora i redatelja Gorana Mati\u0107a u kojem su sudjelovali u\u010denici i profesori O\u0160 Stjepana Radi\u0107a, O\u0160 Don Mihovila Pavlinovi\u0107a, Gimnazije Metkovi\u0107, Srednje \u0161kole Metkovi\u0107, zborovi \u017eupa svetoga Ilije i Nikole, izveden je sino\u0107 u Gradskom kulturnom sredi\u0161tu Metkovi\u0107. Recital je inspiriran \u017eivotom i djelima na\u0161eg isusovca i Metkovca oca [&hellip;]","og_url":"https:\/\/likemetkovic.hr\/foto-zajednistvu-gradskih-obrazovnih-institucija-izveden-nas-ante-neretvanski-autora-gorana-matica\/","og_site_name":"likemetkovic.hr","article_publisher":"https:\/\/www.facebook.com\/likemetkovic.hr\/","article_published_time":"2017-02-28T09:58:50+00:00","article_modified_time":"2018-06-06T08:54:57+00:00","og_image":[{"width":2779,"height":1844,"url":"https:\/\/likemetkovic.hr\/wp-content\/uploads\/2017\/02\/Clipboard_1.jpg","type":"image\/jpeg"}],"author":"LIKEmetkovic.hr","twitter_card":"summary_large_image","twitter_misc":{"Napisao\/la":"LIKEmetkovic.hr","Procijenjeno vrijeme \u010ditanja":"1 minuta"},"schema":{"@context":"https:\/\/schema.org","@graph":[{"@type":"WebPage","@id":"https:\/\/likemetkovic.hr\/foto-zajednistvu-gradskih-obrazovnih-institucija-izveden-nas-ante-neretvanski-autora-gorana-matica\/","url":"https:\/\/likemetkovic.hr\/foto-zajednistvu-gradskih-obrazovnih-institucija-izveden-nas-ante-neretvanski-autora-gorana-matica\/","name":"[FOTO] U zajedni\u0161tvu gradskih obrazovnih institucija izveden \"Na\u0161 Ante Neretvanski\" autora Gorana Mati\u0107a - likemetkovic.hr","isPartOf":{"@id":"https:\/\/likemetkovic.hr\/#website"},"primaryImageOfPage":{"@id":"https:\/\/likemetkovic.hr\/foto-zajednistvu-gradskih-obrazovnih-institucija-izveden-nas-ante-neretvanski-autora-gorana-matica\/#primaryimage"},"image":{"@id":"https:\/\/likemetkovic.hr\/foto-zajednistvu-gradskih-obrazovnih-institucija-izveden-nas-ante-neretvanski-autora-gorana-matica\/#primaryimage"},"thumbnailUrl":"https:\/\/likemetkovic.hr\/portal\/wp-content\/uploads\/2017\/02\/Clipboard_1.jpg","datePublished":"2017-02-28T09:58:50+00:00","dateModified":"2018-06-06T08:54:57+00:00","author":{"@id":"https:\/\/likemetkovic.hr\/#\/schema\/person\/a42711f3385a0e2be6f7e0443bfb28f0"},"breadcrumb":{"@id":"https:\/\/likemetkovic.hr\/foto-zajednistvu-gradskih-obrazovnih-institucija-izveden-nas-ante-neretvanski-autora-gorana-matica\/#breadcrumb"},"inLanguage":"hr","potentialAction":[{"@type":"ReadAction","target":["https:\/\/likemetkovic.hr\/foto-zajednistvu-gradskih-obrazovnih-institucija-izveden-nas-ante-neretvanski-autora-gorana-matica\/"]}]},{"@type":"ImageObject","inLanguage":"hr","@id":"https:\/\/likemetkovic.hr\/foto-zajednistvu-gradskih-obrazovnih-institucija-izveden-nas-ante-neretvanski-autora-gorana-matica\/#primaryimage","url":"https:\/\/likemetkovic.hr\/portal\/wp-content\/uploads\/2017\/02\/Clipboard_1.jpg","contentUrl":"https:\/\/likemetkovic.hr\/portal\/wp-content\/uploads\/2017\/02\/Clipboard_1.jpg","width":2779,"height":1844},{"@type":"BreadcrumbList","@id":"https:\/\/likemetkovic.hr\/foto-zajednistvu-gradskih-obrazovnih-institucija-izveden-nas-ante-neretvanski-autora-gorana-matica\/#breadcrumb","itemListElement":[{"@type":"ListItem","position":1,"name":"Po\u010detna stranica","item":"https:\/\/likemetkovic.hr\/portal\/"},{"@type":"ListItem","position":2,"name":"[FOTO] U zajedni\u0161tvu gradskih obrazovnih institucija izveden &#8220;Na\u0161 Ante Neretvanski&#8221; autora Gorana Mati\u0107a"}]},{"@type":"WebSite","@id":"https:\/\/likemetkovic.hr\/#website","url":"https:\/\/likemetkovic.hr\/","name":"likemetkovic.hr","description":"Misli pozitivno... \u010ditaj LIKE","potentialAction":[{"@type":"SearchAction","target":{"@type":"EntryPoint","urlTemplate":"https:\/\/likemetkovic.hr\/?s={search_term_string}"},"query-input":{"@type":"PropertyValueSpecification","valueRequired":true,"valueName":"search_term_string"}}],"inLanguage":"hr"},{"@type":"Person","@id":"https:\/\/likemetkovic.hr\/#\/schema\/person\/a42711f3385a0e2be6f7e0443bfb28f0","name":"LIKEmetkovic.hr","sameAs":["http:\/\/likemetkovic.hr"],"url":"https:\/\/likemetkovic.hr\/portal\/author\/likemetkovic-hr\/"}]}},"_links":{"self":[{"href":"https:\/\/likemetkovic.hr\/portal\/wp-json\/wp\/v2\/posts\/37052","targetHints":{"allow":["GET"]}}],"collection":[{"href":"https:\/\/likemetkovic.hr\/portal\/wp-json\/wp\/v2\/posts"}],"about":[{"href":"https:\/\/likemetkovic.hr\/portal\/wp-json\/wp\/v2\/types\/post"}],"author":[{"embeddable":true,"href":"https:\/\/likemetkovic.hr\/portal\/wp-json\/wp\/v2\/users\/7"}],"replies":[{"embeddable":true,"href":"https:\/\/likemetkovic.hr\/portal\/wp-json\/wp\/v2\/comments?post=37052"}],"version-history":[{"count":0,"href":"https:\/\/likemetkovic.hr\/portal\/wp-json\/wp\/v2\/posts\/37052\/revisions"}],"wp:featuredmedia":[{"embeddable":true,"href":"https:\/\/likemetkovic.hr\/portal\/wp-json\/wp\/v2\/media\/37100"}],"wp:attachment":[{"href":"https:\/\/likemetkovic.hr\/portal\/wp-json\/wp\/v2\/media?parent=37052"}],"wp:term":[{"taxonomy":"category","embeddable":true,"href":"https:\/\/likemetkovic.hr\/portal\/wp-json\/wp\/v2\/categories?post=37052"},{"taxonomy":"post_tag","embeddable":true,"href":"https:\/\/likemetkovic.hr\/portal\/wp-json\/wp\/v2\/tags?post=37052"}],"curies":[{"name":"wp","href":"https:\/\/api.w.org\/{rel}","templated":true}]}}