{"id":37298,"date":"2017-03-03T11:59:25","date_gmt":"2017-03-03T10:59:25","guid":{"rendered":"http:\/\/likemetkovic.hr\/?p=37298"},"modified":"2017-03-05T08:20:20","modified_gmt":"2017-03-05T07:20:20","slug":"predstava-sesvetskih-gimnazijalaca-hej-tu-odusevila-mlade-metkovce","status":"publish","type":"post","link":"https:\/\/likemetkovic.hr\/portal\/predstava-sesvetskih-gimnazijalaca-hej-tu-odusevila-mlade-metkovce\/","title":{"rendered":"Predstava sesvetskih gimnazijalaca \u201eHej, i ja sam tu&#8221; odu\u0161evila mlade Metkovce"},"content":{"rendered":"<p>U organizaciji zajednice Papa Ivan XXIII. u \u010detvrtak 2. o\u017eujka u GKS-u, sesvetski gimnazijalci odr\u017eali su edukativno-humanitarni mjuzikl \u201eHej, i ja sam tu,&#8221; osmi\u0161ljen radi pomo\u0107i adolescentima na na\u010delu \u201emladi mladima&#8221;, s ciljem osvje\u0161\u0107ivanja o suvremenim problemima njihove generacije, poticanja sposobnosti kontrole neprimjerenog pona\u0161anja, te porukom kako se nositi s negativnim emocijama i kako pomo\u0107i jedni drugima.<\/p>\n<p>Uz voditeljicu prof. Nevenku Kova\u010di\u0107, autor teksta je Domagoj Topi\u0107, u\u010denik \u010detvrtog razreda sesvetske gimnazije. Predstava je dobitnik nagrade \u201eDaska koja \u017eivot zna\u010di&#8221; na 20. festivalu zagreba\u010dkih kazali\u0161nih amatera, te nagrade \u201eLuka Ritz&#8221; za najbolji autorski tekst, koja simbolizira borbu protiv maloljetni\u010dkog nasilja, te promi\u010de toleranciju i \u0161kolu bez nasilja.<\/p>\n","protected":false},"excerpt":{"rendered":"<p>U organizaciji zajednice Papa Ivan XXIII. u \u010detvrtak 2. o\u017eujka u GKS-u, sesvetski gimnazijalci odr\u017eali su edukativno-humanitarni mjuzikl \u201eHej, i ja sam tu,&#8221; osmi\u0161ljen radi pomo\u0107i adolescentima na na\u010delu \u201emladi mladima&#8221;, s ciljem osvje\u0161\u0107ivanja o suvremenim problemima njihove generacije, poticanja sposobnosti kontrole neprimjerenog pona\u0161anja, te porukom kako se nositi s negativnim emocijama i kako pomo\u0107i [&hellip;]<\/p>\n","protected":false},"author":7,"featured_media":37320,"comment_status":"open","ping_status":"open","sticky":false,"template":"","format":"standard","meta":{"footnotes":""},"categories":[283,11],"tags":[332,334,333],"class_list":{"0":"post-37298","1":"post","2":"type-post","3":"status-publish","4":"format-standard","5":"has-post-thumbnail","7":"category-a","8":"category-metkovic-dolina","9":"tag-gimnazija-metkovic","10":"tag-gks","11":"tag-predstava"},"yoast_head":"<!-- This site is optimized with the Yoast SEO plugin v25.2 - https:\/\/yoast.com\/wordpress\/plugins\/seo\/ -->\n<title>Predstava sesvetskih gimnazijalaca \u201eHej, i ja sam tu&quot; odu\u0161evila mlade Metkovce - likemetkovic.hr<\/title>\n<meta name=\"robots\" content=\"index, follow, max-snippet:-1, max-image-preview:large, max-video-preview:-1\" \/>\n<link rel=\"canonical\" href=\"https:\/\/likemetkovic.hr\/predstava-sesvetskih-gimnazijalaca-hej-tu-odusevila-mlade-metkovce\/\" \/>\n<meta property=\"og:locale\" content=\"hr_HR\" \/>\n<meta property=\"og:type\" content=\"article\" \/>\n<meta property=\"og:title\" content=\"Predstava sesvetskih gimnazijalaca \u201eHej, i ja sam tu&quot; odu\u0161evila mlade Metkovce - likemetkovic.hr\" \/>\n<meta property=\"og:description\" content=\"U organizaciji zajednice Papa Ivan XXIII. u \u010detvrtak 2. o\u017eujka u GKS-u, sesvetski gimnazijalci odr\u017eali su edukativno-humanitarni mjuzikl \u201eHej, i ja sam tu,&#8221; osmi\u0161ljen radi pomo\u0107i adolescentima na na\u010delu \u201emladi mladima&#8221;, s ciljem osvje\u0161\u0107ivanja o suvremenim problemima njihove generacije, poticanja sposobnosti kontrole neprimjerenog pona\u0161anja, te porukom kako se nositi s negativnim emocijama i kako pomo\u0107i [&hellip;]\" \/>\n<meta property=\"og:url\" content=\"https:\/\/likemetkovic.hr\/predstava-sesvetskih-gimnazijalaca-hej-tu-odusevila-mlade-metkovce\/\" \/>\n<meta property=\"og:site_name\" content=\"likemetkovic.hr\" \/>\n<meta property=\"article:publisher\" content=\"https:\/\/www.facebook.com\/likemetkovic.hr\/\" \/>\n<meta property=\"article:published_time\" content=\"2017-03-03T10:59:25+00:00\" \/>\n<meta property=\"article:modified_time\" content=\"2017-03-05T07:20:20+00:00\" \/>\n<meta property=\"og:image\" content=\"https:\/\/likemetkovic.hr\/wp-content\/uploads\/2017\/03\/metkovic_predstava.jpg\" \/>\n\t<meta property=\"og:image:width\" content=\"879\" \/>\n\t<meta property=\"og:image:height\" content=\"600\" \/>\n\t<meta property=\"og:image:type\" content=\"image\/jpeg\" \/>\n<meta name=\"author\" content=\"LIKEmetkovic.hr\" \/>\n<meta name=\"twitter:card\" content=\"summary_large_image\" \/>\n<meta name=\"twitter:label1\" content=\"Napisao\/la\" \/>\n\t<meta name=\"twitter:data1\" content=\"LIKEmetkovic.hr\" \/>\n\t<meta name=\"twitter:label2\" content=\"Procijenjeno vrijeme \u010ditanja\" \/>\n\t<meta name=\"twitter:data2\" content=\"1 minuta\" \/>\n<script type=\"application\/ld+json\" class=\"yoast-schema-graph\">{\"@context\":\"https:\/\/schema.org\",\"@graph\":[{\"@type\":\"WebPage\",\"@id\":\"https:\/\/likemetkovic.hr\/predstava-sesvetskih-gimnazijalaca-hej-tu-odusevila-mlade-metkovce\/\",\"url\":\"https:\/\/likemetkovic.hr\/predstava-sesvetskih-gimnazijalaca-hej-tu-odusevila-mlade-metkovce\/\",\"name\":\"Predstava sesvetskih gimnazijalaca \u201eHej, i ja sam tu\\\" odu\u0161evila mlade Metkovce - likemetkovic.hr\",\"isPartOf\":{\"@id\":\"https:\/\/likemetkovic.hr\/#website\"},\"primaryImageOfPage\":{\"@id\":\"https:\/\/likemetkovic.hr\/predstava-sesvetskih-gimnazijalaca-hej-tu-odusevila-mlade-metkovce\/#primaryimage\"},\"image\":{\"@id\":\"https:\/\/likemetkovic.hr\/predstava-sesvetskih-gimnazijalaca-hej-tu-odusevila-mlade-metkovce\/#primaryimage\"},\"thumbnailUrl\":\"https:\/\/likemetkovic.hr\/portal\/wp-content\/uploads\/2017\/03\/metkovic_predstava.jpg\",\"datePublished\":\"2017-03-03T10:59:25+00:00\",\"dateModified\":\"2017-03-05T07:20:20+00:00\",\"author\":{\"@id\":\"https:\/\/likemetkovic.hr\/#\/schema\/person\/a42711f3385a0e2be6f7e0443bfb28f0\"},\"breadcrumb\":{\"@id\":\"https:\/\/likemetkovic.hr\/predstava-sesvetskih-gimnazijalaca-hej-tu-odusevila-mlade-metkovce\/#breadcrumb\"},\"inLanguage\":\"hr\",\"potentialAction\":[{\"@type\":\"ReadAction\",\"target\":[\"https:\/\/likemetkovic.hr\/predstava-sesvetskih-gimnazijalaca-hej-tu-odusevila-mlade-metkovce\/\"]}]},{\"@type\":\"ImageObject\",\"inLanguage\":\"hr\",\"@id\":\"https:\/\/likemetkovic.hr\/predstava-sesvetskih-gimnazijalaca-hej-tu-odusevila-mlade-metkovce\/#primaryimage\",\"url\":\"https:\/\/likemetkovic.hr\/portal\/wp-content\/uploads\/2017\/03\/metkovic_predstava.jpg\",\"contentUrl\":\"https:\/\/likemetkovic.hr\/portal\/wp-content\/uploads\/2017\/03\/metkovic_predstava.jpg\",\"width\":879,\"height\":600},{\"@type\":\"BreadcrumbList\",\"@id\":\"https:\/\/likemetkovic.hr\/predstava-sesvetskih-gimnazijalaca-hej-tu-odusevila-mlade-metkovce\/#breadcrumb\",\"itemListElement\":[{\"@type\":\"ListItem\",\"position\":1,\"name\":\"Po\u010detna stranica\",\"item\":\"https:\/\/likemetkovic.hr\/portal\/\"},{\"@type\":\"ListItem\",\"position\":2,\"name\":\"Predstava sesvetskih gimnazijalaca \u201eHej, i ja sam tu&#8221; odu\u0161evila mlade Metkovce\"}]},{\"@type\":\"WebSite\",\"@id\":\"https:\/\/likemetkovic.hr\/#website\",\"url\":\"https:\/\/likemetkovic.hr\/\",\"name\":\"likemetkovic.hr\",\"description\":\"Misli pozitivno... \u010ditaj LIKE\",\"potentialAction\":[{\"@type\":\"SearchAction\",\"target\":{\"@type\":\"EntryPoint\",\"urlTemplate\":\"https:\/\/likemetkovic.hr\/?s={search_term_string}\"},\"query-input\":{\"@type\":\"PropertyValueSpecification\",\"valueRequired\":true,\"valueName\":\"search_term_string\"}}],\"inLanguage\":\"hr\"},{\"@type\":\"Person\",\"@id\":\"https:\/\/likemetkovic.hr\/#\/schema\/person\/a42711f3385a0e2be6f7e0443bfb28f0\",\"name\":\"LIKEmetkovic.hr\",\"sameAs\":[\"http:\/\/likemetkovic.hr\"],\"url\":\"https:\/\/likemetkovic.hr\/portal\/author\/likemetkovic-hr\/\"}]}<\/script>\n<!-- \/ Yoast SEO plugin. -->","yoast_head_json":{"title":"Predstava sesvetskih gimnazijalaca \u201eHej, i ja sam tu\" odu\u0161evila mlade Metkovce - likemetkovic.hr","robots":{"index":"index","follow":"follow","max-snippet":"max-snippet:-1","max-image-preview":"max-image-preview:large","max-video-preview":"max-video-preview:-1"},"canonical":"https:\/\/likemetkovic.hr\/predstava-sesvetskih-gimnazijalaca-hej-tu-odusevila-mlade-metkovce\/","og_locale":"hr_HR","og_type":"article","og_title":"Predstava sesvetskih gimnazijalaca \u201eHej, i ja sam tu\" odu\u0161evila mlade Metkovce - likemetkovic.hr","og_description":"U organizaciji zajednice Papa Ivan XXIII. u \u010detvrtak 2. o\u017eujka u GKS-u, sesvetski gimnazijalci odr\u017eali su edukativno-humanitarni mjuzikl \u201eHej, i ja sam tu,&#8221; osmi\u0161ljen radi pomo\u0107i adolescentima na na\u010delu \u201emladi mladima&#8221;, s ciljem osvje\u0161\u0107ivanja o suvremenim problemima njihove generacije, poticanja sposobnosti kontrole neprimjerenog pona\u0161anja, te porukom kako se nositi s negativnim emocijama i kako pomo\u0107i [&hellip;]","og_url":"https:\/\/likemetkovic.hr\/predstava-sesvetskih-gimnazijalaca-hej-tu-odusevila-mlade-metkovce\/","og_site_name":"likemetkovic.hr","article_publisher":"https:\/\/www.facebook.com\/likemetkovic.hr\/","article_published_time":"2017-03-03T10:59:25+00:00","article_modified_time":"2017-03-05T07:20:20+00:00","og_image":[{"width":879,"height":600,"url":"https:\/\/likemetkovic.hr\/wp-content\/uploads\/2017\/03\/metkovic_predstava.jpg","type":"image\/jpeg"}],"author":"LIKEmetkovic.hr","twitter_card":"summary_large_image","twitter_misc":{"Napisao\/la":"LIKEmetkovic.hr","Procijenjeno vrijeme \u010ditanja":"1 minuta"},"schema":{"@context":"https:\/\/schema.org","@graph":[{"@type":"WebPage","@id":"https:\/\/likemetkovic.hr\/predstava-sesvetskih-gimnazijalaca-hej-tu-odusevila-mlade-metkovce\/","url":"https:\/\/likemetkovic.hr\/predstava-sesvetskih-gimnazijalaca-hej-tu-odusevila-mlade-metkovce\/","name":"Predstava sesvetskih gimnazijalaca \u201eHej, i ja sam tu\" odu\u0161evila mlade Metkovce - likemetkovic.hr","isPartOf":{"@id":"https:\/\/likemetkovic.hr\/#website"},"primaryImageOfPage":{"@id":"https:\/\/likemetkovic.hr\/predstava-sesvetskih-gimnazijalaca-hej-tu-odusevila-mlade-metkovce\/#primaryimage"},"image":{"@id":"https:\/\/likemetkovic.hr\/predstava-sesvetskih-gimnazijalaca-hej-tu-odusevila-mlade-metkovce\/#primaryimage"},"thumbnailUrl":"https:\/\/likemetkovic.hr\/portal\/wp-content\/uploads\/2017\/03\/metkovic_predstava.jpg","datePublished":"2017-03-03T10:59:25+00:00","dateModified":"2017-03-05T07:20:20+00:00","author":{"@id":"https:\/\/likemetkovic.hr\/#\/schema\/person\/a42711f3385a0e2be6f7e0443bfb28f0"},"breadcrumb":{"@id":"https:\/\/likemetkovic.hr\/predstava-sesvetskih-gimnazijalaca-hej-tu-odusevila-mlade-metkovce\/#breadcrumb"},"inLanguage":"hr","potentialAction":[{"@type":"ReadAction","target":["https:\/\/likemetkovic.hr\/predstava-sesvetskih-gimnazijalaca-hej-tu-odusevila-mlade-metkovce\/"]}]},{"@type":"ImageObject","inLanguage":"hr","@id":"https:\/\/likemetkovic.hr\/predstava-sesvetskih-gimnazijalaca-hej-tu-odusevila-mlade-metkovce\/#primaryimage","url":"https:\/\/likemetkovic.hr\/portal\/wp-content\/uploads\/2017\/03\/metkovic_predstava.jpg","contentUrl":"https:\/\/likemetkovic.hr\/portal\/wp-content\/uploads\/2017\/03\/metkovic_predstava.jpg","width":879,"height":600},{"@type":"BreadcrumbList","@id":"https:\/\/likemetkovic.hr\/predstava-sesvetskih-gimnazijalaca-hej-tu-odusevila-mlade-metkovce\/#breadcrumb","itemListElement":[{"@type":"ListItem","position":1,"name":"Po\u010detna stranica","item":"https:\/\/likemetkovic.hr\/portal\/"},{"@type":"ListItem","position":2,"name":"Predstava sesvetskih gimnazijalaca \u201eHej, i ja sam tu&#8221; odu\u0161evila mlade Metkovce"}]},{"@type":"WebSite","@id":"https:\/\/likemetkovic.hr\/#website","url":"https:\/\/likemetkovic.hr\/","name":"likemetkovic.hr","description":"Misli pozitivno... \u010ditaj LIKE","potentialAction":[{"@type":"SearchAction","target":{"@type":"EntryPoint","urlTemplate":"https:\/\/likemetkovic.hr\/?s={search_term_string}"},"query-input":{"@type":"PropertyValueSpecification","valueRequired":true,"valueName":"search_term_string"}}],"inLanguage":"hr"},{"@type":"Person","@id":"https:\/\/likemetkovic.hr\/#\/schema\/person\/a42711f3385a0e2be6f7e0443bfb28f0","name":"LIKEmetkovic.hr","sameAs":["http:\/\/likemetkovic.hr"],"url":"https:\/\/likemetkovic.hr\/portal\/author\/likemetkovic-hr\/"}]}},"_links":{"self":[{"href":"https:\/\/likemetkovic.hr\/portal\/wp-json\/wp\/v2\/posts\/37298","targetHints":{"allow":["GET"]}}],"collection":[{"href":"https:\/\/likemetkovic.hr\/portal\/wp-json\/wp\/v2\/posts"}],"about":[{"href":"https:\/\/likemetkovic.hr\/portal\/wp-json\/wp\/v2\/types\/post"}],"author":[{"embeddable":true,"href":"https:\/\/likemetkovic.hr\/portal\/wp-json\/wp\/v2\/users\/7"}],"replies":[{"embeddable":true,"href":"https:\/\/likemetkovic.hr\/portal\/wp-json\/wp\/v2\/comments?post=37298"}],"version-history":[{"count":0,"href":"https:\/\/likemetkovic.hr\/portal\/wp-json\/wp\/v2\/posts\/37298\/revisions"}],"wp:featuredmedia":[{"embeddable":true,"href":"https:\/\/likemetkovic.hr\/portal\/wp-json\/wp\/v2\/media\/37320"}],"wp:attachment":[{"href":"https:\/\/likemetkovic.hr\/portal\/wp-json\/wp\/v2\/media?parent=37298"}],"wp:term":[{"taxonomy":"category","embeddable":true,"href":"https:\/\/likemetkovic.hr\/portal\/wp-json\/wp\/v2\/categories?post=37298"},{"taxonomy":"post_tag","embeddable":true,"href":"https:\/\/likemetkovic.hr\/portal\/wp-json\/wp\/v2\/tags?post=37298"}],"curies":[{"name":"wp","href":"https:\/\/api.w.org\/{rel}","templated":true}]}}