{"id":37799,"date":"2017-03-11T09:23:23","date_gmt":"2017-03-11T08:23:23","guid":{"rendered":"http:\/\/likemetkovic.hr\/?p=37799"},"modified":"2017-03-11T09:23:23","modified_gmt":"2017-03-11T08:23:23","slug":"memoari-babe-ivke-iz-neretve-bijelo-bilo-pitanje-sad","status":"publish","type":"post","link":"https:\/\/likemetkovic.hr\/portal\/memoari-babe-ivke-iz-neretve-bijelo-bilo-pitanje-sad\/","title":{"rendered":"[MEMOARI BABE IVKE IZ NERETVE] Bijelo ili bilo \u2013 pitanje je sad!"},"content":{"rendered":"<p>Predstavljamo vam jo\u0161 jedno\u00a0u nizu pisama pod nazivom\u00a0MEMOARI BABE IVKE IZ NERETVE koje za na\u0161 portal potpisuje <strong>dr. sc. Perina Vuk\u0161a Nahod<\/strong> sa Instituta za hrvatski jezik i jezikoslovlje:<\/p>\n<p><span style=\"font-weight: 400;\">Dragi Ante,<\/span><\/p>\n<p><span style=\"font-weight: 400;\">nisan te, sine, ja zaboravila, nego me ova mrena mu\u010di, slabo vidin, te\u0161ko mi i \u010ditat i pisat. Morat \u0107u do\u0107 gore to aperisat. Uvijek neki belaj. Ne znan oklen da po\u010dmen. Prvo da ti ka\u017een da san se dobro preladila. Ludo ovo vrijeme. \u010cas ki\u0161a, \u010das sunce. Jedan dan vindjaka, drugi dan mo\u0161 go odat. Ne zna\u0161 vi\u0161e \u0161ta bi obuko. A \u0111ed ti stalno sva vrata ostavlja otvorena ko da se u trupini rodio. I unda mene ubi promaja. A kad mu se ja uko\u010din, vidi \u0107u ko \u0107e mu kuvat i prat. Taj ne di\u017ee te\u017ee od ka\u0161ike. <\/span><\/p>\n<p><span style=\"font-weight: 400;\">E, po\u010dela nan korizma. Baba \u0107e ti pravo re\u0107 da se ja nisan ni\u010dega odrekla jerbo ne\u0107e grijeh na usta, nego iz usta. Vidin ja da je to sve postalo neka moda. Odri\u010du se cukra i svakakvije bakra\u010da samo da smr\u0161ave jedno pe kila \u0161ta su natukli preko zime. Nije Bog ma\u010dak. Bolje bi in bilo da manje suju i daju ruke starijima i oviman kojima je potreba, da izmole koju krunicu ili odu na put kri\u017ea i da malo manje govore protiv kon\u0161ija. <\/span><\/p>\n<p><span style=\"font-weight: 400;\">A naj su mi lu\u0111i ovi \u0161ta se odreknu cigara, pa onda opet po\u010dmu pu\u0161it \u010din \u017eudije panu. E, moj Ante, ja to ne mogu svatit. Pa ako si izdr\u017eo 40 dana, koji te vrag tenta da opet to i\u0111e\u0161 radit?! A bolje bi in bilo da ako ve\u0107 pu\u0161e, pu\u0161e pravi duvan. Tvoj je pran\u0111ed volio pu\u0161it duvan. Ja ti ga nisan volila jer san morala radit oko njega. On bi ti se \u0161u\u0161io. Nizalo bi se na \u0161pag, i unda lis po lis nani\u017ei, unda bi se u toru, u \u0161talan, razgrnilo i \u0161u\u0161ilo u ladu, nije ko sad na struju, unda bi se lijepo ka je bilo jugo, ki\u0161a, jeseni, zimi, i lijepo u ku\u017eini, u dimari, demetalo na koljeno, cijela familja, i unda lis po lis, ne smije\u0161 kad je bura, on bi se lomio, i kad ne bilo juga, unda bi ga samo malo po\u0161trapo, samo malo da popusti, i rukan po koljenu, i lijepo u ne bale sveza pa se vozilo u Metkovi\u0107e u duvajnsku stanicu sve na vesla. Ja znan, unda bi se \u0111eca radovala, \u0107a\u0107a bi pokonji unda tek donio jabuka prvi put. Govorio je: demetajte duvan \u2013 dobi \u0107ete jabuka. A danas se niko normalan ne veseli jabukama.<\/span><\/p>\n<p><span style=\"font-weight: 400;\">Nego, pro\u010ditala san da je Mjesec hrvatskoga jezika. Lijepo, i treba se \u010duvat ovaj na\u0161 jezik i sve na\u0161e govore. A ka\u017ee mi nevjesta da ti curi nije jasno kako u nas u Neretvi neko ka\u017ee <\/span><i><span style=\"font-weight: 400;\">bilo<\/span><\/i><span style=\"font-weight: 400;\">, a neko <\/span><i><span style=\"font-weight: 400;\">bijelo<\/span><\/i><span style=\"font-weight: 400;\">. Lijepo joj istuma\u010di da lijeva strana govori ijekavicon, a desna ikavicon, iako se te ikavica pro\u0161irila i preko Neretve. Svako selo svoj govor imade, a neki su i sli\u010dni. Ovisi ko je su kijen bio u dodiru. Tako \u0107e ti Vidonje, Slivno i Mihalj govorit <\/span><i><span style=\"font-weight: 400;\">bijelo<\/span><\/i><span style=\"font-weight: 400;\">, a nema pesto metara dalje Otok, Trn, Blace <\/span><i><span style=\"font-weight: 400;\">bilo<\/span><\/i><span style=\"font-weight: 400;\">. Ima i drugih razlika: mi karemo <\/span><i><span style=\"font-weight: 400;\">\u0161ugoman<\/span><\/i><span style=\"font-weight: 400;\">, <\/span><i><span style=\"font-weight: 400;\">motun<\/span><\/i><span style=\"font-weight: 400;\">, <\/span><i><span style=\"font-weight: 400;\">\u0161paroga<\/span><\/i><span style=\"font-weight: 400;\">, a Donjani <\/span><i><span style=\"font-weight: 400;\">\u0161ugaman<\/span><\/i><span style=\"font-weight: 400;\">, <\/span><i><span style=\"font-weight: 400;\">matun<\/span><\/i><span style=\"font-weight: 400;\">, <\/span><i><span style=\"font-weight: 400;\">sparoga<\/span><\/i><span style=\"font-weight: 400;\">. Slivanjci imaju slovo koje nije postojalo u abecedi: ko neko meko \u0161: pa oni ka\u017eu <\/span><i><span style=\"font-weight: 400;\">\u015bedi<\/span><\/i><span style=\"font-weight: 400;\">, <\/span><i><span style=\"font-weight: 400;\">\u015bekira<\/span><\/i><span style=\"font-weight: 400;\">, <\/span><i><span style=\"font-weight: 400;\">\u015butra<\/span><\/i><span style=\"font-weight: 400;\">. Baba ti Kata iz Opuzena ne razlikuje <\/span><i><span style=\"font-weight: 400;\">\u010d<\/span><\/i><span style=\"font-weight: 400;\"> i <\/span><i><span style=\"font-weight: 400;\">\u0107<\/span><\/i><span style=\"font-weight: 400;\"> pa ka pi\u0161e ne\u0161to umjesto kva\u010dice stavi ravno. A u Metkovi\u0107iman ti je sve pomije\u0161ano sada, naselilo se iz Ercegovine i osvaklen. Ali baba ti svakog more poznat po govoru. Ja se svoga ne sramin iako nam se znadu rugat i po novinaman i po televiziji. Sje\u0107a\u0161 se i ti kako si mi govorio \u2013 ne ka\u017ee se baba <\/span><i><span style=\"font-weight: 400;\">cukar<\/span><\/i><span style=\"font-weight: 400;\">, nego \u0161e\u0107er; ne ka\u017ee se <\/span><i><span style=\"font-weight: 400;\">te\u0107a<\/span><\/i><span style=\"font-weight: 400;\">, nego lonac; nije <\/span><i><span style=\"font-weight: 400;\">\u0161porko<\/span><\/i><span style=\"font-weight: 400;\">,<\/span> <span style=\"font-weight: 400;\">nego prljavo; nije <\/span><i><span style=\"font-weight: 400;\">katriga<\/span><\/i><span style=\"font-weight: 400;\">, nego stolac; nije <\/span><i><span style=\"font-weight: 400;\">ku\u0161in<\/span><\/i><span style=\"font-weight: 400;\">, nego jastuk; nije <\/span><i><span style=\"font-weight: 400;\">spu\u017e<\/span><\/i><span style=\"font-weight: 400;\">, nego pu\u017e; nije <\/span><i><span style=\"font-weight: 400;\">bje\u010dva<\/span><\/i><span style=\"font-weight: 400;\">, nego \u010darapa; nije <\/span><i><span style=\"font-weight: 400;\">garoful<\/span><\/i><span style=\"font-weight: 400;\">, nego karanfil; nije <\/span><i><span style=\"font-weight: 400;\">be\u0161kot<\/span><\/i><span style=\"font-weight: 400;\">, nego dvopek\u2026 A da baba ne govori ovako, izgubile bi se sve na\u0161e starovi\u010dke rije\u010di. Danas ljudiman pla\u0107aju da zapisuju te rije\u010di. I treba \u0161to vi\u0161e doktora da izlije\u010de ove na\u0161e govore. A vama mladima bi bilo bolje da vje\u017ebate taj govor da se malo obnovi.<\/span> <span style=\"font-weight: 400;\">A i curu \u0107emo ti nau\u010dit kad do\u0111e vamo. <\/span><\/p>\n<p><span style=\"font-weight: 400;\">I\u0111en se sa malo odmorit. Viknu ti majka i \u0107a\u0107a na me da legnen. Prevalin se ja na kau\u010d, opru\u017ein se, al ne mogu zaspat, \u0111e \u0107u zaspat popodne. Pogledan \u0161togod na televiziji, ali nema ni\u0161ta. Ne znam koga vraga pla\u0107an preplatu. Sve \u0107u isklju\u010dit. Najbolje je da se vratimo na staro. Voda iz \u010datrnje, ma\u0161kadur i \u0161terike. Je da nan je \u017eivot bio te\u017eak, al bio je i sla\u0111i.<\/span><\/p>\n<p><span style=\"font-weight: 400;\">Po obi\u010daju \u0161aljen ti malo glavatoga, kelja, salate i pohovanog, znaden ja da ti to voli\u0161. Kupila sam ti teksas-jaknu za na prolje\u0107e, a u \u017eepu ti je koja kuna da i curi \u0161togod kupi\u0161.<\/span><\/p>\n<p><span style=\"font-weight: 400;\">\u010cuvajte se i jedite ka\u0161ikon!<\/span><\/p>\n<p><span style=\"font-weight: 400;\">Pozdravlja vas<\/span><\/p>\n<p><span style=\"font-weight: 400;\">baba Ivka<\/span><\/p>\n","protected":false},"excerpt":{"rendered":"<p>Predstavljamo vam jo\u0161 jedno\u00a0u nizu pisama pod nazivom\u00a0MEMOARI BABE IVKE IZ NERETVE koje za na\u0161 portal potpisuje dr. sc. Perina Vuk\u0161a Nahod sa Instituta za hrvatski jezik i jezikoslovlje: Dragi Ante, nisan te, sine, ja zaboravila, nego me ova mrena mu\u010di, slabo vidin, te\u0161ko mi i \u010ditat i pisat. Morat \u0107u do\u0107 gore to aperisat. [&hellip;]<\/p>\n","protected":false},"author":7,"featured_media":25571,"comment_status":"open","ping_status":"open","sticky":false,"template":"","format":"standard","meta":{"footnotes":""},"categories":[283,11],"tags":[427],"class_list":{"0":"post-37799","1":"post","2":"type-post","3":"status-publish","4":"format-standard","5":"has-post-thumbnail","7":"category-a","8":"category-metkovic-dolina","9":"tag-baba-ivka"},"yoast_head":"<!-- This site is optimized with the Yoast SEO plugin v25.2 - https:\/\/yoast.com\/wordpress\/plugins\/seo\/ -->\n<title>[MEMOARI BABE IVKE IZ NERETVE] Bijelo ili bilo \u2013 pitanje je sad! - likemetkovic.hr<\/title>\n<meta name=\"robots\" content=\"index, follow, max-snippet:-1, max-image-preview:large, max-video-preview:-1\" \/>\n<link rel=\"canonical\" href=\"https:\/\/likemetkovic.hr\/memoari-babe-ivke-iz-neretve-bijelo-bilo-pitanje-sad\/\" \/>\n<meta property=\"og:locale\" content=\"hr_HR\" \/>\n<meta property=\"og:type\" content=\"article\" \/>\n<meta property=\"og:title\" content=\"[MEMOARI BABE IVKE IZ NERETVE] Bijelo ili bilo \u2013 pitanje je sad! - likemetkovic.hr\" \/>\n<meta property=\"og:description\" content=\"Predstavljamo vam jo\u0161 jedno\u00a0u nizu pisama pod nazivom\u00a0MEMOARI BABE IVKE IZ NERETVE koje za na\u0161 portal potpisuje dr. sc. Perina Vuk\u0161a Nahod sa Instituta za hrvatski jezik i jezikoslovlje: Dragi Ante, nisan te, sine, ja zaboravila, nego me ova mrena mu\u010di, slabo vidin, te\u0161ko mi i \u010ditat i pisat. Morat \u0107u do\u0107 gore to aperisat. [&hellip;]\" \/>\n<meta property=\"og:url\" content=\"https:\/\/likemetkovic.hr\/memoari-babe-ivke-iz-neretve-bijelo-bilo-pitanje-sad\/\" \/>\n<meta property=\"og:site_name\" content=\"likemetkovic.hr\" \/>\n<meta property=\"article:publisher\" content=\"https:\/\/www.facebook.com\/likemetkovic.hr\/\" \/>\n<meta property=\"article:published_time\" content=\"2017-03-11T08:23:23+00:00\" \/>\n<meta property=\"og:image\" content=\"https:\/\/likemetkovic.hr\/wp-content\/uploads\/2016\/08\/baka-1.jpg\" \/>\n\t<meta property=\"og:image:width\" content=\"891\" \/>\n\t<meta property=\"og:image:height\" content=\"600\" \/>\n\t<meta property=\"og:image:type\" content=\"image\/jpeg\" \/>\n<meta name=\"author\" content=\"LIKEmetkovic.hr\" \/>\n<meta name=\"twitter:card\" content=\"summary_large_image\" \/>\n<meta name=\"twitter:label1\" content=\"Napisao\/la\" \/>\n\t<meta name=\"twitter:data1\" content=\"LIKEmetkovic.hr\" \/>\n\t<meta name=\"twitter:label2\" content=\"Procijenjeno vrijeme \u010ditanja\" \/>\n\t<meta name=\"twitter:data2\" content=\"5 minuta\" \/>\n<script type=\"application\/ld+json\" class=\"yoast-schema-graph\">{\"@context\":\"https:\/\/schema.org\",\"@graph\":[{\"@type\":\"WebPage\",\"@id\":\"https:\/\/likemetkovic.hr\/memoari-babe-ivke-iz-neretve-bijelo-bilo-pitanje-sad\/\",\"url\":\"https:\/\/likemetkovic.hr\/memoari-babe-ivke-iz-neretve-bijelo-bilo-pitanje-sad\/\",\"name\":\"[MEMOARI BABE IVKE IZ NERETVE] Bijelo ili bilo \u2013 pitanje je sad! - likemetkovic.hr\",\"isPartOf\":{\"@id\":\"https:\/\/likemetkovic.hr\/#website\"},\"primaryImageOfPage\":{\"@id\":\"https:\/\/likemetkovic.hr\/memoari-babe-ivke-iz-neretve-bijelo-bilo-pitanje-sad\/#primaryimage\"},\"image\":{\"@id\":\"https:\/\/likemetkovic.hr\/memoari-babe-ivke-iz-neretve-bijelo-bilo-pitanje-sad\/#primaryimage\"},\"thumbnailUrl\":\"https:\/\/likemetkovic.hr\/portal\/wp-content\/uploads\/2016\/08\/baka-1.jpg\",\"datePublished\":\"2017-03-11T08:23:23+00:00\",\"author\":{\"@id\":\"https:\/\/likemetkovic.hr\/#\/schema\/person\/a42711f3385a0e2be6f7e0443bfb28f0\"},\"breadcrumb\":{\"@id\":\"https:\/\/likemetkovic.hr\/memoari-babe-ivke-iz-neretve-bijelo-bilo-pitanje-sad\/#breadcrumb\"},\"inLanguage\":\"hr\",\"potentialAction\":[{\"@type\":\"ReadAction\",\"target\":[\"https:\/\/likemetkovic.hr\/memoari-babe-ivke-iz-neretve-bijelo-bilo-pitanje-sad\/\"]}]},{\"@type\":\"ImageObject\",\"inLanguage\":\"hr\",\"@id\":\"https:\/\/likemetkovic.hr\/memoari-babe-ivke-iz-neretve-bijelo-bilo-pitanje-sad\/#primaryimage\",\"url\":\"https:\/\/likemetkovic.hr\/portal\/wp-content\/uploads\/2016\/08\/baka-1.jpg\",\"contentUrl\":\"https:\/\/likemetkovic.hr\/portal\/wp-content\/uploads\/2016\/08\/baka-1.jpg\",\"width\":891,\"height\":600},{\"@type\":\"BreadcrumbList\",\"@id\":\"https:\/\/likemetkovic.hr\/memoari-babe-ivke-iz-neretve-bijelo-bilo-pitanje-sad\/#breadcrumb\",\"itemListElement\":[{\"@type\":\"ListItem\",\"position\":1,\"name\":\"Po\u010detna stranica\",\"item\":\"https:\/\/likemetkovic.hr\/portal\/\"},{\"@type\":\"ListItem\",\"position\":2,\"name\":\"[MEMOARI BABE IVKE IZ NERETVE] Bijelo ili bilo \u2013 pitanje je sad!\"}]},{\"@type\":\"WebSite\",\"@id\":\"https:\/\/likemetkovic.hr\/#website\",\"url\":\"https:\/\/likemetkovic.hr\/\",\"name\":\"likemetkovic.hr\",\"description\":\"Misli pozitivno... \u010ditaj LIKE\",\"potentialAction\":[{\"@type\":\"SearchAction\",\"target\":{\"@type\":\"EntryPoint\",\"urlTemplate\":\"https:\/\/likemetkovic.hr\/?s={search_term_string}\"},\"query-input\":{\"@type\":\"PropertyValueSpecification\",\"valueRequired\":true,\"valueName\":\"search_term_string\"}}],\"inLanguage\":\"hr\"},{\"@type\":\"Person\",\"@id\":\"https:\/\/likemetkovic.hr\/#\/schema\/person\/a42711f3385a0e2be6f7e0443bfb28f0\",\"name\":\"LIKEmetkovic.hr\",\"sameAs\":[\"http:\/\/likemetkovic.hr\"],\"url\":\"https:\/\/likemetkovic.hr\/portal\/author\/likemetkovic-hr\/\"}]}<\/script>\n<!-- \/ Yoast SEO plugin. -->","yoast_head_json":{"title":"[MEMOARI BABE IVKE IZ NERETVE] Bijelo ili bilo \u2013 pitanje je sad! - likemetkovic.hr","robots":{"index":"index","follow":"follow","max-snippet":"max-snippet:-1","max-image-preview":"max-image-preview:large","max-video-preview":"max-video-preview:-1"},"canonical":"https:\/\/likemetkovic.hr\/memoari-babe-ivke-iz-neretve-bijelo-bilo-pitanje-sad\/","og_locale":"hr_HR","og_type":"article","og_title":"[MEMOARI BABE IVKE IZ NERETVE] Bijelo ili bilo \u2013 pitanje je sad! - likemetkovic.hr","og_description":"Predstavljamo vam jo\u0161 jedno\u00a0u nizu pisama pod nazivom\u00a0MEMOARI BABE IVKE IZ NERETVE koje za na\u0161 portal potpisuje dr. sc. Perina Vuk\u0161a Nahod sa Instituta za hrvatski jezik i jezikoslovlje: Dragi Ante, nisan te, sine, ja zaboravila, nego me ova mrena mu\u010di, slabo vidin, te\u0161ko mi i \u010ditat i pisat. Morat \u0107u do\u0107 gore to aperisat. [&hellip;]","og_url":"https:\/\/likemetkovic.hr\/memoari-babe-ivke-iz-neretve-bijelo-bilo-pitanje-sad\/","og_site_name":"likemetkovic.hr","article_publisher":"https:\/\/www.facebook.com\/likemetkovic.hr\/","article_published_time":"2017-03-11T08:23:23+00:00","og_image":[{"width":891,"height":600,"url":"https:\/\/likemetkovic.hr\/wp-content\/uploads\/2016\/08\/baka-1.jpg","type":"image\/jpeg"}],"author":"LIKEmetkovic.hr","twitter_card":"summary_large_image","twitter_misc":{"Napisao\/la":"LIKEmetkovic.hr","Procijenjeno vrijeme \u010ditanja":"5 minuta"},"schema":{"@context":"https:\/\/schema.org","@graph":[{"@type":"WebPage","@id":"https:\/\/likemetkovic.hr\/memoari-babe-ivke-iz-neretve-bijelo-bilo-pitanje-sad\/","url":"https:\/\/likemetkovic.hr\/memoari-babe-ivke-iz-neretve-bijelo-bilo-pitanje-sad\/","name":"[MEMOARI BABE IVKE IZ NERETVE] Bijelo ili bilo \u2013 pitanje je sad! - likemetkovic.hr","isPartOf":{"@id":"https:\/\/likemetkovic.hr\/#website"},"primaryImageOfPage":{"@id":"https:\/\/likemetkovic.hr\/memoari-babe-ivke-iz-neretve-bijelo-bilo-pitanje-sad\/#primaryimage"},"image":{"@id":"https:\/\/likemetkovic.hr\/memoari-babe-ivke-iz-neretve-bijelo-bilo-pitanje-sad\/#primaryimage"},"thumbnailUrl":"https:\/\/likemetkovic.hr\/portal\/wp-content\/uploads\/2016\/08\/baka-1.jpg","datePublished":"2017-03-11T08:23:23+00:00","author":{"@id":"https:\/\/likemetkovic.hr\/#\/schema\/person\/a42711f3385a0e2be6f7e0443bfb28f0"},"breadcrumb":{"@id":"https:\/\/likemetkovic.hr\/memoari-babe-ivke-iz-neretve-bijelo-bilo-pitanje-sad\/#breadcrumb"},"inLanguage":"hr","potentialAction":[{"@type":"ReadAction","target":["https:\/\/likemetkovic.hr\/memoari-babe-ivke-iz-neretve-bijelo-bilo-pitanje-sad\/"]}]},{"@type":"ImageObject","inLanguage":"hr","@id":"https:\/\/likemetkovic.hr\/memoari-babe-ivke-iz-neretve-bijelo-bilo-pitanje-sad\/#primaryimage","url":"https:\/\/likemetkovic.hr\/portal\/wp-content\/uploads\/2016\/08\/baka-1.jpg","contentUrl":"https:\/\/likemetkovic.hr\/portal\/wp-content\/uploads\/2016\/08\/baka-1.jpg","width":891,"height":600},{"@type":"BreadcrumbList","@id":"https:\/\/likemetkovic.hr\/memoari-babe-ivke-iz-neretve-bijelo-bilo-pitanje-sad\/#breadcrumb","itemListElement":[{"@type":"ListItem","position":1,"name":"Po\u010detna stranica","item":"https:\/\/likemetkovic.hr\/portal\/"},{"@type":"ListItem","position":2,"name":"[MEMOARI BABE IVKE IZ NERETVE] Bijelo ili bilo \u2013 pitanje je sad!"}]},{"@type":"WebSite","@id":"https:\/\/likemetkovic.hr\/#website","url":"https:\/\/likemetkovic.hr\/","name":"likemetkovic.hr","description":"Misli pozitivno... \u010ditaj LIKE","potentialAction":[{"@type":"SearchAction","target":{"@type":"EntryPoint","urlTemplate":"https:\/\/likemetkovic.hr\/?s={search_term_string}"},"query-input":{"@type":"PropertyValueSpecification","valueRequired":true,"valueName":"search_term_string"}}],"inLanguage":"hr"},{"@type":"Person","@id":"https:\/\/likemetkovic.hr\/#\/schema\/person\/a42711f3385a0e2be6f7e0443bfb28f0","name":"LIKEmetkovic.hr","sameAs":["http:\/\/likemetkovic.hr"],"url":"https:\/\/likemetkovic.hr\/portal\/author\/likemetkovic-hr\/"}]}},"_links":{"self":[{"href":"https:\/\/likemetkovic.hr\/portal\/wp-json\/wp\/v2\/posts\/37799","targetHints":{"allow":["GET"]}}],"collection":[{"href":"https:\/\/likemetkovic.hr\/portal\/wp-json\/wp\/v2\/posts"}],"about":[{"href":"https:\/\/likemetkovic.hr\/portal\/wp-json\/wp\/v2\/types\/post"}],"author":[{"embeddable":true,"href":"https:\/\/likemetkovic.hr\/portal\/wp-json\/wp\/v2\/users\/7"}],"replies":[{"embeddable":true,"href":"https:\/\/likemetkovic.hr\/portal\/wp-json\/wp\/v2\/comments?post=37799"}],"version-history":[{"count":0,"href":"https:\/\/likemetkovic.hr\/portal\/wp-json\/wp\/v2\/posts\/37799\/revisions"}],"wp:featuredmedia":[{"embeddable":true,"href":"https:\/\/likemetkovic.hr\/portal\/wp-json\/wp\/v2\/media\/25571"}],"wp:attachment":[{"href":"https:\/\/likemetkovic.hr\/portal\/wp-json\/wp\/v2\/media?parent=37799"}],"wp:term":[{"taxonomy":"category","embeddable":true,"href":"https:\/\/likemetkovic.hr\/portal\/wp-json\/wp\/v2\/categories?post=37799"},{"taxonomy":"post_tag","embeddable":true,"href":"https:\/\/likemetkovic.hr\/portal\/wp-json\/wp\/v2\/tags?post=37799"}],"curies":[{"name":"wp","href":"https:\/\/api.w.org\/{rel}","templated":true}]}}