{"id":37845,"date":"2017-03-12T08:46:24","date_gmt":"2017-03-12T07:46:24","guid":{"rendered":"http:\/\/likemetkovic.hr\/?p=37845"},"modified":"2017-03-12T08:46:24","modified_gmt":"2017-03-12T07:46:24","slug":"veceri-ova-izlila-svu-toplinu-metkovic-neretva-usred-zagreba","status":"publish","type":"post","link":"https:\/\/likemetkovic.hr\/portal\/veceri-ova-izlila-svu-toplinu-metkovic-neretva-usred-zagreba\/","title":{"rendered":"U ve\u010deri kao ova izlila su svu toplinu \u2013 Metkovi\u0107 i Neretva usred Zagreba"},"content":{"rendered":"<p><b><i><\/i><\/b><span style=\"font-weight: 400;\">Gotovo svaka pri\u010da ima pretpri\u010du, pa tako i ova. Pitanje je samo dokle sje\u0107anje se\u017ee jer Ivicu Puljana poznajem otkad znam za sebe. Dobro se spominjem i njegova oca kojega sam vi\u0111ao preko puta na\u0161e obiteljske ku\u0107e (u njoj mi stanuje stric Slobodan s obitelji i teta Marija, pa je i dalje nazivam svojom i na\u0161om jer u njoj \u017eivi \u010deljad koju smatram svojom) na Pojstru\u017eju prije nego \u0161to sam se preselio u Sportsku. Uza to je zemlji\u0161te stanovao i moj krizmani kum Ivan Puljan (koji me je nau\u010dio veranju po tavanima, preskakanju prepreka i izradi raznoraznih skloni\u0161ta i zamki), pa su se nekako sudbine na\u0161ih obitelji vi\u0161estruko ispreplitale. Stoga i pri\u010da koja se mo\u017ee svrstati u <\/span><i><span style=\"font-weight: 400;\">Vijesti iz kulture <\/span><\/i><span style=\"font-weight: 400;\">ne mo\u017ee biti posve neosobna jer pri\u010de nikad nisu neosobne, nikad nisu posve\u0107ene sporednim likovima, a sje\u0107anja na nebitne stvari i ljude brzo blijede. Ivicu sam \u010de\u0161\u0107e po\u010deo susretati kao gimnazijalac, i to ne samo u slu\u017ebenim prigodama, nego i na ko\u0161arka\u0161kome igrali\u0161tu. U trenutku kad sam se zaposlio i upoznao \u010dari ra\u010dunala (s kojim sam se prvi put, ne zvu\u010di li to poput priloga iz <\/span><i><span style=\"font-weight: 400;\">TV kalendara<\/span><\/i><span style=\"font-weight: 400;\">, ozbiljno susreo pi\u0161u\u0107i diplomski rad), dobio svoju slu\u017ebenu e-adresu po\u010dela je i na\u0161a slu\u017ebena suradnja koja je svoj vrhunac do\u017eivjela u blagopokojnome <\/span><i><span style=\"font-weight: 400;\">Metkovskome vjesniku<\/span><\/i><span style=\"font-weight: 400;\">, \u010dasopisu koji je dostojno nadomjestio <\/span><i><span style=\"font-weight: 400;\">Iskru. <\/span><\/i><span style=\"font-weight: 400;\">Upravo sam ponukan tom suradnjom kupio svoje prvo ra\u010dunalo (dotad sam, budu\u0107i da sam unajmio stan u blizini radnoga mjesta, nave\u010der tr\u010dao u podrum mati\u010dne ustanove i ondje radio) te se veza s Metkovi\u0107em, izme\u0111u ostaloga i Ivi\u010dinom zaslugom, nikad nije prekinula. U razgovorima smo se, koje gotovo istodobno vodih u Zagrebu i Metkovi\u0107u s Tomislavom Marti\u0107em i Ivicom, a poslije i sa \u0161jor (<\/span><i><span style=\"font-weight: 400;\">\u0161jor <\/span><\/i><span style=\"font-weight: 400;\">je ovdje i svojevrstan naslov, titula, nije samo talijanizam kojim se ozna\u010duje gospodina) Ivom Verajom, spominjali svojevrsnih metkovskih enciklopedija, ljudi koji poznaju Metkovi\u0107 gotovo od iskona, kad je to bio tek grad u povojima, kad ste u sredi\u0161tu grada mogli istodobno vidjeti i govedare i ljude s teniskim reketima nesvjesni da \u0107e upravo ljudi njihova nara\u0161taja, i to oni koji su u gradu ostali, jer smo mi koji smo oti\u0161li ponijeli vlastite idealizirane slike i u trenutku odlaska uglavnom zamrznuli posljednju sliku koju smo ponijeli, postati nasljednicima tih starih, vjerojatno i nesvjesni vlastitih zasluga. Ivici sam osobno i Gradu Metkovi\u0107u, naime, posebno zahvalan \u0161to su omogu\u0107ili da mi prva autorska knjiga bude objavljena jer kad su mi ve\u0107 sve la\u0111e potonule (a obe\u0107anja je dotad bilo <\/span><i><span style=\"font-weight: 400;\">sijaset<\/span><\/i><span style=\"font-weight: 400;\">), Ivica je bio kratak: \u201eMo\u017eemo li mi pomo\u0107i? Raspitat \u0107u se u Gradu, ali mislim da ne\u0107e biti problema.\u201c Gledaju\u0107i iz \u0161ire perspektive, mogu tek napomenuti kako Metkovci iz mojega u\u017eega kruga do Ivice posebno dr\u017ee kao do osobe koja voli sve metkovsko i neretvansko te se raduje svemu na\u0161emu, a kojoj nije te\u0161ko pogledati ni preko \u201eneprirodne me\u0111e\u201c: \u201eDomagoj, ti ljudi ovdje \u017eive. Mi mo\u017eda toga i nismo posve svjesni, ali nama je do\u0161lo i Hercegovaca, i Bosanaca, i Slavonaca, ti ljudi ovdje \u017eive i mi ne smijemo to zanemariti. Kona\u010dno, nije li definicija grada da je to naselje u kojemu se svi ljudi me\u0111usobno ne poznaju?\u201c Zborio je tako Ivica dok je ve\u0107ina uglavnom zdvajala jer u \u0161kolama, a u to sam se i osobno uvjerio odr\u017eavaju\u0107i radionice za metkovske u\u010denike, imamo sve ljudi s \u201e\u010dudnim\u201c prezimenima, no nisu li ih nosili i Ante \u017divkovi\u0107, Ivo \u00a0Nui\u0107, \u0110uro Njavro, Damir Mejov\u0161ek, Patrik \u0106avar, Slavko Golu\u017ea, Darijo Srna, Igor \u0160timac, Ivan Slamnig i Stojan Vu\u010di\u0107evi\u0107 te mnogi drugi, ljudi po kojima se danas prepoznaje na\u0161 grad, ljudi koji sami sebe nazivaju Metkovcima? Ivica je ujedno podignuo i metkovsku novinarsku scenu, a na svoj sam mati\u010dni portal posebno ponosan jer mi je Jadranko Mati\u0107 jednom prigodom rekao da metkovic.hr smatra bratskim portalom, a Ivicu posebno cijeni zbog svega \u0161to je u\u010dinio. Kako napisati ovu pri\u010du bez glavnoga lika? Kako spomenuti slavnike, a ne supostaviti (ne suprotstaviti) im osobu koja je i za mene osobno (poput mojega kuma Ivana Puljana, koji me je branio od napasnika, a sad je negdje u Novoj Zelandiji) i za \u0161iru zajednicu u\u010dinila toliko? Pi\u0161em to posebno svjestan \u010dinjenice da se na\u0161a \u010deljad vi\u0161e cijeni izvan zavi\u010daja, nego u njemu, \u0161to i nije nu\u017eno lo\u0161e, da se ne uzoholimo. Ivici pak \u010destitam i stoga \u0161to se usudio izlo\u017eiti usred metropole jer se mnogi toga grste. Posljedice su njegove odluke razvidne svakomu od nas: nevjerojatan broj ljudi dobre volje koji su sve u\u010dinili da mu pomognu, izniman broj posjetitelja na ponos svakoga od nas.<\/span><\/p>\n<p><span style=\"font-weight: 400;\">Prije\u0111imo sad na \u010disto novinarski dio. U knji\u017enici Medve\u0161\u010dak dana 9. o\u017eujka 2017. odr\u017ean je kulturno-umjetni\u010dki program u povodu tematske izlo\u017ebe <\/span><i><span style=\"font-weight: 400;\">Metkovi\u0107 u dolini Neretve<\/span><\/i><span style=\"font-weight: 400;\"> \u010diji su autori Milka Tica i Ivica Puljan. Izlo\u017eba je postavljena na Badnjak pro\u0161le godine, \u00a0a otvorena je do 24. o\u017eujka. Bilo je to istinsko okupljanje \u201edomovinskih i iseljenih\u201c Neretvana te njihovih prijatelja u Zagrebu koji su se poput srdela natiskali u prostorije knji\u017enice. Na samome su se po\u010detku programa okupljenima nakon ravnateljice knji\u017enice Medve\u0161\u010dak Sanje Pavlakovi\u0107 obratili autori izlo\u017ebe Milka Tica i Ivica Puljan osvrnuv\u0161i se na zamisao o postavljanju izlo\u017ebe te zahvaliv\u0161i svima koji su pridonijeli njezinu ostvarenju. Uslijedili su pozdravni govori metkovske gradona\u010delnice Katarine Ujdur i Mladena Bu\u0161i\u0107a, izaslanika zagreba\u010dkoga gradona\u010delnika Milana Bandi\u0107a, i predsjednika Hrvatskoga sabora Bo\u017ee Petrova. Svi su iskazali zadovoljstvo iznimnom posje\u0107eno\u0161\u0107u ovoga doga\u0111anja te prigodi da se Metkovi\u0107 i Neretva okupe u Zagrebu te predstave zagreba\u010dkoj javnosti slikopisnim, glazbenim, knji\u017eevnim i op\u0107enito kulturnim sadr\u017eajima. Dupkom pune prostorije knji\u017enice Medve\u0161\u010dak zagrijali su neretvanskom pjesmom \u010dlanovi KUD-a Metkovi\u0107, a dodatno su ih raznje\u017eili klapa Nostalgija (\u010diji je \u010dlan na\u0161ijenac Ivo Rai\u010d s Rade\u017ea kod Neuma) te mezosopranistica Tereza Gabri\u0107. Knji\u017eevne su pak tekstove neretvanskih pjesnika (Vojislava Matage, Vladimira Pavlovi\u0107a, Ivana Slamniga i Stojana Vu\u010di\u0107evi\u0107a) i prozaika (Domagoja Vidovi\u0107a i Kazimira Vranki\u0107a) uz \u0161armantne voditelje Niku Pavlovi\u0107 i Roka Veraju, koji su i probleme s ozvu\u010denjem u\u010dinili predstavom, \u010ditali Vojislav Mataga i Domagoj Vidovi\u0107. Na koncu je programa predsjednik Dru\u0161tva Neretvana i prijatelja Neretve Luka Vlahovi\u0107 Ivici Puljanu uru\u010dio zahvalnicu Dru\u0161tva zbog ukupnoga djelovanja u svrhu boljitka Neretve, sustavnoga pra\u0107enja zbivanja u zavi\u010daju i priredaba o zavi\u010daju te iskrenoga radovanja uspjehu svakoga Neretvanina neovisno o podru\u010dju u kojemu djeluje. Milki Tici je Luka Vlahovi\u0107 u znak zahvale sve\u010dano uru\u010dio osam brojeva <\/span><i><span style=\"font-weight: 400;\">Hrvatskoga neretvanskog zbornika<\/span><\/i><span style=\"font-weight: 400;\"> kao dar Dru\u0161tva knji\u017enici Medve\u0161\u010dak. Dru\u0161tvo Neretvana i prijatelja Neretve osobito je ponosno na zastupljenost njegovih \u010dlanova i njihovih tekstova (iz <\/span><i><span style=\"font-weight: 400;\">Hrvatskoga neretvanskog zbornika<\/span><\/i><span style=\"font-weight: 400;\"> i s mre\u017enih stranica Dru\u0161tva Neretvana i prijatelja Neretve u Zagrebu) u katalogu izlo\u017ebe na \u010demu se autorima izlo\u017ebe nastojalo odu\u017eiti \u201eposu\u0111ivanjem\u201c voditeljskoga para i logisti\u010dkom potporom. Koliko je priredba bila uspje\u0161na, najzornije govore prizori slu\u010dajnih namjernika koji su, u nemogu\u0107nosti da u\u0111u u prepun prostor knji\u017enice, bili doslovce zalijepljeni za prozore u\u017eivaju\u0107i u ju\u017enja\u010dkoj vrevi i melosu.<\/span><\/p>\n<p><span style=\"font-weight: 400;\">Ne govori se zaludu da rije\u010di lete <\/span><i><span style=\"font-weight: 400;\">kako boti od marete<\/span><\/i><span style=\"font-weight: 400;\">, a pisano ostaje. Stoga \u0107e nam slikopisni i tekstovni zapisi u katalogu ostati u trajnome naslije\u0111u, a svakomu tko se \u0107uti istinskim Metkovcem i Neretvaninom, srce \u0107e malo br\u017ee zaigrati ako se pro\u0161e\u0107e do D\u017eamije i razgleda neretvanska \u0161tiva i krajobraze u re\u017eiji dviju <\/span><i><span style=\"font-weight: 400;\">tica<\/span><\/i><span style=\"font-weight: 400;\"> (jedne Tice i Pili\u0107a, kako se mo\u017ee tuma\u010diti prezime Puljan).<\/span><\/p>\n<p><span style=\"font-weight: 400;\">Domagoj Vidovi\u0107, likemetkovic.hr<\/span><\/p>\n","protected":false},"excerpt":{"rendered":"<p>Gotovo svaka pri\u010da ima pretpri\u010du, pa tako i ova. Pitanje je samo dokle sje\u0107anje se\u017ee jer Ivicu Puljana poznajem otkad znam za sebe. Dobro se spominjem i njegova oca kojega sam vi\u0111ao preko puta na\u0161e obiteljske ku\u0107e (u njoj mi stanuje stric Slobodan s obitelji i teta Marija, pa je i dalje nazivam svojom i [&hellip;]<\/p>\n","protected":false},"author":7,"featured_media":37818,"comment_status":"open","ping_status":"open","sticky":false,"template":"","format":"standard","meta":{"footnotes":""},"categories":[283,11],"tags":[],"class_list":{"0":"post-37845","1":"post","2":"type-post","3":"status-publish","4":"format-standard","5":"has-post-thumbnail","7":"category-a","8":"category-metkovic-dolina"},"yoast_head":"<!-- This site is optimized with the Yoast SEO plugin v25.2 - https:\/\/yoast.com\/wordpress\/plugins\/seo\/ -->\n<title>U ve\u010deri kao ova izlila su svu toplinu \u2013 Metkovi\u0107 i Neretva usred Zagreba - likemetkovic.hr<\/title>\n<meta name=\"robots\" content=\"index, follow, max-snippet:-1, max-image-preview:large, max-video-preview:-1\" \/>\n<link rel=\"canonical\" href=\"https:\/\/likemetkovic.hr\/veceri-ova-izlila-svu-toplinu-metkovic-neretva-usred-zagreba\/\" \/>\n<meta property=\"og:locale\" content=\"hr_HR\" \/>\n<meta property=\"og:type\" content=\"article\" \/>\n<meta property=\"og:title\" content=\"U ve\u010deri kao ova izlila su svu toplinu \u2013 Metkovi\u0107 i Neretva usred Zagreba - likemetkovic.hr\" \/>\n<meta property=\"og:description\" content=\"Gotovo svaka pri\u010da ima pretpri\u010du, pa tako i ova. Pitanje je samo dokle sje\u0107anje se\u017ee jer Ivicu Puljana poznajem otkad znam za sebe. Dobro se spominjem i njegova oca kojega sam vi\u0111ao preko puta na\u0161e obiteljske ku\u0107e (u njoj mi stanuje stric Slobodan s obitelji i teta Marija, pa je i dalje nazivam svojom i [&hellip;]\" \/>\n<meta property=\"og:url\" content=\"https:\/\/likemetkovic.hr\/veceri-ova-izlila-svu-toplinu-metkovic-neretva-usred-zagreba\/\" \/>\n<meta property=\"og:site_name\" content=\"likemetkovic.hr\" \/>\n<meta property=\"article:publisher\" content=\"https:\/\/www.facebook.com\/likemetkovic.hr\/\" \/>\n<meta property=\"article:published_time\" content=\"2017-03-12T07:46:24+00:00\" \/>\n<meta property=\"og:image\" content=\"https:\/\/likemetkovic.hr\/wp-content\/uploads\/2017\/03\/izlozbaZagreb090317-23.jpg\" \/>\n\t<meta property=\"og:image:width\" content=\"1000\" \/>\n\t<meta property=\"og:image:height\" content=\"667\" \/>\n\t<meta property=\"og:image:type\" content=\"image\/jpeg\" \/>\n<meta name=\"author\" content=\"LIKEmetkovic.hr\" \/>\n<meta name=\"twitter:card\" content=\"summary_large_image\" \/>\n<meta name=\"twitter:label1\" content=\"Napisao\/la\" \/>\n\t<meta name=\"twitter:data1\" content=\"LIKEmetkovic.hr\" \/>\n\t<meta name=\"twitter:label2\" content=\"Procijenjeno vrijeme \u010ditanja\" \/>\n\t<meta name=\"twitter:data2\" content=\"7 minuta\" \/>\n<script type=\"application\/ld+json\" class=\"yoast-schema-graph\">{\"@context\":\"https:\/\/schema.org\",\"@graph\":[{\"@type\":\"WebPage\",\"@id\":\"https:\/\/likemetkovic.hr\/veceri-ova-izlila-svu-toplinu-metkovic-neretva-usred-zagreba\/\",\"url\":\"https:\/\/likemetkovic.hr\/veceri-ova-izlila-svu-toplinu-metkovic-neretva-usred-zagreba\/\",\"name\":\"U ve\u010deri kao ova izlila su svu toplinu \u2013 Metkovi\u0107 i Neretva usred Zagreba - likemetkovic.hr\",\"isPartOf\":{\"@id\":\"https:\/\/likemetkovic.hr\/#website\"},\"primaryImageOfPage\":{\"@id\":\"https:\/\/likemetkovic.hr\/veceri-ova-izlila-svu-toplinu-metkovic-neretva-usred-zagreba\/#primaryimage\"},\"image\":{\"@id\":\"https:\/\/likemetkovic.hr\/veceri-ova-izlila-svu-toplinu-metkovic-neretva-usred-zagreba\/#primaryimage\"},\"thumbnailUrl\":\"https:\/\/likemetkovic.hr\/portal\/wp-content\/uploads\/2017\/03\/izlozbaZagreb090317-23.jpg\",\"datePublished\":\"2017-03-12T07:46:24+00:00\",\"author\":{\"@id\":\"https:\/\/likemetkovic.hr\/#\/schema\/person\/a42711f3385a0e2be6f7e0443bfb28f0\"},\"breadcrumb\":{\"@id\":\"https:\/\/likemetkovic.hr\/veceri-ova-izlila-svu-toplinu-metkovic-neretva-usred-zagreba\/#breadcrumb\"},\"inLanguage\":\"hr\",\"potentialAction\":[{\"@type\":\"ReadAction\",\"target\":[\"https:\/\/likemetkovic.hr\/veceri-ova-izlila-svu-toplinu-metkovic-neretva-usred-zagreba\/\"]}]},{\"@type\":\"ImageObject\",\"inLanguage\":\"hr\",\"@id\":\"https:\/\/likemetkovic.hr\/veceri-ova-izlila-svu-toplinu-metkovic-neretva-usred-zagreba\/#primaryimage\",\"url\":\"https:\/\/likemetkovic.hr\/portal\/wp-content\/uploads\/2017\/03\/izlozbaZagreb090317-23.jpg\",\"contentUrl\":\"https:\/\/likemetkovic.hr\/portal\/wp-content\/uploads\/2017\/03\/izlozbaZagreb090317-23.jpg\",\"width\":1000,\"height\":667},{\"@type\":\"BreadcrumbList\",\"@id\":\"https:\/\/likemetkovic.hr\/veceri-ova-izlila-svu-toplinu-metkovic-neretva-usred-zagreba\/#breadcrumb\",\"itemListElement\":[{\"@type\":\"ListItem\",\"position\":1,\"name\":\"Po\u010detna stranica\",\"item\":\"https:\/\/likemetkovic.hr\/portal\/\"},{\"@type\":\"ListItem\",\"position\":2,\"name\":\"U ve\u010deri kao ova izlila su svu toplinu \u2013 Metkovi\u0107 i Neretva usred Zagreba\"}]},{\"@type\":\"WebSite\",\"@id\":\"https:\/\/likemetkovic.hr\/#website\",\"url\":\"https:\/\/likemetkovic.hr\/\",\"name\":\"likemetkovic.hr\",\"description\":\"Misli pozitivno... \u010ditaj LIKE\",\"potentialAction\":[{\"@type\":\"SearchAction\",\"target\":{\"@type\":\"EntryPoint\",\"urlTemplate\":\"https:\/\/likemetkovic.hr\/?s={search_term_string}\"},\"query-input\":{\"@type\":\"PropertyValueSpecification\",\"valueRequired\":true,\"valueName\":\"search_term_string\"}}],\"inLanguage\":\"hr\"},{\"@type\":\"Person\",\"@id\":\"https:\/\/likemetkovic.hr\/#\/schema\/person\/a42711f3385a0e2be6f7e0443bfb28f0\",\"name\":\"LIKEmetkovic.hr\",\"sameAs\":[\"http:\/\/likemetkovic.hr\"],\"url\":\"https:\/\/likemetkovic.hr\/portal\/author\/likemetkovic-hr\/\"}]}<\/script>\n<!-- \/ Yoast SEO plugin. -->","yoast_head_json":{"title":"U ve\u010deri kao ova izlila su svu toplinu \u2013 Metkovi\u0107 i Neretva usred Zagreba - likemetkovic.hr","robots":{"index":"index","follow":"follow","max-snippet":"max-snippet:-1","max-image-preview":"max-image-preview:large","max-video-preview":"max-video-preview:-1"},"canonical":"https:\/\/likemetkovic.hr\/veceri-ova-izlila-svu-toplinu-metkovic-neretva-usred-zagreba\/","og_locale":"hr_HR","og_type":"article","og_title":"U ve\u010deri kao ova izlila su svu toplinu \u2013 Metkovi\u0107 i Neretva usred Zagreba - likemetkovic.hr","og_description":"Gotovo svaka pri\u010da ima pretpri\u010du, pa tako i ova. Pitanje je samo dokle sje\u0107anje se\u017ee jer Ivicu Puljana poznajem otkad znam za sebe. Dobro se spominjem i njegova oca kojega sam vi\u0111ao preko puta na\u0161e obiteljske ku\u0107e (u njoj mi stanuje stric Slobodan s obitelji i teta Marija, pa je i dalje nazivam svojom i [&hellip;]","og_url":"https:\/\/likemetkovic.hr\/veceri-ova-izlila-svu-toplinu-metkovic-neretva-usred-zagreba\/","og_site_name":"likemetkovic.hr","article_publisher":"https:\/\/www.facebook.com\/likemetkovic.hr\/","article_published_time":"2017-03-12T07:46:24+00:00","og_image":[{"width":1000,"height":667,"url":"https:\/\/likemetkovic.hr\/wp-content\/uploads\/2017\/03\/izlozbaZagreb090317-23.jpg","type":"image\/jpeg"}],"author":"LIKEmetkovic.hr","twitter_card":"summary_large_image","twitter_misc":{"Napisao\/la":"LIKEmetkovic.hr","Procijenjeno vrijeme \u010ditanja":"7 minuta"},"schema":{"@context":"https:\/\/schema.org","@graph":[{"@type":"WebPage","@id":"https:\/\/likemetkovic.hr\/veceri-ova-izlila-svu-toplinu-metkovic-neretva-usred-zagreba\/","url":"https:\/\/likemetkovic.hr\/veceri-ova-izlila-svu-toplinu-metkovic-neretva-usred-zagreba\/","name":"U ve\u010deri kao ova izlila su svu toplinu \u2013 Metkovi\u0107 i Neretva usred Zagreba - likemetkovic.hr","isPartOf":{"@id":"https:\/\/likemetkovic.hr\/#website"},"primaryImageOfPage":{"@id":"https:\/\/likemetkovic.hr\/veceri-ova-izlila-svu-toplinu-metkovic-neretva-usred-zagreba\/#primaryimage"},"image":{"@id":"https:\/\/likemetkovic.hr\/veceri-ova-izlila-svu-toplinu-metkovic-neretva-usred-zagreba\/#primaryimage"},"thumbnailUrl":"https:\/\/likemetkovic.hr\/portal\/wp-content\/uploads\/2017\/03\/izlozbaZagreb090317-23.jpg","datePublished":"2017-03-12T07:46:24+00:00","author":{"@id":"https:\/\/likemetkovic.hr\/#\/schema\/person\/a42711f3385a0e2be6f7e0443bfb28f0"},"breadcrumb":{"@id":"https:\/\/likemetkovic.hr\/veceri-ova-izlila-svu-toplinu-metkovic-neretva-usred-zagreba\/#breadcrumb"},"inLanguage":"hr","potentialAction":[{"@type":"ReadAction","target":["https:\/\/likemetkovic.hr\/veceri-ova-izlila-svu-toplinu-metkovic-neretva-usred-zagreba\/"]}]},{"@type":"ImageObject","inLanguage":"hr","@id":"https:\/\/likemetkovic.hr\/veceri-ova-izlila-svu-toplinu-metkovic-neretva-usred-zagreba\/#primaryimage","url":"https:\/\/likemetkovic.hr\/portal\/wp-content\/uploads\/2017\/03\/izlozbaZagreb090317-23.jpg","contentUrl":"https:\/\/likemetkovic.hr\/portal\/wp-content\/uploads\/2017\/03\/izlozbaZagreb090317-23.jpg","width":1000,"height":667},{"@type":"BreadcrumbList","@id":"https:\/\/likemetkovic.hr\/veceri-ova-izlila-svu-toplinu-metkovic-neretva-usred-zagreba\/#breadcrumb","itemListElement":[{"@type":"ListItem","position":1,"name":"Po\u010detna stranica","item":"https:\/\/likemetkovic.hr\/portal\/"},{"@type":"ListItem","position":2,"name":"U ve\u010deri kao ova izlila su svu toplinu \u2013 Metkovi\u0107 i Neretva usred Zagreba"}]},{"@type":"WebSite","@id":"https:\/\/likemetkovic.hr\/#website","url":"https:\/\/likemetkovic.hr\/","name":"likemetkovic.hr","description":"Misli pozitivno... \u010ditaj LIKE","potentialAction":[{"@type":"SearchAction","target":{"@type":"EntryPoint","urlTemplate":"https:\/\/likemetkovic.hr\/?s={search_term_string}"},"query-input":{"@type":"PropertyValueSpecification","valueRequired":true,"valueName":"search_term_string"}}],"inLanguage":"hr"},{"@type":"Person","@id":"https:\/\/likemetkovic.hr\/#\/schema\/person\/a42711f3385a0e2be6f7e0443bfb28f0","name":"LIKEmetkovic.hr","sameAs":["http:\/\/likemetkovic.hr"],"url":"https:\/\/likemetkovic.hr\/portal\/author\/likemetkovic-hr\/"}]}},"_links":{"self":[{"href":"https:\/\/likemetkovic.hr\/portal\/wp-json\/wp\/v2\/posts\/37845","targetHints":{"allow":["GET"]}}],"collection":[{"href":"https:\/\/likemetkovic.hr\/portal\/wp-json\/wp\/v2\/posts"}],"about":[{"href":"https:\/\/likemetkovic.hr\/portal\/wp-json\/wp\/v2\/types\/post"}],"author":[{"embeddable":true,"href":"https:\/\/likemetkovic.hr\/portal\/wp-json\/wp\/v2\/users\/7"}],"replies":[{"embeddable":true,"href":"https:\/\/likemetkovic.hr\/portal\/wp-json\/wp\/v2\/comments?post=37845"}],"version-history":[{"count":0,"href":"https:\/\/likemetkovic.hr\/portal\/wp-json\/wp\/v2\/posts\/37845\/revisions"}],"wp:featuredmedia":[{"embeddable":true,"href":"https:\/\/likemetkovic.hr\/portal\/wp-json\/wp\/v2\/media\/37818"}],"wp:attachment":[{"href":"https:\/\/likemetkovic.hr\/portal\/wp-json\/wp\/v2\/media?parent=37845"}],"wp:term":[{"taxonomy":"category","embeddable":true,"href":"https:\/\/likemetkovic.hr\/portal\/wp-json\/wp\/v2\/categories?post=37845"},{"taxonomy":"post_tag","embeddable":true,"href":"https:\/\/likemetkovic.hr\/portal\/wp-json\/wp\/v2\/tags?post=37845"}],"curies":[{"name":"wp","href":"https:\/\/api.w.org\/{rel}","templated":true}]}}