{"id":37848,"date":"2017-03-12T09:31:28","date_gmt":"2017-03-12T08:31:28","guid":{"rendered":"http:\/\/likemetkovic.hr\/?p=37848"},"modified":"2017-03-12T12:22:39","modified_gmt":"2017-03-12T11:22:39","slug":"li-saborski-zastupnik-grmoja-namjerno-pravi-razliku-izmedu-udruga-civilnog-drustva-metkovicu","status":"publish","type":"post","link":"https:\/\/likemetkovic.hr\/portal\/li-saborski-zastupnik-grmoja-namjerno-pravi-razliku-izmedu-udruga-civilnog-drustva-metkovicu\/","title":{"rendered":"Je li saborski zastupnik Grmoja namjerno pravi razliku izme\u0111u udruga civilnog dru\u0161tva u Metkovi\u0107u?"},"content":{"rendered":"<p>Kako se pribli\u017eavaju lokalni izbori i lokalna politika je malo \u017eivnula. Kao da se politi\u010dka scena tek zagrijava. Htjeli ne htjeli pogledi su uprti u one druge i u njihovo politi\u010dko dvori\u0161te. Smisao politike i jest da pozicija koja ima vlast radi najbolje \u0161to mo\u017ee za dobro svojih gra\u0111ana, a opozicija je ta koja pazi, gleda, ukazuje na pogre\u0161ke i propuste, nudi rje\u0161enja. A gra\u0111ani onda na demokratskim izborima biraju. Prava politika spaja ljude, a kriva razdvaja. \u2013 Tako \u010ditamo na jednom metkovskom portalu naslov: \u201eGrmoja u raspravi u Saboru spomenuo uspje\u0161ne metkovske udruge.\u201c I zaista u raspravi o civilnom dru\u0161tvu na\u0161 saborski zastupnik Grmoja kao primjer uspje\u0161nog rada i funkcioniranja udruga spominje i metkovske udruge \u2013 Leptiri\u0107e, Udrugu Dobra, Udrugu la\u0111ara Neretve, Udrugu veterana 4.GBR, Udrugu \u017divot \u2026 \u2013 Dobro je da cijela Hrvatska \u010duje za metkovske udruge, jer se Metkovi\u0107 zaista ima \u010dime podi\u010diti kad je u pitanju civilno dru\u0161tvo, tj. udruge civilnog dru\u0161tva. Udruga cerebralne i dje\u010dje paralize doline Neretve \u201eLeptiri\u0107i\u201c (2009.), kojoj je sjedi\u0161te u Plo\u010dama, posti\u017ee zaista izvanredne rezultate: fizikalna terapija, logopedske vje\u017ebe, radna terapija, asistencija u nastavi, volonteri (vidi web stranicu)\u2026 Udruga \u201eDobra\u201c (2009.), pomo\u0107 u ku\u0107i starijim osobama za tri op\u0107ine (Kula Norinska, Pojezerje i Za\u017eablje), volonterski centar, projekti, programi, sajmovi, radionice\u2026 Tu su i druge spomenute i nespomenute udruge i ljudi koji u njima rade. One su veliko bogatstvo ovoga grada.<\/p>\n<p>No, ono \u0161to imalo upu\u0107enom gra\u0111aninu ovoga grada upada u o\u010di jest o\u010dita selekcija koju i iz saborske klupe radi gospodin Grmoja. Je li mogu\u0107e da je me\u0111u nespomenutima Udruga osoba s invaliditetom \u201ePrijatelj\u201c iz Metkovi\u0107a?!\u00a0Za koju mo\u017eemo re\u0107i da je\u00a0kao\u00a0institucija\u00a0na\u0161ega\u00a0grada. Osnovana 2003.\u00a0u\u00a0Metkovi\u0107u, me\u0111u najboljima u Hrvatskoj: oni su prilagodili grad osobama s invaliditetom i te\u017ee pokretnim osobama, sudjelovali u ugradnji dizala u osnovne \u0161kole, u izgradnji rampi ispred gradskih ustanova, trenutno 47 ljudi u udruzi prima pla\u0107u (27 osobnih asistenata i 20 osoba s invaliditetom zaposlenih preko raznih projekata i programa), uspje\u0161no provedenim projektima i programima ni broja se ne zna, radionice, suvenirnice, posudionica ortopedskih pomagala jo\u0161 od 2005., proizvodnja svije\u0107a, neretvanskih suvenira, grafi\u010dka radionica, \u0161ivaonica, recikla\u017ea, stipendije studentima\u2026 Dovoljno je pogledati njihovu Web stranicu ili bilo koji gradski portal!? \u2013 Je li mogu\u0107e da se gospodin Grmoja nije sjetio ba\u0161 ove velike udruge, ili se namjerno nije htio sjetiti da je kazni jer po njegovoj objektivnoj procjeni pripada \u201ejambi\u0107ima\u201c i HSS-u, a oni svi moraju na neki na\u010din biti ka\u017enjeni, ili barem ignorirani. \u2013 Me\u0111u nespomenutim udrugama jest i Udruga Otac Ante Gabri\u0107 iz Metkovi\u0107a, (2008.), a zaslu\u017eila je biti spomenuta! Pru\u017eaju usluge pomo\u0107i u ku\u0107i na\u0161im starijim i bolesnim sugra\u0111anima, imaju dnevni boravak gdje svakodnevno organiziraju razne aktivnosti za svoje \u010dlanove, provode programe i projekte, imaju puno volontera, posebno \u0161kolske djece \u2026<\/p>\n<p>Isto tako kako je mogao ne spomenuti\u00a0i Sportsku udruga \u2018Neretva run\u2019, koja okuplja mno\u0161tvo mladih u jednom zdravom sportskom ozra\u010dju. Ta mlada metkovska udruga je inicijator i organizator mnogih gradskih sportskih doga\u0111anja, me\u0111u kojima je i ve\u0107 nadaleko poznata \u2018Metkovska skalinada\u2019, koja se ove godine, izme\u0111u ostalih, odvija i pod pokroviteljstvom predsjednice RH, g\u0111e. Kolinde Grabar-Kitarevi\u0107.\u00a0Tako\u0111er, u svom obra\u0107anju je mogao obuhvatiti i\u00a0brojne\u00a0la\u0111arske\u00a0udruge, poput Crnoga puta, Jerkovca, Pruda i Vida, kao i brojne\u00a0druge\u00a0udruge, da se netko ne uvrijedi ako izostavimo, koje godinama djeluju u na\u0161emu gradu i u sportskom, kulturnom i socijalnom\u00a0smislu okupljaju na\u0161e brojne sugra\u0111ane.<\/p>\n<p>Sve\u00a0ove\u00a0udruge, spomenute i nespomenute od gospodina Grmoje, \u010dine na\u0161i sugra\u0111ani, kao korisnici, kao zaposlenici, kao volonteri. O svima njima moramo govoriti pa\u017eljivo, biranim rije\u010dima i s puno po\u0161tovanja. Pogotovo u politi\u010dkom govoru iz saborskih klupa. Prava politika spaja ljude, a kriva razdvaja.<\/p>\n<p>Lak\u0161e bi nam bilo povjerovati kako gospodin Grmoja ne poznaje dovoljno dobro svoj grad i rad udruga civilnog dru\u0161tva, jer je ipak u fokusu njegova politi\u010dkog djelovanja Sisa\u010dko-Moslava\u010dka \u017eupanija.<\/p>\n<p><strong>hss-metkovic.com<\/strong><\/p>\n","protected":false},"excerpt":{"rendered":"<p>Kako se pribli\u017eavaju lokalni izbori i lokalna politika je malo \u017eivnula. Kao da se politi\u010dka scena tek zagrijava. Htjeli ne htjeli pogledi su uprti u one druge i u njihovo politi\u010dko dvori\u0161te. Smisao politike i jest da pozicija koja ima vlast radi najbolje \u0161to mo\u017ee za dobro svojih gra\u0111ana, a opozicija je ta koja pazi, [&hellip;]<\/p>\n","protected":false},"author":7,"featured_media":29376,"comment_status":"open","ping_status":"open","sticky":false,"template":"","format":"standard","meta":{"footnotes":""},"categories":[296,290],"tags":[432,380,321,354],"class_list":{"0":"post-37848","1":"post","2":"type-post","3":"status-publish","4":"format-standard","5":"has-post-thumbnail","7":"category-ab","8":"category-politika","9":"tag-hss-metkovic","10":"tag-metkovic","11":"tag-nikola-grmoja","12":"tag-udruge"},"yoast_head":"<!-- This site is optimized with the Yoast SEO plugin v25.2 - https:\/\/yoast.com\/wordpress\/plugins\/seo\/ -->\n<title>Je li saborski zastupnik Grmoja namjerno pravi razliku izme\u0111u udruga civilnog dru\u0161tva u Metkovi\u0107u? - likemetkovic.hr<\/title>\n<meta name=\"robots\" content=\"index, follow, max-snippet:-1, max-image-preview:large, max-video-preview:-1\" \/>\n<link rel=\"canonical\" href=\"https:\/\/likemetkovic.hr\/li-saborski-zastupnik-grmoja-namjerno-pravi-razliku-izmedu-udruga-civilnog-drustva-metkovicu\/\" \/>\n<meta property=\"og:locale\" content=\"hr_HR\" \/>\n<meta property=\"og:type\" content=\"article\" \/>\n<meta property=\"og:title\" content=\"Je li saborski zastupnik Grmoja namjerno pravi razliku izme\u0111u udruga civilnog dru\u0161tva u Metkovi\u0107u? - likemetkovic.hr\" \/>\n<meta property=\"og:description\" content=\"Kako se pribli\u017eavaju lokalni izbori i lokalna politika je malo \u017eivnula. Kao da se politi\u010dka scena tek zagrijava. Htjeli ne htjeli pogledi su uprti u one druge i u njihovo politi\u010dko dvori\u0161te. Smisao politike i jest da pozicija koja ima vlast radi najbolje \u0161to mo\u017ee za dobro svojih gra\u0111ana, a opozicija je ta koja pazi, [&hellip;]\" \/>\n<meta property=\"og:url\" content=\"https:\/\/likemetkovic.hr\/li-saborski-zastupnik-grmoja-namjerno-pravi-razliku-izmedu-udruga-civilnog-drustva-metkovicu\/\" \/>\n<meta property=\"og:site_name\" content=\"likemetkovic.hr\" \/>\n<meta property=\"article:publisher\" content=\"https:\/\/www.facebook.com\/likemetkovic.hr\/\" \/>\n<meta property=\"article:published_time\" content=\"2017-03-12T08:31:28+00:00\" \/>\n<meta property=\"article:modified_time\" content=\"2017-03-12T11:22:39+00:00\" \/>\n<meta property=\"og:image\" content=\"https:\/\/likemetkovic.hr\/wp-content\/uploads\/2016\/10\/metkovi\u0107.jpg\" \/>\n\t<meta property=\"og:image:width\" content=\"1366\" \/>\n\t<meta property=\"og:image:height\" content=\"911\" \/>\n\t<meta property=\"og:image:type\" content=\"image\/jpeg\" \/>\n<meta name=\"author\" content=\"LIKEmetkovic.hr\" \/>\n<meta name=\"twitter:card\" content=\"summary_large_image\" \/>\n<meta name=\"twitter:label1\" content=\"Napisao\/la\" \/>\n\t<meta name=\"twitter:data1\" content=\"LIKEmetkovic.hr\" \/>\n\t<meta name=\"twitter:label2\" content=\"Procijenjeno vrijeme \u010ditanja\" \/>\n\t<meta name=\"twitter:data2\" content=\"4 minute\" \/>\n<script type=\"application\/ld+json\" class=\"yoast-schema-graph\">{\"@context\":\"https:\/\/schema.org\",\"@graph\":[{\"@type\":\"WebPage\",\"@id\":\"https:\/\/likemetkovic.hr\/li-saborski-zastupnik-grmoja-namjerno-pravi-razliku-izmedu-udruga-civilnog-drustva-metkovicu\/\",\"url\":\"https:\/\/likemetkovic.hr\/li-saborski-zastupnik-grmoja-namjerno-pravi-razliku-izmedu-udruga-civilnog-drustva-metkovicu\/\",\"name\":\"Je li saborski zastupnik Grmoja namjerno pravi razliku izme\u0111u udruga civilnog dru\u0161tva u Metkovi\u0107u? - likemetkovic.hr\",\"isPartOf\":{\"@id\":\"https:\/\/likemetkovic.hr\/#website\"},\"primaryImageOfPage\":{\"@id\":\"https:\/\/likemetkovic.hr\/li-saborski-zastupnik-grmoja-namjerno-pravi-razliku-izmedu-udruga-civilnog-drustva-metkovicu\/#primaryimage\"},\"image\":{\"@id\":\"https:\/\/likemetkovic.hr\/li-saborski-zastupnik-grmoja-namjerno-pravi-razliku-izmedu-udruga-civilnog-drustva-metkovicu\/#primaryimage\"},\"thumbnailUrl\":\"https:\/\/likemetkovic.hr\/portal\/wp-content\/uploads\/2016\/10\/metkovi\u0107.jpg\",\"datePublished\":\"2017-03-12T08:31:28+00:00\",\"dateModified\":\"2017-03-12T11:22:39+00:00\",\"author\":{\"@id\":\"https:\/\/likemetkovic.hr\/#\/schema\/person\/a42711f3385a0e2be6f7e0443bfb28f0\"},\"breadcrumb\":{\"@id\":\"https:\/\/likemetkovic.hr\/li-saborski-zastupnik-grmoja-namjerno-pravi-razliku-izmedu-udruga-civilnog-drustva-metkovicu\/#breadcrumb\"},\"inLanguage\":\"hr\",\"potentialAction\":[{\"@type\":\"ReadAction\",\"target\":[\"https:\/\/likemetkovic.hr\/li-saborski-zastupnik-grmoja-namjerno-pravi-razliku-izmedu-udruga-civilnog-drustva-metkovicu\/\"]}]},{\"@type\":\"ImageObject\",\"inLanguage\":\"hr\",\"@id\":\"https:\/\/likemetkovic.hr\/li-saborski-zastupnik-grmoja-namjerno-pravi-razliku-izmedu-udruga-civilnog-drustva-metkovicu\/#primaryimage\",\"url\":\"https:\/\/likemetkovic.hr\/portal\/wp-content\/uploads\/2016\/10\/metkovi\u0107.jpg\",\"contentUrl\":\"https:\/\/likemetkovic.hr\/portal\/wp-content\/uploads\/2016\/10\/metkovi\u0107.jpg\",\"width\":1366,\"height\":911},{\"@type\":\"BreadcrumbList\",\"@id\":\"https:\/\/likemetkovic.hr\/li-saborski-zastupnik-grmoja-namjerno-pravi-razliku-izmedu-udruga-civilnog-drustva-metkovicu\/#breadcrumb\",\"itemListElement\":[{\"@type\":\"ListItem\",\"position\":1,\"name\":\"Po\u010detna stranica\",\"item\":\"https:\/\/likemetkovic.hr\/portal\/\"},{\"@type\":\"ListItem\",\"position\":2,\"name\":\"Je li saborski zastupnik Grmoja namjerno pravi razliku izme\u0111u udruga civilnog dru\u0161tva u Metkovi\u0107u?\"}]},{\"@type\":\"WebSite\",\"@id\":\"https:\/\/likemetkovic.hr\/#website\",\"url\":\"https:\/\/likemetkovic.hr\/\",\"name\":\"likemetkovic.hr\",\"description\":\"Misli pozitivno... \u010ditaj LIKE\",\"potentialAction\":[{\"@type\":\"SearchAction\",\"target\":{\"@type\":\"EntryPoint\",\"urlTemplate\":\"https:\/\/likemetkovic.hr\/?s={search_term_string}\"},\"query-input\":{\"@type\":\"PropertyValueSpecification\",\"valueRequired\":true,\"valueName\":\"search_term_string\"}}],\"inLanguage\":\"hr\"},{\"@type\":\"Person\",\"@id\":\"https:\/\/likemetkovic.hr\/#\/schema\/person\/a42711f3385a0e2be6f7e0443bfb28f0\",\"name\":\"LIKEmetkovic.hr\",\"sameAs\":[\"http:\/\/likemetkovic.hr\"],\"url\":\"https:\/\/likemetkovic.hr\/portal\/author\/likemetkovic-hr\/\"}]}<\/script>\n<!-- \/ Yoast SEO plugin. -->","yoast_head_json":{"title":"Je li saborski zastupnik Grmoja namjerno pravi razliku izme\u0111u udruga civilnog dru\u0161tva u Metkovi\u0107u? - likemetkovic.hr","robots":{"index":"index","follow":"follow","max-snippet":"max-snippet:-1","max-image-preview":"max-image-preview:large","max-video-preview":"max-video-preview:-1"},"canonical":"https:\/\/likemetkovic.hr\/li-saborski-zastupnik-grmoja-namjerno-pravi-razliku-izmedu-udruga-civilnog-drustva-metkovicu\/","og_locale":"hr_HR","og_type":"article","og_title":"Je li saborski zastupnik Grmoja namjerno pravi razliku izme\u0111u udruga civilnog dru\u0161tva u Metkovi\u0107u? - likemetkovic.hr","og_description":"Kako se pribli\u017eavaju lokalni izbori i lokalna politika je malo \u017eivnula. Kao da se politi\u010dka scena tek zagrijava. Htjeli ne htjeli pogledi su uprti u one druge i u njihovo politi\u010dko dvori\u0161te. Smisao politike i jest da pozicija koja ima vlast radi najbolje \u0161to mo\u017ee za dobro svojih gra\u0111ana, a opozicija je ta koja pazi, [&hellip;]","og_url":"https:\/\/likemetkovic.hr\/li-saborski-zastupnik-grmoja-namjerno-pravi-razliku-izmedu-udruga-civilnog-drustva-metkovicu\/","og_site_name":"likemetkovic.hr","article_publisher":"https:\/\/www.facebook.com\/likemetkovic.hr\/","article_published_time":"2017-03-12T08:31:28+00:00","article_modified_time":"2017-03-12T11:22:39+00:00","og_image":[{"width":1366,"height":911,"url":"https:\/\/likemetkovic.hr\/wp-content\/uploads\/2016\/10\/metkovi\u0107.jpg","type":"image\/jpeg"}],"author":"LIKEmetkovic.hr","twitter_card":"summary_large_image","twitter_misc":{"Napisao\/la":"LIKEmetkovic.hr","Procijenjeno vrijeme \u010ditanja":"4 minute"},"schema":{"@context":"https:\/\/schema.org","@graph":[{"@type":"WebPage","@id":"https:\/\/likemetkovic.hr\/li-saborski-zastupnik-grmoja-namjerno-pravi-razliku-izmedu-udruga-civilnog-drustva-metkovicu\/","url":"https:\/\/likemetkovic.hr\/li-saborski-zastupnik-grmoja-namjerno-pravi-razliku-izmedu-udruga-civilnog-drustva-metkovicu\/","name":"Je li saborski zastupnik Grmoja namjerno pravi razliku izme\u0111u udruga civilnog dru\u0161tva u Metkovi\u0107u? - likemetkovic.hr","isPartOf":{"@id":"https:\/\/likemetkovic.hr\/#website"},"primaryImageOfPage":{"@id":"https:\/\/likemetkovic.hr\/li-saborski-zastupnik-grmoja-namjerno-pravi-razliku-izmedu-udruga-civilnog-drustva-metkovicu\/#primaryimage"},"image":{"@id":"https:\/\/likemetkovic.hr\/li-saborski-zastupnik-grmoja-namjerno-pravi-razliku-izmedu-udruga-civilnog-drustva-metkovicu\/#primaryimage"},"thumbnailUrl":"https:\/\/likemetkovic.hr\/portal\/wp-content\/uploads\/2016\/10\/metkovi\u0107.jpg","datePublished":"2017-03-12T08:31:28+00:00","dateModified":"2017-03-12T11:22:39+00:00","author":{"@id":"https:\/\/likemetkovic.hr\/#\/schema\/person\/a42711f3385a0e2be6f7e0443bfb28f0"},"breadcrumb":{"@id":"https:\/\/likemetkovic.hr\/li-saborski-zastupnik-grmoja-namjerno-pravi-razliku-izmedu-udruga-civilnog-drustva-metkovicu\/#breadcrumb"},"inLanguage":"hr","potentialAction":[{"@type":"ReadAction","target":["https:\/\/likemetkovic.hr\/li-saborski-zastupnik-grmoja-namjerno-pravi-razliku-izmedu-udruga-civilnog-drustva-metkovicu\/"]}]},{"@type":"ImageObject","inLanguage":"hr","@id":"https:\/\/likemetkovic.hr\/li-saborski-zastupnik-grmoja-namjerno-pravi-razliku-izmedu-udruga-civilnog-drustva-metkovicu\/#primaryimage","url":"https:\/\/likemetkovic.hr\/portal\/wp-content\/uploads\/2016\/10\/metkovi\u0107.jpg","contentUrl":"https:\/\/likemetkovic.hr\/portal\/wp-content\/uploads\/2016\/10\/metkovi\u0107.jpg","width":1366,"height":911},{"@type":"BreadcrumbList","@id":"https:\/\/likemetkovic.hr\/li-saborski-zastupnik-grmoja-namjerno-pravi-razliku-izmedu-udruga-civilnog-drustva-metkovicu\/#breadcrumb","itemListElement":[{"@type":"ListItem","position":1,"name":"Po\u010detna stranica","item":"https:\/\/likemetkovic.hr\/portal\/"},{"@type":"ListItem","position":2,"name":"Je li saborski zastupnik Grmoja namjerno pravi razliku izme\u0111u udruga civilnog dru\u0161tva u Metkovi\u0107u?"}]},{"@type":"WebSite","@id":"https:\/\/likemetkovic.hr\/#website","url":"https:\/\/likemetkovic.hr\/","name":"likemetkovic.hr","description":"Misli pozitivno... \u010ditaj LIKE","potentialAction":[{"@type":"SearchAction","target":{"@type":"EntryPoint","urlTemplate":"https:\/\/likemetkovic.hr\/?s={search_term_string}"},"query-input":{"@type":"PropertyValueSpecification","valueRequired":true,"valueName":"search_term_string"}}],"inLanguage":"hr"},{"@type":"Person","@id":"https:\/\/likemetkovic.hr\/#\/schema\/person\/a42711f3385a0e2be6f7e0443bfb28f0","name":"LIKEmetkovic.hr","sameAs":["http:\/\/likemetkovic.hr"],"url":"https:\/\/likemetkovic.hr\/portal\/author\/likemetkovic-hr\/"}]}},"_links":{"self":[{"href":"https:\/\/likemetkovic.hr\/portal\/wp-json\/wp\/v2\/posts\/37848","targetHints":{"allow":["GET"]}}],"collection":[{"href":"https:\/\/likemetkovic.hr\/portal\/wp-json\/wp\/v2\/posts"}],"about":[{"href":"https:\/\/likemetkovic.hr\/portal\/wp-json\/wp\/v2\/types\/post"}],"author":[{"embeddable":true,"href":"https:\/\/likemetkovic.hr\/portal\/wp-json\/wp\/v2\/users\/7"}],"replies":[{"embeddable":true,"href":"https:\/\/likemetkovic.hr\/portal\/wp-json\/wp\/v2\/comments?post=37848"}],"version-history":[{"count":0,"href":"https:\/\/likemetkovic.hr\/portal\/wp-json\/wp\/v2\/posts\/37848\/revisions"}],"wp:featuredmedia":[{"embeddable":true,"href":"https:\/\/likemetkovic.hr\/portal\/wp-json\/wp\/v2\/media\/29376"}],"wp:attachment":[{"href":"https:\/\/likemetkovic.hr\/portal\/wp-json\/wp\/v2\/media?parent=37848"}],"wp:term":[{"taxonomy":"category","embeddable":true,"href":"https:\/\/likemetkovic.hr\/portal\/wp-json\/wp\/v2\/categories?post=37848"},{"taxonomy":"post_tag","embeddable":true,"href":"https:\/\/likemetkovic.hr\/portal\/wp-json\/wp\/v2\/tags?post=37848"}],"curies":[{"name":"wp","href":"https:\/\/api.w.org\/{rel}","templated":true}]}}