{"id":37974,"date":"2017-03-14T12:12:40","date_gmt":"2017-03-14T11:12:40","guid":{"rendered":"http:\/\/likemetkovic.hr\/?p=37974"},"modified":"2018-06-06T18:02:36","modified_gmt":"2018-06-06T16:02:36","slug":"foto-odrzan-zbor-prva-sjednica-ceha-frizera-kozmeticara-udruzenja-metkovic","status":"publish","type":"post","link":"https:\/\/likemetkovic.hr\/portal\/foto-odrzan-zbor-prva-sjednica-ceha-frizera-kozmeticara-udruzenja-metkovic\/","title":{"rendered":"[FOTO] Odr\u017ean zbor i sjednica Ceha frizera i kozmeti\u010dara Udru\u017eenja Metkovi\u0107"},"content":{"rendered":"<p>Sino\u0107 je u prostorijama U\u010dili\u0161ta Mijo\u010d odr\u017eana sjednica Ceha frizera i kozmeti\u010dara Metkovi\u0107 uz goste, gradona\u010delnicu <strong>Katarinu Ujdur<\/strong> i predstavnicu na\u0161e \u017dupanije u Cehu Hok-a <strong>Danielu Gazibara<\/strong>. Sjednicu je vodila novoizabrana predsjednica Ceha, <strong>Daniela \u017dderi\u0107<\/strong>, uz tajnika Udru\u017eenja obrtnika Metkovi\u0107,<strong> Ivicu Parma\u0107a.<\/strong><\/p>\n<p>Uz prisustvo kolega obrtnika krenulo se u organizaciju seminara, edukacija, putovanja, ukazivanju na neinformiranosti struke o novostina, pravima i propisima u poslovanju.<br \/>\nU vrlo dinami\u010dnom i pozitivnom okru\u017eenju sa konkretnim rezultatima i uz nesebi\u010dnu pomo\u0107 i razumjevanje Gradona\u010delnice i stru\u010dne slu\u017ebe Udru\u017eenja, predstavnicom iz ceha HOK-a, donesen je zaklju\u010dak.<br \/>\nDo kraja tjedana frizeri se mogu prijaviti u Udru\u017eenje Metkovi\u0107 za besplatan put u Zagreb na Hairstyle news\u00a0koji\u00a0pla\u0107a Hok, dok smjestaj financira Grad Metkovi\u0107. Uz to se mo\u017ee ostvariti i popust od 20% na dvodnevne akreditacije za sve frizere i njihove djelatnike.<br \/>\nIsto tako mogu se prijaviti za majstorske ispite i licenciranje radionica.<br \/>\nU tijeku je i prikupljanje\u00a0prijedloga i ideja za godi\u0161nji plan rada ceha frizera i kozmeti\u010dara sa na\u0161eg podru\u010dja.<\/p>\n\r\n                <style type=\"text\/css\">\r\n                    \r\n                    #tdi_1  .td-doubleSlider-2 .td-item1 {\r\n                        background: url(https:\/\/likemetkovic.hr\/portal\/wp-content\/uploads\/2017\/03\/DSC_0818-80x60.jpg) 0 0 no-repeat;\r\n                    }\r\n                    #tdi_1  .td-doubleSlider-2 .td-item2 {\r\n                        background: url(https:\/\/likemetkovic.hr\/portal\/wp-content\/uploads\/2017\/03\/DSC_0820-80x60.jpg) 0 0 no-repeat;\r\n                    }\r\n                    #tdi_1  .td-doubleSlider-2 .td-item3 {\r\n                        background: url(https:\/\/likemetkovic.hr\/portal\/wp-content\/uploads\/2017\/03\/DSC_0832-80x60.jpg) 0 0 no-repeat;\r\n                    }\r\n                <\/style>\r\n\r\n                <div id=\"tdi_1\" class=\"td-gallery td-slide-on-2-columns\">\r\n                    <div class=\"post_td_gallery\">\r\n                        <div class=\"td-gallery-slide-top\">\r\n                           <div class=\"td-gallery-title\"><\/div>\r\n\r\n                            <div class=\"td-gallery-controls-wrapper\">\r\n                                <div class=\"td-gallery-slide-count\"><span class=\"td-gallery-slide-item-focus\">1<\/span> of 3<\/div>\r\n                                <div class=\"td-gallery-slide-prev-next-but\">\r\n                                    <i class = \"td-icon-left doubleSliderPrevButton\"><\/i>\r\n                                    <i class = \"td-icon-right doubleSliderNextButton\"><\/i>\r\n                                <\/div>\r\n                            <\/div>\r\n                        <\/div>\r\n\r\n                        <div class = \"td-doubleSlider-1 \">\r\n                            <div class = \"td-slider\">\r\n                                \r\n                    <div class = \"td-slide-item td-item1\">\r\n                        <figure class=\"td-slide-galery-figure td-slide-popup-gallery\">\r\n                            <a class=\"slide-gallery-image-link\" href=\"https:\/\/likemetkovic.hr\/portal\/wp-content\/uploads\/2017\/03\/DSC_0818.jpg\" title=\"DSC_0818\"  data-caption=\"\"  data-description=\"\">\r\n                                <img decoding=\"async\" src=\"https:\/\/likemetkovic.hr\/portal\/wp-content\/uploads\/2017\/03\/DSC_0818-630x420.jpg\" srcset=\"https:\/\/likemetkovic.hr\/portal\/wp-content\/uploads\/2017\/03\/DSC_0818-630x420.jpg 630w, https:\/\/likemetkovic.hr\/portal\/wp-content\/uploads\/2017\/03\/DSC_0818-800x534.jpg 800w, https:\/\/likemetkovic.hr\/portal\/wp-content\/uploads\/2017\/03\/DSC_0818-768x512.jpg 768w, https:\/\/likemetkovic.hr\/portal\/wp-content\/uploads\/2017\/03\/DSC_0818-1200x800.jpg 1200w, https:\/\/likemetkovic.hr\/portal\/wp-content\/uploads\/2017\/03\/DSC_0818-696x464.jpg 696w, https:\/\/likemetkovic.hr\/portal\/wp-content\/uploads\/2017\/03\/DSC_0818-1068x712.jpg 1068w, https:\/\/likemetkovic.hr\/portal\/wp-content\/uploads\/2017\/03\/DSC_0818.jpg 1366w\" sizes=\"(max-width: 630px) 100vw, 630px\" alt=\"\">\r\n                            <\/a>\r\n                            \r\n                        <\/figure>\r\n                    <\/div>\r\n                    <div class = \"td-slide-item td-item2\">\r\n                        <figure class=\"td-slide-galery-figure td-slide-popup-gallery\">\r\n                            <a class=\"slide-gallery-image-link\" href=\"https:\/\/likemetkovic.hr\/portal\/wp-content\/uploads\/2017\/03\/DSC_0820.jpg\" title=\"DSC_0820\"  data-caption=\"\"  data-description=\"\">\r\n                                <img decoding=\"async\" src=\"https:\/\/likemetkovic.hr\/portal\/wp-content\/uploads\/2017\/03\/DSC_0820-630x420.jpg\" srcset=\"https:\/\/likemetkovic.hr\/portal\/wp-content\/uploads\/2017\/03\/DSC_0820-630x420.jpg 630w, https:\/\/likemetkovic.hr\/portal\/wp-content\/uploads\/2017\/03\/DSC_0820-800x534.jpg 800w, https:\/\/likemetkovic.hr\/portal\/wp-content\/uploads\/2017\/03\/DSC_0820-768x512.jpg 768w, https:\/\/likemetkovic.hr\/portal\/wp-content\/uploads\/2017\/03\/DSC_0820-1200x800.jpg 1200w, https:\/\/likemetkovic.hr\/portal\/wp-content\/uploads\/2017\/03\/DSC_0820-696x464.jpg 696w, https:\/\/likemetkovic.hr\/portal\/wp-content\/uploads\/2017\/03\/DSC_0820-1068x712.jpg 1068w, https:\/\/likemetkovic.hr\/portal\/wp-content\/uploads\/2017\/03\/DSC_0820.jpg 1366w\" sizes=\"(max-width: 630px) 100vw, 630px\" alt=\"\">\r\n                            <\/a>\r\n                            \r\n                        <\/figure>\r\n                    <\/div>\r\n                    <div class = \"td-slide-item td-item3\">\r\n                        <figure class=\"td-slide-galery-figure td-slide-popup-gallery\">\r\n                            <a class=\"slide-gallery-image-link\" href=\"https:\/\/likemetkovic.hr\/portal\/wp-content\/uploads\/2017\/03\/DSC_0832.jpg\" title=\"DSC_0832\"  data-caption=\"\"  data-description=\"\">\r\n                                <img decoding=\"async\" src=\"https:\/\/likemetkovic.hr\/portal\/wp-content\/uploads\/2017\/03\/DSC_0832-640x420.jpg\" srcset=\"https:\/\/likemetkovic.hr\/portal\/wp-content\/uploads\/2017\/03\/DSC_0832-640x420.jpg 640w, https:\/\/likemetkovic.hr\/portal\/wp-content\/uploads\/2017\/03\/DSC_0832-800x525.jpg 800w, https:\/\/likemetkovic.hr\/portal\/wp-content\/uploads\/2017\/03\/DSC_0832-768x504.jpg 768w, https:\/\/likemetkovic.hr\/portal\/wp-content\/uploads\/2017\/03\/DSC_0832-1200x788.jpg 1200w, https:\/\/likemetkovic.hr\/portal\/wp-content\/uploads\/2017\/03\/DSC_0832-696x457.jpg 696w, https:\/\/likemetkovic.hr\/portal\/wp-content\/uploads\/2017\/03\/DSC_0832-741x486.jpg 741w, https:\/\/likemetkovic.hr\/portal\/wp-content\/uploads\/2017\/03\/DSC_0832-1068x701.jpg 1068w, https:\/\/likemetkovic.hr\/portal\/wp-content\/uploads\/2017\/03\/DSC_0832.jpg 1366w\" sizes=\"(max-width: 640px) 100vw, 640px\" alt=\"\">\r\n                            <\/a>\r\n                            \r\n                        <\/figure>\r\n                    <\/div>\r\n                            <\/div>\r\n                        <\/div>\r\n\r\n                        <div class = \"td-doubleSlider-2\">\r\n                            <div class = \"td-slider\">\r\n                                \r\n                    <div class = \"td-button td-item1\">\r\n                        <div class = \"td-border\"><\/div>\r\n                    <\/div>\r\n                    <div class = \"td-button td-item2\">\r\n                        <div class = \"td-border\"><\/div>\r\n                    <\/div>\r\n                    <div class = \"td-button td-item3\">\r\n                        <div class = \"td-border\"><\/div>\r\n                    <\/div>\r\n                            <\/div>\r\n                        <\/div>\r\n\r\n                    <\/div>\r\n\r\n                <\/div>\r\n                \n","protected":false},"excerpt":{"rendered":"<p>Sino\u0107 je u prostorijama U\u010dili\u0161ta Mijo\u010d odr\u017eana sjednica Ceha frizera i kozmeti\u010dara Metkovi\u0107 uz goste, gradona\u010delnicu Katarinu Ujdur i predstavnicu na\u0161e \u017dupanije u Cehu Hok-a Danielu Gazibara. Sjednicu je vodila novoizabrana predsjednica Ceha, Daniela \u017dderi\u0107, uz tajnika Udru\u017eenja obrtnika Metkovi\u0107, Ivicu Parma\u0107a. Uz prisustvo kolega obrtnika krenulo se u organizaciju seminara, edukacija, putovanja, ukazivanju na [&hellip;]<\/p>\n","protected":false},"author":7,"featured_media":37986,"comment_status":"open","ping_status":"open","sticky":false,"template":"","format":"standard","meta":{"footnotes":""},"categories":[283,11],"tags":[467],"class_list":{"0":"post-37974","1":"post","2":"type-post","3":"status-publish","4":"format-standard","5":"has-post-thumbnail","7":"category-a","8":"category-metkovic-dolina","9":"tag-ceh-frizera-i-kozmeticara-metkovic"},"yoast_head":"<!-- This site is optimized with the Yoast SEO plugin v25.2 - https:\/\/yoast.com\/wordpress\/plugins\/seo\/ -->\n<title>[FOTO] Odr\u017ean zbor i sjednica Ceha frizera i kozmeti\u010dara Udru\u017eenja Metkovi\u0107 - likemetkovic.hr<\/title>\n<meta name=\"robots\" content=\"index, follow, max-snippet:-1, max-image-preview:large, max-video-preview:-1\" \/>\n<link rel=\"canonical\" href=\"https:\/\/likemetkovic.hr\/foto-odrzan-zbor-prva-sjednica-ceha-frizera-kozmeticara-udruzenja-metkovic\/\" \/>\n<meta property=\"og:locale\" content=\"hr_HR\" \/>\n<meta property=\"og:type\" content=\"article\" \/>\n<meta property=\"og:title\" content=\"[FOTO] Odr\u017ean zbor i sjednica Ceha frizera i kozmeti\u010dara Udru\u017eenja Metkovi\u0107 - likemetkovic.hr\" \/>\n<meta property=\"og:description\" content=\"Sino\u0107 je u prostorijama U\u010dili\u0161ta Mijo\u010d odr\u017eana sjednica Ceha frizera i kozmeti\u010dara Metkovi\u0107 uz goste, gradona\u010delnicu Katarinu Ujdur i predstavnicu na\u0161e \u017dupanije u Cehu Hok-a Danielu Gazibara. Sjednicu je vodila novoizabrana predsjednica Ceha, Daniela \u017dderi\u0107, uz tajnika Udru\u017eenja obrtnika Metkovi\u0107, Ivicu Parma\u0107a. Uz prisustvo kolega obrtnika krenulo se u organizaciju seminara, edukacija, putovanja, ukazivanju na [&hellip;]\" \/>\n<meta property=\"og:url\" content=\"https:\/\/likemetkovic.hr\/foto-odrzan-zbor-prva-sjednica-ceha-frizera-kozmeticara-udruzenja-metkovic\/\" \/>\n<meta property=\"og:site_name\" content=\"likemetkovic.hr\" \/>\n<meta property=\"article:publisher\" content=\"https:\/\/www.facebook.com\/likemetkovic.hr\/\" \/>\n<meta property=\"article:published_time\" content=\"2017-03-14T11:12:40+00:00\" \/>\n<meta property=\"article:modified_time\" content=\"2018-06-06T16:02:36+00:00\" \/>\n<meta property=\"og:image\" content=\"https:\/\/likemetkovic.hr\/wp-content\/uploads\/2017\/03\/DSC_0832.jpg\" \/>\n\t<meta property=\"og:image:width\" content=\"1366\" \/>\n\t<meta property=\"og:image:height\" content=\"897\" \/>\n\t<meta property=\"og:image:type\" content=\"image\/jpeg\" \/>\n<meta name=\"author\" content=\"LIKEmetkovic.hr\" \/>\n<meta name=\"twitter:card\" content=\"summary_large_image\" \/>\n<meta name=\"twitter:label1\" content=\"Napisao\/la\" \/>\n\t<meta name=\"twitter:data1\" content=\"LIKEmetkovic.hr\" \/>\n\t<meta name=\"twitter:label2\" content=\"Procijenjeno vrijeme \u010ditanja\" \/>\n\t<meta name=\"twitter:data2\" content=\"1 minuta\" \/>\n<script type=\"application\/ld+json\" class=\"yoast-schema-graph\">{\"@context\":\"https:\/\/schema.org\",\"@graph\":[{\"@type\":\"WebPage\",\"@id\":\"https:\/\/likemetkovic.hr\/foto-odrzan-zbor-prva-sjednica-ceha-frizera-kozmeticara-udruzenja-metkovic\/\",\"url\":\"https:\/\/likemetkovic.hr\/foto-odrzan-zbor-prva-sjednica-ceha-frizera-kozmeticara-udruzenja-metkovic\/\",\"name\":\"[FOTO] Odr\u017ean zbor i sjednica Ceha frizera i kozmeti\u010dara Udru\u017eenja Metkovi\u0107 - likemetkovic.hr\",\"isPartOf\":{\"@id\":\"https:\/\/likemetkovic.hr\/#website\"},\"primaryImageOfPage\":{\"@id\":\"https:\/\/likemetkovic.hr\/foto-odrzan-zbor-prva-sjednica-ceha-frizera-kozmeticara-udruzenja-metkovic\/#primaryimage\"},\"image\":{\"@id\":\"https:\/\/likemetkovic.hr\/foto-odrzan-zbor-prva-sjednica-ceha-frizera-kozmeticara-udruzenja-metkovic\/#primaryimage\"},\"thumbnailUrl\":\"https:\/\/likemetkovic.hr\/portal\/wp-content\/uploads\/2017\/03\/DSC_0832.jpg\",\"datePublished\":\"2017-03-14T11:12:40+00:00\",\"dateModified\":\"2018-06-06T16:02:36+00:00\",\"author\":{\"@id\":\"https:\/\/likemetkovic.hr\/#\/schema\/person\/a42711f3385a0e2be6f7e0443bfb28f0\"},\"breadcrumb\":{\"@id\":\"https:\/\/likemetkovic.hr\/foto-odrzan-zbor-prva-sjednica-ceha-frizera-kozmeticara-udruzenja-metkovic\/#breadcrumb\"},\"inLanguage\":\"hr\",\"potentialAction\":[{\"@type\":\"ReadAction\",\"target\":[\"https:\/\/likemetkovic.hr\/foto-odrzan-zbor-prva-sjednica-ceha-frizera-kozmeticara-udruzenja-metkovic\/\"]}]},{\"@type\":\"ImageObject\",\"inLanguage\":\"hr\",\"@id\":\"https:\/\/likemetkovic.hr\/foto-odrzan-zbor-prva-sjednica-ceha-frizera-kozmeticara-udruzenja-metkovic\/#primaryimage\",\"url\":\"https:\/\/likemetkovic.hr\/portal\/wp-content\/uploads\/2017\/03\/DSC_0832.jpg\",\"contentUrl\":\"https:\/\/likemetkovic.hr\/portal\/wp-content\/uploads\/2017\/03\/DSC_0832.jpg\",\"width\":1366,\"height\":897},{\"@type\":\"BreadcrumbList\",\"@id\":\"https:\/\/likemetkovic.hr\/foto-odrzan-zbor-prva-sjednica-ceha-frizera-kozmeticara-udruzenja-metkovic\/#breadcrumb\",\"itemListElement\":[{\"@type\":\"ListItem\",\"position\":1,\"name\":\"Po\u010detna stranica\",\"item\":\"https:\/\/likemetkovic.hr\/portal\/\"},{\"@type\":\"ListItem\",\"position\":2,\"name\":\"[FOTO] Odr\u017ean zbor i sjednica Ceha frizera i kozmeti\u010dara Udru\u017eenja Metkovi\u0107\"}]},{\"@type\":\"WebSite\",\"@id\":\"https:\/\/likemetkovic.hr\/#website\",\"url\":\"https:\/\/likemetkovic.hr\/\",\"name\":\"likemetkovic.hr\",\"description\":\"Misli pozitivno... \u010ditaj LIKE\",\"potentialAction\":[{\"@type\":\"SearchAction\",\"target\":{\"@type\":\"EntryPoint\",\"urlTemplate\":\"https:\/\/likemetkovic.hr\/?s={search_term_string}\"},\"query-input\":{\"@type\":\"PropertyValueSpecification\",\"valueRequired\":true,\"valueName\":\"search_term_string\"}}],\"inLanguage\":\"hr\"},{\"@type\":\"Person\",\"@id\":\"https:\/\/likemetkovic.hr\/#\/schema\/person\/a42711f3385a0e2be6f7e0443bfb28f0\",\"name\":\"LIKEmetkovic.hr\",\"sameAs\":[\"http:\/\/likemetkovic.hr\"],\"url\":\"https:\/\/likemetkovic.hr\/portal\/author\/likemetkovic-hr\/\"}]}<\/script>\n<!-- \/ Yoast SEO plugin. -->","yoast_head_json":{"title":"[FOTO] Odr\u017ean zbor i sjednica Ceha frizera i kozmeti\u010dara Udru\u017eenja Metkovi\u0107 - likemetkovic.hr","robots":{"index":"index","follow":"follow","max-snippet":"max-snippet:-1","max-image-preview":"max-image-preview:large","max-video-preview":"max-video-preview:-1"},"canonical":"https:\/\/likemetkovic.hr\/foto-odrzan-zbor-prva-sjednica-ceha-frizera-kozmeticara-udruzenja-metkovic\/","og_locale":"hr_HR","og_type":"article","og_title":"[FOTO] Odr\u017ean zbor i sjednica Ceha frizera i kozmeti\u010dara Udru\u017eenja Metkovi\u0107 - likemetkovic.hr","og_description":"Sino\u0107 je u prostorijama U\u010dili\u0161ta Mijo\u010d odr\u017eana sjednica Ceha frizera i kozmeti\u010dara Metkovi\u0107 uz goste, gradona\u010delnicu Katarinu Ujdur i predstavnicu na\u0161e \u017dupanije u Cehu Hok-a Danielu Gazibara. Sjednicu je vodila novoizabrana predsjednica Ceha, Daniela \u017dderi\u0107, uz tajnika Udru\u017eenja obrtnika Metkovi\u0107, Ivicu Parma\u0107a. Uz prisustvo kolega obrtnika krenulo se u organizaciju seminara, edukacija, putovanja, ukazivanju na [&hellip;]","og_url":"https:\/\/likemetkovic.hr\/foto-odrzan-zbor-prva-sjednica-ceha-frizera-kozmeticara-udruzenja-metkovic\/","og_site_name":"likemetkovic.hr","article_publisher":"https:\/\/www.facebook.com\/likemetkovic.hr\/","article_published_time":"2017-03-14T11:12:40+00:00","article_modified_time":"2018-06-06T16:02:36+00:00","og_image":[{"width":1366,"height":897,"url":"https:\/\/likemetkovic.hr\/wp-content\/uploads\/2017\/03\/DSC_0832.jpg","type":"image\/jpeg"}],"author":"LIKEmetkovic.hr","twitter_card":"summary_large_image","twitter_misc":{"Napisao\/la":"LIKEmetkovic.hr","Procijenjeno vrijeme \u010ditanja":"1 minuta"},"schema":{"@context":"https:\/\/schema.org","@graph":[{"@type":"WebPage","@id":"https:\/\/likemetkovic.hr\/foto-odrzan-zbor-prva-sjednica-ceha-frizera-kozmeticara-udruzenja-metkovic\/","url":"https:\/\/likemetkovic.hr\/foto-odrzan-zbor-prva-sjednica-ceha-frizera-kozmeticara-udruzenja-metkovic\/","name":"[FOTO] Odr\u017ean zbor i sjednica Ceha frizera i kozmeti\u010dara Udru\u017eenja Metkovi\u0107 - likemetkovic.hr","isPartOf":{"@id":"https:\/\/likemetkovic.hr\/#website"},"primaryImageOfPage":{"@id":"https:\/\/likemetkovic.hr\/foto-odrzan-zbor-prva-sjednica-ceha-frizera-kozmeticara-udruzenja-metkovic\/#primaryimage"},"image":{"@id":"https:\/\/likemetkovic.hr\/foto-odrzan-zbor-prva-sjednica-ceha-frizera-kozmeticara-udruzenja-metkovic\/#primaryimage"},"thumbnailUrl":"https:\/\/likemetkovic.hr\/portal\/wp-content\/uploads\/2017\/03\/DSC_0832.jpg","datePublished":"2017-03-14T11:12:40+00:00","dateModified":"2018-06-06T16:02:36+00:00","author":{"@id":"https:\/\/likemetkovic.hr\/#\/schema\/person\/a42711f3385a0e2be6f7e0443bfb28f0"},"breadcrumb":{"@id":"https:\/\/likemetkovic.hr\/foto-odrzan-zbor-prva-sjednica-ceha-frizera-kozmeticara-udruzenja-metkovic\/#breadcrumb"},"inLanguage":"hr","potentialAction":[{"@type":"ReadAction","target":["https:\/\/likemetkovic.hr\/foto-odrzan-zbor-prva-sjednica-ceha-frizera-kozmeticara-udruzenja-metkovic\/"]}]},{"@type":"ImageObject","inLanguage":"hr","@id":"https:\/\/likemetkovic.hr\/foto-odrzan-zbor-prva-sjednica-ceha-frizera-kozmeticara-udruzenja-metkovic\/#primaryimage","url":"https:\/\/likemetkovic.hr\/portal\/wp-content\/uploads\/2017\/03\/DSC_0832.jpg","contentUrl":"https:\/\/likemetkovic.hr\/portal\/wp-content\/uploads\/2017\/03\/DSC_0832.jpg","width":1366,"height":897},{"@type":"BreadcrumbList","@id":"https:\/\/likemetkovic.hr\/foto-odrzan-zbor-prva-sjednica-ceha-frizera-kozmeticara-udruzenja-metkovic\/#breadcrumb","itemListElement":[{"@type":"ListItem","position":1,"name":"Po\u010detna stranica","item":"https:\/\/likemetkovic.hr\/portal\/"},{"@type":"ListItem","position":2,"name":"[FOTO] Odr\u017ean zbor i sjednica Ceha frizera i kozmeti\u010dara Udru\u017eenja Metkovi\u0107"}]},{"@type":"WebSite","@id":"https:\/\/likemetkovic.hr\/#website","url":"https:\/\/likemetkovic.hr\/","name":"likemetkovic.hr","description":"Misli pozitivno... \u010ditaj LIKE","potentialAction":[{"@type":"SearchAction","target":{"@type":"EntryPoint","urlTemplate":"https:\/\/likemetkovic.hr\/?s={search_term_string}"},"query-input":{"@type":"PropertyValueSpecification","valueRequired":true,"valueName":"search_term_string"}}],"inLanguage":"hr"},{"@type":"Person","@id":"https:\/\/likemetkovic.hr\/#\/schema\/person\/a42711f3385a0e2be6f7e0443bfb28f0","name":"LIKEmetkovic.hr","sameAs":["http:\/\/likemetkovic.hr"],"url":"https:\/\/likemetkovic.hr\/portal\/author\/likemetkovic-hr\/"}]}},"_links":{"self":[{"href":"https:\/\/likemetkovic.hr\/portal\/wp-json\/wp\/v2\/posts\/37974","targetHints":{"allow":["GET"]}}],"collection":[{"href":"https:\/\/likemetkovic.hr\/portal\/wp-json\/wp\/v2\/posts"}],"about":[{"href":"https:\/\/likemetkovic.hr\/portal\/wp-json\/wp\/v2\/types\/post"}],"author":[{"embeddable":true,"href":"https:\/\/likemetkovic.hr\/portal\/wp-json\/wp\/v2\/users\/7"}],"replies":[{"embeddable":true,"href":"https:\/\/likemetkovic.hr\/portal\/wp-json\/wp\/v2\/comments?post=37974"}],"version-history":[{"count":0,"href":"https:\/\/likemetkovic.hr\/portal\/wp-json\/wp\/v2\/posts\/37974\/revisions"}],"wp:featuredmedia":[{"embeddable":true,"href":"https:\/\/likemetkovic.hr\/portal\/wp-json\/wp\/v2\/media\/37986"}],"wp:attachment":[{"href":"https:\/\/likemetkovic.hr\/portal\/wp-json\/wp\/v2\/media?parent=37974"}],"wp:term":[{"taxonomy":"category","embeddable":true,"href":"https:\/\/likemetkovic.hr\/portal\/wp-json\/wp\/v2\/categories?post=37974"},{"taxonomy":"post_tag","embeddable":true,"href":"https:\/\/likemetkovic.hr\/portal\/wp-json\/wp\/v2\/tags?post=37974"}],"curies":[{"name":"wp","href":"https:\/\/api.w.org\/{rel}","templated":true}]}}