{"id":37993,"date":"2017-03-14T12:28:33","date_gmt":"2017-03-14T11:28:33","guid":{"rendered":"http:\/\/likemetkovic.hr\/?p=37993"},"modified":"2017-03-14T14:15:51","modified_gmt":"2017-03-14T13:15:51","slug":"bivsi-metkovski-gimnazijalac-poznati-novinar-hrvoje-kresic-presao-rtl-a-n1-televiziju","status":"publish","type":"post","link":"https:\/\/likemetkovic.hr\/portal\/bivsi-metkovski-gimnazijalac-poznati-novinar-hrvoje-kresic-presao-rtl-a-n1-televiziju\/","title":{"rendered":"Biv\u0161i metkovski gimnazijalac, poznati novinar Hrvoje Kre\u0161i\u0107, pre\u0161ao sa RTL-a na N1 televiziju"},"content":{"rendered":"<p class=\"story-lead\">Novinarski tim N1 televizije u o\u017eujku dobiva novo veliko poja\u010danje \u2013 iskusnog politi\u010dkog reportera Hrvoja Kre\u0161i\u0107a, Neumljanina i biv\u0161eg u\u010denika Gimnazije Metkovi\u0107.<\/p>\n<p>Karijeru je po\u010deo 2005. godine u Novom listu, gdje je pro\u0161ao sve &#8220;sektorske stepenice&#8221; u novinarskom razvoju: od gradske rubrike, preko znanosti i visokog obrazovanja, pa do vanjske i unutarnje politike. Po\u010detkom 2011. godine prelazi na RTL televiziju, na kojoj ostaje \u0161est godina te kao politi\u010dki reporter pokriva sve zna\u010dajne doga\u0111aje u vrhu hrvatske politike. Redovito vodi razgovore s predsjednicima vlada, vode\u0107im ljudima oporbe ali i sa stranim dr\u017eavnicima.<\/p>\n<div>Osim hrvatske politike i ekonomije prati i sve va\u017enije europske politi\u010dke doga\u0111aje poput predsjedni\u010dkih i parlamentarnih izbora u Njema\u010dkoj, Velikoj Britaniji ili Austriji, poku\u0161aja vojnog pu\u010da u Turskoj te rada Europskog vije\u0107a i drugih europskih institucija. Izvje\u0161tavao je i iz Vatikana 2013. godine o odlasku pape Benedikta XVI, odnosno o izboru pape Franje.<\/div>\n<div><\/div>\n<div>Dvostruki je dobitnik nagrade Hrvatskog novinarskog dru\u0161tva &#8211; 2009. je zajedno s kolegom <strong>Jerkom Bakotinom<\/strong> nagra\u0111en za najbolji rad u tiskanom novinarstvu (serija reporta\u017ea sa Bliskog Istoka, posebice reporta\u017ea iz Pojasa Gaze) a 2015. godine za televizijsko novinarstvo (razgovor sa Zsoltom Hernadijem, \u010delnikom ma\u0111arskog MOL-a).<\/div>\n<div><\/div>\n<div>Stipendist je Reutersovog instituta za novinarstvo sa Sveu\u010dili\u0161ta u Oxfordu te dobitnik nagrade &#8220;European Young Journalist&#8221; za 2008. godinu.<\/div>\n","protected":false},"excerpt":{"rendered":"<p>Novinarski tim N1 televizije u o\u017eujku dobiva novo veliko poja\u010danje \u2013 iskusnog politi\u010dkog reportera Hrvoja Kre\u0161i\u0107a, Neumljanina i biv\u0161eg u\u010denika Gimnazije Metkovi\u0107. Karijeru je po\u010deo 2005. godine u Novom listu, gdje je pro\u0161ao sve &#8220;sektorske stepenice&#8221; u novinarskom razvoju: od gradske rubrike, preko znanosti i visokog obrazovanja, pa do vanjske i unutarnje politike. Po\u010detkom 2011. [&hellip;]<\/p>\n","protected":false},"author":7,"featured_media":37994,"comment_status":"open","ping_status":"open","sticky":false,"template":"","format":"standard","meta":{"footnotes":""},"categories":[296,71],"tags":[468],"class_list":{"0":"post-37993","1":"post","2":"type-post","3":"status-publish","4":"format-standard","5":"has-post-thumbnail","7":"category-ab","8":"category-svega-po-malo","9":"tag-hrvoje-kresic"},"yoast_head":"<!-- This site is optimized with the Yoast SEO plugin v25.2 - https:\/\/yoast.com\/wordpress\/plugins\/seo\/ -->\n<title>Biv\u0161i metkovski gimnazijalac, poznati novinar Hrvoje Kre\u0161i\u0107, pre\u0161ao sa RTL-a na N1 televiziju - likemetkovic.hr<\/title>\n<meta name=\"robots\" content=\"index, follow, max-snippet:-1, max-image-preview:large, max-video-preview:-1\" \/>\n<link rel=\"canonical\" href=\"https:\/\/likemetkovic.hr\/bivsi-metkovski-gimnazijalac-poznati-novinar-hrvoje-kresic-presao-rtl-a-n1-televiziju\/\" \/>\n<meta property=\"og:locale\" content=\"hr_HR\" \/>\n<meta property=\"og:type\" content=\"article\" \/>\n<meta property=\"og:title\" content=\"Biv\u0161i metkovski gimnazijalac, poznati novinar Hrvoje Kre\u0161i\u0107, pre\u0161ao sa RTL-a na N1 televiziju - likemetkovic.hr\" \/>\n<meta property=\"og:description\" content=\"Novinarski tim N1 televizije u o\u017eujku dobiva novo veliko poja\u010danje \u2013 iskusnog politi\u010dkog reportera Hrvoja Kre\u0161i\u0107a, Neumljanina i biv\u0161eg u\u010denika Gimnazije Metkovi\u0107. Karijeru je po\u010deo 2005. godine u Novom listu, gdje je pro\u0161ao sve &#8220;sektorske stepenice&#8221; u novinarskom razvoju: od gradske rubrike, preko znanosti i visokog obrazovanja, pa do vanjske i unutarnje politike. Po\u010detkom 2011. [&hellip;]\" \/>\n<meta property=\"og:url\" content=\"https:\/\/likemetkovic.hr\/bivsi-metkovski-gimnazijalac-poznati-novinar-hrvoje-kresic-presao-rtl-a-n1-televiziju\/\" \/>\n<meta property=\"og:site_name\" content=\"likemetkovic.hr\" \/>\n<meta property=\"article:publisher\" content=\"https:\/\/www.facebook.com\/likemetkovic.hr\/\" \/>\n<meta property=\"article:published_time\" content=\"2017-03-14T11:28:33+00:00\" \/>\n<meta property=\"article:modified_time\" content=\"2017-03-14T13:15:51+00:00\" \/>\n<meta property=\"og:image\" content=\"https:\/\/likemetkovic.hr\/wp-content\/uploads\/2017\/03\/hrvojekresic.jpg\" \/>\n\t<meta property=\"og:image:width\" content=\"891\" \/>\n\t<meta property=\"og:image:height\" content=\"600\" \/>\n\t<meta property=\"og:image:type\" content=\"image\/jpeg\" \/>\n<meta name=\"author\" content=\"LIKEmetkovic.hr\" \/>\n<meta name=\"twitter:card\" content=\"summary_large_image\" \/>\n<meta name=\"twitter:label1\" content=\"Napisao\/la\" \/>\n\t<meta name=\"twitter:data1\" content=\"LIKEmetkovic.hr\" \/>\n\t<meta name=\"twitter:label2\" content=\"Procijenjeno vrijeme \u010ditanja\" \/>\n\t<meta name=\"twitter:data2\" content=\"1 minuta\" \/>\n<script type=\"application\/ld+json\" class=\"yoast-schema-graph\">{\"@context\":\"https:\/\/schema.org\",\"@graph\":[{\"@type\":\"WebPage\",\"@id\":\"https:\/\/likemetkovic.hr\/bivsi-metkovski-gimnazijalac-poznati-novinar-hrvoje-kresic-presao-rtl-a-n1-televiziju\/\",\"url\":\"https:\/\/likemetkovic.hr\/bivsi-metkovski-gimnazijalac-poznati-novinar-hrvoje-kresic-presao-rtl-a-n1-televiziju\/\",\"name\":\"Biv\u0161i metkovski gimnazijalac, poznati novinar Hrvoje Kre\u0161i\u0107, pre\u0161ao sa RTL-a na N1 televiziju - likemetkovic.hr\",\"isPartOf\":{\"@id\":\"https:\/\/likemetkovic.hr\/#website\"},\"primaryImageOfPage\":{\"@id\":\"https:\/\/likemetkovic.hr\/bivsi-metkovski-gimnazijalac-poznati-novinar-hrvoje-kresic-presao-rtl-a-n1-televiziju\/#primaryimage\"},\"image\":{\"@id\":\"https:\/\/likemetkovic.hr\/bivsi-metkovski-gimnazijalac-poznati-novinar-hrvoje-kresic-presao-rtl-a-n1-televiziju\/#primaryimage\"},\"thumbnailUrl\":\"https:\/\/likemetkovic.hr\/portal\/wp-content\/uploads\/2017\/03\/hrvojekresic.jpg\",\"datePublished\":\"2017-03-14T11:28:33+00:00\",\"dateModified\":\"2017-03-14T13:15:51+00:00\",\"author\":{\"@id\":\"https:\/\/likemetkovic.hr\/#\/schema\/person\/a42711f3385a0e2be6f7e0443bfb28f0\"},\"breadcrumb\":{\"@id\":\"https:\/\/likemetkovic.hr\/bivsi-metkovski-gimnazijalac-poznati-novinar-hrvoje-kresic-presao-rtl-a-n1-televiziju\/#breadcrumb\"},\"inLanguage\":\"hr\",\"potentialAction\":[{\"@type\":\"ReadAction\",\"target\":[\"https:\/\/likemetkovic.hr\/bivsi-metkovski-gimnazijalac-poznati-novinar-hrvoje-kresic-presao-rtl-a-n1-televiziju\/\"]}]},{\"@type\":\"ImageObject\",\"inLanguage\":\"hr\",\"@id\":\"https:\/\/likemetkovic.hr\/bivsi-metkovski-gimnazijalac-poznati-novinar-hrvoje-kresic-presao-rtl-a-n1-televiziju\/#primaryimage\",\"url\":\"https:\/\/likemetkovic.hr\/portal\/wp-content\/uploads\/2017\/03\/hrvojekresic.jpg\",\"contentUrl\":\"https:\/\/likemetkovic.hr\/portal\/wp-content\/uploads\/2017\/03\/hrvojekresic.jpg\",\"width\":891,\"height\":600,\"caption\":\"Foto: Hrvoje Kre\u0161i\u0107 - N1\"},{\"@type\":\"BreadcrumbList\",\"@id\":\"https:\/\/likemetkovic.hr\/bivsi-metkovski-gimnazijalac-poznati-novinar-hrvoje-kresic-presao-rtl-a-n1-televiziju\/#breadcrumb\",\"itemListElement\":[{\"@type\":\"ListItem\",\"position\":1,\"name\":\"Po\u010detna stranica\",\"item\":\"https:\/\/likemetkovic.hr\/portal\/\"},{\"@type\":\"ListItem\",\"position\":2,\"name\":\"Biv\u0161i metkovski gimnazijalac, poznati novinar Hrvoje Kre\u0161i\u0107, pre\u0161ao sa RTL-a na N1 televiziju\"}]},{\"@type\":\"WebSite\",\"@id\":\"https:\/\/likemetkovic.hr\/#website\",\"url\":\"https:\/\/likemetkovic.hr\/\",\"name\":\"likemetkovic.hr\",\"description\":\"Misli pozitivno... \u010ditaj LIKE\",\"potentialAction\":[{\"@type\":\"SearchAction\",\"target\":{\"@type\":\"EntryPoint\",\"urlTemplate\":\"https:\/\/likemetkovic.hr\/?s={search_term_string}\"},\"query-input\":{\"@type\":\"PropertyValueSpecification\",\"valueRequired\":true,\"valueName\":\"search_term_string\"}}],\"inLanguage\":\"hr\"},{\"@type\":\"Person\",\"@id\":\"https:\/\/likemetkovic.hr\/#\/schema\/person\/a42711f3385a0e2be6f7e0443bfb28f0\",\"name\":\"LIKEmetkovic.hr\",\"sameAs\":[\"http:\/\/likemetkovic.hr\"],\"url\":\"https:\/\/likemetkovic.hr\/portal\/author\/likemetkovic-hr\/\"}]}<\/script>\n<!-- \/ Yoast SEO plugin. -->","yoast_head_json":{"title":"Biv\u0161i metkovski gimnazijalac, poznati novinar Hrvoje Kre\u0161i\u0107, pre\u0161ao sa RTL-a na N1 televiziju - likemetkovic.hr","robots":{"index":"index","follow":"follow","max-snippet":"max-snippet:-1","max-image-preview":"max-image-preview:large","max-video-preview":"max-video-preview:-1"},"canonical":"https:\/\/likemetkovic.hr\/bivsi-metkovski-gimnazijalac-poznati-novinar-hrvoje-kresic-presao-rtl-a-n1-televiziju\/","og_locale":"hr_HR","og_type":"article","og_title":"Biv\u0161i metkovski gimnazijalac, poznati novinar Hrvoje Kre\u0161i\u0107, pre\u0161ao sa RTL-a na N1 televiziju - likemetkovic.hr","og_description":"Novinarski tim N1 televizije u o\u017eujku dobiva novo veliko poja\u010danje \u2013 iskusnog politi\u010dkog reportera Hrvoja Kre\u0161i\u0107a, Neumljanina i biv\u0161eg u\u010denika Gimnazije Metkovi\u0107. Karijeru je po\u010deo 2005. godine u Novom listu, gdje je pro\u0161ao sve &#8220;sektorske stepenice&#8221; u novinarskom razvoju: od gradske rubrike, preko znanosti i visokog obrazovanja, pa do vanjske i unutarnje politike. Po\u010detkom 2011. [&hellip;]","og_url":"https:\/\/likemetkovic.hr\/bivsi-metkovski-gimnazijalac-poznati-novinar-hrvoje-kresic-presao-rtl-a-n1-televiziju\/","og_site_name":"likemetkovic.hr","article_publisher":"https:\/\/www.facebook.com\/likemetkovic.hr\/","article_published_time":"2017-03-14T11:28:33+00:00","article_modified_time":"2017-03-14T13:15:51+00:00","og_image":[{"width":891,"height":600,"url":"https:\/\/likemetkovic.hr\/wp-content\/uploads\/2017\/03\/hrvojekresic.jpg","type":"image\/jpeg"}],"author":"LIKEmetkovic.hr","twitter_card":"summary_large_image","twitter_misc":{"Napisao\/la":"LIKEmetkovic.hr","Procijenjeno vrijeme \u010ditanja":"1 minuta"},"schema":{"@context":"https:\/\/schema.org","@graph":[{"@type":"WebPage","@id":"https:\/\/likemetkovic.hr\/bivsi-metkovski-gimnazijalac-poznati-novinar-hrvoje-kresic-presao-rtl-a-n1-televiziju\/","url":"https:\/\/likemetkovic.hr\/bivsi-metkovski-gimnazijalac-poznati-novinar-hrvoje-kresic-presao-rtl-a-n1-televiziju\/","name":"Biv\u0161i metkovski gimnazijalac, poznati novinar Hrvoje Kre\u0161i\u0107, pre\u0161ao sa RTL-a na N1 televiziju - likemetkovic.hr","isPartOf":{"@id":"https:\/\/likemetkovic.hr\/#website"},"primaryImageOfPage":{"@id":"https:\/\/likemetkovic.hr\/bivsi-metkovski-gimnazijalac-poznati-novinar-hrvoje-kresic-presao-rtl-a-n1-televiziju\/#primaryimage"},"image":{"@id":"https:\/\/likemetkovic.hr\/bivsi-metkovski-gimnazijalac-poznati-novinar-hrvoje-kresic-presao-rtl-a-n1-televiziju\/#primaryimage"},"thumbnailUrl":"https:\/\/likemetkovic.hr\/portal\/wp-content\/uploads\/2017\/03\/hrvojekresic.jpg","datePublished":"2017-03-14T11:28:33+00:00","dateModified":"2017-03-14T13:15:51+00:00","author":{"@id":"https:\/\/likemetkovic.hr\/#\/schema\/person\/a42711f3385a0e2be6f7e0443bfb28f0"},"breadcrumb":{"@id":"https:\/\/likemetkovic.hr\/bivsi-metkovski-gimnazijalac-poznati-novinar-hrvoje-kresic-presao-rtl-a-n1-televiziju\/#breadcrumb"},"inLanguage":"hr","potentialAction":[{"@type":"ReadAction","target":["https:\/\/likemetkovic.hr\/bivsi-metkovski-gimnazijalac-poznati-novinar-hrvoje-kresic-presao-rtl-a-n1-televiziju\/"]}]},{"@type":"ImageObject","inLanguage":"hr","@id":"https:\/\/likemetkovic.hr\/bivsi-metkovski-gimnazijalac-poznati-novinar-hrvoje-kresic-presao-rtl-a-n1-televiziju\/#primaryimage","url":"https:\/\/likemetkovic.hr\/portal\/wp-content\/uploads\/2017\/03\/hrvojekresic.jpg","contentUrl":"https:\/\/likemetkovic.hr\/portal\/wp-content\/uploads\/2017\/03\/hrvojekresic.jpg","width":891,"height":600,"caption":"Foto: Hrvoje Kre\u0161i\u0107 - N1"},{"@type":"BreadcrumbList","@id":"https:\/\/likemetkovic.hr\/bivsi-metkovski-gimnazijalac-poznati-novinar-hrvoje-kresic-presao-rtl-a-n1-televiziju\/#breadcrumb","itemListElement":[{"@type":"ListItem","position":1,"name":"Po\u010detna stranica","item":"https:\/\/likemetkovic.hr\/portal\/"},{"@type":"ListItem","position":2,"name":"Biv\u0161i metkovski gimnazijalac, poznati novinar Hrvoje Kre\u0161i\u0107, pre\u0161ao sa RTL-a na N1 televiziju"}]},{"@type":"WebSite","@id":"https:\/\/likemetkovic.hr\/#website","url":"https:\/\/likemetkovic.hr\/","name":"likemetkovic.hr","description":"Misli pozitivno... \u010ditaj LIKE","potentialAction":[{"@type":"SearchAction","target":{"@type":"EntryPoint","urlTemplate":"https:\/\/likemetkovic.hr\/?s={search_term_string}"},"query-input":{"@type":"PropertyValueSpecification","valueRequired":true,"valueName":"search_term_string"}}],"inLanguage":"hr"},{"@type":"Person","@id":"https:\/\/likemetkovic.hr\/#\/schema\/person\/a42711f3385a0e2be6f7e0443bfb28f0","name":"LIKEmetkovic.hr","sameAs":["http:\/\/likemetkovic.hr"],"url":"https:\/\/likemetkovic.hr\/portal\/author\/likemetkovic-hr\/"}]}},"_links":{"self":[{"href":"https:\/\/likemetkovic.hr\/portal\/wp-json\/wp\/v2\/posts\/37993","targetHints":{"allow":["GET"]}}],"collection":[{"href":"https:\/\/likemetkovic.hr\/portal\/wp-json\/wp\/v2\/posts"}],"about":[{"href":"https:\/\/likemetkovic.hr\/portal\/wp-json\/wp\/v2\/types\/post"}],"author":[{"embeddable":true,"href":"https:\/\/likemetkovic.hr\/portal\/wp-json\/wp\/v2\/users\/7"}],"replies":[{"embeddable":true,"href":"https:\/\/likemetkovic.hr\/portal\/wp-json\/wp\/v2\/comments?post=37993"}],"version-history":[{"count":0,"href":"https:\/\/likemetkovic.hr\/portal\/wp-json\/wp\/v2\/posts\/37993\/revisions"}],"wp:featuredmedia":[{"embeddable":true,"href":"https:\/\/likemetkovic.hr\/portal\/wp-json\/wp\/v2\/media\/37994"}],"wp:attachment":[{"href":"https:\/\/likemetkovic.hr\/portal\/wp-json\/wp\/v2\/media?parent=37993"}],"wp:term":[{"taxonomy":"category","embeddable":true,"href":"https:\/\/likemetkovic.hr\/portal\/wp-json\/wp\/v2\/categories?post=37993"},{"taxonomy":"post_tag","embeddable":true,"href":"https:\/\/likemetkovic.hr\/portal\/wp-json\/wp\/v2\/tags?post=37993"}],"curies":[{"name":"wp","href":"https:\/\/api.w.org\/{rel}","templated":true}]}}