{"id":38039,"date":"2017-03-15T07:31:25","date_gmt":"2017-03-15T06:31:25","guid":{"rendered":"http:\/\/likemetkovic.hr\/?p=38039"},"modified":"2017-03-15T07:31:25","modified_gmt":"2017-03-15T06:31:25","slug":"talacka-kriza-radio-delti","status":"publish","type":"post","link":"https:\/\/likemetkovic.hr\/portal\/talacka-kriza-radio-delti\/","title":{"rendered":"Tala\u010dka kriza na Radio Delti!"},"content":{"rendered":"<p>Cijelo ju\u010dera\u0161nje jutro udruzi Leptiri\u0107i onemogu\u0107en je normalan rad zbog poziva zabrinutih \u010dlanova i gra\u0111ana koji se raspituju za \u017eivot i zdravlje predsjednika udruge Leptiri\u0107i <strong>Marija Jurkovi\u0107a<\/strong>. Naime u medijima je objavljena fotografija predsjednika<strong>\u00a0<\/strong>Jurkovi\u0107a na kojoj dr\u017ei ruke u zraku, a druga osoba dr\u017ei u njega uperen kala\u0161njikov, popra\u0107ena tekstom: \u201eTala\u010dka kriza u studiju Radija Delta\u201c.<span id=\"more-5893\"><\/span><\/p>\n<p>Iz udruge Leptri\u0107i zahvaljuju svima na brizi i obavje\u0161tavaju zabrinuto \u010dlanstvo i gra\u0111anstvo da se u Studiju Radija Delta zaista dogodila tala\u010dka kriza, ali na sre\u0107u ne stvarna ve\u0107 u re\u017eiji i izvedbi Amaterskog kazali\u0161ta Opuzen u kojem je predsjednik Leptiri\u0107a dugogodi\u0161nji glumac.<\/p>\n<p>Opuzensko amatersko kazali\u0161te snima trailer vlastite kazali\u0161ne predstave \u201eCRNOSTRIG U ETERU\u201c. Rije\u010d je o tragi\u010dnoj komediji neretvanskog pisca <strong>Hrvoje Barbira Barbe<\/strong> u kojoj razo\u010darani branitelj <strong>Roso Grgo \u2013 Crnostrig<\/strong>, upada u prostorije lokalnog radija i zavlada cjelokupnim medijskim prostorom svoje op\u0107ine\u2026 Predstava tematizira odnos dru\u0161tva prema dragovoljcima Domovinskog rata, a premijerno je izvedena na valovima Hrvatskog Radija jo\u0161 2007. godine. U traileru i kazali\u0161noj predstavi igraju: <strong>Vinko Liska Vukovi\u0107, Suzana Mu\u0161an, Marijo Jurkovi\u0107, Ivana Talaji\u0107, Hrvoje Barbir Barba, Silvia Padovan, Maja Jura\u010di\u0107 i Lara Glamuzina<\/strong>. Premijera kazali\u0161ne predstave predvi\u0111ena je za 31.03.2017. godine u Opuzenu. Sam trailer kazali\u0161ne predstave sniman je u medijski ve\u0107 prepoznatom i profesionalnom dizajnerskom stilu Studija Idearum (snimatelji: <strong>Andrea Frani\u0107 i Mario \u010culjak<\/strong>), a prema prera\u0111enom scenariju samog autora. Snimanje trailera predstave odvijalo se u prostorijama Radio Delte \u010dime je pri\u010da dobila i posebnu te\u017einu i upe\u010datljivost.<\/p>\n<p><em>Izvor: Leptiri\u0107i<\/em><\/p>\n","protected":false},"excerpt":{"rendered":"<p>Cijelo ju\u010dera\u0161nje jutro udruzi Leptiri\u0107i onemogu\u0107en je normalan rad zbog poziva zabrinutih \u010dlanova i gra\u0111ana koji se raspituju za \u017eivot i zdravlje predsjednika udruge Leptiri\u0107i Marija Jurkovi\u0107a. Naime u medijima je objavljena fotografija predsjednika\u00a0Jurkovi\u0107a na kojoj dr\u017ei ruke u zraku, a druga osoba dr\u017ei u njega uperen kala\u0161njikov, popra\u0107ena tekstom: \u201eTala\u010dka kriza u studiju Radija [&hellip;]<\/p>\n","protected":false},"author":7,"featured_media":38040,"comment_status":"open","ping_status":"open","sticky":false,"template":"","format":"standard","meta":{"footnotes":""},"categories":[296,11],"tags":[478],"class_list":{"0":"post-38039","1":"post","2":"type-post","3":"status-publish","4":"format-standard","5":"has-post-thumbnail","7":"category-ab","8":"category-metkovic-dolina","9":"tag-amatersko-kazaliste-opuzen"},"yoast_head":"<!-- This site is optimized with the Yoast SEO plugin v25.2 - https:\/\/yoast.com\/wordpress\/plugins\/seo\/ -->\n<title>Tala\u010dka kriza na Radio Delti! - likemetkovic.hr<\/title>\n<meta name=\"robots\" content=\"index, follow, max-snippet:-1, max-image-preview:large, max-video-preview:-1\" \/>\n<link rel=\"canonical\" href=\"https:\/\/likemetkovic.hr\/talacka-kriza-radio-delti\/\" \/>\n<meta property=\"og:locale\" content=\"hr_HR\" \/>\n<meta property=\"og:type\" content=\"article\" \/>\n<meta property=\"og:title\" content=\"Tala\u010dka kriza na Radio Delti! - likemetkovic.hr\" \/>\n<meta property=\"og:description\" content=\"Cijelo ju\u010dera\u0161nje jutro udruzi Leptiri\u0107i onemogu\u0107en je normalan rad zbog poziva zabrinutih \u010dlanova i gra\u0111ana koji se raspituju za \u017eivot i zdravlje predsjednika udruge Leptiri\u0107i Marija Jurkovi\u0107a. Naime u medijima je objavljena fotografija predsjednika\u00a0Jurkovi\u0107a na kojoj dr\u017ei ruke u zraku, a druga osoba dr\u017ei u njega uperen kala\u0161njikov, popra\u0107ena tekstom: \u201eTala\u010dka kriza u studiju Radija [&hellip;]\" \/>\n<meta property=\"og:url\" content=\"https:\/\/likemetkovic.hr\/talacka-kriza-radio-delti\/\" \/>\n<meta property=\"og:site_name\" content=\"likemetkovic.hr\" \/>\n<meta property=\"article:publisher\" content=\"https:\/\/www.facebook.com\/likemetkovic.hr\/\" \/>\n<meta property=\"article:published_time\" content=\"2017-03-15T06:31:25+00:00\" \/>\n<meta property=\"og:image\" content=\"https:\/\/likemetkovic.hr\/wp-content\/uploads\/2017\/03\/Crnostrig-u-eteru_5-696x464-1000x560.jpg\" \/>\n\t<meta property=\"og:image:width\" content=\"927\" \/>\n\t<meta property=\"og:image:height\" content=\"600\" \/>\n\t<meta property=\"og:image:type\" content=\"image\/jpeg\" \/>\n<meta name=\"author\" content=\"LIKEmetkovic.hr\" \/>\n<meta name=\"twitter:card\" content=\"summary_large_image\" \/>\n<meta name=\"twitter:label1\" content=\"Napisao\/la\" \/>\n\t<meta name=\"twitter:data1\" content=\"LIKEmetkovic.hr\" \/>\n\t<meta name=\"twitter:label2\" content=\"Procijenjeno vrijeme \u010ditanja\" \/>\n\t<meta name=\"twitter:data2\" content=\"1 minuta\" \/>\n<script type=\"application\/ld+json\" class=\"yoast-schema-graph\">{\"@context\":\"https:\/\/schema.org\",\"@graph\":[{\"@type\":\"WebPage\",\"@id\":\"https:\/\/likemetkovic.hr\/talacka-kriza-radio-delti\/\",\"url\":\"https:\/\/likemetkovic.hr\/talacka-kriza-radio-delti\/\",\"name\":\"Tala\u010dka kriza na Radio Delti! - likemetkovic.hr\",\"isPartOf\":{\"@id\":\"https:\/\/likemetkovic.hr\/#website\"},\"primaryImageOfPage\":{\"@id\":\"https:\/\/likemetkovic.hr\/talacka-kriza-radio-delti\/#primaryimage\"},\"image\":{\"@id\":\"https:\/\/likemetkovic.hr\/talacka-kriza-radio-delti\/#primaryimage\"},\"thumbnailUrl\":\"https:\/\/likemetkovic.hr\/portal\/wp-content\/uploads\/2017\/03\/Crnostrig-u-eteru_5-696x464-1000x560.jpg\",\"datePublished\":\"2017-03-15T06:31:25+00:00\",\"author\":{\"@id\":\"https:\/\/likemetkovic.hr\/#\/schema\/person\/a42711f3385a0e2be6f7e0443bfb28f0\"},\"breadcrumb\":{\"@id\":\"https:\/\/likemetkovic.hr\/talacka-kriza-radio-delti\/#breadcrumb\"},\"inLanguage\":\"hr\",\"potentialAction\":[{\"@type\":\"ReadAction\",\"target\":[\"https:\/\/likemetkovic.hr\/talacka-kriza-radio-delti\/\"]}]},{\"@type\":\"ImageObject\",\"inLanguage\":\"hr\",\"@id\":\"https:\/\/likemetkovic.hr\/talacka-kriza-radio-delti\/#primaryimage\",\"url\":\"https:\/\/likemetkovic.hr\/portal\/wp-content\/uploads\/2017\/03\/Crnostrig-u-eteru_5-696x464-1000x560.jpg\",\"contentUrl\":\"https:\/\/likemetkovic.hr\/portal\/wp-content\/uploads\/2017\/03\/Crnostrig-u-eteru_5-696x464-1000x560.jpg\",\"width\":927,\"height\":600},{\"@type\":\"BreadcrumbList\",\"@id\":\"https:\/\/likemetkovic.hr\/talacka-kriza-radio-delti\/#breadcrumb\",\"itemListElement\":[{\"@type\":\"ListItem\",\"position\":1,\"name\":\"Po\u010detna stranica\",\"item\":\"https:\/\/likemetkovic.hr\/portal\/\"},{\"@type\":\"ListItem\",\"position\":2,\"name\":\"Tala\u010dka kriza na Radio Delti!\"}]},{\"@type\":\"WebSite\",\"@id\":\"https:\/\/likemetkovic.hr\/#website\",\"url\":\"https:\/\/likemetkovic.hr\/\",\"name\":\"likemetkovic.hr\",\"description\":\"Misli pozitivno... \u010ditaj LIKE\",\"potentialAction\":[{\"@type\":\"SearchAction\",\"target\":{\"@type\":\"EntryPoint\",\"urlTemplate\":\"https:\/\/likemetkovic.hr\/?s={search_term_string}\"},\"query-input\":{\"@type\":\"PropertyValueSpecification\",\"valueRequired\":true,\"valueName\":\"search_term_string\"}}],\"inLanguage\":\"hr\"},{\"@type\":\"Person\",\"@id\":\"https:\/\/likemetkovic.hr\/#\/schema\/person\/a42711f3385a0e2be6f7e0443bfb28f0\",\"name\":\"LIKEmetkovic.hr\",\"sameAs\":[\"http:\/\/likemetkovic.hr\"],\"url\":\"https:\/\/likemetkovic.hr\/portal\/author\/likemetkovic-hr\/\"}]}<\/script>\n<!-- \/ Yoast SEO plugin. -->","yoast_head_json":{"title":"Tala\u010dka kriza na Radio Delti! - likemetkovic.hr","robots":{"index":"index","follow":"follow","max-snippet":"max-snippet:-1","max-image-preview":"max-image-preview:large","max-video-preview":"max-video-preview:-1"},"canonical":"https:\/\/likemetkovic.hr\/talacka-kriza-radio-delti\/","og_locale":"hr_HR","og_type":"article","og_title":"Tala\u010dka kriza na Radio Delti! - likemetkovic.hr","og_description":"Cijelo ju\u010dera\u0161nje jutro udruzi Leptiri\u0107i onemogu\u0107en je normalan rad zbog poziva zabrinutih \u010dlanova i gra\u0111ana koji se raspituju za \u017eivot i zdravlje predsjednika udruge Leptiri\u0107i Marija Jurkovi\u0107a. Naime u medijima je objavljena fotografija predsjednika\u00a0Jurkovi\u0107a na kojoj dr\u017ei ruke u zraku, a druga osoba dr\u017ei u njega uperen kala\u0161njikov, popra\u0107ena tekstom: \u201eTala\u010dka kriza u studiju Radija [&hellip;]","og_url":"https:\/\/likemetkovic.hr\/talacka-kriza-radio-delti\/","og_site_name":"likemetkovic.hr","article_publisher":"https:\/\/www.facebook.com\/likemetkovic.hr\/","article_published_time":"2017-03-15T06:31:25+00:00","og_image":[{"width":927,"height":600,"url":"https:\/\/likemetkovic.hr\/wp-content\/uploads\/2017\/03\/Crnostrig-u-eteru_5-696x464-1000x560.jpg","type":"image\/jpeg"}],"author":"LIKEmetkovic.hr","twitter_card":"summary_large_image","twitter_misc":{"Napisao\/la":"LIKEmetkovic.hr","Procijenjeno vrijeme \u010ditanja":"1 minuta"},"schema":{"@context":"https:\/\/schema.org","@graph":[{"@type":"WebPage","@id":"https:\/\/likemetkovic.hr\/talacka-kriza-radio-delti\/","url":"https:\/\/likemetkovic.hr\/talacka-kriza-radio-delti\/","name":"Tala\u010dka kriza na Radio Delti! - likemetkovic.hr","isPartOf":{"@id":"https:\/\/likemetkovic.hr\/#website"},"primaryImageOfPage":{"@id":"https:\/\/likemetkovic.hr\/talacka-kriza-radio-delti\/#primaryimage"},"image":{"@id":"https:\/\/likemetkovic.hr\/talacka-kriza-radio-delti\/#primaryimage"},"thumbnailUrl":"https:\/\/likemetkovic.hr\/portal\/wp-content\/uploads\/2017\/03\/Crnostrig-u-eteru_5-696x464-1000x560.jpg","datePublished":"2017-03-15T06:31:25+00:00","author":{"@id":"https:\/\/likemetkovic.hr\/#\/schema\/person\/a42711f3385a0e2be6f7e0443bfb28f0"},"breadcrumb":{"@id":"https:\/\/likemetkovic.hr\/talacka-kriza-radio-delti\/#breadcrumb"},"inLanguage":"hr","potentialAction":[{"@type":"ReadAction","target":["https:\/\/likemetkovic.hr\/talacka-kriza-radio-delti\/"]}]},{"@type":"ImageObject","inLanguage":"hr","@id":"https:\/\/likemetkovic.hr\/talacka-kriza-radio-delti\/#primaryimage","url":"https:\/\/likemetkovic.hr\/portal\/wp-content\/uploads\/2017\/03\/Crnostrig-u-eteru_5-696x464-1000x560.jpg","contentUrl":"https:\/\/likemetkovic.hr\/portal\/wp-content\/uploads\/2017\/03\/Crnostrig-u-eteru_5-696x464-1000x560.jpg","width":927,"height":600},{"@type":"BreadcrumbList","@id":"https:\/\/likemetkovic.hr\/talacka-kriza-radio-delti\/#breadcrumb","itemListElement":[{"@type":"ListItem","position":1,"name":"Po\u010detna stranica","item":"https:\/\/likemetkovic.hr\/portal\/"},{"@type":"ListItem","position":2,"name":"Tala\u010dka kriza na Radio Delti!"}]},{"@type":"WebSite","@id":"https:\/\/likemetkovic.hr\/#website","url":"https:\/\/likemetkovic.hr\/","name":"likemetkovic.hr","description":"Misli pozitivno... \u010ditaj LIKE","potentialAction":[{"@type":"SearchAction","target":{"@type":"EntryPoint","urlTemplate":"https:\/\/likemetkovic.hr\/?s={search_term_string}"},"query-input":{"@type":"PropertyValueSpecification","valueRequired":true,"valueName":"search_term_string"}}],"inLanguage":"hr"},{"@type":"Person","@id":"https:\/\/likemetkovic.hr\/#\/schema\/person\/a42711f3385a0e2be6f7e0443bfb28f0","name":"LIKEmetkovic.hr","sameAs":["http:\/\/likemetkovic.hr"],"url":"https:\/\/likemetkovic.hr\/portal\/author\/likemetkovic-hr\/"}]}},"_links":{"self":[{"href":"https:\/\/likemetkovic.hr\/portal\/wp-json\/wp\/v2\/posts\/38039","targetHints":{"allow":["GET"]}}],"collection":[{"href":"https:\/\/likemetkovic.hr\/portal\/wp-json\/wp\/v2\/posts"}],"about":[{"href":"https:\/\/likemetkovic.hr\/portal\/wp-json\/wp\/v2\/types\/post"}],"author":[{"embeddable":true,"href":"https:\/\/likemetkovic.hr\/portal\/wp-json\/wp\/v2\/users\/7"}],"replies":[{"embeddable":true,"href":"https:\/\/likemetkovic.hr\/portal\/wp-json\/wp\/v2\/comments?post=38039"}],"version-history":[{"count":0,"href":"https:\/\/likemetkovic.hr\/portal\/wp-json\/wp\/v2\/posts\/38039\/revisions"}],"wp:featuredmedia":[{"embeddable":true,"href":"https:\/\/likemetkovic.hr\/portal\/wp-json\/wp\/v2\/media\/38040"}],"wp:attachment":[{"href":"https:\/\/likemetkovic.hr\/portal\/wp-json\/wp\/v2\/media?parent=38039"}],"wp:term":[{"taxonomy":"category","embeddable":true,"href":"https:\/\/likemetkovic.hr\/portal\/wp-json\/wp\/v2\/categories?post=38039"},{"taxonomy":"post_tag","embeddable":true,"href":"https:\/\/likemetkovic.hr\/portal\/wp-json\/wp\/v2\/tags?post=38039"}],"curies":[{"name":"wp","href":"https:\/\/api.w.org\/{rel}","templated":true}]}}