{"id":38065,"date":"2017-03-16T12:15:47","date_gmt":"2017-03-16T11:15:47","guid":{"rendered":"http:\/\/likemetkovic.hr\/?p=38065"},"modified":"2017-03-16T12:15:47","modified_gmt":"2017-03-16T11:15:47","slug":"penic-cetiri-godine-se-metkovicu-ne-radi-nista-pa-cemo-sada-malo-pred-izbore-raditi-dnevnu-bolnicu","status":"publish","type":"post","link":"https:\/\/likemetkovic.hr\/portal\/penic-cetiri-godine-se-metkovicu-ne-radi-nista-pa-cemo-sada-malo-pred-izbore-raditi-dnevnu-bolnicu\/","title":{"rendered":"Peni\u0107: \u010cetiri godine se u Metkovi\u0107u ne radi ni\u0161ta, pa \u0107emo sada malo pred izbore raditi dnevnu bolnicu"},"content":{"rendered":"<p><strong>Osnivanje Dnevne bolnice Metkovi\u0107 projekt je vrlo va\u017ean svim stanovnicima Neretve, no oporbeni \u017eupanijski vije\u0107nici izrazili su sumnju kako je rije\u010d tek o jo\u0161 jednom predizbornom obe\u0107anju.<\/strong><\/p>\n<p>Naime, tijekom rasprave o davanju suglasnosti\u00a0za podno\u0161enje zahtjeva Ministarstvu zdravstva za osnivanje\u00a0Podru\u017enice Op\u0107e bolnice Dubrovnik \u2013 \u201cDnevne bolnice Metkovi\u0107\u201d vije\u0107nik<strong> Ivo Karamati\u0107<\/strong> istaknuo je kako projekt kasni desecima godina.<\/p>\n<p>-Ovo je preozbiljna tema da bismo o njoj raspravljali umorni, pred kraj sjednice. Zanima me koji je to prostor koji su to kadrovi i financije koje \u0107e osigurati da ovaj projekt za\u017eivi \u2013 pitao je <strong>Karamati\u0107<\/strong> izraziv\u0161i sumnju kako je rije\u010d tek o predizbornom obe\u0107anju.<\/p>\n<p>-Nadam se da na\u0161a bolnica ima dovoljno kadrova i da je dovoljno financijski sna\u017ena, unato\u010d svim minusima, osigurati rad dnevne bolnice Metkovi\u0107 jer u suprotnom ovo je samo jo\u0161 jedan predizborni pamflet \u2013 rekao je Karamati\u0107. Na njegovu raspravu nadovezao se <strong>Davor Peni\u0107<\/strong> istaknuv\u0161i kako nije sporno da projekt podr\u017eavaju svi vije\u0107nici, ali da je sporan tajming.<\/p>\n<p>-\u010cetiri se godine ni\u0161ta nije napravilo u Metkovi\u0107u pa \u0107emo sad malo zamagliti o\u010di da s tu\u0111im novcima napravimo dnevnu bolnicu. Ako malo zagrebemo ispod povr\u0161ine kad je rije\u010d o kadru OB Dubrovnik vidi se da nema dovoljno specijalista koji bi mogli to pokriti. Bolnica ima i financijskih i kadrovski problema te problema s opremom \u2013 rekao je <strong>Peni\u0107<\/strong>.<\/p>\n<p>&#8211; Ono \u0161to smo \u017eeljeli posti\u0107i da grad Metkovi\u0107 dodatno dobije u pogledu zdravstvene za\u0161tite u razgovrima u gradu sa gradona\u010delnicom zaklju\u010dili smo da se ne mo\u017ee posti\u0107u u sklopu Doma zdravlja Metkovi\u0107, stoga smo odlu\u010dili da se ide na Op\u0107u bolnicu Dubrovnik odnosno dnevnu bolnicu Metkovi\u0107. Budu\u0107i da postoje\u0107a zgrada suda ne udovoljava potrbama koje zahtjeva Temeljna policija u Metkovi\u0107u koju je biv\u0161a Milanovi\u0107eva vlada namjeravala za to iskoristiti, odlu\u010deno je da je idealno da se ona iskoristi za potrebe dnevne bolnice. &#8211; rekao je vije\u0107nik Mosta <strong>Pero Jerkovi\u0107<\/strong>.<\/p>\n<p>&nbsp;<\/p>\n","protected":false},"excerpt":{"rendered":"<p>Osnivanje Dnevne bolnice Metkovi\u0107 projekt je vrlo va\u017ean svim stanovnicima Neretve, no oporbeni \u017eupanijski vije\u0107nici izrazili su sumnju kako je rije\u010d tek o jo\u0161 jednom predizbornom obe\u0107anju. Naime, tijekom rasprave o davanju suglasnosti\u00a0za podno\u0161enje zahtjeva Ministarstvu zdravstva za osnivanje\u00a0Podru\u017enice Op\u0107e bolnice Dubrovnik \u2013 \u201cDnevne bolnice Metkovi\u0107\u201d vije\u0107nik Ivo Karamati\u0107 istaknuo je kako projekt kasni desecima [&hellip;]<\/p>\n","protected":false},"author":7,"featured_media":38066,"comment_status":"open","ping_status":"open","sticky":false,"template":"","format":"standard","meta":{"footnotes":""},"categories":[296,290],"tags":[484,485,486],"class_list":{"0":"post-38065","1":"post","2":"type-post","3":"status-publish","4":"format-standard","5":"has-post-thumbnail","7":"category-ab","8":"category-politika","9":"tag-davor-penic","10":"tag-ivo-karamatic","11":"tag-sjednica-skupstine-dubrovacko-neretvanske"},"yoast_head":"<!-- This site is optimized with the Yoast SEO plugin v25.2 - https:\/\/yoast.com\/wordpress\/plugins\/seo\/ -->\n<title>Peni\u0107: \u010cetiri godine se u Metkovi\u0107u ne radi ni\u0161ta, pa \u0107emo sada malo pred izbore raditi dnevnu bolnicu - likemetkovic.hr<\/title>\n<meta name=\"robots\" content=\"index, follow, max-snippet:-1, max-image-preview:large, max-video-preview:-1\" \/>\n<link rel=\"canonical\" href=\"https:\/\/likemetkovic.hr\/penic-cetiri-godine-se-metkovicu-ne-radi-nista-pa-cemo-sada-malo-pred-izbore-raditi-dnevnu-bolnicu\/\" \/>\n<meta property=\"og:locale\" content=\"hr_HR\" \/>\n<meta property=\"og:type\" content=\"article\" \/>\n<meta property=\"og:title\" content=\"Peni\u0107: \u010cetiri godine se u Metkovi\u0107u ne radi ni\u0161ta, pa \u0107emo sada malo pred izbore raditi dnevnu bolnicu - likemetkovic.hr\" \/>\n<meta property=\"og:description\" content=\"Osnivanje Dnevne bolnice Metkovi\u0107 projekt je vrlo va\u017ean svim stanovnicima Neretve, no oporbeni \u017eupanijski vije\u0107nici izrazili su sumnju kako je rije\u010d tek o jo\u0161 jednom predizbornom obe\u0107anju. Naime, tijekom rasprave o davanju suglasnosti\u00a0za podno\u0161enje zahtjeva Ministarstvu zdravstva za osnivanje\u00a0Podru\u017enice Op\u0107e bolnice Dubrovnik \u2013 \u201cDnevne bolnice Metkovi\u0107\u201d vije\u0107nik Ivo Karamati\u0107 istaknuo je kako projekt kasni desecima [&hellip;]\" \/>\n<meta property=\"og:url\" content=\"https:\/\/likemetkovic.hr\/penic-cetiri-godine-se-metkovicu-ne-radi-nista-pa-cemo-sada-malo-pred-izbore-raditi-dnevnu-bolnicu\/\" \/>\n<meta property=\"og:site_name\" content=\"likemetkovic.hr\" \/>\n<meta property=\"article:publisher\" content=\"https:\/\/www.facebook.com\/likemetkovic.hr\/\" \/>\n<meta property=\"article:published_time\" content=\"2017-03-16T11:15:47+00:00\" \/>\n<meta property=\"og:image\" content=\"https:\/\/likemetkovic.hr\/wp-content\/uploads\/2017\/03\/peni\u0107.jpg\" \/>\n\t<meta property=\"og:image:width\" content=\"1175\" \/>\n\t<meta property=\"og:image:height\" content=\"763\" \/>\n\t<meta property=\"og:image:type\" content=\"image\/jpeg\" \/>\n<meta name=\"author\" content=\"LIKEmetkovic.hr\" \/>\n<meta name=\"twitter:card\" content=\"summary_large_image\" \/>\n<meta name=\"twitter:label1\" content=\"Napisao\/la\" \/>\n\t<meta name=\"twitter:data1\" content=\"LIKEmetkovic.hr\" \/>\n\t<meta name=\"twitter:label2\" content=\"Procijenjeno vrijeme \u010ditanja\" \/>\n\t<meta name=\"twitter:data2\" content=\"2 minute\" \/>\n<script type=\"application\/ld+json\" class=\"yoast-schema-graph\">{\"@context\":\"https:\/\/schema.org\",\"@graph\":[{\"@type\":\"WebPage\",\"@id\":\"https:\/\/likemetkovic.hr\/penic-cetiri-godine-se-metkovicu-ne-radi-nista-pa-cemo-sada-malo-pred-izbore-raditi-dnevnu-bolnicu\/\",\"url\":\"https:\/\/likemetkovic.hr\/penic-cetiri-godine-se-metkovicu-ne-radi-nista-pa-cemo-sada-malo-pred-izbore-raditi-dnevnu-bolnicu\/\",\"name\":\"Peni\u0107: \u010cetiri godine se u Metkovi\u0107u ne radi ni\u0161ta, pa \u0107emo sada malo pred izbore raditi dnevnu bolnicu - likemetkovic.hr\",\"isPartOf\":{\"@id\":\"https:\/\/likemetkovic.hr\/#website\"},\"primaryImageOfPage\":{\"@id\":\"https:\/\/likemetkovic.hr\/penic-cetiri-godine-se-metkovicu-ne-radi-nista-pa-cemo-sada-malo-pred-izbore-raditi-dnevnu-bolnicu\/#primaryimage\"},\"image\":{\"@id\":\"https:\/\/likemetkovic.hr\/penic-cetiri-godine-se-metkovicu-ne-radi-nista-pa-cemo-sada-malo-pred-izbore-raditi-dnevnu-bolnicu\/#primaryimage\"},\"thumbnailUrl\":\"https:\/\/likemetkovic.hr\/portal\/wp-content\/uploads\/2017\/03\/peni\u0107.jpg\",\"datePublished\":\"2017-03-16T11:15:47+00:00\",\"author\":{\"@id\":\"https:\/\/likemetkovic.hr\/#\/schema\/person\/a42711f3385a0e2be6f7e0443bfb28f0\"},\"breadcrumb\":{\"@id\":\"https:\/\/likemetkovic.hr\/penic-cetiri-godine-se-metkovicu-ne-radi-nista-pa-cemo-sada-malo-pred-izbore-raditi-dnevnu-bolnicu\/#breadcrumb\"},\"inLanguage\":\"hr\",\"potentialAction\":[{\"@type\":\"ReadAction\",\"target\":[\"https:\/\/likemetkovic.hr\/penic-cetiri-godine-se-metkovicu-ne-radi-nista-pa-cemo-sada-malo-pred-izbore-raditi-dnevnu-bolnicu\/\"]}]},{\"@type\":\"ImageObject\",\"inLanguage\":\"hr\",\"@id\":\"https:\/\/likemetkovic.hr\/penic-cetiri-godine-se-metkovicu-ne-radi-nista-pa-cemo-sada-malo-pred-izbore-raditi-dnevnu-bolnicu\/#primaryimage\",\"url\":\"https:\/\/likemetkovic.hr\/portal\/wp-content\/uploads\/2017\/03\/peni\u0107.jpg\",\"contentUrl\":\"https:\/\/likemetkovic.hr\/portal\/wp-content\/uploads\/2017\/03\/peni\u0107.jpg\",\"width\":1175,\"height\":763},{\"@type\":\"BreadcrumbList\",\"@id\":\"https:\/\/likemetkovic.hr\/penic-cetiri-godine-se-metkovicu-ne-radi-nista-pa-cemo-sada-malo-pred-izbore-raditi-dnevnu-bolnicu\/#breadcrumb\",\"itemListElement\":[{\"@type\":\"ListItem\",\"position\":1,\"name\":\"Po\u010detna stranica\",\"item\":\"https:\/\/likemetkovic.hr\/portal\/\"},{\"@type\":\"ListItem\",\"position\":2,\"name\":\"Peni\u0107: \u010cetiri godine se u Metkovi\u0107u ne radi ni\u0161ta, pa \u0107emo sada malo pred izbore raditi dnevnu bolnicu\"}]},{\"@type\":\"WebSite\",\"@id\":\"https:\/\/likemetkovic.hr\/#website\",\"url\":\"https:\/\/likemetkovic.hr\/\",\"name\":\"likemetkovic.hr\",\"description\":\"Misli pozitivno... \u010ditaj LIKE\",\"potentialAction\":[{\"@type\":\"SearchAction\",\"target\":{\"@type\":\"EntryPoint\",\"urlTemplate\":\"https:\/\/likemetkovic.hr\/?s={search_term_string}\"},\"query-input\":{\"@type\":\"PropertyValueSpecification\",\"valueRequired\":true,\"valueName\":\"search_term_string\"}}],\"inLanguage\":\"hr\"},{\"@type\":\"Person\",\"@id\":\"https:\/\/likemetkovic.hr\/#\/schema\/person\/a42711f3385a0e2be6f7e0443bfb28f0\",\"name\":\"LIKEmetkovic.hr\",\"sameAs\":[\"http:\/\/likemetkovic.hr\"],\"url\":\"https:\/\/likemetkovic.hr\/portal\/author\/likemetkovic-hr\/\"}]}<\/script>\n<!-- \/ Yoast SEO plugin. -->","yoast_head_json":{"title":"Peni\u0107: \u010cetiri godine se u Metkovi\u0107u ne radi ni\u0161ta, pa \u0107emo sada malo pred izbore raditi dnevnu bolnicu - likemetkovic.hr","robots":{"index":"index","follow":"follow","max-snippet":"max-snippet:-1","max-image-preview":"max-image-preview:large","max-video-preview":"max-video-preview:-1"},"canonical":"https:\/\/likemetkovic.hr\/penic-cetiri-godine-se-metkovicu-ne-radi-nista-pa-cemo-sada-malo-pred-izbore-raditi-dnevnu-bolnicu\/","og_locale":"hr_HR","og_type":"article","og_title":"Peni\u0107: \u010cetiri godine se u Metkovi\u0107u ne radi ni\u0161ta, pa \u0107emo sada malo pred izbore raditi dnevnu bolnicu - likemetkovic.hr","og_description":"Osnivanje Dnevne bolnice Metkovi\u0107 projekt je vrlo va\u017ean svim stanovnicima Neretve, no oporbeni \u017eupanijski vije\u0107nici izrazili su sumnju kako je rije\u010d tek o jo\u0161 jednom predizbornom obe\u0107anju. Naime, tijekom rasprave o davanju suglasnosti\u00a0za podno\u0161enje zahtjeva Ministarstvu zdravstva za osnivanje\u00a0Podru\u017enice Op\u0107e bolnice Dubrovnik \u2013 \u201cDnevne bolnice Metkovi\u0107\u201d vije\u0107nik Ivo Karamati\u0107 istaknuo je kako projekt kasni desecima [&hellip;]","og_url":"https:\/\/likemetkovic.hr\/penic-cetiri-godine-se-metkovicu-ne-radi-nista-pa-cemo-sada-malo-pred-izbore-raditi-dnevnu-bolnicu\/","og_site_name":"likemetkovic.hr","article_publisher":"https:\/\/www.facebook.com\/likemetkovic.hr\/","article_published_time":"2017-03-16T11:15:47+00:00","og_image":[{"width":1175,"height":763,"url":"https:\/\/likemetkovic.hr\/wp-content\/uploads\/2017\/03\/peni\u0107.jpg","type":"image\/jpeg"}],"author":"LIKEmetkovic.hr","twitter_card":"summary_large_image","twitter_misc":{"Napisao\/la":"LIKEmetkovic.hr","Procijenjeno vrijeme \u010ditanja":"2 minute"},"schema":{"@context":"https:\/\/schema.org","@graph":[{"@type":"WebPage","@id":"https:\/\/likemetkovic.hr\/penic-cetiri-godine-se-metkovicu-ne-radi-nista-pa-cemo-sada-malo-pred-izbore-raditi-dnevnu-bolnicu\/","url":"https:\/\/likemetkovic.hr\/penic-cetiri-godine-se-metkovicu-ne-radi-nista-pa-cemo-sada-malo-pred-izbore-raditi-dnevnu-bolnicu\/","name":"Peni\u0107: \u010cetiri godine se u Metkovi\u0107u ne radi ni\u0161ta, pa \u0107emo sada malo pred izbore raditi dnevnu bolnicu - likemetkovic.hr","isPartOf":{"@id":"https:\/\/likemetkovic.hr\/#website"},"primaryImageOfPage":{"@id":"https:\/\/likemetkovic.hr\/penic-cetiri-godine-se-metkovicu-ne-radi-nista-pa-cemo-sada-malo-pred-izbore-raditi-dnevnu-bolnicu\/#primaryimage"},"image":{"@id":"https:\/\/likemetkovic.hr\/penic-cetiri-godine-se-metkovicu-ne-radi-nista-pa-cemo-sada-malo-pred-izbore-raditi-dnevnu-bolnicu\/#primaryimage"},"thumbnailUrl":"https:\/\/likemetkovic.hr\/portal\/wp-content\/uploads\/2017\/03\/peni\u0107.jpg","datePublished":"2017-03-16T11:15:47+00:00","author":{"@id":"https:\/\/likemetkovic.hr\/#\/schema\/person\/a42711f3385a0e2be6f7e0443bfb28f0"},"breadcrumb":{"@id":"https:\/\/likemetkovic.hr\/penic-cetiri-godine-se-metkovicu-ne-radi-nista-pa-cemo-sada-malo-pred-izbore-raditi-dnevnu-bolnicu\/#breadcrumb"},"inLanguage":"hr","potentialAction":[{"@type":"ReadAction","target":["https:\/\/likemetkovic.hr\/penic-cetiri-godine-se-metkovicu-ne-radi-nista-pa-cemo-sada-malo-pred-izbore-raditi-dnevnu-bolnicu\/"]}]},{"@type":"ImageObject","inLanguage":"hr","@id":"https:\/\/likemetkovic.hr\/penic-cetiri-godine-se-metkovicu-ne-radi-nista-pa-cemo-sada-malo-pred-izbore-raditi-dnevnu-bolnicu\/#primaryimage","url":"https:\/\/likemetkovic.hr\/portal\/wp-content\/uploads\/2017\/03\/peni\u0107.jpg","contentUrl":"https:\/\/likemetkovic.hr\/portal\/wp-content\/uploads\/2017\/03\/peni\u0107.jpg","width":1175,"height":763},{"@type":"BreadcrumbList","@id":"https:\/\/likemetkovic.hr\/penic-cetiri-godine-se-metkovicu-ne-radi-nista-pa-cemo-sada-malo-pred-izbore-raditi-dnevnu-bolnicu\/#breadcrumb","itemListElement":[{"@type":"ListItem","position":1,"name":"Po\u010detna stranica","item":"https:\/\/likemetkovic.hr\/portal\/"},{"@type":"ListItem","position":2,"name":"Peni\u0107: \u010cetiri godine se u Metkovi\u0107u ne radi ni\u0161ta, pa \u0107emo sada malo pred izbore raditi dnevnu bolnicu"}]},{"@type":"WebSite","@id":"https:\/\/likemetkovic.hr\/#website","url":"https:\/\/likemetkovic.hr\/","name":"likemetkovic.hr","description":"Misli pozitivno... \u010ditaj LIKE","potentialAction":[{"@type":"SearchAction","target":{"@type":"EntryPoint","urlTemplate":"https:\/\/likemetkovic.hr\/?s={search_term_string}"},"query-input":{"@type":"PropertyValueSpecification","valueRequired":true,"valueName":"search_term_string"}}],"inLanguage":"hr"},{"@type":"Person","@id":"https:\/\/likemetkovic.hr\/#\/schema\/person\/a42711f3385a0e2be6f7e0443bfb28f0","name":"LIKEmetkovic.hr","sameAs":["http:\/\/likemetkovic.hr"],"url":"https:\/\/likemetkovic.hr\/portal\/author\/likemetkovic-hr\/"}]}},"_links":{"self":[{"href":"https:\/\/likemetkovic.hr\/portal\/wp-json\/wp\/v2\/posts\/38065","targetHints":{"allow":["GET"]}}],"collection":[{"href":"https:\/\/likemetkovic.hr\/portal\/wp-json\/wp\/v2\/posts"}],"about":[{"href":"https:\/\/likemetkovic.hr\/portal\/wp-json\/wp\/v2\/types\/post"}],"author":[{"embeddable":true,"href":"https:\/\/likemetkovic.hr\/portal\/wp-json\/wp\/v2\/users\/7"}],"replies":[{"embeddable":true,"href":"https:\/\/likemetkovic.hr\/portal\/wp-json\/wp\/v2\/comments?post=38065"}],"version-history":[{"count":0,"href":"https:\/\/likemetkovic.hr\/portal\/wp-json\/wp\/v2\/posts\/38065\/revisions"}],"wp:featuredmedia":[{"embeddable":true,"href":"https:\/\/likemetkovic.hr\/portal\/wp-json\/wp\/v2\/media\/38066"}],"wp:attachment":[{"href":"https:\/\/likemetkovic.hr\/portal\/wp-json\/wp\/v2\/media?parent=38065"}],"wp:term":[{"taxonomy":"category","embeddable":true,"href":"https:\/\/likemetkovic.hr\/portal\/wp-json\/wp\/v2\/categories?post=38065"},{"taxonomy":"post_tag","embeddable":true,"href":"https:\/\/likemetkovic.hr\/portal\/wp-json\/wp\/v2\/tags?post=38065"}],"curies":[{"name":"wp","href":"https:\/\/api.w.org\/{rel}","templated":true}]}}